{"id":100118,"date":"2023-06-07T07:51:16","date_gmt":"2023-06-07T10:51:16","guid":{"rendered":"https:\/\/www.gaveanews.com\/?p=100118"},"modified":"2023-06-07T07:51:19","modified_gmt":"2023-06-07T10:51:19","slug":"negociacao-do-flamengo-com-o-river-por-de-la-cruz-vive-dias-decisivos","status":"publish","type":"post","link":"https:\/\/www.gaveanews.com\/index.php\/2023\/06\/07\/negociacao-do-flamengo-com-o-river-por-de-la-cruz-vive-dias-decisivos\/","title":{"rendered":"Negocia\u00e7\u00e3o do Flamengo com o River por De La Cruz vive dias decisivos"},"content":{"rendered":"\n<p>As tratativas entre Flamengo e River Plate pelos servi\u00e7os de Nicol\u00e1s De La Cruz se aproximam de um desfecho. Nos \u00faltimos dias, os dirigentes argentinos colocaram as m\u00e3os na proposta do Rubro-Negro e, agora, decidem o futuro do meia uruguaio. A oferta do clube da G\u00e1vea gira em torno dos oito milh\u00f5es de euros, cerca de R$ 42 milh\u00f5es na cota\u00e7\u00e3o atual.<\/p>\n\n\n\n<p>O jornal &#8216;Lance&#8217; confirmou a informa\u00e7\u00e3o do jornalista Sebasti\u00e1n Srur, da &#8220;R\u00e1dio Continental&#8221;, da Argentina, de que os dirigentes do River Plate j\u00e1 estariam analisando a oferta rubro-negra. De in\u00edcio, a diretoria dos Millonarios estava irredut\u00edvel quanto a valores, mas, agora, j\u00e1 se coloca mais flex\u00edvel e pode at\u00e9 fazer uma contraproposta acess\u00edvel ao Flamengo.<\/p>\n\n\n\n<p>A proposta tamb\u00e9m envolve um v\u00ednculo longo, de quatro anos e meio, ou seja, at\u00e9 dezembro de 2027. A dura\u00e7\u00e3o e outras quest\u00f5es presentes no contrato, como o projeto de jogo do Flamengo, agradam o staff de De La Cruz. O uruguaio v\u00ea uma transfer\u00eancia para o Rubro-Negro com bons olhos, embora ainda tenha carinho pelo River Plate.<\/p>\n\n\n\n<p>Pelo lado do Flamengo, o &#8216;Lance&#8217; apurou que o clima \u00e9 de paci\u00eancia. Os dirigentes rubro-negros j\u00e1 comentaram, em outras ocasi\u00f5es, que sabem da dificuldade da negocia\u00e7\u00e3o. No entanto, com os avan\u00e7os a partir do interesse, come\u00e7am a criar uma expectativa para um final feliz. Sampaoli gosta bastante do futebol do meia uruguaio, algo que aumenta as chances de contrata\u00e7\u00e3o.<\/p>\n\n\n\n<p>No sorteio da Copa do Brasil, realizado nesta ter\u00e7a-feira (6), na sede da CBF, Marcos Braz falou sobre a busca por refor\u00e7os para fases mais agudas das competi\u00e7\u00f5es importantes. Vice-presidente de futebol e homem forte do departamento, o dirigente comentou que, al\u00e9m de Luiz Ara\u00fajo e Rossi, j\u00e1 contratados, espera pelo menos mais duas chegadas. Uma delas, inclusive, pode ser a do jogador do River Plate.<\/p>\n\n\n\n<p><em>\u2014 Dois refor\u00e7os j\u00e1 tem: o Rossi e o Luiz Ara\u00fajo. E a gente vai trabalhar para que no come\u00e7o da janela, n\u00e3o no final, a gente j\u00e1 tenha todos os refor\u00e7os poss\u00edveis, at\u00e9 para ter embasamento nos treinamentos, os jogadores que chegaram j\u00e1 irem conhecendo o grupo, as pessoas, a estrutura do clube. Porque as pessoas acham que a adapta\u00e7\u00e3o no Flamengo \u00e9 f\u00e1cil, mas seja o jogador quem for, a camisa pesa<\/em> &#8211; disse, antes de completar:<\/p>\n\n\n\n<p><em>\u2014 \u00c9 uma camisa que tem muita tradi\u00e7\u00e3o, e a gente tem que fazer com que isso v\u00e1 a favor da gente, n\u00e3o contra. Ent\u00e3o, quanto mais r\u00e1pido for, melhor. O Flamengo n\u00e3o vai falar dos nomes, mas dois est\u00e3o certos e a gente espera mais dois, no m\u00ednimo<\/em> &#8211; finalizou.<\/p>\n\n\n\n<p>Apesar das negocia\u00e7\u00f5es, De La Cruz segue focado na temporada do River Plate e, nesta quarta-feira (6), estar\u00e1 no Monumental de \u00d1unez para disputar o jogo contra o Fluminense, pela Libertadores. O atleta, que tem contrato com o Millonario at\u00e9 2025 e multa rescis\u00f3ria de 22 milh\u00f5es de euros, est\u00e1 cotado para ser titular.<\/p>\n\n\n\n<p>Retirado de: Lance<\/p>\n","protected":false},"excerpt":{"rendered":"<p>As tratativas entre Flamengo e River Plate pelos servi\u00e7os de Nicol\u00e1s De La Cruz se aproximam de um desfecho. Nos \u00faltimos dias, os dirigentes argentinos colocaram as m\u00e3os na proposta do Rubro-Negro e, agora, decidem o futuro do meia uruguaio. A oferta do clube da G\u00e1vea gira em torno dos oito milh\u00f5es de euros, cerca [&hellip;]<\/p>\n","protected":false},"author":1,"featured_media":99249,"comment_status":"open","ping_status":"closed","sticky":false,"template":"","format":"standard","meta":{"footnotes":""},"categories":[48],"tags":[],"class_list":["post-100118","post","type-post","status-publish","format-standard","has-post-thumbnail","hentry","category-negociacoes"],"yoast_head":"<!-- This site is optimized with the Yoast SEO Premium plugin v24.2 (Yoast SEO v26.9) - https:\/\/yoast.com\/product\/yoast-seo-premium-wordpress\/ -->\n<title>Negocia\u00e7\u00e3o do Flamengo com o River por De La Cruz vive dias decisivos<\/title>\n<meta name=\"robots\" content=\"index, follow, max-snippet:-1, max-image-preview:large, max-video-preview:-1\" \/>\n<link rel=\"canonical\" href=\"https:\/\/www.gaveanews.com\/index.php\/2023\/06\/07\/negociacao-do-flamengo-com-o-river-por-de-la-cruz-vive-dias-decisivos\/\" \/>\n<meta property=\"og:locale\" content=\"pt_BR\" \/>\n<meta property=\"og:type\" content=\"article\" \/>\n<meta property=\"og:title\" content=\"Negocia\u00e7\u00e3o do Flamengo com o River por De La Cruz vive dias decisivos\" \/>\n<meta property=\"og:description\" content=\"As tratativas entre Flamengo e River Plate pelos servi\u00e7os de Nicol\u00e1s De La Cruz se aproximam de um desfecho. Nos \u00faltimos dias, os dirigentes argentinos colocaram as m\u00e3os na proposta do Rubro-Negro e, agora, decidem o futuro do meia uruguaio. A oferta do clube da G\u00e1vea gira em torno dos oito milh\u00f5es de euros, cerca [&hellip;]\" \/>\n<meta property=\"og:url\" content=\"https:\/\/www.gaveanews.com\/index.php\/2023\/06\/07\/negociacao-do-flamengo-com-o-river-por-de-la-cruz-vive-dias-decisivos\/\" \/>\n<meta property=\"og:site_name\" content=\"G\u00e1vea News\" \/>\n<meta property=\"article:publisher\" content=\"https:\/\/facebook.com\/gaveaNews\/\" \/>\n<meta property=\"article:published_time\" content=\"2023-06-07T10:51:16+00:00\" \/>\n<meta property=\"article:modified_time\" content=\"2023-06-07T10:51:19+00:00\" \/>\n<meta property=\"og:image\" content=\"https:\/\/www.gaveanews.com\/wp-content\/uploads\/dela-cruz-flamengo-river-plate.webp\" \/>\n\t<meta property=\"og:image:width\" content=\"984\" \/>\n\t<meta property=\"og:image:height\" content=\"655\" \/>\n\t<meta property=\"og:image:type\" content=\"image\/webp\" \/>\n<meta name=\"author\" content=\"Equipe G\u00e1vea News\" \/>\n<meta name=\"twitter:card\" content=\"summary_large_image\" \/>\n<meta name=\"twitter:label1\" content=\"Escrito por\" \/>\n\t<meta name=\"twitter:data1\" content=\"Equipe G\u00e1vea News\" \/>\n\t<meta name=\"twitter:label2\" content=\"Est. tempo de leitura\" \/>\n\t<meta name=\"twitter:data2\" content=\"3 minutos\" \/>\n<script type=\"application\/ld+json\" class=\"yoast-schema-graph\">{\"@context\":\"https:\/\/schema.org\",\"@graph\":[{\"@type\":\"NewsArticle\",\"@id\":\"https:\/\/www.gaveanews.com\/index.php\/2023\/06\/07\/negociacao-do-flamengo-com-o-river-por-de-la-cruz-vive-dias-decisivos\/#article\",\"isPartOf\":{\"@id\":\"https:\/\/www.gaveanews.com\/index.php\/2023\/06\/07\/negociacao-do-flamengo-com-o-river-por-de-la-cruz-vive-dias-decisivos\/\"},\"author\":{\"name\":\"Equipe G\u00e1vea News\",\"@id\":\"https:\/\/www.gaveanews.com\/#\/schema\/person\/2ec14f73fb96be2caf28f91afb14749d\"},\"headline\":\"Negocia\u00e7\u00e3o do Flamengo com o River por De La Cruz vive dias decisivos\",\"datePublished\":\"2023-06-07T10:51:16+00:00\",\"dateModified\":\"2023-06-07T10:51:19+00:00\",\"mainEntityOfPage\":{\"@id\":\"https:\/\/www.gaveanews.com\/index.php\/2023\/06\/07\/negociacao-do-flamengo-com-o-river-por-de-la-cruz-vive-dias-decisivos\/\"},\"wordCount\":539,\"commentCount\":0,\"image\":{\"@id\":\"https:\/\/www.gaveanews.com\/index.php\/2023\/06\/07\/negociacao-do-flamengo-com-o-river-por-de-la-cruz-vive-dias-decisivos\/#primaryimage\"},\"thumbnailUrl\":\"https:\/\/www.gaveanews.com\/wp-content\/uploads\/dela-cruz-flamengo-river-plate.webp\",\"articleSection\":[\"Negocia\u00e7\u00f5es\"],\"inLanguage\":\"pt-BR\",\"potentialAction\":[{\"@type\":\"CommentAction\",\"name\":\"Comment\",\"target\":[\"https:\/\/www.gaveanews.com\/index.php\/2023\/06\/07\/negociacao-do-flamengo-com-o-river-por-de-la-cruz-vive-dias-decisivos\/#respond\"]}],\"copyrightYear\":\"2023\",\"copyrightHolder\":{\"@id\":\"https:\/\/www.gaveanews.com\/#organization\"}},{\"@type\":\"WebPage\",\"@id\":\"https:\/\/www.gaveanews.com\/index.php\/2023\/06\/07\/negociacao-do-flamengo-com-o-river-por-de-la-cruz-vive-dias-decisivos\/\",\"url\":\"https:\/\/www.gaveanews.com\/index.php\/2023\/06\/07\/negociacao-do-flamengo-com-o-river-por-de-la-cruz-vive-dias-decisivos\/\",\"name\":\"Negocia\u00e7\u00e3o do Flamengo com o River por De La Cruz vive dias decisivos\",\"isPartOf\":{\"@id\":\"https:\/\/www.gaveanews.com\/#website\"},\"primaryImageOfPage\":{\"@id\":\"https:\/\/www.gaveanews.com\/index.php\/2023\/06\/07\/negociacao-do-flamengo-com-o-river-por-de-la-cruz-vive-dias-decisivos\/#primaryimage\"},\"image\":{\"@id\":\"https:\/\/www.gaveanews.com\/index.php\/2023\/06\/07\/negociacao-do-flamengo-com-o-river-por-de-la-cruz-vive-dias-decisivos\/#primaryimage\"},\"thumbnailUrl\":\"https:\/\/www.gaveanews.com\/wp-content\/uploads\/dela-cruz-flamengo-river-plate.webp\",\"datePublished\":\"2023-06-07T10:51:16+00:00\",\"dateModified\":\"2023-06-07T10:51:19+00:00\",\"author\":{\"@id\":\"https:\/\/www.gaveanews.com\/#\/schema\/person\/2ec14f73fb96be2caf28f91afb14749d\"},\"breadcrumb\":{\"@id\":\"https:\/\/www.gaveanews.com\/index.php\/2023\/06\/07\/negociacao-do-flamengo-com-o-river-por-de-la-cruz-vive-dias-decisivos\/#breadcrumb\"},\"inLanguage\":\"pt-BR\",\"potentialAction\":[{\"@type\":\"ReadAction\",\"target\":[\"https:\/\/www.gaveanews.com\/index.php\/2023\/06\/07\/negociacao-do-flamengo-com-o-river-por-de-la-cruz-vive-dias-decisivos\/\"]}]},{\"@type\":\"ImageObject\",\"inLanguage\":\"pt-BR\",\"@id\":\"https:\/\/www.gaveanews.com\/index.php\/2023\/06\/07\/negociacao-do-flamengo-com-o-river-por-de-la-cruz-vive-dias-decisivos\/#primaryimage\",\"url\":\"https:\/\/www.gaveanews.com\/wp-content\/uploads\/dela-cruz-flamengo-river-plate.webp\",\"contentUrl\":\"https:\/\/www.gaveanews.com\/wp-content\/uploads\/dela-cruz-flamengo-river-plate.webp\",\"width\":984,\"height\":655,\"caption\":\"De La Cruz em a\u00e7\u00e3o pelo River Plate (Foto: Reprodu\u00e7\u00e3o\/River Plate)\"},{\"@type\":\"BreadcrumbList\",\"@id\":\"https:\/\/www.gaveanews.com\/index.php\/2023\/06\/07\/negociacao-do-flamengo-com-o-river-por-de-la-cruz-vive-dias-decisivos\/#breadcrumb\",\"itemListElement\":[{\"@type\":\"ListItem\",\"position\":1,\"name\":\"Home\",\"item\":\"https:\/\/www.gaveanews.com\/\"},{\"@type\":\"ListItem\",\"position\":2,\"name\":\"Negocia\u00e7\u00e3o do Flamengo com o River por De La Cruz vive dias decisivos\"}]},{\"@type\":\"WebSite\",\"@id\":\"https:\/\/www.gaveanews.com\/#website\",\"url\":\"https:\/\/www.gaveanews.com\/\",\"name\":\"G\u00e1vea News\",\"description\":\"Veja todas as not\u00edcias sobre o Flamengo: Contrata\u00e7\u00f5es, categorias de base, resultados das partidas, tabela de classifica\u00e7\u00e3o, pr\u00f3ximos jogos!\",\"potentialAction\":[{\"@type\":\"SearchAction\",\"target\":{\"@type\":\"EntryPoint\",\"urlTemplate\":\"https:\/\/www.gaveanews.com\/?s={search_term_string}\"},\"query-input\":{\"@type\":\"PropertyValueSpecification\",\"valueRequired\":true,\"valueName\":\"search_term_string\"}}],\"inLanguage\":\"pt-BR\"},{\"@type\":\"Person\",\"@id\":\"https:\/\/www.gaveanews.com\/#\/schema\/person\/2ec14f73fb96be2caf28f91afb14749d\",\"name\":\"Equipe G\u00e1vea News\",\"image\":{\"@type\":\"ImageObject\",\"inLanguage\":\"pt-BR\",\"@id\":\"https:\/\/www.gaveanews.com\/#\/schema\/person\/image\/\",\"url\":\"https:\/\/secure.gravatar.com\/avatar\/1e1956f1facbffd3f8fa53a326721950116b3b9dc9bd44939c01180fd4a745a9?s=96&d=mm&r=g\",\"contentUrl\":\"https:\/\/secure.gravatar.com\/avatar\/1e1956f1facbffd3f8fa53a326721950116b3b9dc9bd44939c01180fd4a745a9?s=96&d=mm&r=g\",\"caption\":\"Equipe G\u00e1vea News\"}}]}<\/script>\n<!-- \/ Yoast SEO Premium plugin. -->","yoast_head_json":{"title":"Negocia\u00e7\u00e3o do Flamengo com o River por De La Cruz vive dias decisivos","robots":{"index":"index","follow":"follow","max-snippet":"max-snippet:-1","max-image-preview":"max-image-preview:large","max-video-preview":"max-video-preview:-1"},"canonical":"https:\/\/www.gaveanews.com\/index.php\/2023\/06\/07\/negociacao-do-flamengo-com-o-river-por-de-la-cruz-vive-dias-decisivos\/","og_locale":"pt_BR","og_type":"article","og_title":"Negocia\u00e7\u00e3o do Flamengo com o River por De La Cruz vive dias decisivos","og_description":"As tratativas entre Flamengo e River Plate pelos servi\u00e7os de Nicol\u00e1s De La Cruz se aproximam de um desfecho. Nos \u00faltimos dias, os dirigentes argentinos colocaram as m\u00e3os na proposta do Rubro-Negro e, agora, decidem o futuro do meia uruguaio. A oferta do clube da G\u00e1vea gira em torno dos oito milh\u00f5es de euros, cerca [&hellip;]","og_url":"https:\/\/www.gaveanews.com\/index.php\/2023\/06\/07\/negociacao-do-flamengo-com-o-river-por-de-la-cruz-vive-dias-decisivos\/","og_site_name":"G\u00e1vea News","article_publisher":"https:\/\/facebook.com\/gaveaNews\/","article_published_time":"2023-06-07T10:51:16+00:00","article_modified_time":"2023-06-07T10:51:19+00:00","og_image":[{"width":984,"height":655,"url":"https:\/\/www.gaveanews.com\/wp-content\/uploads\/dela-cruz-flamengo-river-plate.webp","type":"image\/webp"}],"author":"Equipe G\u00e1vea News","twitter_card":"summary_large_image","twitter_misc":{"Escrito por":"Equipe G\u00e1vea News","Est. tempo de leitura":"3 minutos"},"schema":{"@context":"https:\/\/schema.org","@graph":[{"@type":"NewsArticle","@id":"https:\/\/www.gaveanews.com\/index.php\/2023\/06\/07\/negociacao-do-flamengo-com-o-river-por-de-la-cruz-vive-dias-decisivos\/#article","isPartOf":{"@id":"https:\/\/www.gaveanews.com\/index.php\/2023\/06\/07\/negociacao-do-flamengo-com-o-river-por-de-la-cruz-vive-dias-decisivos\/"},"author":{"name":"Equipe G\u00e1vea News","@id":"https:\/\/www.gaveanews.com\/#\/schema\/person\/2ec14f73fb96be2caf28f91afb14749d"},"headline":"Negocia\u00e7\u00e3o do Flamengo com o River por De La Cruz vive dias decisivos","datePublished":"2023-06-07T10:51:16+00:00","dateModified":"2023-06-07T10:51:19+00:00","mainEntityOfPage":{"@id":"https:\/\/www.gaveanews.com\/index.php\/2023\/06\/07\/negociacao-do-flamengo-com-o-river-por-de-la-cruz-vive-dias-decisivos\/"},"wordCount":539,"commentCount":0,"image":{"@id":"https:\/\/www.gaveanews.com\/index.php\/2023\/06\/07\/negociacao-do-flamengo-com-o-river-por-de-la-cruz-vive-dias-decisivos\/#primaryimage"},"thumbnailUrl":"https:\/\/www.gaveanews.com\/wp-content\/uploads\/dela-cruz-flamengo-river-plate.webp","articleSection":["Negocia\u00e7\u00f5es"],"inLanguage":"pt-BR","potentialAction":[{"@type":"CommentAction","name":"Comment","target":["https:\/\/www.gaveanews.com\/index.php\/2023\/06\/07\/negociacao-do-flamengo-com-o-river-por-de-la-cruz-vive-dias-decisivos\/#respond"]}],"copyrightYear":"2023","copyrightHolder":{"@id":"https:\/\/www.gaveanews.com\/#organization"}},{"@type":"WebPage","@id":"https:\/\/www.gaveanews.com\/index.php\/2023\/06\/07\/negociacao-do-flamengo-com-o-river-por-de-la-cruz-vive-dias-decisivos\/","url":"https:\/\/www.gaveanews.com\/index.php\/2023\/06\/07\/negociacao-do-flamengo-com-o-river-por-de-la-cruz-vive-dias-decisivos\/","name":"Negocia\u00e7\u00e3o do Flamengo com o River por De La Cruz vive dias decisivos","isPartOf":{"@id":"https:\/\/www.gaveanews.com\/#website"},"primaryImageOfPage":{"@id":"https:\/\/www.gaveanews.com\/index.php\/2023\/06\/07\/negociacao-do-flamengo-com-o-river-por-de-la-cruz-vive-dias-decisivos\/#primaryimage"},"image":{"@id":"https:\/\/www.gaveanews.com\/index.php\/2023\/06\/07\/negociacao-do-flamengo-com-o-river-por-de-la-cruz-vive-dias-decisivos\/#primaryimage"},"thumbnailUrl":"https:\/\/www.gaveanews.com\/wp-content\/uploads\/dela-cruz-flamengo-river-plate.webp","datePublished":"2023-06-07T10:51:16+00:00","dateModified":"2023-06-07T10:51:19+00:00","author":{"@id":"https:\/\/www.gaveanews.com\/#\/schema\/person\/2ec14f73fb96be2caf28f91afb14749d"},"breadcrumb":{"@id":"https:\/\/www.gaveanews.com\/index.php\/2023\/06\/07\/negociacao-do-flamengo-com-o-river-por-de-la-cruz-vive-dias-decisivos\/#breadcrumb"},"inLanguage":"pt-BR","potentialAction":[{"@type":"ReadAction","target":["https:\/\/www.gaveanews.com\/index.php\/2023\/06\/07\/negociacao-do-flamengo-com-o-river-por-de-la-cruz-vive-dias-decisivos\/"]}]},{"@type":"ImageObject","inLanguage":"pt-BR","@id":"https:\/\/www.gaveanews.com\/index.php\/2023\/06\/07\/negociacao-do-flamengo-com-o-river-por-de-la-cruz-vive-dias-decisivos\/#primaryimage","url":"https:\/\/www.gaveanews.com\/wp-content\/uploads\/dela-cruz-flamengo-river-plate.webp","contentUrl":"https:\/\/www.gaveanews.com\/wp-content\/uploads\/dela-cruz-flamengo-river-plate.webp","width":984,"height":655,"caption":"De La Cruz em a\u00e7\u00e3o pelo River Plate (Foto: Reprodu\u00e7\u00e3o\/River Plate)"},{"@type":"BreadcrumbList","@id":"https:\/\/www.gaveanews.com\/index.php\/2023\/06\/07\/negociacao-do-flamengo-com-o-river-por-de-la-cruz-vive-dias-decisivos\/#breadcrumb","itemListElement":[{"@type":"ListItem","position":1,"name":"Home","item":"https:\/\/www.gaveanews.com\/"},{"@type":"ListItem","position":2,"name":"Negocia\u00e7\u00e3o do Flamengo com o River por De La Cruz vive dias decisivos"}]},{"@type":"WebSite","@id":"https:\/\/www.gaveanews.com\/#website","url":"https:\/\/www.gaveanews.com\/","name":"G\u00e1vea News","description":"Veja todas as not\u00edcias sobre o Flamengo: Contrata\u00e7\u00f5es, categorias de base, resultados das partidas, tabela de classifica\u00e7\u00e3o, pr\u00f3ximos jogos!","potentialAction":[{"@type":"SearchAction","target":{"@type":"EntryPoint","urlTemplate":"https:\/\/www.gaveanews.com\/?s={search_term_string}"},"query-input":{"@type":"PropertyValueSpecification","valueRequired":true,"valueName":"search_term_string"}}],"inLanguage":"pt-BR"},{"@type":"Person","@id":"https:\/\/www.gaveanews.com\/#\/schema\/person\/2ec14f73fb96be2caf28f91afb14749d","name":"Equipe G\u00e1vea News","image":{"@type":"ImageObject","inLanguage":"pt-BR","@id":"https:\/\/www.gaveanews.com\/#\/schema\/person\/image\/","url":"https:\/\/secure.gravatar.com\/avatar\/1e1956f1facbffd3f8fa53a326721950116b3b9dc9bd44939c01180fd4a745a9?s=96&d=mm&r=g","contentUrl":"https:\/\/secure.gravatar.com\/avatar\/1e1956f1facbffd3f8fa53a326721950116b3b9dc9bd44939c01180fd4a745a9?s=96&d=mm&r=g","caption":"Equipe G\u00e1vea News"}}]}},"_links":{"self":[{"href":"https:\/\/www.gaveanews.com\/index.php\/wp-json\/wp\/v2\/posts\/100118","targetHints":{"allow":["GET"]}}],"collection":[{"href":"https:\/\/www.gaveanews.com\/index.php\/wp-json\/wp\/v2\/posts"}],"about":[{"href":"https:\/\/www.gaveanews.com\/index.php\/wp-json\/wp\/v2\/types\/post"}],"author":[{"embeddable":true,"href":"https:\/\/www.gaveanews.com\/index.php\/wp-json\/wp\/v2\/users\/1"}],"replies":[{"embeddable":true,"href":"https:\/\/www.gaveanews.com\/index.php\/wp-json\/wp\/v2\/comments?post=100118"}],"version-history":[{"count":0,"href":"https:\/\/www.gaveanews.com\/index.php\/wp-json\/wp\/v2\/posts\/100118\/revisions"}],"wp:featuredmedia":[{"embeddable":true,"href":"https:\/\/www.gaveanews.com\/index.php\/wp-json\/wp\/v2\/media\/99249"}],"wp:attachment":[{"href":"https:\/\/www.gaveanews.com\/index.php\/wp-json\/wp\/v2\/media?parent=100118"}],"wp:term":[{"taxonomy":"category","embeddable":true,"href":"https:\/\/www.gaveanews.com\/index.php\/wp-json\/wp\/v2\/categories?post=100118"},{"taxonomy":"post_tag","embeddable":true,"href":"https:\/\/www.gaveanews.com\/index.php\/wp-json\/wp\/v2\/tags?post=100118"}],"curies":[{"name":"wp","href":"https:\/\/api.w.org\/{rel}","templated":true}]}}