{"id":100121,"date":"2023-06-07T08:17:58","date_gmt":"2023-06-07T11:17:58","guid":{"rendered":"https:\/\/www.gaveanews.com\/?p=100121"},"modified":"2023-06-07T08:18:01","modified_gmt":"2023-06-07T11:18:01","slug":"apos-desembarcar-no-rio-de-janeiro-goleiro-do-flamengo-passa-suas-ferias-na-argentina","status":"publish","type":"post","link":"https:\/\/www.gaveanews.com\/index.php\/2023\/06\/07\/apos-desembarcar-no-rio-de-janeiro-goleiro-do-flamengo-passa-suas-ferias-na-argentina\/","title":{"rendered":"Ap\u00f3s desembarcar no Rio de Janeiro, goleiro do Flamengo passa suas f\u00e9rias na Argentina"},"content":{"rendered":"\n<p>Agust\u00edn Rossi \u00e9 um nome que j\u00e1 est\u00e1 se tornando comum no imagin\u00e1rio do torcedor do Flamengo. O goleiro assinou pr\u00e9-contrato com o clube ainda em janeiro, e agora vive o per\u00edodo de f\u00e9rias em Buenos Aires, na Argentina, mas j\u00e1 mant\u00e9m o foco no novo desafio da carreira.<\/p>\n\n\n\n<p>Esta ser\u00e1 a primeira vez que o argentino defender\u00e1 um clube brasileiro. O per\u00edodo de adapta\u00e7\u00e3o naturalmente entrou em pauta entre as partes, que optaram por iniciar um planejamento ainda durante as f\u00e9rias de Rossi e antes mesmo de o goleiro desembarcar de vez no Brasil.<\/p>\n\n\n\n<p>Ap\u00f3s a passagem pelo Al Nassr, da Ar\u00e1bia Saudita, Rossi chegou ao Brasil na \u00faltima sexta-feira \u00e0 noite para iniciar o processo de mudan\u00e7a. O goleiro pegou as chaves do im\u00f3vel, deixou as malas e seguiu viagem para Argentina para aproveitar os dias de descanso perto do restante da fam\u00edlia.<\/p>\n\n\n\n<p>A quest\u00e3o \u00e9 que os dias n\u00e3o ser\u00e3o s\u00f3 de f\u00e9rias por l\u00e1. Rossi segue a rotina de treinamento na Argentina e, para facilitar ainda mais a adapta\u00e7\u00e3o, o\u00a0Flamengo\u00a0enviou as bolas do Campeonato Brasileiro. Ao todo, quatro. A inten\u00e7\u00e3o \u00e9 que o goleiro esteja familiarizado quando iniciar o treinamento no Ninho do Urubu.<\/p>\n\n\n\n<p>O planejamento inicial \u00e9 que Rossi chegue ao Rio no pr\u00f3ximo dia 26. Nos primeiros dias, o goleiro ser\u00e1 apresentado no Ninho do Urubu e j\u00e1 come\u00e7ar\u00e1 a treinar com os seus novos companheiros.<\/p>\n\n\n\n<h2 class=\"wp-block-heading\" id=\"h-disputa-pelo-gol-com-sampaoli\">Disputa pelo gol com Sampaoli<\/h2>\n\n\n\n<p>No elenco, o\u00a0Flamengo\u00a0tem outros tr\u00eas jogadores na posi\u00e7\u00e3o: Matheus Cunha, Santos e Hugo Souza. Inicialmente, Sampaoli seguiu o que vinha acontecendo com V\u00edtor Pereira: o goleiro Santos se manteve como titular.<\/p>\n\n\n\n<p>As atua\u00e7\u00f5es do camisa 1, por\u00e9m, fizeram o treinador abrir uma disputa pela posi\u00e7\u00e3o &#8211; al\u00e9m do estilo de jogo, que usa muito os p\u00e9s, valorizando a sa\u00edda de bola e com o goleiro jogando mais avan\u00e7ado. Matheus Cunha, ent\u00e3o, ganhou a titularidade.<\/p>\n\n\n\n<p>O jovem goleiro j\u00e1 fez nove jogos com Sampaoli, sendo oito como titular: cinco vit\u00f3rias, tr\u00eas empates e uma derrota. O rev\u00e9s aconteceu justamente na partida em que Cunha entrou no lugar de Santos, que deixou o gramado ap\u00f3s um choque com V\u00edtor Roque, do Athletico.<\/p>\n\n\n\n<p>Santos tamb\u00e9m participou de nove jogos, todos como titular e possui o retrospecto de quatro vit\u00f3rias, dois empates e tr\u00eas derrotas. Hugo Souza, por sua vez, n\u00e3o entrou em campo com Sampaoli.<\/p>\n\n\n\n<p>Retirado de: Globo Esporte<\/p>\n","protected":false},"excerpt":{"rendered":"<p>Agust\u00edn Rossi \u00e9 um nome que j\u00e1 est\u00e1 se tornando comum no imagin\u00e1rio do torcedor do Flamengo. O goleiro assinou pr\u00e9-contrato com o clube ainda em janeiro, e agora vive o per\u00edodo de f\u00e9rias em Buenos Aires, na Argentina, mas j\u00e1 mant\u00e9m o foco no novo desafio da carreira. Esta ser\u00e1 a primeira vez que [&hellip;]<\/p>\n","protected":false},"author":1,"featured_media":85517,"comment_status":"open","ping_status":"closed","sticky":false,"template":"","format":"standard","meta":{"footnotes":""},"categories":[48],"tags":[],"class_list":["post-100121","post","type-post","status-publish","format-standard","has-post-thumbnail","hentry","category-negociacoes"],"yoast_head":"<!-- This site is optimized with the Yoast SEO Premium plugin v24.2 (Yoast SEO v26.9) - https:\/\/yoast.com\/product\/yoast-seo-premium-wordpress\/ -->\n<title>Ap\u00f3s desembarcar no Rio de Janeiro, goleiro do Flamengo passa suas f\u00e9rias na Argentina<\/title>\n<meta name=\"robots\" content=\"index, follow, max-snippet:-1, max-image-preview:large, max-video-preview:-1\" \/>\n<link rel=\"canonical\" href=\"https:\/\/www.gaveanews.com\/index.php\/2023\/06\/07\/apos-desembarcar-no-rio-de-janeiro-goleiro-do-flamengo-passa-suas-ferias-na-argentina\/\" \/>\n<meta property=\"og:locale\" content=\"pt_BR\" \/>\n<meta property=\"og:type\" content=\"article\" \/>\n<meta property=\"og:title\" content=\"Ap\u00f3s desembarcar no Rio de Janeiro, goleiro do Flamengo passa suas f\u00e9rias na Argentina\" \/>\n<meta property=\"og:description\" content=\"Agust\u00edn Rossi \u00e9 um nome que j\u00e1 est\u00e1 se tornando comum no imagin\u00e1rio do torcedor do Flamengo. O goleiro assinou pr\u00e9-contrato com o clube ainda em janeiro, e agora vive o per\u00edodo de f\u00e9rias em Buenos Aires, na Argentina, mas j\u00e1 mant\u00e9m o foco no novo desafio da carreira. Esta ser\u00e1 a primeira vez que [&hellip;]\" \/>\n<meta property=\"og:url\" content=\"https:\/\/www.gaveanews.com\/index.php\/2023\/06\/07\/apos-desembarcar-no-rio-de-janeiro-goleiro-do-flamengo-passa-suas-ferias-na-argentina\/\" \/>\n<meta property=\"og:site_name\" content=\"G\u00e1vea News\" \/>\n<meta property=\"article:publisher\" content=\"https:\/\/facebook.com\/gaveaNews\/\" \/>\n<meta property=\"article:published_time\" content=\"2023-06-07T11:17:58+00:00\" \/>\n<meta property=\"article:modified_time\" content=\"2023-06-07T11:18:01+00:00\" \/>\n<meta property=\"og:image\" content=\"https:\/\/www.gaveanews.com\/wp-content\/uploads\/Agustin-Rossi.webp\" \/>\n\t<meta property=\"og:image:width\" content=\"905\" \/>\n\t<meta property=\"og:image:height\" content=\"555\" \/>\n\t<meta property=\"og:image:type\" content=\"image\/webp\" \/>\n<meta name=\"author\" content=\"Equipe G\u00e1vea News\" \/>\n<meta name=\"twitter:card\" content=\"summary_large_image\" \/>\n<meta name=\"twitter:label1\" content=\"Escrito por\" \/>\n\t<meta name=\"twitter:data1\" content=\"Equipe G\u00e1vea News\" \/>\n\t<meta name=\"twitter:label2\" content=\"Est. tempo de leitura\" \/>\n\t<meta name=\"twitter:data2\" content=\"3 minutos\" \/>\n<script type=\"application\/ld+json\" class=\"yoast-schema-graph\">{\"@context\":\"https:\/\/schema.org\",\"@graph\":[{\"@type\":\"NewsArticle\",\"@id\":\"https:\/\/www.gaveanews.com\/index.php\/2023\/06\/07\/apos-desembarcar-no-rio-de-janeiro-goleiro-do-flamengo-passa-suas-ferias-na-argentina\/#article\",\"isPartOf\":{\"@id\":\"https:\/\/www.gaveanews.com\/index.php\/2023\/06\/07\/apos-desembarcar-no-rio-de-janeiro-goleiro-do-flamengo-passa-suas-ferias-na-argentina\/\"},\"author\":{\"name\":\"Equipe G\u00e1vea News\",\"@id\":\"https:\/\/www.gaveanews.com\/#\/schema\/person\/2ec14f73fb96be2caf28f91afb14749d\"},\"headline\":\"Ap\u00f3s desembarcar no Rio de Janeiro, goleiro do Flamengo passa suas f\u00e9rias na Argentina\",\"datePublished\":\"2023-06-07T11:17:58+00:00\",\"dateModified\":\"2023-06-07T11:18:01+00:00\",\"mainEntityOfPage\":{\"@id\":\"https:\/\/www.gaveanews.com\/index.php\/2023\/06\/07\/apos-desembarcar-no-rio-de-janeiro-goleiro-do-flamengo-passa-suas-ferias-na-argentina\/\"},\"wordCount\":448,\"commentCount\":0,\"image\":{\"@id\":\"https:\/\/www.gaveanews.com\/index.php\/2023\/06\/07\/apos-desembarcar-no-rio-de-janeiro-goleiro-do-flamengo-passa-suas-ferias-na-argentina\/#primaryimage\"},\"thumbnailUrl\":\"https:\/\/www.gaveanews.com\/wp-content\/uploads\/Agustin-Rossi.webp\",\"articleSection\":[\"Negocia\u00e7\u00f5es\"],\"inLanguage\":\"pt-BR\",\"potentialAction\":[{\"@type\":\"CommentAction\",\"name\":\"Comment\",\"target\":[\"https:\/\/www.gaveanews.com\/index.php\/2023\/06\/07\/apos-desembarcar-no-rio-de-janeiro-goleiro-do-flamengo-passa-suas-ferias-na-argentina\/#respond\"]}],\"copyrightYear\":\"2023\",\"copyrightHolder\":{\"@id\":\"https:\/\/www.gaveanews.com\/#organization\"}},{\"@type\":\"WebPage\",\"@id\":\"https:\/\/www.gaveanews.com\/index.php\/2023\/06\/07\/apos-desembarcar-no-rio-de-janeiro-goleiro-do-flamengo-passa-suas-ferias-na-argentina\/\",\"url\":\"https:\/\/www.gaveanews.com\/index.php\/2023\/06\/07\/apos-desembarcar-no-rio-de-janeiro-goleiro-do-flamengo-passa-suas-ferias-na-argentina\/\",\"name\":\"Ap\u00f3s desembarcar no Rio de Janeiro, goleiro do Flamengo passa suas f\u00e9rias na Argentina\",\"isPartOf\":{\"@id\":\"https:\/\/www.gaveanews.com\/#website\"},\"primaryImageOfPage\":{\"@id\":\"https:\/\/www.gaveanews.com\/index.php\/2023\/06\/07\/apos-desembarcar-no-rio-de-janeiro-goleiro-do-flamengo-passa-suas-ferias-na-argentina\/#primaryimage\"},\"image\":{\"@id\":\"https:\/\/www.gaveanews.com\/index.php\/2023\/06\/07\/apos-desembarcar-no-rio-de-janeiro-goleiro-do-flamengo-passa-suas-ferias-na-argentina\/#primaryimage\"},\"thumbnailUrl\":\"https:\/\/www.gaveanews.com\/wp-content\/uploads\/Agustin-Rossi.webp\",\"datePublished\":\"2023-06-07T11:17:58+00:00\",\"dateModified\":\"2023-06-07T11:18:01+00:00\",\"author\":{\"@id\":\"https:\/\/www.gaveanews.com\/#\/schema\/person\/2ec14f73fb96be2caf28f91afb14749d\"},\"breadcrumb\":{\"@id\":\"https:\/\/www.gaveanews.com\/index.php\/2023\/06\/07\/apos-desembarcar-no-rio-de-janeiro-goleiro-do-flamengo-passa-suas-ferias-na-argentina\/#breadcrumb\"},\"inLanguage\":\"pt-BR\",\"potentialAction\":[{\"@type\":\"ReadAction\",\"target\":[\"https:\/\/www.gaveanews.com\/index.php\/2023\/06\/07\/apos-desembarcar-no-rio-de-janeiro-goleiro-do-flamengo-passa-suas-ferias-na-argentina\/\"]}]},{\"@type\":\"ImageObject\",\"inLanguage\":\"pt-BR\",\"@id\":\"https:\/\/www.gaveanews.com\/index.php\/2023\/06\/07\/apos-desembarcar-no-rio-de-janeiro-goleiro-do-flamengo-passa-suas-ferias-na-argentina\/#primaryimage\",\"url\":\"https:\/\/www.gaveanews.com\/wp-content\/uploads\/Agustin-Rossi.webp\",\"contentUrl\":\"https:\/\/www.gaveanews.com\/wp-content\/uploads\/Agustin-Rossi.webp\",\"width\":905,\"height\":555,\"caption\":\"Agust\u00edn Rossi, goleiro do Boca Juniors (Foto: Getty Images)\"},{\"@type\":\"BreadcrumbList\",\"@id\":\"https:\/\/www.gaveanews.com\/index.php\/2023\/06\/07\/apos-desembarcar-no-rio-de-janeiro-goleiro-do-flamengo-passa-suas-ferias-na-argentina\/#breadcrumb\",\"itemListElement\":[{\"@type\":\"ListItem\",\"position\":1,\"name\":\"Home\",\"item\":\"https:\/\/www.gaveanews.com\/\"},{\"@type\":\"ListItem\",\"position\":2,\"name\":\"Ap\u00f3s desembarcar no Rio de Janeiro, goleiro do Flamengo passa suas f\u00e9rias na Argentina\"}]},{\"@type\":\"WebSite\",\"@id\":\"https:\/\/www.gaveanews.com\/#website\",\"url\":\"https:\/\/www.gaveanews.com\/\",\"name\":\"G\u00e1vea News\",\"description\":\"Veja todas as not\u00edcias sobre o Flamengo: Contrata\u00e7\u00f5es, categorias de base, resultados das partidas, tabela de classifica\u00e7\u00e3o, pr\u00f3ximos jogos!\",\"potentialAction\":[{\"@type\":\"SearchAction\",\"target\":{\"@type\":\"EntryPoint\",\"urlTemplate\":\"https:\/\/www.gaveanews.com\/?s={search_term_string}\"},\"query-input\":{\"@type\":\"PropertyValueSpecification\",\"valueRequired\":true,\"valueName\":\"search_term_string\"}}],\"inLanguage\":\"pt-BR\"},{\"@type\":\"Person\",\"@id\":\"https:\/\/www.gaveanews.com\/#\/schema\/person\/2ec14f73fb96be2caf28f91afb14749d\",\"name\":\"Equipe G\u00e1vea News\",\"image\":{\"@type\":\"ImageObject\",\"inLanguage\":\"pt-BR\",\"@id\":\"https:\/\/www.gaveanews.com\/#\/schema\/person\/image\/\",\"url\":\"https:\/\/secure.gravatar.com\/avatar\/1e1956f1facbffd3f8fa53a326721950116b3b9dc9bd44939c01180fd4a745a9?s=96&d=mm&r=g\",\"contentUrl\":\"https:\/\/secure.gravatar.com\/avatar\/1e1956f1facbffd3f8fa53a326721950116b3b9dc9bd44939c01180fd4a745a9?s=96&d=mm&r=g\",\"caption\":\"Equipe G\u00e1vea News\"}}]}<\/script>\n<!-- \/ Yoast SEO Premium plugin. -->","yoast_head_json":{"title":"Ap\u00f3s desembarcar no Rio de Janeiro, goleiro do Flamengo passa suas f\u00e9rias na Argentina","robots":{"index":"index","follow":"follow","max-snippet":"max-snippet:-1","max-image-preview":"max-image-preview:large","max-video-preview":"max-video-preview:-1"},"canonical":"https:\/\/www.gaveanews.com\/index.php\/2023\/06\/07\/apos-desembarcar-no-rio-de-janeiro-goleiro-do-flamengo-passa-suas-ferias-na-argentina\/","og_locale":"pt_BR","og_type":"article","og_title":"Ap\u00f3s desembarcar no Rio de Janeiro, goleiro do Flamengo passa suas f\u00e9rias na Argentina","og_description":"Agust\u00edn Rossi \u00e9 um nome que j\u00e1 est\u00e1 se tornando comum no imagin\u00e1rio do torcedor do Flamengo. O goleiro assinou pr\u00e9-contrato com o clube ainda em janeiro, e agora vive o per\u00edodo de f\u00e9rias em Buenos Aires, na Argentina, mas j\u00e1 mant\u00e9m o foco no novo desafio da carreira. Esta ser\u00e1 a primeira vez que [&hellip;]","og_url":"https:\/\/www.gaveanews.com\/index.php\/2023\/06\/07\/apos-desembarcar-no-rio-de-janeiro-goleiro-do-flamengo-passa-suas-ferias-na-argentina\/","og_site_name":"G\u00e1vea News","article_publisher":"https:\/\/facebook.com\/gaveaNews\/","article_published_time":"2023-06-07T11:17:58+00:00","article_modified_time":"2023-06-07T11:18:01+00:00","og_image":[{"width":905,"height":555,"url":"https:\/\/www.gaveanews.com\/wp-content\/uploads\/Agustin-Rossi.webp","type":"image\/webp"}],"author":"Equipe G\u00e1vea News","twitter_card":"summary_large_image","twitter_misc":{"Escrito por":"Equipe G\u00e1vea News","Est. tempo de leitura":"3 minutos"},"schema":{"@context":"https:\/\/schema.org","@graph":[{"@type":"NewsArticle","@id":"https:\/\/www.gaveanews.com\/index.php\/2023\/06\/07\/apos-desembarcar-no-rio-de-janeiro-goleiro-do-flamengo-passa-suas-ferias-na-argentina\/#article","isPartOf":{"@id":"https:\/\/www.gaveanews.com\/index.php\/2023\/06\/07\/apos-desembarcar-no-rio-de-janeiro-goleiro-do-flamengo-passa-suas-ferias-na-argentina\/"},"author":{"name":"Equipe G\u00e1vea News","@id":"https:\/\/www.gaveanews.com\/#\/schema\/person\/2ec14f73fb96be2caf28f91afb14749d"},"headline":"Ap\u00f3s desembarcar no Rio de Janeiro, goleiro do Flamengo passa suas f\u00e9rias na Argentina","datePublished":"2023-06-07T11:17:58+00:00","dateModified":"2023-06-07T11:18:01+00:00","mainEntityOfPage":{"@id":"https:\/\/www.gaveanews.com\/index.php\/2023\/06\/07\/apos-desembarcar-no-rio-de-janeiro-goleiro-do-flamengo-passa-suas-ferias-na-argentina\/"},"wordCount":448,"commentCount":0,"image":{"@id":"https:\/\/www.gaveanews.com\/index.php\/2023\/06\/07\/apos-desembarcar-no-rio-de-janeiro-goleiro-do-flamengo-passa-suas-ferias-na-argentina\/#primaryimage"},"thumbnailUrl":"https:\/\/www.gaveanews.com\/wp-content\/uploads\/Agustin-Rossi.webp","articleSection":["Negocia\u00e7\u00f5es"],"inLanguage":"pt-BR","potentialAction":[{"@type":"CommentAction","name":"Comment","target":["https:\/\/www.gaveanews.com\/index.php\/2023\/06\/07\/apos-desembarcar-no-rio-de-janeiro-goleiro-do-flamengo-passa-suas-ferias-na-argentina\/#respond"]}],"copyrightYear":"2023","copyrightHolder":{"@id":"https:\/\/www.gaveanews.com\/#organization"}},{"@type":"WebPage","@id":"https:\/\/www.gaveanews.com\/index.php\/2023\/06\/07\/apos-desembarcar-no-rio-de-janeiro-goleiro-do-flamengo-passa-suas-ferias-na-argentina\/","url":"https:\/\/www.gaveanews.com\/index.php\/2023\/06\/07\/apos-desembarcar-no-rio-de-janeiro-goleiro-do-flamengo-passa-suas-ferias-na-argentina\/","name":"Ap\u00f3s desembarcar no Rio de Janeiro, goleiro do Flamengo passa suas f\u00e9rias na Argentina","isPartOf":{"@id":"https:\/\/www.gaveanews.com\/#website"},"primaryImageOfPage":{"@id":"https:\/\/www.gaveanews.com\/index.php\/2023\/06\/07\/apos-desembarcar-no-rio-de-janeiro-goleiro-do-flamengo-passa-suas-ferias-na-argentina\/#primaryimage"},"image":{"@id":"https:\/\/www.gaveanews.com\/index.php\/2023\/06\/07\/apos-desembarcar-no-rio-de-janeiro-goleiro-do-flamengo-passa-suas-ferias-na-argentina\/#primaryimage"},"thumbnailUrl":"https:\/\/www.gaveanews.com\/wp-content\/uploads\/Agustin-Rossi.webp","datePublished":"2023-06-07T11:17:58+00:00","dateModified":"2023-06-07T11:18:01+00:00","author":{"@id":"https:\/\/www.gaveanews.com\/#\/schema\/person\/2ec14f73fb96be2caf28f91afb14749d"},"breadcrumb":{"@id":"https:\/\/www.gaveanews.com\/index.php\/2023\/06\/07\/apos-desembarcar-no-rio-de-janeiro-goleiro-do-flamengo-passa-suas-ferias-na-argentina\/#breadcrumb"},"inLanguage":"pt-BR","potentialAction":[{"@type":"ReadAction","target":["https:\/\/www.gaveanews.com\/index.php\/2023\/06\/07\/apos-desembarcar-no-rio-de-janeiro-goleiro-do-flamengo-passa-suas-ferias-na-argentina\/"]}]},{"@type":"ImageObject","inLanguage":"pt-BR","@id":"https:\/\/www.gaveanews.com\/index.php\/2023\/06\/07\/apos-desembarcar-no-rio-de-janeiro-goleiro-do-flamengo-passa-suas-ferias-na-argentina\/#primaryimage","url":"https:\/\/www.gaveanews.com\/wp-content\/uploads\/Agustin-Rossi.webp","contentUrl":"https:\/\/www.gaveanews.com\/wp-content\/uploads\/Agustin-Rossi.webp","width":905,"height":555,"caption":"Agust\u00edn Rossi, goleiro do Boca Juniors (Foto: Getty Images)"},{"@type":"BreadcrumbList","@id":"https:\/\/www.gaveanews.com\/index.php\/2023\/06\/07\/apos-desembarcar-no-rio-de-janeiro-goleiro-do-flamengo-passa-suas-ferias-na-argentina\/#breadcrumb","itemListElement":[{"@type":"ListItem","position":1,"name":"Home","item":"https:\/\/www.gaveanews.com\/"},{"@type":"ListItem","position":2,"name":"Ap\u00f3s desembarcar no Rio de Janeiro, goleiro do Flamengo passa suas f\u00e9rias na Argentina"}]},{"@type":"WebSite","@id":"https:\/\/www.gaveanews.com\/#website","url":"https:\/\/www.gaveanews.com\/","name":"G\u00e1vea News","description":"Veja todas as not\u00edcias sobre o Flamengo: Contrata\u00e7\u00f5es, categorias de base, resultados das partidas, tabela de classifica\u00e7\u00e3o, pr\u00f3ximos jogos!","potentialAction":[{"@type":"SearchAction","target":{"@type":"EntryPoint","urlTemplate":"https:\/\/www.gaveanews.com\/?s={search_term_string}"},"query-input":{"@type":"PropertyValueSpecification","valueRequired":true,"valueName":"search_term_string"}}],"inLanguage":"pt-BR"},{"@type":"Person","@id":"https:\/\/www.gaveanews.com\/#\/schema\/person\/2ec14f73fb96be2caf28f91afb14749d","name":"Equipe G\u00e1vea News","image":{"@type":"ImageObject","inLanguage":"pt-BR","@id":"https:\/\/www.gaveanews.com\/#\/schema\/person\/image\/","url":"https:\/\/secure.gravatar.com\/avatar\/1e1956f1facbffd3f8fa53a326721950116b3b9dc9bd44939c01180fd4a745a9?s=96&d=mm&r=g","contentUrl":"https:\/\/secure.gravatar.com\/avatar\/1e1956f1facbffd3f8fa53a326721950116b3b9dc9bd44939c01180fd4a745a9?s=96&d=mm&r=g","caption":"Equipe G\u00e1vea News"}}]}},"_links":{"self":[{"href":"https:\/\/www.gaveanews.com\/index.php\/wp-json\/wp\/v2\/posts\/100121","targetHints":{"allow":["GET"]}}],"collection":[{"href":"https:\/\/www.gaveanews.com\/index.php\/wp-json\/wp\/v2\/posts"}],"about":[{"href":"https:\/\/www.gaveanews.com\/index.php\/wp-json\/wp\/v2\/types\/post"}],"author":[{"embeddable":true,"href":"https:\/\/www.gaveanews.com\/index.php\/wp-json\/wp\/v2\/users\/1"}],"replies":[{"embeddable":true,"href":"https:\/\/www.gaveanews.com\/index.php\/wp-json\/wp\/v2\/comments?post=100121"}],"version-history":[{"count":0,"href":"https:\/\/www.gaveanews.com\/index.php\/wp-json\/wp\/v2\/posts\/100121\/revisions"}],"wp:featuredmedia":[{"embeddable":true,"href":"https:\/\/www.gaveanews.com\/index.php\/wp-json\/wp\/v2\/media\/85517"}],"wp:attachment":[{"href":"https:\/\/www.gaveanews.com\/index.php\/wp-json\/wp\/v2\/media?parent=100121"}],"wp:term":[{"taxonomy":"category","embeddable":true,"href":"https:\/\/www.gaveanews.com\/index.php\/wp-json\/wp\/v2\/categories?post=100121"},{"taxonomy":"post_tag","embeddable":true,"href":"https:\/\/www.gaveanews.com\/index.php\/wp-json\/wp\/v2\/tags?post=100121"}],"curies":[{"name":"wp","href":"https:\/\/api.w.org\/{rel}","templated":true}]}}