{"id":100154,"date":"2023-06-07T22:21:11","date_gmt":"2023-06-08T01:21:11","guid":{"rendered":"https:\/\/www.gaveanews.com\/?p=100154"},"modified":"2023-06-07T22:21:11","modified_gmt":"2023-06-08T01:21:11","slug":"dupla-vem-se-destacando-nas-cobrancas-de-falta-durante-os-treinos-do-flamengo","status":"publish","type":"post","link":"https:\/\/www.gaveanews.com\/index.php\/2023\/06\/07\/dupla-vem-se-destacando-nas-cobrancas-de-falta-durante-os-treinos-do-flamengo\/","title":{"rendered":"Dupla vem se destacando nas cobran\u00e7as de falta durante os treinos do Flamengo"},"content":{"rendered":"\n<p>Na pr\u00f3xima quinta-feira (8), Flamengo e Racing se enfrentam \u00e0s 21h, no Maracan\u00e3, em partida v\u00e1lida pela 5\u00aa rodada do Grupo A, da Libertadores. O Mais Querido vai em busca da vit\u00f3ria para carimbar sua classifica\u00e7\u00e3o para a pr\u00f3xima fase.<\/p>\n\n\n\n<p>Sampaoli e seus comandados sabem da import\u00e2ncia de um resultado positivo, conseguir a classifica\u00e7\u00e3o \u00e9 fundamental, para atingir o principal objetivo da temporada que \u00e9 conquistar a Libertadores.<\/p>\n\n\n\n<p>O Maracan\u00e3 vai estar cheio, e os torcedores esperam ver mais uma boa atua\u00e7\u00e3o do time. Mas tamb\u00e9m entendem que \u00e9 uma partida para vencer, o resultado positivo \u00e9 mais importante que um espet\u00e1culo.<\/p>\n\n\n\n<p>Recuperando o bom futebol nos \u00faltimos jogos, o Flamengo aos poucos acertando os pontos que vinham sendo falhos. Por\u00e9m um fundamento incomoda bastante os torcedores mais antigos, que \u00e9 o jejum em gols de cobran\u00e7as de falta, que n\u00e3o acontece desde fevereiro de 2022.<\/p>\n\n\n\n<p>De acordo com o jornalista Ven\u00ea Casagrande, Erick Pulgar e L\u00e9o Pereira vem se destacando nos treinos do Ninho do Urubu, pelo \u00f3timo aproveitamento no fundamento. Vale lembrar que o \u00faltimo gol de falta foi marcado por Arrascaeta, contra o Nova Igua\u00e7u.<\/p>\n\n\n\n<p>Retirado de: Di\u00e1rio do Fla<\/p>\n","protected":false},"excerpt":{"rendered":"<p>Na pr\u00f3xima quinta-feira (8), Flamengo e Racing se enfrentam \u00e0s 21h, no Maracan\u00e3, em partida v\u00e1lida pela 5\u00aa rodada do Grupo A, da Libertadores. O Mais Querido vai em busca da vit\u00f3ria para carimbar sua classifica\u00e7\u00e3o para a pr\u00f3xima fase. Sampaoli e seus comandados sabem da import\u00e2ncia de um resultado positivo, conseguir a classifica\u00e7\u00e3o \u00e9 [&hellip;]<\/p>\n","protected":false},"author":1,"featured_media":93238,"comment_status":"open","ping_status":"","sticky":false,"template":"","format":"standard","meta":{"footnotes":""},"categories":[1],"tags":[],"class_list":["post-100154","post","type-post","status-publish","format-standard","has-post-thumbnail","hentry","category-flamengo"],"yoast_head":"<!-- This site is optimized with the Yoast SEO Premium plugin v24.2 (Yoast SEO v26.9) - https:\/\/yoast.com\/product\/yoast-seo-premium-wordpress\/ -->\n<title>Dupla vem se destacando nas cobran\u00e7as de falta durante os treinos do Flamengo<\/title>\n<meta name=\"robots\" content=\"index, follow, max-snippet:-1, max-image-preview:large, max-video-preview:-1\" \/>\n<link rel=\"canonical\" href=\"https:\/\/www.gaveanews.com\/index.php\/2023\/06\/07\/dupla-vem-se-destacando-nas-cobrancas-de-falta-durante-os-treinos-do-flamengo\/\" \/>\n<meta property=\"og:locale\" content=\"pt_BR\" \/>\n<meta property=\"og:type\" content=\"article\" \/>\n<meta property=\"og:title\" content=\"Dupla vem se destacando nas cobran\u00e7as de falta durante os treinos do Flamengo\" \/>\n<meta property=\"og:description\" content=\"Na pr\u00f3xima quinta-feira (8), Flamengo e Racing se enfrentam \u00e0s 21h, no Maracan\u00e3, em partida v\u00e1lida pela 5\u00aa rodada do Grupo A, da Libertadores. O Mais Querido vai em busca da vit\u00f3ria para carimbar sua classifica\u00e7\u00e3o para a pr\u00f3xima fase. Sampaoli e seus comandados sabem da import\u00e2ncia de um resultado positivo, conseguir a classifica\u00e7\u00e3o \u00e9 [&hellip;]\" \/>\n<meta property=\"og:url\" content=\"https:\/\/www.gaveanews.com\/index.php\/2023\/06\/07\/dupla-vem-se-destacando-nas-cobrancas-de-falta-durante-os-treinos-do-flamengo\/\" \/>\n<meta property=\"og:site_name\" content=\"G\u00e1vea News\" \/>\n<meta property=\"article:publisher\" content=\"https:\/\/facebook.com\/gaveaNews\/\" \/>\n<meta property=\"article:published_time\" content=\"2023-06-08T01:21:11+00:00\" \/>\n<meta property=\"og:image\" content=\"https:\/\/www.gaveanews.com\/wp-content\/uploads\/jogadores-flamengo-treino-ninho-do-urubu.webp\" \/>\n\t<meta property=\"og:image:width\" content=\"1200\" \/>\n\t<meta property=\"og:image:height\" content=\"799\" \/>\n\t<meta property=\"og:image:type\" content=\"image\/jpeg\" \/>\n<meta name=\"author\" content=\"Equipe G\u00e1vea News\" \/>\n<meta name=\"twitter:card\" content=\"summary_large_image\" \/>\n<meta name=\"twitter:label1\" content=\"Escrito por\" \/>\n\t<meta name=\"twitter:data1\" content=\"Equipe G\u00e1vea News\" \/>\n\t<meta name=\"twitter:label2\" content=\"Est. tempo de leitura\" \/>\n\t<meta name=\"twitter:data2\" content=\"1 minuto\" \/>\n<script type=\"application\/ld+json\" class=\"yoast-schema-graph\">{\"@context\":\"https:\/\/schema.org\",\"@graph\":[{\"@type\":\"NewsArticle\",\"@id\":\"https:\/\/www.gaveanews.com\/index.php\/2023\/06\/07\/dupla-vem-se-destacando-nas-cobrancas-de-falta-durante-os-treinos-do-flamengo\/#article\",\"isPartOf\":{\"@id\":\"https:\/\/www.gaveanews.com\/index.php\/2023\/06\/07\/dupla-vem-se-destacando-nas-cobrancas-de-falta-durante-os-treinos-do-flamengo\/\"},\"author\":{\"name\":\"Equipe G\u00e1vea News\",\"@id\":\"https:\/\/www.gaveanews.com\/#\/schema\/person\/2ec14f73fb96be2caf28f91afb14749d\"},\"headline\":\"Dupla vem se destacando nas cobran\u00e7as de falta durante os treinos do Flamengo\",\"datePublished\":\"2023-06-08T01:21:11+00:00\",\"mainEntityOfPage\":{\"@id\":\"https:\/\/www.gaveanews.com\/index.php\/2023\/06\/07\/dupla-vem-se-destacando-nas-cobrancas-de-falta-durante-os-treinos-do-flamengo\/\"},\"wordCount\":215,\"commentCount\":0,\"image\":{\"@id\":\"https:\/\/www.gaveanews.com\/index.php\/2023\/06\/07\/dupla-vem-se-destacando-nas-cobrancas-de-falta-durante-os-treinos-do-flamengo\/#primaryimage\"},\"thumbnailUrl\":\"https:\/\/www.gaveanews.com\/wp-content\/uploads\/jogadores-flamengo-treino-ninho-do-urubu.webp\",\"articleSection\":[\"Flamengo\"],\"inLanguage\":\"pt-BR\",\"potentialAction\":[{\"@type\":\"CommentAction\",\"name\":\"Comment\",\"target\":[\"https:\/\/www.gaveanews.com\/index.php\/2023\/06\/07\/dupla-vem-se-destacando-nas-cobrancas-de-falta-durante-os-treinos-do-flamengo\/#respond\"]}],\"copyrightYear\":\"2023\",\"copyrightHolder\":{\"@id\":\"https:\/\/www.gaveanews.com\/#organization\"}},{\"@type\":\"WebPage\",\"@id\":\"https:\/\/www.gaveanews.com\/index.php\/2023\/06\/07\/dupla-vem-se-destacando-nas-cobrancas-de-falta-durante-os-treinos-do-flamengo\/\",\"url\":\"https:\/\/www.gaveanews.com\/index.php\/2023\/06\/07\/dupla-vem-se-destacando-nas-cobrancas-de-falta-durante-os-treinos-do-flamengo\/\",\"name\":\"Dupla vem se destacando nas cobran\u00e7as de falta durante os treinos do Flamengo\",\"isPartOf\":{\"@id\":\"https:\/\/www.gaveanews.com\/#website\"},\"primaryImageOfPage\":{\"@id\":\"https:\/\/www.gaveanews.com\/index.php\/2023\/06\/07\/dupla-vem-se-destacando-nas-cobrancas-de-falta-durante-os-treinos-do-flamengo\/#primaryimage\"},\"image\":{\"@id\":\"https:\/\/www.gaveanews.com\/index.php\/2023\/06\/07\/dupla-vem-se-destacando-nas-cobrancas-de-falta-durante-os-treinos-do-flamengo\/#primaryimage\"},\"thumbnailUrl\":\"https:\/\/www.gaveanews.com\/wp-content\/uploads\/jogadores-flamengo-treino-ninho-do-urubu.webp\",\"datePublished\":\"2023-06-08T01:21:11+00:00\",\"author\":{\"@id\":\"https:\/\/www.gaveanews.com\/#\/schema\/person\/2ec14f73fb96be2caf28f91afb14749d\"},\"breadcrumb\":{\"@id\":\"https:\/\/www.gaveanews.com\/index.php\/2023\/06\/07\/dupla-vem-se-destacando-nas-cobrancas-de-falta-durante-os-treinos-do-flamengo\/#breadcrumb\"},\"inLanguage\":\"pt-BR\",\"potentialAction\":[{\"@type\":\"ReadAction\",\"target\":[\"https:\/\/www.gaveanews.com\/index.php\/2023\/06\/07\/dupla-vem-se-destacando-nas-cobrancas-de-falta-durante-os-treinos-do-flamengo\/\"]}]},{\"@type\":\"ImageObject\",\"inLanguage\":\"pt-BR\",\"@id\":\"https:\/\/www.gaveanews.com\/index.php\/2023\/06\/07\/dupla-vem-se-destacando-nas-cobrancas-de-falta-durante-os-treinos-do-flamengo\/#primaryimage\",\"url\":\"https:\/\/www.gaveanews.com\/wp-content\/uploads\/jogadores-flamengo-treino-ninho-do-urubu.webp\",\"contentUrl\":\"https:\/\/www.gaveanews.com\/wp-content\/uploads\/jogadores-flamengo-treino-ninho-do-urubu.webp\",\"width\":1200,\"height\":799,\"caption\":\"Jogadores do Flamengo em treino no Ninho do Urubu (Foto: Marcelo Cortes\/Flamengo)\"},{\"@type\":\"BreadcrumbList\",\"@id\":\"https:\/\/www.gaveanews.com\/index.php\/2023\/06\/07\/dupla-vem-se-destacando-nas-cobrancas-de-falta-durante-os-treinos-do-flamengo\/#breadcrumb\",\"itemListElement\":[{\"@type\":\"ListItem\",\"position\":1,\"name\":\"Home\",\"item\":\"https:\/\/www.gaveanews.com\/\"},{\"@type\":\"ListItem\",\"position\":2,\"name\":\"Dupla vem se destacando nas cobran\u00e7as de falta durante os treinos do Flamengo\"}]},{\"@type\":\"WebSite\",\"@id\":\"https:\/\/www.gaveanews.com\/#website\",\"url\":\"https:\/\/www.gaveanews.com\/\",\"name\":\"G\u00e1vea News\",\"description\":\"Veja todas as not\u00edcias sobre o Flamengo: Contrata\u00e7\u00f5es, categorias de base, resultados das partidas, tabela de classifica\u00e7\u00e3o, pr\u00f3ximos jogos!\",\"potentialAction\":[{\"@type\":\"SearchAction\",\"target\":{\"@type\":\"EntryPoint\",\"urlTemplate\":\"https:\/\/www.gaveanews.com\/?s={search_term_string}\"},\"query-input\":{\"@type\":\"PropertyValueSpecification\",\"valueRequired\":true,\"valueName\":\"search_term_string\"}}],\"inLanguage\":\"pt-BR\"},{\"@type\":\"Person\",\"@id\":\"https:\/\/www.gaveanews.com\/#\/schema\/person\/2ec14f73fb96be2caf28f91afb14749d\",\"name\":\"Equipe G\u00e1vea News\",\"image\":{\"@type\":\"ImageObject\",\"inLanguage\":\"pt-BR\",\"@id\":\"https:\/\/www.gaveanews.com\/#\/schema\/person\/image\/\",\"url\":\"https:\/\/secure.gravatar.com\/avatar\/1e1956f1facbffd3f8fa53a326721950116b3b9dc9bd44939c01180fd4a745a9?s=96&d=mm&r=g\",\"contentUrl\":\"https:\/\/secure.gravatar.com\/avatar\/1e1956f1facbffd3f8fa53a326721950116b3b9dc9bd44939c01180fd4a745a9?s=96&d=mm&r=g\",\"caption\":\"Equipe G\u00e1vea News\"}}]}<\/script>\n<!-- \/ Yoast SEO Premium plugin. -->","yoast_head_json":{"title":"Dupla vem se destacando nas cobran\u00e7as de falta durante os treinos do Flamengo","robots":{"index":"index","follow":"follow","max-snippet":"max-snippet:-1","max-image-preview":"max-image-preview:large","max-video-preview":"max-video-preview:-1"},"canonical":"https:\/\/www.gaveanews.com\/index.php\/2023\/06\/07\/dupla-vem-se-destacando-nas-cobrancas-de-falta-durante-os-treinos-do-flamengo\/","og_locale":"pt_BR","og_type":"article","og_title":"Dupla vem se destacando nas cobran\u00e7as de falta durante os treinos do Flamengo","og_description":"Na pr\u00f3xima quinta-feira (8), Flamengo e Racing se enfrentam \u00e0s 21h, no Maracan\u00e3, em partida v\u00e1lida pela 5\u00aa rodada do Grupo A, da Libertadores. O Mais Querido vai em busca da vit\u00f3ria para carimbar sua classifica\u00e7\u00e3o para a pr\u00f3xima fase. Sampaoli e seus comandados sabem da import\u00e2ncia de um resultado positivo, conseguir a classifica\u00e7\u00e3o \u00e9 [&hellip;]","og_url":"https:\/\/www.gaveanews.com\/index.php\/2023\/06\/07\/dupla-vem-se-destacando-nas-cobrancas-de-falta-durante-os-treinos-do-flamengo\/","og_site_name":"G\u00e1vea News","article_publisher":"https:\/\/facebook.com\/gaveaNews\/","article_published_time":"2023-06-08T01:21:11+00:00","og_image":[{"width":1200,"height":799,"url":"https:\/\/www.gaveanews.com\/wp-content\/uploads\/jogadores-flamengo-treino-ninho-do-urubu.webp","type":"image\/jpeg"}],"author":"Equipe G\u00e1vea News","twitter_card":"summary_large_image","twitter_misc":{"Escrito por":"Equipe G\u00e1vea News","Est. tempo de leitura":"1 minuto"},"schema":{"@context":"https:\/\/schema.org","@graph":[{"@type":"NewsArticle","@id":"https:\/\/www.gaveanews.com\/index.php\/2023\/06\/07\/dupla-vem-se-destacando-nas-cobrancas-de-falta-durante-os-treinos-do-flamengo\/#article","isPartOf":{"@id":"https:\/\/www.gaveanews.com\/index.php\/2023\/06\/07\/dupla-vem-se-destacando-nas-cobrancas-de-falta-durante-os-treinos-do-flamengo\/"},"author":{"name":"Equipe G\u00e1vea News","@id":"https:\/\/www.gaveanews.com\/#\/schema\/person\/2ec14f73fb96be2caf28f91afb14749d"},"headline":"Dupla vem se destacando nas cobran\u00e7as de falta durante os treinos do Flamengo","datePublished":"2023-06-08T01:21:11+00:00","mainEntityOfPage":{"@id":"https:\/\/www.gaveanews.com\/index.php\/2023\/06\/07\/dupla-vem-se-destacando-nas-cobrancas-de-falta-durante-os-treinos-do-flamengo\/"},"wordCount":215,"commentCount":0,"image":{"@id":"https:\/\/www.gaveanews.com\/index.php\/2023\/06\/07\/dupla-vem-se-destacando-nas-cobrancas-de-falta-durante-os-treinos-do-flamengo\/#primaryimage"},"thumbnailUrl":"https:\/\/www.gaveanews.com\/wp-content\/uploads\/jogadores-flamengo-treino-ninho-do-urubu.webp","articleSection":["Flamengo"],"inLanguage":"pt-BR","potentialAction":[{"@type":"CommentAction","name":"Comment","target":["https:\/\/www.gaveanews.com\/index.php\/2023\/06\/07\/dupla-vem-se-destacando-nas-cobrancas-de-falta-durante-os-treinos-do-flamengo\/#respond"]}],"copyrightYear":"2023","copyrightHolder":{"@id":"https:\/\/www.gaveanews.com\/#organization"}},{"@type":"WebPage","@id":"https:\/\/www.gaveanews.com\/index.php\/2023\/06\/07\/dupla-vem-se-destacando-nas-cobrancas-de-falta-durante-os-treinos-do-flamengo\/","url":"https:\/\/www.gaveanews.com\/index.php\/2023\/06\/07\/dupla-vem-se-destacando-nas-cobrancas-de-falta-durante-os-treinos-do-flamengo\/","name":"Dupla vem se destacando nas cobran\u00e7as de falta durante os treinos do Flamengo","isPartOf":{"@id":"https:\/\/www.gaveanews.com\/#website"},"primaryImageOfPage":{"@id":"https:\/\/www.gaveanews.com\/index.php\/2023\/06\/07\/dupla-vem-se-destacando-nas-cobrancas-de-falta-durante-os-treinos-do-flamengo\/#primaryimage"},"image":{"@id":"https:\/\/www.gaveanews.com\/index.php\/2023\/06\/07\/dupla-vem-se-destacando-nas-cobrancas-de-falta-durante-os-treinos-do-flamengo\/#primaryimage"},"thumbnailUrl":"https:\/\/www.gaveanews.com\/wp-content\/uploads\/jogadores-flamengo-treino-ninho-do-urubu.webp","datePublished":"2023-06-08T01:21:11+00:00","author":{"@id":"https:\/\/www.gaveanews.com\/#\/schema\/person\/2ec14f73fb96be2caf28f91afb14749d"},"breadcrumb":{"@id":"https:\/\/www.gaveanews.com\/index.php\/2023\/06\/07\/dupla-vem-se-destacando-nas-cobrancas-de-falta-durante-os-treinos-do-flamengo\/#breadcrumb"},"inLanguage":"pt-BR","potentialAction":[{"@type":"ReadAction","target":["https:\/\/www.gaveanews.com\/index.php\/2023\/06\/07\/dupla-vem-se-destacando-nas-cobrancas-de-falta-durante-os-treinos-do-flamengo\/"]}]},{"@type":"ImageObject","inLanguage":"pt-BR","@id":"https:\/\/www.gaveanews.com\/index.php\/2023\/06\/07\/dupla-vem-se-destacando-nas-cobrancas-de-falta-durante-os-treinos-do-flamengo\/#primaryimage","url":"https:\/\/www.gaveanews.com\/wp-content\/uploads\/jogadores-flamengo-treino-ninho-do-urubu.webp","contentUrl":"https:\/\/www.gaveanews.com\/wp-content\/uploads\/jogadores-flamengo-treino-ninho-do-urubu.webp","width":1200,"height":799,"caption":"Jogadores do Flamengo em treino no Ninho do Urubu (Foto: Marcelo Cortes\/Flamengo)"},{"@type":"BreadcrumbList","@id":"https:\/\/www.gaveanews.com\/index.php\/2023\/06\/07\/dupla-vem-se-destacando-nas-cobrancas-de-falta-durante-os-treinos-do-flamengo\/#breadcrumb","itemListElement":[{"@type":"ListItem","position":1,"name":"Home","item":"https:\/\/www.gaveanews.com\/"},{"@type":"ListItem","position":2,"name":"Dupla vem se destacando nas cobran\u00e7as de falta durante os treinos do Flamengo"}]},{"@type":"WebSite","@id":"https:\/\/www.gaveanews.com\/#website","url":"https:\/\/www.gaveanews.com\/","name":"G\u00e1vea News","description":"Veja todas as not\u00edcias sobre o Flamengo: Contrata\u00e7\u00f5es, categorias de base, resultados das partidas, tabela de classifica\u00e7\u00e3o, pr\u00f3ximos jogos!","potentialAction":[{"@type":"SearchAction","target":{"@type":"EntryPoint","urlTemplate":"https:\/\/www.gaveanews.com\/?s={search_term_string}"},"query-input":{"@type":"PropertyValueSpecification","valueRequired":true,"valueName":"search_term_string"}}],"inLanguage":"pt-BR"},{"@type":"Person","@id":"https:\/\/www.gaveanews.com\/#\/schema\/person\/2ec14f73fb96be2caf28f91afb14749d","name":"Equipe G\u00e1vea News","image":{"@type":"ImageObject","inLanguage":"pt-BR","@id":"https:\/\/www.gaveanews.com\/#\/schema\/person\/image\/","url":"https:\/\/secure.gravatar.com\/avatar\/1e1956f1facbffd3f8fa53a326721950116b3b9dc9bd44939c01180fd4a745a9?s=96&d=mm&r=g","contentUrl":"https:\/\/secure.gravatar.com\/avatar\/1e1956f1facbffd3f8fa53a326721950116b3b9dc9bd44939c01180fd4a745a9?s=96&d=mm&r=g","caption":"Equipe G\u00e1vea News"}}]}},"_links":{"self":[{"href":"https:\/\/www.gaveanews.com\/index.php\/wp-json\/wp\/v2\/posts\/100154","targetHints":{"allow":["GET"]}}],"collection":[{"href":"https:\/\/www.gaveanews.com\/index.php\/wp-json\/wp\/v2\/posts"}],"about":[{"href":"https:\/\/www.gaveanews.com\/index.php\/wp-json\/wp\/v2\/types\/post"}],"author":[{"embeddable":true,"href":"https:\/\/www.gaveanews.com\/index.php\/wp-json\/wp\/v2\/users\/1"}],"replies":[{"embeddable":true,"href":"https:\/\/www.gaveanews.com\/index.php\/wp-json\/wp\/v2\/comments?post=100154"}],"version-history":[{"count":0,"href":"https:\/\/www.gaveanews.com\/index.php\/wp-json\/wp\/v2\/posts\/100154\/revisions"}],"wp:featuredmedia":[{"embeddable":true,"href":"https:\/\/www.gaveanews.com\/index.php\/wp-json\/wp\/v2\/media\/93238"}],"wp:attachment":[{"href":"https:\/\/www.gaveanews.com\/index.php\/wp-json\/wp\/v2\/media?parent=100154"}],"wp:term":[{"taxonomy":"category","embeddable":true,"href":"https:\/\/www.gaveanews.com\/index.php\/wp-json\/wp\/v2\/categories?post=100154"},{"taxonomy":"post_tag","embeddable":true,"href":"https:\/\/www.gaveanews.com\/index.php\/wp-json\/wp\/v2\/tags?post=100154"}],"curies":[{"name":"wp","href":"https:\/\/api.w.org\/{rel}","templated":true}]}}