{"id":100204,"date":"2023-06-09T09:50:26","date_gmt":"2023-06-09T12:50:26","guid":{"rendered":"https:\/\/www.gaveanews.com\/?p=100204"},"modified":"2023-06-09T09:50:29","modified_gmt":"2023-06-09T12:50:29","slug":"video-arrascaeta-fala-sobre-a-possibilidade-de-de-la-cruz-do-river-plate-jogar-no-flamengo","status":"publish","type":"post","link":"https:\/\/www.gaveanews.com\/index.php\/2023\/06\/09\/video-arrascaeta-fala-sobre-a-possibilidade-de-de-la-cruz-do-river-plate-jogar-no-flamengo\/","title":{"rendered":"V\u00eddeo: Arrascaeta fala sobre a possibilidade de De La Cruz, do River Plate, jogar no Flamengo"},"content":{"rendered":"\n<p>Faltando menos de um m\u00eas para a abertura da janela de transfer\u00eancias, o Flamengo faz o poss\u00edvel para acertar novas contrata\u00e7\u00f5es. Marcos Braz confirmou que fez proposta pela chegada de De La Cruz, atualmente no River Plate.<\/p>\n\n\n\n<p>O time argentino ainda n\u00e3o respondeu a proposta do Mais Querido, mas devido \u00e0 realidade financeira do clube a expectativa \u00e9 de que a transfer\u00eancia seja feita de fato. Sobre a possibilidade de o atleta uruguaio ser contratado, Arrascaeta falou que espera um desfecho positivo e que o compatriota ter\u00e1 muito a acrescentar no Flamengo.<\/p>\n\n\n\n<h2 class=\"wp-block-heading\" id=\"h-assista\">Assista:<\/h2>\n\n\n\n<blockquote class=\"twitter-tweet\"><p lang=\"pt\" dir=\"ltr\">Arrascaeta fala sobre a possibilidade de De la Cruz jogar no <a href=\"https:\/\/twitter.com\/hashtag\/Flamengo?src=hash&amp;ref_src=twsrc%5Etfw\">#Flamengo<\/a>:<a href=\"https:\/\/t.co\/rGrBG4NPGC\">pic.twitter.com\/rGrBG4NPGC<\/a><\/p>&mdash; G\u00e1vea News (@GaveaNews_) <a href=\"https:\/\/twitter.com\/GaveaNews_\/status\/1667131036000563200?ref_src=twsrc%5Etfw\">June 9, 2023<\/a><\/blockquote> <script async src=\"https:\/\/platform.twitter.com\/widgets.js\" charset=\"utf-8\"><\/script>\n\n\n\n<p>Arrascaeta e De La Cruz j\u00e1 treinaram e trabalharam juntos na Sele\u00e7\u00e3o Uruguaia. O meia de 26 anos se agrada com a possibilidade de atuar no Mais Querido e aguarda a concretiza\u00e7\u00e3o da compra junto ao River Plate.<\/p>\n","protected":false},"excerpt":{"rendered":"<p>Faltando menos de um m\u00eas para a abertura da janela de transfer\u00eancias, o Flamengo faz o poss\u00edvel para acertar novas contrata\u00e7\u00f5es. Marcos Braz confirmou que fez proposta pela chegada de De La Cruz, atualmente no River Plate. O time argentino ainda n\u00e3o respondeu a proposta do Mais Querido, mas devido \u00e0 realidade financeira do clube [&hellip;]<\/p>\n","protected":false},"author":4,"featured_media":100205,"comment_status":"open","ping_status":"closed","sticky":false,"template":"","format":"standard","meta":{"footnotes":""},"categories":[40],"tags":[],"class_list":["post-100204","post","type-post","status-publish","format-standard","has-post-thumbnail","hentry","category-video"],"yoast_head":"<!-- This site is optimized with the Yoast SEO Premium plugin v24.2 (Yoast SEO v26.9) - https:\/\/yoast.com\/product\/yoast-seo-premium-wordpress\/ -->\n<title>V\u00eddeo: Arrascaeta fala sobre a possibilidade de De La Cruz, do River Plate, jogar no Flamengo<\/title>\n<meta name=\"robots\" content=\"index, follow, max-snippet:-1, max-image-preview:large, max-video-preview:-1\" \/>\n<link rel=\"canonical\" href=\"https:\/\/www.gaveanews.com\/index.php\/2023\/06\/09\/video-arrascaeta-fala-sobre-a-possibilidade-de-de-la-cruz-do-river-plate-jogar-no-flamengo\/\" \/>\n<meta property=\"og:locale\" content=\"pt_BR\" \/>\n<meta property=\"og:type\" content=\"article\" \/>\n<meta property=\"og:title\" content=\"V\u00eddeo: Arrascaeta fala sobre a possibilidade de De La Cruz, do River Plate, jogar no Flamengo\" \/>\n<meta property=\"og:description\" content=\"Faltando menos de um m\u00eas para a abertura da janela de transfer\u00eancias, o Flamengo faz o poss\u00edvel para acertar novas contrata\u00e7\u00f5es. Marcos Braz confirmou que fez proposta pela chegada de De La Cruz, atualmente no River Plate. O time argentino ainda n\u00e3o respondeu a proposta do Mais Querido, mas devido \u00e0 realidade financeira do clube [&hellip;]\" \/>\n<meta property=\"og:url\" content=\"https:\/\/www.gaveanews.com\/index.php\/2023\/06\/09\/video-arrascaeta-fala-sobre-a-possibilidade-de-de-la-cruz-do-river-plate-jogar-no-flamengo\/\" \/>\n<meta property=\"og:site_name\" content=\"G\u00e1vea News\" \/>\n<meta property=\"article:publisher\" content=\"https:\/\/facebook.com\/gaveaNews\/\" \/>\n<meta property=\"article:published_time\" content=\"2023-06-09T12:50:26+00:00\" \/>\n<meta property=\"article:modified_time\" content=\"2023-06-09T12:50:29+00:00\" \/>\n<meta property=\"og:image\" content=\"https:\/\/www.gaveanews.com\/wp-content\/uploads\/arrascaeta-flamengo-racing-libertadores.webp\" \/>\n\t<meta property=\"og:image:width\" content=\"900\" \/>\n\t<meta property=\"og:image:height\" content=\"599\" \/>\n\t<meta property=\"og:image:type\" content=\"image\/jpeg\" \/>\n<meta name=\"author\" content=\"Let\u00edcia Gerheim\" \/>\n<meta name=\"twitter:card\" content=\"summary_large_image\" \/>\n<meta name=\"twitter:label1\" content=\"Escrito por\" \/>\n\t<meta name=\"twitter:data1\" content=\"Let\u00edcia Gerheim\" \/>\n\t<meta name=\"twitter:label2\" content=\"Est. tempo de leitura\" \/>\n\t<meta name=\"twitter:data2\" content=\"1 minuto\" \/>\n<script type=\"application\/ld+json\" class=\"yoast-schema-graph\">{\"@context\":\"https:\/\/schema.org\",\"@graph\":[{\"@type\":\"NewsArticle\",\"@id\":\"https:\/\/www.gaveanews.com\/index.php\/2023\/06\/09\/video-arrascaeta-fala-sobre-a-possibilidade-de-de-la-cruz-do-river-plate-jogar-no-flamengo\/#article\",\"isPartOf\":{\"@id\":\"https:\/\/www.gaveanews.com\/index.php\/2023\/06\/09\/video-arrascaeta-fala-sobre-a-possibilidade-de-de-la-cruz-do-river-plate-jogar-no-flamengo\/\"},\"author\":{\"name\":\"Let\u00edcia Gerheim\",\"@id\":\"https:\/\/www.gaveanews.com\/#\/schema\/person\/714c67050b836198af2450ba1c142a67\"},\"headline\":\"V\u00eddeo: Arrascaeta fala sobre a possibilidade de De La Cruz, do River Plate, jogar no Flamengo\",\"datePublished\":\"2023-06-09T12:50:26+00:00\",\"dateModified\":\"2023-06-09T12:50:29+00:00\",\"mainEntityOfPage\":{\"@id\":\"https:\/\/www.gaveanews.com\/index.php\/2023\/06\/09\/video-arrascaeta-fala-sobre-a-possibilidade-de-de-la-cruz-do-river-plate-jogar-no-flamengo\/\"},\"wordCount\":176,\"commentCount\":0,\"image\":{\"@id\":\"https:\/\/www.gaveanews.com\/index.php\/2023\/06\/09\/video-arrascaeta-fala-sobre-a-possibilidade-de-de-la-cruz-do-river-plate-jogar-no-flamengo\/#primaryimage\"},\"thumbnailUrl\":\"https:\/\/www.gaveanews.com\/wp-content\/uploads\/arrascaeta-flamengo-racing-libertadores.webp\",\"articleSection\":[\"V\u00eddeos\"],\"inLanguage\":\"pt-BR\",\"potentialAction\":[{\"@type\":\"CommentAction\",\"name\":\"Comment\",\"target\":[\"https:\/\/www.gaveanews.com\/index.php\/2023\/06\/09\/video-arrascaeta-fala-sobre-a-possibilidade-de-de-la-cruz-do-river-plate-jogar-no-flamengo\/#respond\"]}],\"copyrightYear\":\"2023\",\"copyrightHolder\":{\"@id\":\"https:\/\/www.gaveanews.com\/#organization\"}},{\"@type\":\"WebPage\",\"@id\":\"https:\/\/www.gaveanews.com\/index.php\/2023\/06\/09\/video-arrascaeta-fala-sobre-a-possibilidade-de-de-la-cruz-do-river-plate-jogar-no-flamengo\/\",\"url\":\"https:\/\/www.gaveanews.com\/index.php\/2023\/06\/09\/video-arrascaeta-fala-sobre-a-possibilidade-de-de-la-cruz-do-river-plate-jogar-no-flamengo\/\",\"name\":\"V\u00eddeo: Arrascaeta fala sobre a possibilidade de De La Cruz, do River Plate, jogar no Flamengo\",\"isPartOf\":{\"@id\":\"https:\/\/www.gaveanews.com\/#website\"},\"primaryImageOfPage\":{\"@id\":\"https:\/\/www.gaveanews.com\/index.php\/2023\/06\/09\/video-arrascaeta-fala-sobre-a-possibilidade-de-de-la-cruz-do-river-plate-jogar-no-flamengo\/#primaryimage\"},\"image\":{\"@id\":\"https:\/\/www.gaveanews.com\/index.php\/2023\/06\/09\/video-arrascaeta-fala-sobre-a-possibilidade-de-de-la-cruz-do-river-plate-jogar-no-flamengo\/#primaryimage\"},\"thumbnailUrl\":\"https:\/\/www.gaveanews.com\/wp-content\/uploads\/arrascaeta-flamengo-racing-libertadores.webp\",\"datePublished\":\"2023-06-09T12:50:26+00:00\",\"dateModified\":\"2023-06-09T12:50:29+00:00\",\"author\":{\"@id\":\"https:\/\/www.gaveanews.com\/#\/schema\/person\/714c67050b836198af2450ba1c142a67\"},\"breadcrumb\":{\"@id\":\"https:\/\/www.gaveanews.com\/index.php\/2023\/06\/09\/video-arrascaeta-fala-sobre-a-possibilidade-de-de-la-cruz-do-river-plate-jogar-no-flamengo\/#breadcrumb\"},\"inLanguage\":\"pt-BR\",\"potentialAction\":[{\"@type\":\"ReadAction\",\"target\":[\"https:\/\/www.gaveanews.com\/index.php\/2023\/06\/09\/video-arrascaeta-fala-sobre-a-possibilidade-de-de-la-cruz-do-river-plate-jogar-no-flamengo\/\"]}]},{\"@type\":\"ImageObject\",\"inLanguage\":\"pt-BR\",\"@id\":\"https:\/\/www.gaveanews.com\/index.php\/2023\/06\/09\/video-arrascaeta-fala-sobre-a-possibilidade-de-de-la-cruz-do-river-plate-jogar-no-flamengo\/#primaryimage\",\"url\":\"https:\/\/www.gaveanews.com\/wp-content\/uploads\/arrascaeta-flamengo-racing-libertadores.webp\",\"contentUrl\":\"https:\/\/www.gaveanews.com\/wp-content\/uploads\/arrascaeta-flamengo-racing-libertadores.webp\",\"width\":900,\"height\":599,\"caption\":\"Arrascaeta em a\u00e7\u00e3o pelo Flamengo no Maracan\u00e3 (Foto: Divulga\u00e7\u00e3o\/Flamengo)\"},{\"@type\":\"BreadcrumbList\",\"@id\":\"https:\/\/www.gaveanews.com\/index.php\/2023\/06\/09\/video-arrascaeta-fala-sobre-a-possibilidade-de-de-la-cruz-do-river-plate-jogar-no-flamengo\/#breadcrumb\",\"itemListElement\":[{\"@type\":\"ListItem\",\"position\":1,\"name\":\"Home\",\"item\":\"https:\/\/www.gaveanews.com\/\"},{\"@type\":\"ListItem\",\"position\":2,\"name\":\"V\u00eddeo: Arrascaeta fala sobre a possibilidade de De La Cruz, do River Plate, jogar no Flamengo\"}]},{\"@type\":\"WebSite\",\"@id\":\"https:\/\/www.gaveanews.com\/#website\",\"url\":\"https:\/\/www.gaveanews.com\/\",\"name\":\"G\u00e1vea News\",\"description\":\"Veja todas as not\u00edcias sobre o Flamengo: Contrata\u00e7\u00f5es, categorias de base, resultados das partidas, tabela de classifica\u00e7\u00e3o, pr\u00f3ximos jogos!\",\"potentialAction\":[{\"@type\":\"SearchAction\",\"target\":{\"@type\":\"EntryPoint\",\"urlTemplate\":\"https:\/\/www.gaveanews.com\/?s={search_term_string}\"},\"query-input\":{\"@type\":\"PropertyValueSpecification\",\"valueRequired\":true,\"valueName\":\"search_term_string\"}}],\"inLanguage\":\"pt-BR\"},{\"@type\":\"Person\",\"@id\":\"https:\/\/www.gaveanews.com\/#\/schema\/person\/714c67050b836198af2450ba1c142a67\",\"name\":\"Let\u00edcia Gerheim\",\"image\":{\"@type\":\"ImageObject\",\"inLanguage\":\"pt-BR\",\"@id\":\"https:\/\/www.gaveanews.com\/#\/schema\/person\/image\/\",\"url\":\"https:\/\/secure.gravatar.com\/avatar\/60734739c50fcebfbac509e2a826ccd0ff405c019bc73aab9354f19ecad1dcb4?s=96&d=mm&r=g\",\"contentUrl\":\"https:\/\/secure.gravatar.com\/avatar\/60734739c50fcebfbac509e2a826ccd0ff405c019bc73aab9354f19ecad1dcb4?s=96&d=mm&r=g\",\"caption\":\"Let\u00edcia Gerheim\"}}]}<\/script>\n<!-- \/ Yoast SEO Premium plugin. -->","yoast_head_json":{"title":"V\u00eddeo: Arrascaeta fala sobre a possibilidade de De La Cruz, do River Plate, jogar no Flamengo","robots":{"index":"index","follow":"follow","max-snippet":"max-snippet:-1","max-image-preview":"max-image-preview:large","max-video-preview":"max-video-preview:-1"},"canonical":"https:\/\/www.gaveanews.com\/index.php\/2023\/06\/09\/video-arrascaeta-fala-sobre-a-possibilidade-de-de-la-cruz-do-river-plate-jogar-no-flamengo\/","og_locale":"pt_BR","og_type":"article","og_title":"V\u00eddeo: Arrascaeta fala sobre a possibilidade de De La Cruz, do River Plate, jogar no Flamengo","og_description":"Faltando menos de um m\u00eas para a abertura da janela de transfer\u00eancias, o Flamengo faz o poss\u00edvel para acertar novas contrata\u00e7\u00f5es. Marcos Braz confirmou que fez proposta pela chegada de De La Cruz, atualmente no River Plate. O time argentino ainda n\u00e3o respondeu a proposta do Mais Querido, mas devido \u00e0 realidade financeira do clube [&hellip;]","og_url":"https:\/\/www.gaveanews.com\/index.php\/2023\/06\/09\/video-arrascaeta-fala-sobre-a-possibilidade-de-de-la-cruz-do-river-plate-jogar-no-flamengo\/","og_site_name":"G\u00e1vea News","article_publisher":"https:\/\/facebook.com\/gaveaNews\/","article_published_time":"2023-06-09T12:50:26+00:00","article_modified_time":"2023-06-09T12:50:29+00:00","og_image":[{"width":900,"height":599,"url":"https:\/\/www.gaveanews.com\/wp-content\/uploads\/arrascaeta-flamengo-racing-libertadores.webp","type":"image\/jpeg"}],"author":"Let\u00edcia Gerheim","twitter_card":"summary_large_image","twitter_misc":{"Escrito por":"Let\u00edcia Gerheim","Est. tempo de leitura":"1 minuto"},"schema":{"@context":"https:\/\/schema.org","@graph":[{"@type":"NewsArticle","@id":"https:\/\/www.gaveanews.com\/index.php\/2023\/06\/09\/video-arrascaeta-fala-sobre-a-possibilidade-de-de-la-cruz-do-river-plate-jogar-no-flamengo\/#article","isPartOf":{"@id":"https:\/\/www.gaveanews.com\/index.php\/2023\/06\/09\/video-arrascaeta-fala-sobre-a-possibilidade-de-de-la-cruz-do-river-plate-jogar-no-flamengo\/"},"author":{"name":"Let\u00edcia Gerheim","@id":"https:\/\/www.gaveanews.com\/#\/schema\/person\/714c67050b836198af2450ba1c142a67"},"headline":"V\u00eddeo: Arrascaeta fala sobre a possibilidade de De La Cruz, do River Plate, jogar no Flamengo","datePublished":"2023-06-09T12:50:26+00:00","dateModified":"2023-06-09T12:50:29+00:00","mainEntityOfPage":{"@id":"https:\/\/www.gaveanews.com\/index.php\/2023\/06\/09\/video-arrascaeta-fala-sobre-a-possibilidade-de-de-la-cruz-do-river-plate-jogar-no-flamengo\/"},"wordCount":176,"commentCount":0,"image":{"@id":"https:\/\/www.gaveanews.com\/index.php\/2023\/06\/09\/video-arrascaeta-fala-sobre-a-possibilidade-de-de-la-cruz-do-river-plate-jogar-no-flamengo\/#primaryimage"},"thumbnailUrl":"https:\/\/www.gaveanews.com\/wp-content\/uploads\/arrascaeta-flamengo-racing-libertadores.webp","articleSection":["V\u00eddeos"],"inLanguage":"pt-BR","potentialAction":[{"@type":"CommentAction","name":"Comment","target":["https:\/\/www.gaveanews.com\/index.php\/2023\/06\/09\/video-arrascaeta-fala-sobre-a-possibilidade-de-de-la-cruz-do-river-plate-jogar-no-flamengo\/#respond"]}],"copyrightYear":"2023","copyrightHolder":{"@id":"https:\/\/www.gaveanews.com\/#organization"}},{"@type":"WebPage","@id":"https:\/\/www.gaveanews.com\/index.php\/2023\/06\/09\/video-arrascaeta-fala-sobre-a-possibilidade-de-de-la-cruz-do-river-plate-jogar-no-flamengo\/","url":"https:\/\/www.gaveanews.com\/index.php\/2023\/06\/09\/video-arrascaeta-fala-sobre-a-possibilidade-de-de-la-cruz-do-river-plate-jogar-no-flamengo\/","name":"V\u00eddeo: Arrascaeta fala sobre a possibilidade de De La Cruz, do River Plate, jogar no Flamengo","isPartOf":{"@id":"https:\/\/www.gaveanews.com\/#website"},"primaryImageOfPage":{"@id":"https:\/\/www.gaveanews.com\/index.php\/2023\/06\/09\/video-arrascaeta-fala-sobre-a-possibilidade-de-de-la-cruz-do-river-plate-jogar-no-flamengo\/#primaryimage"},"image":{"@id":"https:\/\/www.gaveanews.com\/index.php\/2023\/06\/09\/video-arrascaeta-fala-sobre-a-possibilidade-de-de-la-cruz-do-river-plate-jogar-no-flamengo\/#primaryimage"},"thumbnailUrl":"https:\/\/www.gaveanews.com\/wp-content\/uploads\/arrascaeta-flamengo-racing-libertadores.webp","datePublished":"2023-06-09T12:50:26+00:00","dateModified":"2023-06-09T12:50:29+00:00","author":{"@id":"https:\/\/www.gaveanews.com\/#\/schema\/person\/714c67050b836198af2450ba1c142a67"},"breadcrumb":{"@id":"https:\/\/www.gaveanews.com\/index.php\/2023\/06\/09\/video-arrascaeta-fala-sobre-a-possibilidade-de-de-la-cruz-do-river-plate-jogar-no-flamengo\/#breadcrumb"},"inLanguage":"pt-BR","potentialAction":[{"@type":"ReadAction","target":["https:\/\/www.gaveanews.com\/index.php\/2023\/06\/09\/video-arrascaeta-fala-sobre-a-possibilidade-de-de-la-cruz-do-river-plate-jogar-no-flamengo\/"]}]},{"@type":"ImageObject","inLanguage":"pt-BR","@id":"https:\/\/www.gaveanews.com\/index.php\/2023\/06\/09\/video-arrascaeta-fala-sobre-a-possibilidade-de-de-la-cruz-do-river-plate-jogar-no-flamengo\/#primaryimage","url":"https:\/\/www.gaveanews.com\/wp-content\/uploads\/arrascaeta-flamengo-racing-libertadores.webp","contentUrl":"https:\/\/www.gaveanews.com\/wp-content\/uploads\/arrascaeta-flamengo-racing-libertadores.webp","width":900,"height":599,"caption":"Arrascaeta em a\u00e7\u00e3o pelo Flamengo no Maracan\u00e3 (Foto: Divulga\u00e7\u00e3o\/Flamengo)"},{"@type":"BreadcrumbList","@id":"https:\/\/www.gaveanews.com\/index.php\/2023\/06\/09\/video-arrascaeta-fala-sobre-a-possibilidade-de-de-la-cruz-do-river-plate-jogar-no-flamengo\/#breadcrumb","itemListElement":[{"@type":"ListItem","position":1,"name":"Home","item":"https:\/\/www.gaveanews.com\/"},{"@type":"ListItem","position":2,"name":"V\u00eddeo: Arrascaeta fala sobre a possibilidade de De La Cruz, do River Plate, jogar no Flamengo"}]},{"@type":"WebSite","@id":"https:\/\/www.gaveanews.com\/#website","url":"https:\/\/www.gaveanews.com\/","name":"G\u00e1vea News","description":"Veja todas as not\u00edcias sobre o Flamengo: Contrata\u00e7\u00f5es, categorias de base, resultados das partidas, tabela de classifica\u00e7\u00e3o, pr\u00f3ximos jogos!","potentialAction":[{"@type":"SearchAction","target":{"@type":"EntryPoint","urlTemplate":"https:\/\/www.gaveanews.com\/?s={search_term_string}"},"query-input":{"@type":"PropertyValueSpecification","valueRequired":true,"valueName":"search_term_string"}}],"inLanguage":"pt-BR"},{"@type":"Person","@id":"https:\/\/www.gaveanews.com\/#\/schema\/person\/714c67050b836198af2450ba1c142a67","name":"Let\u00edcia Gerheim","image":{"@type":"ImageObject","inLanguage":"pt-BR","@id":"https:\/\/www.gaveanews.com\/#\/schema\/person\/image\/","url":"https:\/\/secure.gravatar.com\/avatar\/60734739c50fcebfbac509e2a826ccd0ff405c019bc73aab9354f19ecad1dcb4?s=96&d=mm&r=g","contentUrl":"https:\/\/secure.gravatar.com\/avatar\/60734739c50fcebfbac509e2a826ccd0ff405c019bc73aab9354f19ecad1dcb4?s=96&d=mm&r=g","caption":"Let\u00edcia Gerheim"}}]}},"_links":{"self":[{"href":"https:\/\/www.gaveanews.com\/index.php\/wp-json\/wp\/v2\/posts\/100204","targetHints":{"allow":["GET"]}}],"collection":[{"href":"https:\/\/www.gaveanews.com\/index.php\/wp-json\/wp\/v2\/posts"}],"about":[{"href":"https:\/\/www.gaveanews.com\/index.php\/wp-json\/wp\/v2\/types\/post"}],"author":[{"embeddable":true,"href":"https:\/\/www.gaveanews.com\/index.php\/wp-json\/wp\/v2\/users\/4"}],"replies":[{"embeddable":true,"href":"https:\/\/www.gaveanews.com\/index.php\/wp-json\/wp\/v2\/comments?post=100204"}],"version-history":[{"count":0,"href":"https:\/\/www.gaveanews.com\/index.php\/wp-json\/wp\/v2\/posts\/100204\/revisions"}],"wp:featuredmedia":[{"embeddable":true,"href":"https:\/\/www.gaveanews.com\/index.php\/wp-json\/wp\/v2\/media\/100205"}],"wp:attachment":[{"href":"https:\/\/www.gaveanews.com\/index.php\/wp-json\/wp\/v2\/media?parent=100204"}],"wp:term":[{"taxonomy":"category","embeddable":true,"href":"https:\/\/www.gaveanews.com\/index.php\/wp-json\/wp\/v2\/categories?post=100204"},{"taxonomy":"post_tag","embeddable":true,"href":"https:\/\/www.gaveanews.com\/index.php\/wp-json\/wp\/v2\/tags?post=100204"}],"curies":[{"name":"wp","href":"https:\/\/api.w.org\/{rel}","templated":true}]}}