{"id":100541,"date":"2023-06-16T17:02:30","date_gmt":"2023-06-16T20:02:30","guid":{"rendered":"https:\/\/www.gaveanews.com\/?p=100541"},"modified":"2024-03-19T00:05:54","modified_gmt":"2024-03-19T03:05:54","slug":"athletico-demite-o-tecnico-paulo-turra-as-veperas-de-jogo-contra-o-flamengo-apos-saida-de-felipao","status":"publish","type":"post","link":"https:\/\/www.gaveanews.com\/index.php\/2023\/06\/16\/athletico-demite-o-tecnico-paulo-turra-as-veperas-de-jogo-contra-o-flamengo-apos-saida-de-felipao\/","title":{"rendered":"Athletico demite o t\u00e9cnico Paulo Turra \u00e0s v\u00e9peras de jogo contra o Flamengo, ap\u00f3s sa\u00edda de Felip\u00e3o"},"content":{"rendered":"\n<p>A sa\u00edda inesperada do diretor-t\u00e9cnico Luiz Felipe Scolari para o Atl\u00e9tico-MG trouxe um terremoto no Athletico. Ap\u00f3s o dirigente comunicar que voltaria a ser treinador no Galo, o Furac\u00e3o optou por demitir o t\u00e9cnico Paulo Turra.<\/p>\n\n\n\n<p>Turra chegou a receber um convite do Galo para fazer parte da comiss\u00e3o junto com Felip\u00e3o, mas decidiu ficar no CT do Caju. Pouco depois, o comandante foi comunicado do desligamento. At\u00e9 encontrar um treinador, o auxiliar Wesley Carvalho assume interinamente.<\/p>\n\n\n\n<p>A demiss\u00e3o foi feita pelo executivo Alexandre Mattos por telefone, com aval do presidente Mario Celso Petraglia. A c\u00fapula atleticana ficou decepcionada com Felip\u00e3o, que tinha garantido que n\u00e3o trabalharia mais como t\u00e9cnico no Brasil.<\/p>\n\n\n\n<p>A informa\u00e7\u00e3o da sa\u00edda foi dada inicialmente pela jornalista Monique Vilela e confirmada pelo ge.<\/p>\n\n\n\n<p>Petraglia est\u00e1 afastado da presid\u00eancia desde o in\u00edcio do m\u00eas por problemas de sa\u00fade. Ele ficou internado em um hospital de S\u00e3o Paulo por dois meses e retornou para Curitiba na semana passada. Mesmo afastado, o presidente \u00e9 consultado em assuntos priorit\u00e1rios.<\/p>\n\n\n\n<p>O clube agora \u00e9 gerido por um comit\u00ea: Aguinaldo Coelho (presidente interino), M\u00e1rcio Lara (diretor financeiro), Fernando Volpato (diretor de patrim\u00f4nio) e Rodrigo Gama Monteiro (diretor jur\u00eddico), al\u00e9m do executivo Alexandre Mattos.<\/p>\n\n\n\n<p>Turra foi uma aposta em 2023 de Scolari, que convenceu Petraglia a efetiv\u00e1-lo do cargo de auxiliar. O profissional de 49 anos era o fiel escudeiro de Felip\u00e3o desde 2017.<\/p>\n\n\n\n<p>Turra deixa o Athletico com 25 vit\u00f3rias, quatro empates e sete derrotas em 36 jogos, com 64 gols marcados e 31 gols sofridos. O aproveitamento \u00e9 de 73,1%.<\/p>\n\n\n\n<p>Nesta temporada, o treinador se sagrou campe\u00e3o paranaense invicto, classificou o time antecipadamente para as oitavas da Libertadores, avan\u00e7ou para as quartas da Copa do Brasil e ocupa a s\u00e9tima coloca\u00e7\u00e3o no Brasileiro.<br><\/p>\n\n\n\n<h2 class=\"wp-block-heading\" id=\"h-veja-a-nota-do-athletico\">Veja a nota do Athletico<\/h2>\n\n\n\n<p><em>O Club Athletico Paranaense informa que Luiz Felipe Scolari deixou o cargo de diretor t\u00e9cnico. O clube foi comunicado da decis\u00e3o do profissional na tarde desta sexta-feira (16).<\/em><\/p>\n\n\n\n<p><em>Al\u00e9m de Felip\u00e3o, o t\u00e9cnico Paulo Turra e o auxiliar t\u00e9cnico Carlos Pracidelli tamb\u00e9m n\u00e3o fazem mais parte do quadro de profissionais do Athletico.<\/em><\/p>\n\n\n\n<p><em>O Athletico Paranaense agradece aos profissionais pelos servi\u00e7os prestados.<\/em><\/p>\n\n\n\n<p>Retirado de: Globo Esporte<\/p>\n","protected":false},"excerpt":{"rendered":"<p>A sa\u00edda inesperada do diretor-t\u00e9cnico Luiz Felipe Scolari para o Atl\u00e9tico-MG trouxe um terremoto no Athletico. Ap\u00f3s o dirigente comunicar que voltaria a ser treinador no Galo, o Furac\u00e3o optou por demitir o t\u00e9cnico Paulo Turra. Turra chegou a receber um convite do Galo para fazer parte da comiss\u00e3o junto com Felip\u00e3o, mas decidiu ficar [&hellip;]<\/p>\n","protected":false},"author":6,"featured_media":100542,"comment_status":"open","ping_status":"closed","sticky":false,"template":"","format":"standard","meta":{"footnotes":""},"categories":[1],"tags":[],"class_list":["post-100541","post","type-post","status-publish","format-standard","has-post-thumbnail","hentry","category-flamengo"],"yoast_head":"<!-- This site is optimized with the Yoast SEO Premium plugin v24.2 (Yoast SEO v26.9) - https:\/\/yoast.com\/product\/yoast-seo-premium-wordpress\/ -->\n<title>Athletico demite o t\u00e9cnico Paulo Turra \u00e0s v\u00e9peras de jogo contra o Flamengo, ap\u00f3s sa\u00edda de Felip\u00e3o<\/title>\n<meta name=\"robots\" content=\"index, follow, max-snippet:-1, max-image-preview:large, max-video-preview:-1\" \/>\n<link rel=\"canonical\" href=\"https:\/\/www.gaveanews.com\/index.php\/2023\/06\/16\/athletico-demite-o-tecnico-paulo-turra-as-veperas-de-jogo-contra-o-flamengo-apos-saida-de-felipao\/\" \/>\n<meta property=\"og:locale\" content=\"pt_BR\" \/>\n<meta property=\"og:type\" content=\"article\" \/>\n<meta property=\"og:title\" content=\"Athletico demite o t\u00e9cnico Paulo Turra \u00e0s v\u00e9peras de jogo contra o Flamengo, ap\u00f3s sa\u00edda de Felip\u00e3o\" \/>\n<meta property=\"og:description\" content=\"A sa\u00edda inesperada do diretor-t\u00e9cnico Luiz Felipe Scolari para o Atl\u00e9tico-MG trouxe um terremoto no Athletico. Ap\u00f3s o dirigente comunicar que voltaria a ser treinador no Galo, o Furac\u00e3o optou por demitir o t\u00e9cnico Paulo Turra. Turra chegou a receber um convite do Galo para fazer parte da comiss\u00e3o junto com Felip\u00e3o, mas decidiu ficar [&hellip;]\" \/>\n<meta property=\"og:url\" content=\"https:\/\/www.gaveanews.com\/index.php\/2023\/06\/16\/athletico-demite-o-tecnico-paulo-turra-as-veperas-de-jogo-contra-o-flamengo-apos-saida-de-felipao\/\" \/>\n<meta property=\"og:site_name\" content=\"G\u00e1vea News\" \/>\n<meta property=\"article:publisher\" content=\"https:\/\/facebook.com\/gaveaNews\/\" \/>\n<meta property=\"article:published_time\" content=\"2023-06-16T20:02:30+00:00\" \/>\n<meta property=\"article:modified_time\" content=\"2024-03-19T03:05:54+00:00\" \/>\n<meta property=\"og:image\" content=\"https:\/\/www.gaveanews.com\/wp-content\/uploads\/Felipao-e-Paulo-Turra.webp\" \/>\n\t<meta property=\"og:image:width\" content=\"1200\" \/>\n\t<meta property=\"og:image:height\" content=\"827\" \/>\n\t<meta property=\"og:image:type\" content=\"image\/webp\" \/>\n<meta name=\"author\" content=\"Leonardo Ant\u00f4nio\" \/>\n<meta name=\"twitter:card\" content=\"summary_large_image\" \/>\n<meta name=\"twitter:label1\" content=\"Escrito por\" \/>\n\t<meta name=\"twitter:data1\" content=\"Leonardo Ant\u00f4nio\" \/>\n\t<meta name=\"twitter:label2\" content=\"Est. tempo de leitura\" \/>\n\t<meta name=\"twitter:data2\" content=\"2 minutos\" \/>\n<script type=\"application\/ld+json\" class=\"yoast-schema-graph\">{\"@context\":\"https:\/\/schema.org\",\"@graph\":[{\"@type\":\"NewsArticle\",\"@id\":\"https:\/\/www.gaveanews.com\/index.php\/2023\/06\/16\/athletico-demite-o-tecnico-paulo-turra-as-veperas-de-jogo-contra-o-flamengo-apos-saida-de-felipao\/#article\",\"isPartOf\":{\"@id\":\"https:\/\/www.gaveanews.com\/index.php\/2023\/06\/16\/athletico-demite-o-tecnico-paulo-turra-as-veperas-de-jogo-contra-o-flamengo-apos-saida-de-felipao\/\"},\"author\":{\"name\":\"Leonardo Ant\u00f4nio\",\"@id\":\"https:\/\/www.gaveanews.com\/#\/schema\/person\/2d29802e96a726e735077717fb5c6f20\"},\"headline\":\"Athletico demite o t\u00e9cnico Paulo Turra \u00e0s v\u00e9peras de jogo contra o Flamengo, ap\u00f3s sa\u00edda de Felip\u00e3o\",\"datePublished\":\"2023-06-16T20:02:30+00:00\",\"dateModified\":\"2024-03-19T03:05:54+00:00\",\"mainEntityOfPage\":{\"@id\":\"https:\/\/www.gaveanews.com\/index.php\/2023\/06\/16\/athletico-demite-o-tecnico-paulo-turra-as-veperas-de-jogo-contra-o-flamengo-apos-saida-de-felipao\/\"},\"wordCount\":413,\"commentCount\":0,\"image\":{\"@id\":\"https:\/\/www.gaveanews.com\/index.php\/2023\/06\/16\/athletico-demite-o-tecnico-paulo-turra-as-veperas-de-jogo-contra-o-flamengo-apos-saida-de-felipao\/#primaryimage\"},\"thumbnailUrl\":\"https:\/\/www.gaveanews.com\/wp-content\/uploads\/Felipao-e-Paulo-Turra.webp\",\"articleSection\":[\"Flamengo\"],\"inLanguage\":\"pt-BR\",\"potentialAction\":[{\"@type\":\"CommentAction\",\"name\":\"Comment\",\"target\":[\"https:\/\/www.gaveanews.com\/index.php\/2023\/06\/16\/athletico-demite-o-tecnico-paulo-turra-as-veperas-de-jogo-contra-o-flamengo-apos-saida-de-felipao\/#respond\"]}],\"copyrightYear\":\"2023\",\"copyrightHolder\":{\"@id\":\"https:\/\/www.gaveanews.com\/#organization\"}},{\"@type\":\"WebPage\",\"@id\":\"https:\/\/www.gaveanews.com\/index.php\/2023\/06\/16\/athletico-demite-o-tecnico-paulo-turra-as-veperas-de-jogo-contra-o-flamengo-apos-saida-de-felipao\/\",\"url\":\"https:\/\/www.gaveanews.com\/index.php\/2023\/06\/16\/athletico-demite-o-tecnico-paulo-turra-as-veperas-de-jogo-contra-o-flamengo-apos-saida-de-felipao\/\",\"name\":\"Athletico demite o t\u00e9cnico Paulo Turra \u00e0s v\u00e9peras de jogo contra o Flamengo, ap\u00f3s sa\u00edda de Felip\u00e3o\",\"isPartOf\":{\"@id\":\"https:\/\/www.gaveanews.com\/#website\"},\"primaryImageOfPage\":{\"@id\":\"https:\/\/www.gaveanews.com\/index.php\/2023\/06\/16\/athletico-demite-o-tecnico-paulo-turra-as-veperas-de-jogo-contra-o-flamengo-apos-saida-de-felipao\/#primaryimage\"},\"image\":{\"@id\":\"https:\/\/www.gaveanews.com\/index.php\/2023\/06\/16\/athletico-demite-o-tecnico-paulo-turra-as-veperas-de-jogo-contra-o-flamengo-apos-saida-de-felipao\/#primaryimage\"},\"thumbnailUrl\":\"https:\/\/www.gaveanews.com\/wp-content\/uploads\/Felipao-e-Paulo-Turra.webp\",\"datePublished\":\"2023-06-16T20:02:30+00:00\",\"dateModified\":\"2024-03-19T03:05:54+00:00\",\"author\":{\"@id\":\"https:\/\/www.gaveanews.com\/#\/schema\/person\/2d29802e96a726e735077717fb5c6f20\"},\"breadcrumb\":{\"@id\":\"https:\/\/www.gaveanews.com\/index.php\/2023\/06\/16\/athletico-demite-o-tecnico-paulo-turra-as-veperas-de-jogo-contra-o-flamengo-apos-saida-de-felipao\/#breadcrumb\"},\"inLanguage\":\"pt-BR\",\"potentialAction\":[{\"@type\":\"ReadAction\",\"target\":[\"https:\/\/www.gaveanews.com\/index.php\/2023\/06\/16\/athletico-demite-o-tecnico-paulo-turra-as-veperas-de-jogo-contra-o-flamengo-apos-saida-de-felipao\/\"]}]},{\"@type\":\"ImageObject\",\"inLanguage\":\"pt-BR\",\"@id\":\"https:\/\/www.gaveanews.com\/index.php\/2023\/06\/16\/athletico-demite-o-tecnico-paulo-turra-as-veperas-de-jogo-contra-o-flamengo-apos-saida-de-felipao\/#primaryimage\",\"url\":\"https:\/\/www.gaveanews.com\/wp-content\/uploads\/Felipao-e-Paulo-Turra.webp\",\"contentUrl\":\"https:\/\/www.gaveanews.com\/wp-content\/uploads\/Felipao-e-Paulo-Turra.webp\",\"width\":1200,\"height\":827,\"caption\":\"Felip\u00e3o e Paulo Turra no CAP (Foto: Reprodu\u00e7\u00e3o)\"},{\"@type\":\"BreadcrumbList\",\"@id\":\"https:\/\/www.gaveanews.com\/index.php\/2023\/06\/16\/athletico-demite-o-tecnico-paulo-turra-as-veperas-de-jogo-contra-o-flamengo-apos-saida-de-felipao\/#breadcrumb\",\"itemListElement\":[{\"@type\":\"ListItem\",\"position\":1,\"name\":\"Home\",\"item\":\"https:\/\/www.gaveanews.com\/\"},{\"@type\":\"ListItem\",\"position\":2,\"name\":\"Athletico demite o t\u00e9cnico Paulo Turra \u00e0s v\u00e9peras de jogo contra o Flamengo, ap\u00f3s sa\u00edda de Felip\u00e3o\"}]},{\"@type\":\"WebSite\",\"@id\":\"https:\/\/www.gaveanews.com\/#website\",\"url\":\"https:\/\/www.gaveanews.com\/\",\"name\":\"G\u00e1vea News\",\"description\":\"Veja todas as not\u00edcias sobre o Flamengo: Contrata\u00e7\u00f5es, categorias de base, resultados das partidas, tabela de classifica\u00e7\u00e3o, pr\u00f3ximos jogos!\",\"potentialAction\":[{\"@type\":\"SearchAction\",\"target\":{\"@type\":\"EntryPoint\",\"urlTemplate\":\"https:\/\/www.gaveanews.com\/?s={search_term_string}\"},\"query-input\":{\"@type\":\"PropertyValueSpecification\",\"valueRequired\":true,\"valueName\":\"search_term_string\"}}],\"inLanguage\":\"pt-BR\"},{\"@type\":\"Person\",\"@id\":\"https:\/\/www.gaveanews.com\/#\/schema\/person\/2d29802e96a726e735077717fb5c6f20\",\"name\":\"Leonardo Ant\u00f4nio\",\"image\":{\"@type\":\"ImageObject\",\"inLanguage\":\"pt-BR\",\"@id\":\"https:\/\/www.gaveanews.com\/#\/schema\/person\/image\/\",\"url\":\"https:\/\/secure.gravatar.com\/avatar\/b9ffc9ff64af5c915e7cb1824991ab1b4aa29b902a6a9a83be9d1c8ba449fce8?s=96&d=mm&r=g\",\"contentUrl\":\"https:\/\/secure.gravatar.com\/avatar\/b9ffc9ff64af5c915e7cb1824991ab1b4aa29b902a6a9a83be9d1c8ba449fce8?s=96&d=mm&r=g\",\"caption\":\"Leonardo Ant\u00f4nio\"}}]}<\/script>\n<!-- \/ Yoast SEO Premium plugin. -->","yoast_head_json":{"title":"Athletico demite o t\u00e9cnico Paulo Turra \u00e0s v\u00e9peras de jogo contra o Flamengo, ap\u00f3s sa\u00edda de Felip\u00e3o","robots":{"index":"index","follow":"follow","max-snippet":"max-snippet:-1","max-image-preview":"max-image-preview:large","max-video-preview":"max-video-preview:-1"},"canonical":"https:\/\/www.gaveanews.com\/index.php\/2023\/06\/16\/athletico-demite-o-tecnico-paulo-turra-as-veperas-de-jogo-contra-o-flamengo-apos-saida-de-felipao\/","og_locale":"pt_BR","og_type":"article","og_title":"Athletico demite o t\u00e9cnico Paulo Turra \u00e0s v\u00e9peras de jogo contra o Flamengo, ap\u00f3s sa\u00edda de Felip\u00e3o","og_description":"A sa\u00edda inesperada do diretor-t\u00e9cnico Luiz Felipe Scolari para o Atl\u00e9tico-MG trouxe um terremoto no Athletico. Ap\u00f3s o dirigente comunicar que voltaria a ser treinador no Galo, o Furac\u00e3o optou por demitir o t\u00e9cnico Paulo Turra. Turra chegou a receber um convite do Galo para fazer parte da comiss\u00e3o junto com Felip\u00e3o, mas decidiu ficar [&hellip;]","og_url":"https:\/\/www.gaveanews.com\/index.php\/2023\/06\/16\/athletico-demite-o-tecnico-paulo-turra-as-veperas-de-jogo-contra-o-flamengo-apos-saida-de-felipao\/","og_site_name":"G\u00e1vea News","article_publisher":"https:\/\/facebook.com\/gaveaNews\/","article_published_time":"2023-06-16T20:02:30+00:00","article_modified_time":"2024-03-19T03:05:54+00:00","og_image":[{"width":1200,"height":827,"url":"https:\/\/www.gaveanews.com\/wp-content\/uploads\/Felipao-e-Paulo-Turra.webp","type":"image\/webp"}],"author":"Leonardo Ant\u00f4nio","twitter_card":"summary_large_image","twitter_misc":{"Escrito por":"Leonardo Ant\u00f4nio","Est. tempo de leitura":"2 minutos"},"schema":{"@context":"https:\/\/schema.org","@graph":[{"@type":"NewsArticle","@id":"https:\/\/www.gaveanews.com\/index.php\/2023\/06\/16\/athletico-demite-o-tecnico-paulo-turra-as-veperas-de-jogo-contra-o-flamengo-apos-saida-de-felipao\/#article","isPartOf":{"@id":"https:\/\/www.gaveanews.com\/index.php\/2023\/06\/16\/athletico-demite-o-tecnico-paulo-turra-as-veperas-de-jogo-contra-o-flamengo-apos-saida-de-felipao\/"},"author":{"name":"Leonardo Ant\u00f4nio","@id":"https:\/\/www.gaveanews.com\/#\/schema\/person\/2d29802e96a726e735077717fb5c6f20"},"headline":"Athletico demite o t\u00e9cnico Paulo Turra \u00e0s v\u00e9peras de jogo contra o Flamengo, ap\u00f3s sa\u00edda de Felip\u00e3o","datePublished":"2023-06-16T20:02:30+00:00","dateModified":"2024-03-19T03:05:54+00:00","mainEntityOfPage":{"@id":"https:\/\/www.gaveanews.com\/index.php\/2023\/06\/16\/athletico-demite-o-tecnico-paulo-turra-as-veperas-de-jogo-contra-o-flamengo-apos-saida-de-felipao\/"},"wordCount":413,"commentCount":0,"image":{"@id":"https:\/\/www.gaveanews.com\/index.php\/2023\/06\/16\/athletico-demite-o-tecnico-paulo-turra-as-veperas-de-jogo-contra-o-flamengo-apos-saida-de-felipao\/#primaryimage"},"thumbnailUrl":"https:\/\/www.gaveanews.com\/wp-content\/uploads\/Felipao-e-Paulo-Turra.webp","articleSection":["Flamengo"],"inLanguage":"pt-BR","potentialAction":[{"@type":"CommentAction","name":"Comment","target":["https:\/\/www.gaveanews.com\/index.php\/2023\/06\/16\/athletico-demite-o-tecnico-paulo-turra-as-veperas-de-jogo-contra-o-flamengo-apos-saida-de-felipao\/#respond"]}],"copyrightYear":"2023","copyrightHolder":{"@id":"https:\/\/www.gaveanews.com\/#organization"}},{"@type":"WebPage","@id":"https:\/\/www.gaveanews.com\/index.php\/2023\/06\/16\/athletico-demite-o-tecnico-paulo-turra-as-veperas-de-jogo-contra-o-flamengo-apos-saida-de-felipao\/","url":"https:\/\/www.gaveanews.com\/index.php\/2023\/06\/16\/athletico-demite-o-tecnico-paulo-turra-as-veperas-de-jogo-contra-o-flamengo-apos-saida-de-felipao\/","name":"Athletico demite o t\u00e9cnico Paulo Turra \u00e0s v\u00e9peras de jogo contra o Flamengo, ap\u00f3s sa\u00edda de Felip\u00e3o","isPartOf":{"@id":"https:\/\/www.gaveanews.com\/#website"},"primaryImageOfPage":{"@id":"https:\/\/www.gaveanews.com\/index.php\/2023\/06\/16\/athletico-demite-o-tecnico-paulo-turra-as-veperas-de-jogo-contra-o-flamengo-apos-saida-de-felipao\/#primaryimage"},"image":{"@id":"https:\/\/www.gaveanews.com\/index.php\/2023\/06\/16\/athletico-demite-o-tecnico-paulo-turra-as-veperas-de-jogo-contra-o-flamengo-apos-saida-de-felipao\/#primaryimage"},"thumbnailUrl":"https:\/\/www.gaveanews.com\/wp-content\/uploads\/Felipao-e-Paulo-Turra.webp","datePublished":"2023-06-16T20:02:30+00:00","dateModified":"2024-03-19T03:05:54+00:00","author":{"@id":"https:\/\/www.gaveanews.com\/#\/schema\/person\/2d29802e96a726e735077717fb5c6f20"},"breadcrumb":{"@id":"https:\/\/www.gaveanews.com\/index.php\/2023\/06\/16\/athletico-demite-o-tecnico-paulo-turra-as-veperas-de-jogo-contra-o-flamengo-apos-saida-de-felipao\/#breadcrumb"},"inLanguage":"pt-BR","potentialAction":[{"@type":"ReadAction","target":["https:\/\/www.gaveanews.com\/index.php\/2023\/06\/16\/athletico-demite-o-tecnico-paulo-turra-as-veperas-de-jogo-contra-o-flamengo-apos-saida-de-felipao\/"]}]},{"@type":"ImageObject","inLanguage":"pt-BR","@id":"https:\/\/www.gaveanews.com\/index.php\/2023\/06\/16\/athletico-demite-o-tecnico-paulo-turra-as-veperas-de-jogo-contra-o-flamengo-apos-saida-de-felipao\/#primaryimage","url":"https:\/\/www.gaveanews.com\/wp-content\/uploads\/Felipao-e-Paulo-Turra.webp","contentUrl":"https:\/\/www.gaveanews.com\/wp-content\/uploads\/Felipao-e-Paulo-Turra.webp","width":1200,"height":827,"caption":"Felip\u00e3o e Paulo Turra no CAP (Foto: Reprodu\u00e7\u00e3o)"},{"@type":"BreadcrumbList","@id":"https:\/\/www.gaveanews.com\/index.php\/2023\/06\/16\/athletico-demite-o-tecnico-paulo-turra-as-veperas-de-jogo-contra-o-flamengo-apos-saida-de-felipao\/#breadcrumb","itemListElement":[{"@type":"ListItem","position":1,"name":"Home","item":"https:\/\/www.gaveanews.com\/"},{"@type":"ListItem","position":2,"name":"Athletico demite o t\u00e9cnico Paulo Turra \u00e0s v\u00e9peras de jogo contra o Flamengo, ap\u00f3s sa\u00edda de Felip\u00e3o"}]},{"@type":"WebSite","@id":"https:\/\/www.gaveanews.com\/#website","url":"https:\/\/www.gaveanews.com\/","name":"G\u00e1vea News","description":"Veja todas as not\u00edcias sobre o Flamengo: Contrata\u00e7\u00f5es, categorias de base, resultados das partidas, tabela de classifica\u00e7\u00e3o, pr\u00f3ximos jogos!","potentialAction":[{"@type":"SearchAction","target":{"@type":"EntryPoint","urlTemplate":"https:\/\/www.gaveanews.com\/?s={search_term_string}"},"query-input":{"@type":"PropertyValueSpecification","valueRequired":true,"valueName":"search_term_string"}}],"inLanguage":"pt-BR"},{"@type":"Person","@id":"https:\/\/www.gaveanews.com\/#\/schema\/person\/2d29802e96a726e735077717fb5c6f20","name":"Leonardo Ant\u00f4nio","image":{"@type":"ImageObject","inLanguage":"pt-BR","@id":"https:\/\/www.gaveanews.com\/#\/schema\/person\/image\/","url":"https:\/\/secure.gravatar.com\/avatar\/b9ffc9ff64af5c915e7cb1824991ab1b4aa29b902a6a9a83be9d1c8ba449fce8?s=96&d=mm&r=g","contentUrl":"https:\/\/secure.gravatar.com\/avatar\/b9ffc9ff64af5c915e7cb1824991ab1b4aa29b902a6a9a83be9d1c8ba449fce8?s=96&d=mm&r=g","caption":"Leonardo Ant\u00f4nio"}}]}},"_links":{"self":[{"href":"https:\/\/www.gaveanews.com\/index.php\/wp-json\/wp\/v2\/posts\/100541","targetHints":{"allow":["GET"]}}],"collection":[{"href":"https:\/\/www.gaveanews.com\/index.php\/wp-json\/wp\/v2\/posts"}],"about":[{"href":"https:\/\/www.gaveanews.com\/index.php\/wp-json\/wp\/v2\/types\/post"}],"author":[{"embeddable":true,"href":"https:\/\/www.gaveanews.com\/index.php\/wp-json\/wp\/v2\/users\/6"}],"replies":[{"embeddable":true,"href":"https:\/\/www.gaveanews.com\/index.php\/wp-json\/wp\/v2\/comments?post=100541"}],"version-history":[{"count":1,"href":"https:\/\/www.gaveanews.com\/index.php\/wp-json\/wp\/v2\/posts\/100541\/revisions"}],"predecessor-version":[{"id":129697,"href":"https:\/\/www.gaveanews.com\/index.php\/wp-json\/wp\/v2\/posts\/100541\/revisions\/129697"}],"wp:featuredmedia":[{"embeddable":true,"href":"https:\/\/www.gaveanews.com\/index.php\/wp-json\/wp\/v2\/media\/100542"}],"wp:attachment":[{"href":"https:\/\/www.gaveanews.com\/index.php\/wp-json\/wp\/v2\/media?parent=100541"}],"wp:term":[{"taxonomy":"category","embeddable":true,"href":"https:\/\/www.gaveanews.com\/index.php\/wp-json\/wp\/v2\/categories?post=100541"},{"taxonomy":"post_tag","embeddable":true,"href":"https:\/\/www.gaveanews.com\/index.php\/wp-json\/wp\/v2\/tags?post=100541"}],"curies":[{"name":"wp","href":"https:\/\/api.w.org\/{rel}","templated":true}]}}