{"id":100553,"date":"2023-06-17T17:55:43","date_gmt":"2023-06-17T20:55:43","guid":{"rendered":"https:\/\/www.gaveanews.com\/?p=100553"},"modified":"2023-06-17T17:55:45","modified_gmt":"2023-06-17T20:55:45","slug":"narrador-da-tv-globo-crava-novo-treinador-do-brasil","status":"publish","type":"post","link":"https:\/\/www.gaveanews.com\/index.php\/2023\/06\/17\/narrador-da-tv-globo-crava-novo-treinador-do-brasil\/","title":{"rendered":"Narrador da TV Globo crava novo treinador do Brasil"},"content":{"rendered":"\n<p>A expectativa em torno da contrata\u00e7\u00e3o do renomado treinador Carlo Ancelotti pela Confedera\u00e7\u00e3o Brasileira de Futebol (CBF) est\u00e1 cada vez mais pr\u00f3xima de se concretizar. Segundo informa\u00e7\u00f5es do narrador da TV Globo, Lu\u00eds Roberto, a CBF considera a chegada de Ancelotti como certa, por\u00e9m, resta definir se ocorrer\u00e1 nos pr\u00f3ximos seis meses ou em junho de 2024.<\/p>\n\n\n\n<p>A especula\u00e7\u00e3o em torno da contrata\u00e7\u00e3o de Carlo Ancelotti tem ganhado for\u00e7a nos bastidores do futebol brasileiro, e o an\u00fancio oficial pode acontecer em breve. No dia 30, a CBF ir\u00e1 se pronunciar sobre essa situa\u00e7\u00e3o e tamb\u00e9m apresentar os mandos de campo das eliminat\u00f3rias, proporcionando uma oportunidade de revelar detalhes sobre a poss\u00edvel chegada do t\u00e9cnico italiano.<\/p>\n\n\n\n<p>Ancelotti, com uma vasta experi\u00eancia em grandes clubes europeus, como Milan, Chelsea, Real Madrid e Bayern de Munique, \u00e9 reconhecido por sua compet\u00eancia e por conquistar t\u00edtulos expressivos ao longo de sua carreira. Sua chegada ao Brasil seria um marco no futebol nacional, trazendo um t\u00e9cnico de alto n\u00edvel e renome internacional para comandar a sele\u00e7\u00e3o brasileira.<\/p>\n\n\n\n<p>A incerteza quanto \u00e0 data exata da contrata\u00e7\u00e3o de Ancelotti gera ainda mais expectativa entre os torcedores e especialistas. Seja nos pr\u00f3ximos meses ou em junho de 2024, a chegada do treinador italiano representa um salto de qualidade para o futebol brasileiro, com uma vis\u00e3o estrat\u00e9gica e experi\u00eancia \u00edmpar.<\/p>\n\n\n\n<p>Retirado de: Di\u00e1rio do Fla<\/p>\n","protected":false},"excerpt":{"rendered":"<p>A expectativa em torno da contrata\u00e7\u00e3o do renomado treinador Carlo Ancelotti pela Confedera\u00e7\u00e3o Brasileira de Futebol (CBF) est\u00e1 cada vez mais pr\u00f3xima de se concretizar. Segundo informa\u00e7\u00f5es do narrador da TV Globo, Lu\u00eds Roberto, a CBF considera a chegada de Ancelotti como certa, por\u00e9m, resta definir se ocorrer\u00e1 nos pr\u00f3ximos seis meses ou em junho [&hellip;]<\/p>\n","protected":false},"author":1,"featured_media":96273,"comment_status":"open","ping_status":"closed","sticky":false,"template":"","format":"standard","meta":{"footnotes":""},"categories":[1],"tags":[],"class_list":["post-100553","post","type-post","status-publish","format-standard","has-post-thumbnail","hentry","category-flamengo"],"yoast_head":"<!-- This site is optimized with the Yoast SEO Premium plugin v24.2 (Yoast SEO v26.9) - https:\/\/yoast.com\/product\/yoast-seo-premium-wordpress\/ -->\n<title>Narrador da TV Globo crava novo treinador do Brasil<\/title>\n<meta name=\"robots\" content=\"index, follow, max-snippet:-1, max-image-preview:large, max-video-preview:-1\" \/>\n<link rel=\"canonical\" href=\"https:\/\/www.gaveanews.com\/index.php\/2023\/06\/17\/narrador-da-tv-globo-crava-novo-treinador-do-brasil\/\" \/>\n<meta property=\"og:locale\" content=\"pt_BR\" \/>\n<meta property=\"og:type\" content=\"article\" \/>\n<meta property=\"og:title\" content=\"Narrador da TV Globo crava novo treinador do Brasil\" \/>\n<meta property=\"og:description\" content=\"A expectativa em torno da contrata\u00e7\u00e3o do renomado treinador Carlo Ancelotti pela Confedera\u00e7\u00e3o Brasileira de Futebol (CBF) est\u00e1 cada vez mais pr\u00f3xima de se concretizar. Segundo informa\u00e7\u00f5es do narrador da TV Globo, Lu\u00eds Roberto, a CBF considera a chegada de Ancelotti como certa, por\u00e9m, resta definir se ocorrer\u00e1 nos pr\u00f3ximos seis meses ou em junho [&hellip;]\" \/>\n<meta property=\"og:url\" content=\"https:\/\/www.gaveanews.com\/index.php\/2023\/06\/17\/narrador-da-tv-globo-crava-novo-treinador-do-brasil\/\" \/>\n<meta property=\"og:site_name\" content=\"G\u00e1vea News\" \/>\n<meta property=\"article:publisher\" content=\"https:\/\/facebook.com\/gaveaNews\/\" \/>\n<meta property=\"article:published_time\" content=\"2023-06-17T20:55:43+00:00\" \/>\n<meta property=\"article:modified_time\" content=\"2023-06-17T20:55:45+00:00\" \/>\n<meta property=\"og:image\" content=\"https:\/\/www.gaveanews.com\/wp-content\/uploads\/Logomarca-da-Rede-Globo.webp\" \/>\n\t<meta property=\"og:image:width\" content=\"1280\" \/>\n\t<meta property=\"og:image:height\" content=\"670\" \/>\n\t<meta property=\"og:image:type\" content=\"image\/jpeg\" \/>\n<meta name=\"author\" content=\"Equipe G\u00e1vea News\" \/>\n<meta name=\"twitter:card\" content=\"summary_large_image\" \/>\n<meta name=\"twitter:label1\" content=\"Escrito por\" \/>\n\t<meta name=\"twitter:data1\" content=\"Equipe G\u00e1vea News\" \/>\n\t<meta name=\"twitter:label2\" content=\"Est. tempo de leitura\" \/>\n\t<meta name=\"twitter:data2\" content=\"2 minutos\" \/>\n<script type=\"application\/ld+json\" class=\"yoast-schema-graph\">{\"@context\":\"https:\/\/schema.org\",\"@graph\":[{\"@type\":\"NewsArticle\",\"@id\":\"https:\/\/www.gaveanews.com\/index.php\/2023\/06\/17\/narrador-da-tv-globo-crava-novo-treinador-do-brasil\/#article\",\"isPartOf\":{\"@id\":\"https:\/\/www.gaveanews.com\/index.php\/2023\/06\/17\/narrador-da-tv-globo-crava-novo-treinador-do-brasil\/\"},\"author\":{\"name\":\"Equipe G\u00e1vea News\",\"@id\":\"https:\/\/www.gaveanews.com\/#\/schema\/person\/2ec14f73fb96be2caf28f91afb14749d\"},\"headline\":\"Narrador da TV Globo crava novo treinador do Brasil\",\"datePublished\":\"2023-06-17T20:55:43+00:00\",\"dateModified\":\"2023-06-17T20:55:45+00:00\",\"mainEntityOfPage\":{\"@id\":\"https:\/\/www.gaveanews.com\/index.php\/2023\/06\/17\/narrador-da-tv-globo-crava-novo-treinador-do-brasil\/\"},\"wordCount\":258,\"commentCount\":0,\"image\":{\"@id\":\"https:\/\/www.gaveanews.com\/index.php\/2023\/06\/17\/narrador-da-tv-globo-crava-novo-treinador-do-brasil\/#primaryimage\"},\"thumbnailUrl\":\"https:\/\/www.gaveanews.com\/wp-content\/uploads\/Logomarca-da-Rede-Globo.webp\",\"articleSection\":[\"Flamengo\"],\"inLanguage\":\"pt-BR\",\"potentialAction\":[{\"@type\":\"CommentAction\",\"name\":\"Comment\",\"target\":[\"https:\/\/www.gaveanews.com\/index.php\/2023\/06\/17\/narrador-da-tv-globo-crava-novo-treinador-do-brasil\/#respond\"]}],\"copyrightYear\":\"2023\",\"copyrightHolder\":{\"@id\":\"https:\/\/www.gaveanews.com\/#organization\"}},{\"@type\":\"WebPage\",\"@id\":\"https:\/\/www.gaveanews.com\/index.php\/2023\/06\/17\/narrador-da-tv-globo-crava-novo-treinador-do-brasil\/\",\"url\":\"https:\/\/www.gaveanews.com\/index.php\/2023\/06\/17\/narrador-da-tv-globo-crava-novo-treinador-do-brasil\/\",\"name\":\"Narrador da TV Globo crava novo treinador do Brasil\",\"isPartOf\":{\"@id\":\"https:\/\/www.gaveanews.com\/#website\"},\"primaryImageOfPage\":{\"@id\":\"https:\/\/www.gaveanews.com\/index.php\/2023\/06\/17\/narrador-da-tv-globo-crava-novo-treinador-do-brasil\/#primaryimage\"},\"image\":{\"@id\":\"https:\/\/www.gaveanews.com\/index.php\/2023\/06\/17\/narrador-da-tv-globo-crava-novo-treinador-do-brasil\/#primaryimage\"},\"thumbnailUrl\":\"https:\/\/www.gaveanews.com\/wp-content\/uploads\/Logomarca-da-Rede-Globo.webp\",\"datePublished\":\"2023-06-17T20:55:43+00:00\",\"dateModified\":\"2023-06-17T20:55:45+00:00\",\"author\":{\"@id\":\"https:\/\/www.gaveanews.com\/#\/schema\/person\/2ec14f73fb96be2caf28f91afb14749d\"},\"breadcrumb\":{\"@id\":\"https:\/\/www.gaveanews.com\/index.php\/2023\/06\/17\/narrador-da-tv-globo-crava-novo-treinador-do-brasil\/#breadcrumb\"},\"inLanguage\":\"pt-BR\",\"potentialAction\":[{\"@type\":\"ReadAction\",\"target\":[\"https:\/\/www.gaveanews.com\/index.php\/2023\/06\/17\/narrador-da-tv-globo-crava-novo-treinador-do-brasil\/\"]}]},{\"@type\":\"ImageObject\",\"inLanguage\":\"pt-BR\",\"@id\":\"https:\/\/www.gaveanews.com\/index.php\/2023\/06\/17\/narrador-da-tv-globo-crava-novo-treinador-do-brasil\/#primaryimage\",\"url\":\"https:\/\/www.gaveanews.com\/wp-content\/uploads\/Logomarca-da-Rede-Globo.webp\",\"contentUrl\":\"https:\/\/www.gaveanews.com\/wp-content\/uploads\/Logomarca-da-Rede-Globo.webp\",\"width\":1280,\"height\":670,\"caption\":\"Logomarca da Rede Globo (Foto: Reprodu\u00e7\u00e3o)\"},{\"@type\":\"BreadcrumbList\",\"@id\":\"https:\/\/www.gaveanews.com\/index.php\/2023\/06\/17\/narrador-da-tv-globo-crava-novo-treinador-do-brasil\/#breadcrumb\",\"itemListElement\":[{\"@type\":\"ListItem\",\"position\":1,\"name\":\"Home\",\"item\":\"https:\/\/www.gaveanews.com\/\"},{\"@type\":\"ListItem\",\"position\":2,\"name\":\"Narrador da TV Globo crava novo treinador do Brasil\"}]},{\"@type\":\"WebSite\",\"@id\":\"https:\/\/www.gaveanews.com\/#website\",\"url\":\"https:\/\/www.gaveanews.com\/\",\"name\":\"G\u00e1vea News\",\"description\":\"Veja todas as not\u00edcias sobre o Flamengo: Contrata\u00e7\u00f5es, categorias de base, resultados das partidas, tabela de classifica\u00e7\u00e3o, pr\u00f3ximos jogos!\",\"potentialAction\":[{\"@type\":\"SearchAction\",\"target\":{\"@type\":\"EntryPoint\",\"urlTemplate\":\"https:\/\/www.gaveanews.com\/?s={search_term_string}\"},\"query-input\":{\"@type\":\"PropertyValueSpecification\",\"valueRequired\":true,\"valueName\":\"search_term_string\"}}],\"inLanguage\":\"pt-BR\"},{\"@type\":\"Person\",\"@id\":\"https:\/\/www.gaveanews.com\/#\/schema\/person\/2ec14f73fb96be2caf28f91afb14749d\",\"name\":\"Equipe G\u00e1vea News\",\"image\":{\"@type\":\"ImageObject\",\"inLanguage\":\"pt-BR\",\"@id\":\"https:\/\/www.gaveanews.com\/#\/schema\/person\/image\/\",\"url\":\"https:\/\/secure.gravatar.com\/avatar\/1e1956f1facbffd3f8fa53a326721950116b3b9dc9bd44939c01180fd4a745a9?s=96&d=mm&r=g\",\"contentUrl\":\"https:\/\/secure.gravatar.com\/avatar\/1e1956f1facbffd3f8fa53a326721950116b3b9dc9bd44939c01180fd4a745a9?s=96&d=mm&r=g\",\"caption\":\"Equipe G\u00e1vea News\"}}]}<\/script>\n<!-- \/ Yoast SEO Premium plugin. -->","yoast_head_json":{"title":"Narrador da TV Globo crava novo treinador do Brasil","robots":{"index":"index","follow":"follow","max-snippet":"max-snippet:-1","max-image-preview":"max-image-preview:large","max-video-preview":"max-video-preview:-1"},"canonical":"https:\/\/www.gaveanews.com\/index.php\/2023\/06\/17\/narrador-da-tv-globo-crava-novo-treinador-do-brasil\/","og_locale":"pt_BR","og_type":"article","og_title":"Narrador da TV Globo crava novo treinador do Brasil","og_description":"A expectativa em torno da contrata\u00e7\u00e3o do renomado treinador Carlo Ancelotti pela Confedera\u00e7\u00e3o Brasileira de Futebol (CBF) est\u00e1 cada vez mais pr\u00f3xima de se concretizar. Segundo informa\u00e7\u00f5es do narrador da TV Globo, Lu\u00eds Roberto, a CBF considera a chegada de Ancelotti como certa, por\u00e9m, resta definir se ocorrer\u00e1 nos pr\u00f3ximos seis meses ou em junho [&hellip;]","og_url":"https:\/\/www.gaveanews.com\/index.php\/2023\/06\/17\/narrador-da-tv-globo-crava-novo-treinador-do-brasil\/","og_site_name":"G\u00e1vea News","article_publisher":"https:\/\/facebook.com\/gaveaNews\/","article_published_time":"2023-06-17T20:55:43+00:00","article_modified_time":"2023-06-17T20:55:45+00:00","og_image":[{"width":1280,"height":670,"url":"https:\/\/www.gaveanews.com\/wp-content\/uploads\/Logomarca-da-Rede-Globo.webp","type":"image\/jpeg"}],"author":"Equipe G\u00e1vea News","twitter_card":"summary_large_image","twitter_misc":{"Escrito por":"Equipe G\u00e1vea News","Est. tempo de leitura":"2 minutos"},"schema":{"@context":"https:\/\/schema.org","@graph":[{"@type":"NewsArticle","@id":"https:\/\/www.gaveanews.com\/index.php\/2023\/06\/17\/narrador-da-tv-globo-crava-novo-treinador-do-brasil\/#article","isPartOf":{"@id":"https:\/\/www.gaveanews.com\/index.php\/2023\/06\/17\/narrador-da-tv-globo-crava-novo-treinador-do-brasil\/"},"author":{"name":"Equipe G\u00e1vea News","@id":"https:\/\/www.gaveanews.com\/#\/schema\/person\/2ec14f73fb96be2caf28f91afb14749d"},"headline":"Narrador da TV Globo crava novo treinador do Brasil","datePublished":"2023-06-17T20:55:43+00:00","dateModified":"2023-06-17T20:55:45+00:00","mainEntityOfPage":{"@id":"https:\/\/www.gaveanews.com\/index.php\/2023\/06\/17\/narrador-da-tv-globo-crava-novo-treinador-do-brasil\/"},"wordCount":258,"commentCount":0,"image":{"@id":"https:\/\/www.gaveanews.com\/index.php\/2023\/06\/17\/narrador-da-tv-globo-crava-novo-treinador-do-brasil\/#primaryimage"},"thumbnailUrl":"https:\/\/www.gaveanews.com\/wp-content\/uploads\/Logomarca-da-Rede-Globo.webp","articleSection":["Flamengo"],"inLanguage":"pt-BR","potentialAction":[{"@type":"CommentAction","name":"Comment","target":["https:\/\/www.gaveanews.com\/index.php\/2023\/06\/17\/narrador-da-tv-globo-crava-novo-treinador-do-brasil\/#respond"]}],"copyrightYear":"2023","copyrightHolder":{"@id":"https:\/\/www.gaveanews.com\/#organization"}},{"@type":"WebPage","@id":"https:\/\/www.gaveanews.com\/index.php\/2023\/06\/17\/narrador-da-tv-globo-crava-novo-treinador-do-brasil\/","url":"https:\/\/www.gaveanews.com\/index.php\/2023\/06\/17\/narrador-da-tv-globo-crava-novo-treinador-do-brasil\/","name":"Narrador da TV Globo crava novo treinador do Brasil","isPartOf":{"@id":"https:\/\/www.gaveanews.com\/#website"},"primaryImageOfPage":{"@id":"https:\/\/www.gaveanews.com\/index.php\/2023\/06\/17\/narrador-da-tv-globo-crava-novo-treinador-do-brasil\/#primaryimage"},"image":{"@id":"https:\/\/www.gaveanews.com\/index.php\/2023\/06\/17\/narrador-da-tv-globo-crava-novo-treinador-do-brasil\/#primaryimage"},"thumbnailUrl":"https:\/\/www.gaveanews.com\/wp-content\/uploads\/Logomarca-da-Rede-Globo.webp","datePublished":"2023-06-17T20:55:43+00:00","dateModified":"2023-06-17T20:55:45+00:00","author":{"@id":"https:\/\/www.gaveanews.com\/#\/schema\/person\/2ec14f73fb96be2caf28f91afb14749d"},"breadcrumb":{"@id":"https:\/\/www.gaveanews.com\/index.php\/2023\/06\/17\/narrador-da-tv-globo-crava-novo-treinador-do-brasil\/#breadcrumb"},"inLanguage":"pt-BR","potentialAction":[{"@type":"ReadAction","target":["https:\/\/www.gaveanews.com\/index.php\/2023\/06\/17\/narrador-da-tv-globo-crava-novo-treinador-do-brasil\/"]}]},{"@type":"ImageObject","inLanguage":"pt-BR","@id":"https:\/\/www.gaveanews.com\/index.php\/2023\/06\/17\/narrador-da-tv-globo-crava-novo-treinador-do-brasil\/#primaryimage","url":"https:\/\/www.gaveanews.com\/wp-content\/uploads\/Logomarca-da-Rede-Globo.webp","contentUrl":"https:\/\/www.gaveanews.com\/wp-content\/uploads\/Logomarca-da-Rede-Globo.webp","width":1280,"height":670,"caption":"Logomarca da Rede Globo (Foto: Reprodu\u00e7\u00e3o)"},{"@type":"BreadcrumbList","@id":"https:\/\/www.gaveanews.com\/index.php\/2023\/06\/17\/narrador-da-tv-globo-crava-novo-treinador-do-brasil\/#breadcrumb","itemListElement":[{"@type":"ListItem","position":1,"name":"Home","item":"https:\/\/www.gaveanews.com\/"},{"@type":"ListItem","position":2,"name":"Narrador da TV Globo crava novo treinador do Brasil"}]},{"@type":"WebSite","@id":"https:\/\/www.gaveanews.com\/#website","url":"https:\/\/www.gaveanews.com\/","name":"G\u00e1vea News","description":"Veja todas as not\u00edcias sobre o Flamengo: Contrata\u00e7\u00f5es, categorias de base, resultados das partidas, tabela de classifica\u00e7\u00e3o, pr\u00f3ximos jogos!","potentialAction":[{"@type":"SearchAction","target":{"@type":"EntryPoint","urlTemplate":"https:\/\/www.gaveanews.com\/?s={search_term_string}"},"query-input":{"@type":"PropertyValueSpecification","valueRequired":true,"valueName":"search_term_string"}}],"inLanguage":"pt-BR"},{"@type":"Person","@id":"https:\/\/www.gaveanews.com\/#\/schema\/person\/2ec14f73fb96be2caf28f91afb14749d","name":"Equipe G\u00e1vea News","image":{"@type":"ImageObject","inLanguage":"pt-BR","@id":"https:\/\/www.gaveanews.com\/#\/schema\/person\/image\/","url":"https:\/\/secure.gravatar.com\/avatar\/1e1956f1facbffd3f8fa53a326721950116b3b9dc9bd44939c01180fd4a745a9?s=96&d=mm&r=g","contentUrl":"https:\/\/secure.gravatar.com\/avatar\/1e1956f1facbffd3f8fa53a326721950116b3b9dc9bd44939c01180fd4a745a9?s=96&d=mm&r=g","caption":"Equipe G\u00e1vea News"}}]}},"_links":{"self":[{"href":"https:\/\/www.gaveanews.com\/index.php\/wp-json\/wp\/v2\/posts\/100553","targetHints":{"allow":["GET"]}}],"collection":[{"href":"https:\/\/www.gaveanews.com\/index.php\/wp-json\/wp\/v2\/posts"}],"about":[{"href":"https:\/\/www.gaveanews.com\/index.php\/wp-json\/wp\/v2\/types\/post"}],"author":[{"embeddable":true,"href":"https:\/\/www.gaveanews.com\/index.php\/wp-json\/wp\/v2\/users\/1"}],"replies":[{"embeddable":true,"href":"https:\/\/www.gaveanews.com\/index.php\/wp-json\/wp\/v2\/comments?post=100553"}],"version-history":[{"count":0,"href":"https:\/\/www.gaveanews.com\/index.php\/wp-json\/wp\/v2\/posts\/100553\/revisions"}],"wp:featuredmedia":[{"embeddable":true,"href":"https:\/\/www.gaveanews.com\/index.php\/wp-json\/wp\/v2\/media\/96273"}],"wp:attachment":[{"href":"https:\/\/www.gaveanews.com\/index.php\/wp-json\/wp\/v2\/media?parent=100553"}],"wp:term":[{"taxonomy":"category","embeddable":true,"href":"https:\/\/www.gaveanews.com\/index.php\/wp-json\/wp\/v2\/categories?post=100553"},{"taxonomy":"post_tag","embeddable":true,"href":"https:\/\/www.gaveanews.com\/index.php\/wp-json\/wp\/v2\/tags?post=100553"}],"curies":[{"name":"wp","href":"https:\/\/api.w.org\/{rel}","templated":true}]}}