{"id":100565,"date":"2023-06-18T13:22:12","date_gmt":"2023-06-18T16:22:12","guid":{"rendered":"https:\/\/www.gaveanews.com\/?p=100565"},"modified":"2023-06-18T13:22:15","modified_gmt":"2023-06-18T16:22:15","slug":"morte-da-esposa-problemas-de-saude-e-pressao-dos-patrocinadores-apresentador-e-remanejado-pela-tv-bandeirantes","status":"publish","type":"post","link":"https:\/\/www.gaveanews.com\/index.php\/2023\/06\/18\/morte-da-esposa-problemas-de-saude-e-pressao-dos-patrocinadores-apresentador-e-remanejado-pela-tv-bandeirantes\/","title":{"rendered":"Morte da esposa, problemas de sa\u00fade e press\u00e3o dos patrocinadores: apresentador \u00e9 remanejado pela TV Bandeirantes"},"content":{"rendered":"\n<p>Antes considerado como o &#8220;rei do merchandising&#8221;, Milton Neves passou a desagradar os anunciantes do Terceiro Tempo . Por isso, o programa que estreou em 2008 teve seu fim decretado para a \u00faltima semana de junho. O t\u00edtulo ser\u00e1 substitu\u00eddo por uma nova atra\u00e7\u00e3o comandada por Craque Neto, tamb\u00e9m apresentador dos Donos da Bola.<\/p>\n\n\n\n<p>De acordo com fontes da coluna, Milton passou a deixar os anunciantes irritados com seu novo jeito de apresentar as marcas. Antes animado e descontra\u00eddo, o jornalista come\u00e7ou a falar o texto comercial sentado e errava informa\u00e7\u00f5es.<\/p>\n\n\n\n<p>A situa\u00e7\u00e3o, inclusive, ficou t\u00e3o insustent\u00e1vel que a Band precisou interceder quanto as reclama\u00e7\u00f5es do time comercial sobre a condu\u00e7\u00e3o de Milton Neves.<\/p>\n\n\n\n<p>Outra situa\u00e7\u00e3o que causou o final do Terceiro Tempo foi a sa\u00fade do jornalista. Ap\u00f3s a morte de sua esposa Lenice, em agosto de 2020, Milton passou ter diversos problemas. Ele chegou a cair algumas vezes nos est\u00fadios de grava\u00e7\u00e3o ao ponto de ser socorrido por uma ambul\u00e2ncia.<\/p>\n\n\n\n<p>A coluna procurou a Band por uma posi\u00e7\u00e3o em rela\u00e7\u00e3o as informa\u00e7\u00f5es apuradas, mas n\u00e3o respondeu at\u00e9 o fechamento. Caso o fa\u00e7a, o texto ser\u00e1 atualizado.<\/p>\n\n\n\n<h3 class=\"wp-block-heading\" id=\"h-milton-tera-quadro-em-novo-programa-de-neto\">Milton ter\u00e1 quadro em novo programa de Neto<\/h3>\n\n\n\n<p>Com o fim do Terceiro Tempo, o jornalista n\u00e3o sair\u00e1 de vez da Band. Al\u00e9m das participa\u00e7\u00f5es na r\u00e1dio, o veterano ter\u00e1 um quadro no Apito Final.\u00a0<\/p>\n\n\n\n<p>A emissora reviver\u00e1 o sucesso \u201cGol: O Grande Momento do Futebol\u201d . O programa come\u00e7ou a ser transmitido na d\u00e9cada de 1980 pelo apresentador Alexandre Santos, e Milton o assumiu de 1999 at\u00e9 2001.<\/p>\n\n\n\n<p>Em 2009, o titulo voltou ao ar como um quadro do Terceiro Tempo at\u00e9 que foi retirado novamente da grade em 2016 ap\u00f3s a emissora perder os direitos de exibi\u00e7\u00e3o do Campeonato Brasileiro.<\/p>\n\n\n\n<p>Retirado de: IG<\/p>\n","protected":false},"excerpt":{"rendered":"<p>Antes considerado como o &#8220;rei do merchandising&#8221;, Milton Neves passou a desagradar os anunciantes do Terceiro Tempo . Por isso, o programa que estreou em 2008 teve seu fim decretado para a \u00faltima semana de junho. O t\u00edtulo ser\u00e1 substitu\u00eddo por uma nova atra\u00e7\u00e3o comandada por Craque Neto, tamb\u00e9m apresentador dos Donos da Bola. De [&hellip;]<\/p>\n","protected":false},"author":1,"featured_media":29844,"comment_status":"open","ping_status":"closed","sticky":false,"template":"","format":"standard","meta":{"footnotes":""},"categories":[1],"tags":[],"class_list":["post-100565","post","type-post","status-publish","format-standard","has-post-thumbnail","hentry","category-flamengo"],"yoast_head":"<!-- This site is optimized with the Yoast SEO Premium plugin v24.2 (Yoast SEO v26.9) - https:\/\/yoast.com\/product\/yoast-seo-premium-wordpress\/ -->\n<title>Morte da esposa, problemas de sa\u00fade e press\u00e3o dos patrocinadores: apresentador \u00e9 remanejado pela TV Bandeirantes<\/title>\n<meta name=\"robots\" content=\"index, follow, max-snippet:-1, max-image-preview:large, max-video-preview:-1\" \/>\n<link rel=\"canonical\" href=\"https:\/\/www.gaveanews.com\/index.php\/2023\/06\/18\/morte-da-esposa-problemas-de-saude-e-pressao-dos-patrocinadores-apresentador-e-remanejado-pela-tv-bandeirantes\/\" \/>\n<meta property=\"og:locale\" content=\"pt_BR\" \/>\n<meta property=\"og:type\" content=\"article\" \/>\n<meta property=\"og:title\" content=\"Morte da esposa, problemas de sa\u00fade e press\u00e3o dos patrocinadores: apresentador \u00e9 remanejado pela TV Bandeirantes\" \/>\n<meta property=\"og:description\" content=\"Antes considerado como o &#8220;rei do merchandising&#8221;, Milton Neves passou a desagradar os anunciantes do Terceiro Tempo . Por isso, o programa que estreou em 2008 teve seu fim decretado para a \u00faltima semana de junho. O t\u00edtulo ser\u00e1 substitu\u00eddo por uma nova atra\u00e7\u00e3o comandada por Craque Neto, tamb\u00e9m apresentador dos Donos da Bola. De [&hellip;]\" \/>\n<meta property=\"og:url\" content=\"https:\/\/www.gaveanews.com\/index.php\/2023\/06\/18\/morte-da-esposa-problemas-de-saude-e-pressao-dos-patrocinadores-apresentador-e-remanejado-pela-tv-bandeirantes\/\" \/>\n<meta property=\"og:site_name\" content=\"G\u00e1vea News\" \/>\n<meta property=\"article:publisher\" content=\"https:\/\/facebook.com\/gaveaNews\/\" \/>\n<meta property=\"article:published_time\" content=\"2023-06-18T16:22:12+00:00\" \/>\n<meta property=\"article:modified_time\" content=\"2023-06-18T16:22:15+00:00\" \/>\n<meta property=\"og:image\" content=\"https:\/\/www.gaveanews.com\/wp-content\/uploads\/Logomarca-da-TV-da-Bandeirantes.webp\" \/>\n\t<meta property=\"og:image:width\" content=\"900\" \/>\n\t<meta property=\"og:image:height\" content=\"522\" \/>\n\t<meta property=\"og:image:type\" content=\"image\/png\" \/>\n<meta name=\"author\" content=\"Equipe G\u00e1vea News\" \/>\n<meta name=\"twitter:card\" content=\"summary_large_image\" \/>\n<meta name=\"twitter:label1\" content=\"Escrito por\" \/>\n\t<meta name=\"twitter:data1\" content=\"Equipe G\u00e1vea News\" \/>\n\t<meta name=\"twitter:label2\" content=\"Est. tempo de leitura\" \/>\n\t<meta name=\"twitter:data2\" content=\"2 minutos\" \/>\n<script type=\"application\/ld+json\" class=\"yoast-schema-graph\">{\"@context\":\"https:\/\/schema.org\",\"@graph\":[{\"@type\":\"NewsArticle\",\"@id\":\"https:\/\/www.gaveanews.com\/index.php\/2023\/06\/18\/morte-da-esposa-problemas-de-saude-e-pressao-dos-patrocinadores-apresentador-e-remanejado-pela-tv-bandeirantes\/#article\",\"isPartOf\":{\"@id\":\"https:\/\/www.gaveanews.com\/index.php\/2023\/06\/18\/morte-da-esposa-problemas-de-saude-e-pressao-dos-patrocinadores-apresentador-e-remanejado-pela-tv-bandeirantes\/\"},\"author\":{\"name\":\"Equipe G\u00e1vea News\",\"@id\":\"https:\/\/www.gaveanews.com\/#\/schema\/person\/2ec14f73fb96be2caf28f91afb14749d\"},\"headline\":\"Morte da esposa, problemas de sa\u00fade e press\u00e3o dos patrocinadores: apresentador \u00e9 remanejado pela TV Bandeirantes\",\"datePublished\":\"2023-06-18T16:22:12+00:00\",\"dateModified\":\"2023-06-18T16:22:15+00:00\",\"mainEntityOfPage\":{\"@id\":\"https:\/\/www.gaveanews.com\/index.php\/2023\/06\/18\/morte-da-esposa-problemas-de-saude-e-pressao-dos-patrocinadores-apresentador-e-remanejado-pela-tv-bandeirantes\/\"},\"wordCount\":332,\"commentCount\":0,\"image\":{\"@id\":\"https:\/\/www.gaveanews.com\/index.php\/2023\/06\/18\/morte-da-esposa-problemas-de-saude-e-pressao-dos-patrocinadores-apresentador-e-remanejado-pela-tv-bandeirantes\/#primaryimage\"},\"thumbnailUrl\":\"https:\/\/www.gaveanews.com\/wp-content\/uploads\/Logomarca-da-TV-da-Bandeirantes.webp\",\"articleSection\":[\"Flamengo\"],\"inLanguage\":\"pt-BR\",\"potentialAction\":[{\"@type\":\"CommentAction\",\"name\":\"Comment\",\"target\":[\"https:\/\/www.gaveanews.com\/index.php\/2023\/06\/18\/morte-da-esposa-problemas-de-saude-e-pressao-dos-patrocinadores-apresentador-e-remanejado-pela-tv-bandeirantes\/#respond\"]}],\"copyrightYear\":\"2023\",\"copyrightHolder\":{\"@id\":\"https:\/\/www.gaveanews.com\/#organization\"}},{\"@type\":\"WebPage\",\"@id\":\"https:\/\/www.gaveanews.com\/index.php\/2023\/06\/18\/morte-da-esposa-problemas-de-saude-e-pressao-dos-patrocinadores-apresentador-e-remanejado-pela-tv-bandeirantes\/\",\"url\":\"https:\/\/www.gaveanews.com\/index.php\/2023\/06\/18\/morte-da-esposa-problemas-de-saude-e-pressao-dos-patrocinadores-apresentador-e-remanejado-pela-tv-bandeirantes\/\",\"name\":\"Morte da esposa, problemas de sa\u00fade e press\u00e3o dos patrocinadores: apresentador \u00e9 remanejado pela TV Bandeirantes\",\"isPartOf\":{\"@id\":\"https:\/\/www.gaveanews.com\/#website\"},\"primaryImageOfPage\":{\"@id\":\"https:\/\/www.gaveanews.com\/index.php\/2023\/06\/18\/morte-da-esposa-problemas-de-saude-e-pressao-dos-patrocinadores-apresentador-e-remanejado-pela-tv-bandeirantes\/#primaryimage\"},\"image\":{\"@id\":\"https:\/\/www.gaveanews.com\/index.php\/2023\/06\/18\/morte-da-esposa-problemas-de-saude-e-pressao-dos-patrocinadores-apresentador-e-remanejado-pela-tv-bandeirantes\/#primaryimage\"},\"thumbnailUrl\":\"https:\/\/www.gaveanews.com\/wp-content\/uploads\/Logomarca-da-TV-da-Bandeirantes.webp\",\"datePublished\":\"2023-06-18T16:22:12+00:00\",\"dateModified\":\"2023-06-18T16:22:15+00:00\",\"author\":{\"@id\":\"https:\/\/www.gaveanews.com\/#\/schema\/person\/2ec14f73fb96be2caf28f91afb14749d\"},\"breadcrumb\":{\"@id\":\"https:\/\/www.gaveanews.com\/index.php\/2023\/06\/18\/morte-da-esposa-problemas-de-saude-e-pressao-dos-patrocinadores-apresentador-e-remanejado-pela-tv-bandeirantes\/#breadcrumb\"},\"inLanguage\":\"pt-BR\",\"potentialAction\":[{\"@type\":\"ReadAction\",\"target\":[\"https:\/\/www.gaveanews.com\/index.php\/2023\/06\/18\/morte-da-esposa-problemas-de-saude-e-pressao-dos-patrocinadores-apresentador-e-remanejado-pela-tv-bandeirantes\/\"]}]},{\"@type\":\"ImageObject\",\"inLanguage\":\"pt-BR\",\"@id\":\"https:\/\/www.gaveanews.com\/index.php\/2023\/06\/18\/morte-da-esposa-problemas-de-saude-e-pressao-dos-patrocinadores-apresentador-e-remanejado-pela-tv-bandeirantes\/#primaryimage\",\"url\":\"https:\/\/www.gaveanews.com\/wp-content\/uploads\/Logomarca-da-TV-da-Bandeirantes.webp\",\"contentUrl\":\"https:\/\/www.gaveanews.com\/wp-content\/uploads\/Logomarca-da-TV-da-Bandeirantes.webp\",\"width\":900,\"height\":522,\"caption\":\"Logomarca da TV da Bandeirantes (Foto: Reprodu\u00e7\u00e3o\/Logo Download)\"},{\"@type\":\"BreadcrumbList\",\"@id\":\"https:\/\/www.gaveanews.com\/index.php\/2023\/06\/18\/morte-da-esposa-problemas-de-saude-e-pressao-dos-patrocinadores-apresentador-e-remanejado-pela-tv-bandeirantes\/#breadcrumb\",\"itemListElement\":[{\"@type\":\"ListItem\",\"position\":1,\"name\":\"Home\",\"item\":\"https:\/\/www.gaveanews.com\/\"},{\"@type\":\"ListItem\",\"position\":2,\"name\":\"Morte da esposa, problemas de sa\u00fade e press\u00e3o dos patrocinadores: apresentador \u00e9 remanejado pela TV Bandeirantes\"}]},{\"@type\":\"WebSite\",\"@id\":\"https:\/\/www.gaveanews.com\/#website\",\"url\":\"https:\/\/www.gaveanews.com\/\",\"name\":\"G\u00e1vea News\",\"description\":\"Veja todas as not\u00edcias sobre o Flamengo: Contrata\u00e7\u00f5es, categorias de base, resultados das partidas, tabela de classifica\u00e7\u00e3o, pr\u00f3ximos jogos!\",\"potentialAction\":[{\"@type\":\"SearchAction\",\"target\":{\"@type\":\"EntryPoint\",\"urlTemplate\":\"https:\/\/www.gaveanews.com\/?s={search_term_string}\"},\"query-input\":{\"@type\":\"PropertyValueSpecification\",\"valueRequired\":true,\"valueName\":\"search_term_string\"}}],\"inLanguage\":\"pt-BR\"},{\"@type\":\"Person\",\"@id\":\"https:\/\/www.gaveanews.com\/#\/schema\/person\/2ec14f73fb96be2caf28f91afb14749d\",\"name\":\"Equipe G\u00e1vea News\",\"image\":{\"@type\":\"ImageObject\",\"inLanguage\":\"pt-BR\",\"@id\":\"https:\/\/www.gaveanews.com\/#\/schema\/person\/image\/\",\"url\":\"https:\/\/secure.gravatar.com\/avatar\/1e1956f1facbffd3f8fa53a326721950116b3b9dc9bd44939c01180fd4a745a9?s=96&d=mm&r=g\",\"contentUrl\":\"https:\/\/secure.gravatar.com\/avatar\/1e1956f1facbffd3f8fa53a326721950116b3b9dc9bd44939c01180fd4a745a9?s=96&d=mm&r=g\",\"caption\":\"Equipe G\u00e1vea News\"}}]}<\/script>\n<!-- \/ Yoast SEO Premium plugin. -->","yoast_head_json":{"title":"Morte da esposa, problemas de sa\u00fade e press\u00e3o dos patrocinadores: apresentador \u00e9 remanejado pela TV Bandeirantes","robots":{"index":"index","follow":"follow","max-snippet":"max-snippet:-1","max-image-preview":"max-image-preview:large","max-video-preview":"max-video-preview:-1"},"canonical":"https:\/\/www.gaveanews.com\/index.php\/2023\/06\/18\/morte-da-esposa-problemas-de-saude-e-pressao-dos-patrocinadores-apresentador-e-remanejado-pela-tv-bandeirantes\/","og_locale":"pt_BR","og_type":"article","og_title":"Morte da esposa, problemas de sa\u00fade e press\u00e3o dos patrocinadores: apresentador \u00e9 remanejado pela TV Bandeirantes","og_description":"Antes considerado como o &#8220;rei do merchandising&#8221;, Milton Neves passou a desagradar os anunciantes do Terceiro Tempo . Por isso, o programa que estreou em 2008 teve seu fim decretado para a \u00faltima semana de junho. O t\u00edtulo ser\u00e1 substitu\u00eddo por uma nova atra\u00e7\u00e3o comandada por Craque Neto, tamb\u00e9m apresentador dos Donos da Bola. De [&hellip;]","og_url":"https:\/\/www.gaveanews.com\/index.php\/2023\/06\/18\/morte-da-esposa-problemas-de-saude-e-pressao-dos-patrocinadores-apresentador-e-remanejado-pela-tv-bandeirantes\/","og_site_name":"G\u00e1vea News","article_publisher":"https:\/\/facebook.com\/gaveaNews\/","article_published_time":"2023-06-18T16:22:12+00:00","article_modified_time":"2023-06-18T16:22:15+00:00","og_image":[{"width":900,"height":522,"url":"https:\/\/www.gaveanews.com\/wp-content\/uploads\/Logomarca-da-TV-da-Bandeirantes.webp","type":"image\/png"}],"author":"Equipe G\u00e1vea News","twitter_card":"summary_large_image","twitter_misc":{"Escrito por":"Equipe G\u00e1vea News","Est. tempo de leitura":"2 minutos"},"schema":{"@context":"https:\/\/schema.org","@graph":[{"@type":"NewsArticle","@id":"https:\/\/www.gaveanews.com\/index.php\/2023\/06\/18\/morte-da-esposa-problemas-de-saude-e-pressao-dos-patrocinadores-apresentador-e-remanejado-pela-tv-bandeirantes\/#article","isPartOf":{"@id":"https:\/\/www.gaveanews.com\/index.php\/2023\/06\/18\/morte-da-esposa-problemas-de-saude-e-pressao-dos-patrocinadores-apresentador-e-remanejado-pela-tv-bandeirantes\/"},"author":{"name":"Equipe G\u00e1vea News","@id":"https:\/\/www.gaveanews.com\/#\/schema\/person\/2ec14f73fb96be2caf28f91afb14749d"},"headline":"Morte da esposa, problemas de sa\u00fade e press\u00e3o dos patrocinadores: apresentador \u00e9 remanejado pela TV Bandeirantes","datePublished":"2023-06-18T16:22:12+00:00","dateModified":"2023-06-18T16:22:15+00:00","mainEntityOfPage":{"@id":"https:\/\/www.gaveanews.com\/index.php\/2023\/06\/18\/morte-da-esposa-problemas-de-saude-e-pressao-dos-patrocinadores-apresentador-e-remanejado-pela-tv-bandeirantes\/"},"wordCount":332,"commentCount":0,"image":{"@id":"https:\/\/www.gaveanews.com\/index.php\/2023\/06\/18\/morte-da-esposa-problemas-de-saude-e-pressao-dos-patrocinadores-apresentador-e-remanejado-pela-tv-bandeirantes\/#primaryimage"},"thumbnailUrl":"https:\/\/www.gaveanews.com\/wp-content\/uploads\/Logomarca-da-TV-da-Bandeirantes.webp","articleSection":["Flamengo"],"inLanguage":"pt-BR","potentialAction":[{"@type":"CommentAction","name":"Comment","target":["https:\/\/www.gaveanews.com\/index.php\/2023\/06\/18\/morte-da-esposa-problemas-de-saude-e-pressao-dos-patrocinadores-apresentador-e-remanejado-pela-tv-bandeirantes\/#respond"]}],"copyrightYear":"2023","copyrightHolder":{"@id":"https:\/\/www.gaveanews.com\/#organization"}},{"@type":"WebPage","@id":"https:\/\/www.gaveanews.com\/index.php\/2023\/06\/18\/morte-da-esposa-problemas-de-saude-e-pressao-dos-patrocinadores-apresentador-e-remanejado-pela-tv-bandeirantes\/","url":"https:\/\/www.gaveanews.com\/index.php\/2023\/06\/18\/morte-da-esposa-problemas-de-saude-e-pressao-dos-patrocinadores-apresentador-e-remanejado-pela-tv-bandeirantes\/","name":"Morte da esposa, problemas de sa\u00fade e press\u00e3o dos patrocinadores: apresentador \u00e9 remanejado pela TV Bandeirantes","isPartOf":{"@id":"https:\/\/www.gaveanews.com\/#website"},"primaryImageOfPage":{"@id":"https:\/\/www.gaveanews.com\/index.php\/2023\/06\/18\/morte-da-esposa-problemas-de-saude-e-pressao-dos-patrocinadores-apresentador-e-remanejado-pela-tv-bandeirantes\/#primaryimage"},"image":{"@id":"https:\/\/www.gaveanews.com\/index.php\/2023\/06\/18\/morte-da-esposa-problemas-de-saude-e-pressao-dos-patrocinadores-apresentador-e-remanejado-pela-tv-bandeirantes\/#primaryimage"},"thumbnailUrl":"https:\/\/www.gaveanews.com\/wp-content\/uploads\/Logomarca-da-TV-da-Bandeirantes.webp","datePublished":"2023-06-18T16:22:12+00:00","dateModified":"2023-06-18T16:22:15+00:00","author":{"@id":"https:\/\/www.gaveanews.com\/#\/schema\/person\/2ec14f73fb96be2caf28f91afb14749d"},"breadcrumb":{"@id":"https:\/\/www.gaveanews.com\/index.php\/2023\/06\/18\/morte-da-esposa-problemas-de-saude-e-pressao-dos-patrocinadores-apresentador-e-remanejado-pela-tv-bandeirantes\/#breadcrumb"},"inLanguage":"pt-BR","potentialAction":[{"@type":"ReadAction","target":["https:\/\/www.gaveanews.com\/index.php\/2023\/06\/18\/morte-da-esposa-problemas-de-saude-e-pressao-dos-patrocinadores-apresentador-e-remanejado-pela-tv-bandeirantes\/"]}]},{"@type":"ImageObject","inLanguage":"pt-BR","@id":"https:\/\/www.gaveanews.com\/index.php\/2023\/06\/18\/morte-da-esposa-problemas-de-saude-e-pressao-dos-patrocinadores-apresentador-e-remanejado-pela-tv-bandeirantes\/#primaryimage","url":"https:\/\/www.gaveanews.com\/wp-content\/uploads\/Logomarca-da-TV-da-Bandeirantes.webp","contentUrl":"https:\/\/www.gaveanews.com\/wp-content\/uploads\/Logomarca-da-TV-da-Bandeirantes.webp","width":900,"height":522,"caption":"Logomarca da TV da Bandeirantes (Foto: Reprodu\u00e7\u00e3o\/Logo Download)"},{"@type":"BreadcrumbList","@id":"https:\/\/www.gaveanews.com\/index.php\/2023\/06\/18\/morte-da-esposa-problemas-de-saude-e-pressao-dos-patrocinadores-apresentador-e-remanejado-pela-tv-bandeirantes\/#breadcrumb","itemListElement":[{"@type":"ListItem","position":1,"name":"Home","item":"https:\/\/www.gaveanews.com\/"},{"@type":"ListItem","position":2,"name":"Morte da esposa, problemas de sa\u00fade e press\u00e3o dos patrocinadores: apresentador \u00e9 remanejado pela TV Bandeirantes"}]},{"@type":"WebSite","@id":"https:\/\/www.gaveanews.com\/#website","url":"https:\/\/www.gaveanews.com\/","name":"G\u00e1vea News","description":"Veja todas as not\u00edcias sobre o Flamengo: Contrata\u00e7\u00f5es, categorias de base, resultados das partidas, tabela de classifica\u00e7\u00e3o, pr\u00f3ximos jogos!","potentialAction":[{"@type":"SearchAction","target":{"@type":"EntryPoint","urlTemplate":"https:\/\/www.gaveanews.com\/?s={search_term_string}"},"query-input":{"@type":"PropertyValueSpecification","valueRequired":true,"valueName":"search_term_string"}}],"inLanguage":"pt-BR"},{"@type":"Person","@id":"https:\/\/www.gaveanews.com\/#\/schema\/person\/2ec14f73fb96be2caf28f91afb14749d","name":"Equipe G\u00e1vea News","image":{"@type":"ImageObject","inLanguage":"pt-BR","@id":"https:\/\/www.gaveanews.com\/#\/schema\/person\/image\/","url":"https:\/\/secure.gravatar.com\/avatar\/1e1956f1facbffd3f8fa53a326721950116b3b9dc9bd44939c01180fd4a745a9?s=96&d=mm&r=g","contentUrl":"https:\/\/secure.gravatar.com\/avatar\/1e1956f1facbffd3f8fa53a326721950116b3b9dc9bd44939c01180fd4a745a9?s=96&d=mm&r=g","caption":"Equipe G\u00e1vea News"}}]}},"_links":{"self":[{"href":"https:\/\/www.gaveanews.com\/index.php\/wp-json\/wp\/v2\/posts\/100565","targetHints":{"allow":["GET"]}}],"collection":[{"href":"https:\/\/www.gaveanews.com\/index.php\/wp-json\/wp\/v2\/posts"}],"about":[{"href":"https:\/\/www.gaveanews.com\/index.php\/wp-json\/wp\/v2\/types\/post"}],"author":[{"embeddable":true,"href":"https:\/\/www.gaveanews.com\/index.php\/wp-json\/wp\/v2\/users\/1"}],"replies":[{"embeddable":true,"href":"https:\/\/www.gaveanews.com\/index.php\/wp-json\/wp\/v2\/comments?post=100565"}],"version-history":[{"count":0,"href":"https:\/\/www.gaveanews.com\/index.php\/wp-json\/wp\/v2\/posts\/100565\/revisions"}],"wp:featuredmedia":[{"embeddable":true,"href":"https:\/\/www.gaveanews.com\/index.php\/wp-json\/wp\/v2\/media\/29844"}],"wp:attachment":[{"href":"https:\/\/www.gaveanews.com\/index.php\/wp-json\/wp\/v2\/media?parent=100565"}],"wp:term":[{"taxonomy":"category","embeddable":true,"href":"https:\/\/www.gaveanews.com\/index.php\/wp-json\/wp\/v2\/categories?post=100565"},{"taxonomy":"post_tag","embeddable":true,"href":"https:\/\/www.gaveanews.com\/index.php\/wp-json\/wp\/v2\/tags?post=100565"}],"curies":[{"name":"wp","href":"https:\/\/api.w.org\/{rel}","templated":true}]}}