{"id":100572,"date":"2023-06-18T18:43:15","date_gmt":"2023-06-18T21:43:15","guid":{"rendered":"https:\/\/www.gaveanews.com\/?p=100572"},"modified":"2023-06-18T18:43:17","modified_gmt":"2023-06-18T21:43:17","slug":"justica-bate-o-martelo-em-processo-movido-por-jorge-sampaoli-do-flamengo","status":"publish","type":"post","link":"https:\/\/www.gaveanews.com\/index.php\/2023\/06\/18\/justica-bate-o-martelo-em-processo-movido-por-jorge-sampaoli-do-flamengo\/","title":{"rendered":"Justi\u00e7a bate o martelo em processo movido por Jorge Sampaoli, do Flamengo"},"content":{"rendered":"\n<p>Ap\u00f3s o in\u00edcio dos tr\u00e2mites jur\u00eddicos, o processo envolvendo Neto e Sampaoli ganhou um desfecho. Atrav\u00e9s de decis\u00e3o da ju\u00edza Aparecida Correia, da 1\u00aa Vara Criminal do Foro Regional de Pinheiros, em S\u00e3o Paulo, o pedido de explica\u00e7\u00f5es aberto pelo treinador acabou sendo rejeitado. Isso porque o comandante do Flamengo j\u00e1 demonstrou que ficou ofendido, algo que inviabilizou a solicita\u00e7\u00e3o.<\/p>\n\n\n\n<p>Ao vivo na Band, Neto acusou Sampaoli de tratar mal Arzul, funcion\u00e1rio do Santos, \u201cporque ele \u00e9 negro\u201d. Al\u00e9m disso, o \u00eddolo do Corinthians disparou ofensas como \u201cbaixinho\u201d, \u201cidiota\u201d e \u201cpinto pequeno\u201d. Neste cen\u00e1rio, a Justi\u00e7a, que arquivou o processo, entendeu que o t\u00e9cnico deixou claro sua insatisfa\u00e7\u00e3o, motivo pelo qual o pedido de explica\u00e7\u00f5es seria desnecess\u00e1rio.<\/p>\n\n\n\n<p>\u201cEle (Sampaoli) foi racista no Santos, nunca cumprimentou ningu\u00e9m, nunca falou portugu\u00eas: \u2018Por favor, n\u00e3o, senhor, me desculpe\u2026\u2019. Esse baixinho, idiota. Isso a\u00ed \u00e9 uma vergonha, pinto pequeno, n\u00e3o sabe nada de bola. \u00c9 uma vergonha o Flamengo contratar um cara desse (\u2026) Voc\u00eas n\u00e3o d\u00e3o moral para as pessoas em quest\u00e3o do pr\u00f3prio pa\u00eds, a\u00ed voc\u00eas d\u00e3o moral para um cara como esse, que muitas vezes tratou as pessoas de uma maneira t\u00e3o racista, de uma maneira t\u00e3o hip\u00f3crita\u201d, detonou Neto.<\/p>\n\n\n\n<p>Por conta da decis\u00e3o, decretou-se que Sampaoli deve abrir um processo judicial de delito contra a honra ao inv\u00e9s de um pedido de explica\u00e7\u00f5es. Agora, resta saber se uma nova a\u00e7\u00e3o judicial ser\u00e1 aberta, tendo em vista o arquivamento da solicita\u00e7\u00e3o inicial.<\/p>\n\n\n\n<p>\u201cEm 16\/06\/2023 fa\u00e7o estes autos conclusos ao (\u00e0) MM(a) Juiz(a) de Direito da 1\u00aa Vara Criminal Dr (a). Aparecida Ang\u00e9lica Correia. Vistos etc., Fls. 21; Arquivem-se os autos\u201c, descreveu o processo.<\/p>\n\n\n\n<p>Antes do martelo ser batido, Neto chegou a pedir o apoio de Arzul para que sua acusa\u00e7\u00e3o contra Sampaoli fosse provada. Por\u00e9m, o profissional do Santos negou que o treinador tenha cometido qualquer ato de racismo.<\/p>\n\n\n\n<p>\u201cE todo mundo que sabe que o Jorge Sampaoli est\u00e1 me processando, n\u00e3o tem problema nenhum. Uma coisa que eu n\u00e3o tenho medo \u00e9 processo. N\u00e3o tenho medo de processo. Por sinal, Arzul, ele fez racismo com voc\u00ea. Voc\u00ea tem que me ajudar. Eu defendi voc\u00ea, defendi os negros. Agora, se n\u00e3o quiser ajudar, voc\u00ea, Chulapa, quem quiser que seja a\u00ed do Santos, t\u00e1 tudo bem. O meu advogado faz isso. Todo mundo do futebol sabe o quanto ele \u00e9\u201d, afirmou Neto.<\/p>\n\n\n\n<p>\u201cN\u00e3o houve nada. N\u00e3o aconteceu nada de racismo. N\u00e3o houve nada de comportamento. Eu acredito que aconteceu foi uma informa\u00e7\u00e3o mal interpretada, um mal entendimento. A informa\u00e7\u00e3o chegou ao Neto diferente. Eu falei com o Neto. Eu quero que os dois se deem bem, eu gosto dos dois\u201d, garantiu Arzul ao GE.<\/p>\n\n\n\n<p>Retirado de: Torcedores <\/p>\n","protected":false},"excerpt":{"rendered":"<p>Ap\u00f3s o in\u00edcio dos tr\u00e2mites jur\u00eddicos, o processo envolvendo Neto e Sampaoli ganhou um desfecho. Atrav\u00e9s de decis\u00e3o da ju\u00edza Aparecida Correia, da 1\u00aa Vara Criminal do Foro Regional de Pinheiros, em S\u00e3o Paulo, o pedido de explica\u00e7\u00f5es aberto pelo treinador acabou sendo rejeitado. Isso porque o comandante do Flamengo j\u00e1 demonstrou que ficou ofendido, [&hellip;]<\/p>\n","protected":false},"author":1,"featured_media":97377,"comment_status":"open","ping_status":"closed","sticky":false,"template":"","format":"standard","meta":{"footnotes":""},"categories":[1],"tags":[],"class_list":["post-100572","post","type-post","status-publish","format-standard","has-post-thumbnail","hentry","category-flamengo"],"yoast_head":"<!-- This site is optimized with the Yoast SEO Premium plugin v24.2 (Yoast SEO v26.9) - https:\/\/yoast.com\/product\/yoast-seo-premium-wordpress\/ -->\n<title>Justi\u00e7a bate o martelo em processo movido por Jorge Sampaoli, do Flamengo<\/title>\n<meta name=\"robots\" content=\"index, follow, max-snippet:-1, max-image-preview:large, max-video-preview:-1\" \/>\n<link rel=\"canonical\" href=\"https:\/\/www.gaveanews.com\/index.php\/2023\/06\/18\/justica-bate-o-martelo-em-processo-movido-por-jorge-sampaoli-do-flamengo\/\" \/>\n<meta property=\"og:locale\" content=\"pt_BR\" \/>\n<meta property=\"og:type\" content=\"article\" \/>\n<meta property=\"og:title\" content=\"Justi\u00e7a bate o martelo em processo movido por Jorge Sampaoli, do Flamengo\" \/>\n<meta property=\"og:description\" content=\"Ap\u00f3s o in\u00edcio dos tr\u00e2mites jur\u00eddicos, o processo envolvendo Neto e Sampaoli ganhou um desfecho. Atrav\u00e9s de decis\u00e3o da ju\u00edza Aparecida Correia, da 1\u00aa Vara Criminal do Foro Regional de Pinheiros, em S\u00e3o Paulo, o pedido de explica\u00e7\u00f5es aberto pelo treinador acabou sendo rejeitado. Isso porque o comandante do Flamengo j\u00e1 demonstrou que ficou ofendido, [&hellip;]\" \/>\n<meta property=\"og:url\" content=\"https:\/\/www.gaveanews.com\/index.php\/2023\/06\/18\/justica-bate-o-martelo-em-processo-movido-por-jorge-sampaoli-do-flamengo\/\" \/>\n<meta property=\"og:site_name\" content=\"G\u00e1vea News\" \/>\n<meta property=\"article:publisher\" content=\"https:\/\/facebook.com\/gaveaNews\/\" \/>\n<meta property=\"article:published_time\" content=\"2023-06-18T21:43:15+00:00\" \/>\n<meta property=\"article:modified_time\" content=\"2023-06-18T21:43:17+00:00\" \/>\n<meta property=\"og:image\" content=\"https:\/\/www.gaveanews.com\/wp-content\/uploads\/jorge-sampaoli-treino-flamengo.webp\" \/>\n\t<meta property=\"og:image:width\" content=\"900\" \/>\n\t<meta property=\"og:image:height\" content=\"600\" \/>\n\t<meta property=\"og:image:type\" content=\"image\/jpeg\" \/>\n<meta name=\"author\" content=\"Equipe G\u00e1vea News\" \/>\n<meta name=\"twitter:card\" content=\"summary_large_image\" \/>\n<meta name=\"twitter:label1\" content=\"Escrito por\" \/>\n\t<meta name=\"twitter:data1\" content=\"Equipe G\u00e1vea News\" \/>\n\t<meta name=\"twitter:label2\" content=\"Est. tempo de leitura\" \/>\n\t<meta name=\"twitter:data2\" content=\"3 minutos\" \/>\n<script type=\"application\/ld+json\" class=\"yoast-schema-graph\">{\"@context\":\"https:\/\/schema.org\",\"@graph\":[{\"@type\":\"NewsArticle\",\"@id\":\"https:\/\/www.gaveanews.com\/index.php\/2023\/06\/18\/justica-bate-o-martelo-em-processo-movido-por-jorge-sampaoli-do-flamengo\/#article\",\"isPartOf\":{\"@id\":\"https:\/\/www.gaveanews.com\/index.php\/2023\/06\/18\/justica-bate-o-martelo-em-processo-movido-por-jorge-sampaoli-do-flamengo\/\"},\"author\":{\"name\":\"Equipe G\u00e1vea News\",\"@id\":\"https:\/\/www.gaveanews.com\/#\/schema\/person\/2ec14f73fb96be2caf28f91afb14749d\"},\"headline\":\"Justi\u00e7a bate o martelo em processo movido por Jorge Sampaoli, do Flamengo\",\"datePublished\":\"2023-06-18T21:43:15+00:00\",\"dateModified\":\"2023-06-18T21:43:17+00:00\",\"mainEntityOfPage\":{\"@id\":\"https:\/\/www.gaveanews.com\/index.php\/2023\/06\/18\/justica-bate-o-martelo-em-processo-movido-por-jorge-sampaoli-do-flamengo\/\"},\"wordCount\":500,\"commentCount\":0,\"image\":{\"@id\":\"https:\/\/www.gaveanews.com\/index.php\/2023\/06\/18\/justica-bate-o-martelo-em-processo-movido-por-jorge-sampaoli-do-flamengo\/#primaryimage\"},\"thumbnailUrl\":\"https:\/\/www.gaveanews.com\/wp-content\/uploads\/jorge-sampaoli-treino-flamengo.webp\",\"articleSection\":[\"Flamengo\"],\"inLanguage\":\"pt-BR\",\"potentialAction\":[{\"@type\":\"CommentAction\",\"name\":\"Comment\",\"target\":[\"https:\/\/www.gaveanews.com\/index.php\/2023\/06\/18\/justica-bate-o-martelo-em-processo-movido-por-jorge-sampaoli-do-flamengo\/#respond\"]}],\"copyrightYear\":\"2023\",\"copyrightHolder\":{\"@id\":\"https:\/\/www.gaveanews.com\/#organization\"}},{\"@type\":\"WebPage\",\"@id\":\"https:\/\/www.gaveanews.com\/index.php\/2023\/06\/18\/justica-bate-o-martelo-em-processo-movido-por-jorge-sampaoli-do-flamengo\/\",\"url\":\"https:\/\/www.gaveanews.com\/index.php\/2023\/06\/18\/justica-bate-o-martelo-em-processo-movido-por-jorge-sampaoli-do-flamengo\/\",\"name\":\"Justi\u00e7a bate o martelo em processo movido por Jorge Sampaoli, do Flamengo\",\"isPartOf\":{\"@id\":\"https:\/\/www.gaveanews.com\/#website\"},\"primaryImageOfPage\":{\"@id\":\"https:\/\/www.gaveanews.com\/index.php\/2023\/06\/18\/justica-bate-o-martelo-em-processo-movido-por-jorge-sampaoli-do-flamengo\/#primaryimage\"},\"image\":{\"@id\":\"https:\/\/www.gaveanews.com\/index.php\/2023\/06\/18\/justica-bate-o-martelo-em-processo-movido-por-jorge-sampaoli-do-flamengo\/#primaryimage\"},\"thumbnailUrl\":\"https:\/\/www.gaveanews.com\/wp-content\/uploads\/jorge-sampaoli-treino-flamengo.webp\",\"datePublished\":\"2023-06-18T21:43:15+00:00\",\"dateModified\":\"2023-06-18T21:43:17+00:00\",\"author\":{\"@id\":\"https:\/\/www.gaveanews.com\/#\/schema\/person\/2ec14f73fb96be2caf28f91afb14749d\"},\"breadcrumb\":{\"@id\":\"https:\/\/www.gaveanews.com\/index.php\/2023\/06\/18\/justica-bate-o-martelo-em-processo-movido-por-jorge-sampaoli-do-flamengo\/#breadcrumb\"},\"inLanguage\":\"pt-BR\",\"potentialAction\":[{\"@type\":\"ReadAction\",\"target\":[\"https:\/\/www.gaveanews.com\/index.php\/2023\/06\/18\/justica-bate-o-martelo-em-processo-movido-por-jorge-sampaoli-do-flamengo\/\"]}]},{\"@type\":\"ImageObject\",\"inLanguage\":\"pt-BR\",\"@id\":\"https:\/\/www.gaveanews.com\/index.php\/2023\/06\/18\/justica-bate-o-martelo-em-processo-movido-por-jorge-sampaoli-do-flamengo\/#primaryimage\",\"url\":\"https:\/\/www.gaveanews.com\/wp-content\/uploads\/jorge-sampaoli-treino-flamengo.webp\",\"contentUrl\":\"https:\/\/www.gaveanews.com\/wp-content\/uploads\/jorge-sampaoli-treino-flamengo.webp\",\"width\":900,\"height\":600,\"caption\":\"Jorge Sampaoli em treino do Flamengo (Foto: Gilvan de Souza\/Flamengo)\"},{\"@type\":\"BreadcrumbList\",\"@id\":\"https:\/\/www.gaveanews.com\/index.php\/2023\/06\/18\/justica-bate-o-martelo-em-processo-movido-por-jorge-sampaoli-do-flamengo\/#breadcrumb\",\"itemListElement\":[{\"@type\":\"ListItem\",\"position\":1,\"name\":\"Home\",\"item\":\"https:\/\/www.gaveanews.com\/\"},{\"@type\":\"ListItem\",\"position\":2,\"name\":\"Justi\u00e7a bate o martelo em processo movido por Jorge Sampaoli, do Flamengo\"}]},{\"@type\":\"WebSite\",\"@id\":\"https:\/\/www.gaveanews.com\/#website\",\"url\":\"https:\/\/www.gaveanews.com\/\",\"name\":\"G\u00e1vea News\",\"description\":\"Veja todas as not\u00edcias sobre o Flamengo: Contrata\u00e7\u00f5es, categorias de base, resultados das partidas, tabela de classifica\u00e7\u00e3o, pr\u00f3ximos jogos!\",\"potentialAction\":[{\"@type\":\"SearchAction\",\"target\":{\"@type\":\"EntryPoint\",\"urlTemplate\":\"https:\/\/www.gaveanews.com\/?s={search_term_string}\"},\"query-input\":{\"@type\":\"PropertyValueSpecification\",\"valueRequired\":true,\"valueName\":\"search_term_string\"}}],\"inLanguage\":\"pt-BR\"},{\"@type\":\"Person\",\"@id\":\"https:\/\/www.gaveanews.com\/#\/schema\/person\/2ec14f73fb96be2caf28f91afb14749d\",\"name\":\"Equipe G\u00e1vea News\",\"image\":{\"@type\":\"ImageObject\",\"inLanguage\":\"pt-BR\",\"@id\":\"https:\/\/www.gaveanews.com\/#\/schema\/person\/image\/\",\"url\":\"https:\/\/secure.gravatar.com\/avatar\/1e1956f1facbffd3f8fa53a326721950116b3b9dc9bd44939c01180fd4a745a9?s=96&d=mm&r=g\",\"contentUrl\":\"https:\/\/secure.gravatar.com\/avatar\/1e1956f1facbffd3f8fa53a326721950116b3b9dc9bd44939c01180fd4a745a9?s=96&d=mm&r=g\",\"caption\":\"Equipe G\u00e1vea News\"}}]}<\/script>\n<!-- \/ Yoast SEO Premium plugin. -->","yoast_head_json":{"title":"Justi\u00e7a bate o martelo em processo movido por Jorge Sampaoli, do Flamengo","robots":{"index":"index","follow":"follow","max-snippet":"max-snippet:-1","max-image-preview":"max-image-preview:large","max-video-preview":"max-video-preview:-1"},"canonical":"https:\/\/www.gaveanews.com\/index.php\/2023\/06\/18\/justica-bate-o-martelo-em-processo-movido-por-jorge-sampaoli-do-flamengo\/","og_locale":"pt_BR","og_type":"article","og_title":"Justi\u00e7a bate o martelo em processo movido por Jorge Sampaoli, do Flamengo","og_description":"Ap\u00f3s o in\u00edcio dos tr\u00e2mites jur\u00eddicos, o processo envolvendo Neto e Sampaoli ganhou um desfecho. Atrav\u00e9s de decis\u00e3o da ju\u00edza Aparecida Correia, da 1\u00aa Vara Criminal do Foro Regional de Pinheiros, em S\u00e3o Paulo, o pedido de explica\u00e7\u00f5es aberto pelo treinador acabou sendo rejeitado. Isso porque o comandante do Flamengo j\u00e1 demonstrou que ficou ofendido, [&hellip;]","og_url":"https:\/\/www.gaveanews.com\/index.php\/2023\/06\/18\/justica-bate-o-martelo-em-processo-movido-por-jorge-sampaoli-do-flamengo\/","og_site_name":"G\u00e1vea News","article_publisher":"https:\/\/facebook.com\/gaveaNews\/","article_published_time":"2023-06-18T21:43:15+00:00","article_modified_time":"2023-06-18T21:43:17+00:00","og_image":[{"width":900,"height":600,"url":"https:\/\/www.gaveanews.com\/wp-content\/uploads\/jorge-sampaoli-treino-flamengo.webp","type":"image\/jpeg"}],"author":"Equipe G\u00e1vea News","twitter_card":"summary_large_image","twitter_misc":{"Escrito por":"Equipe G\u00e1vea News","Est. tempo de leitura":"3 minutos"},"schema":{"@context":"https:\/\/schema.org","@graph":[{"@type":"NewsArticle","@id":"https:\/\/www.gaveanews.com\/index.php\/2023\/06\/18\/justica-bate-o-martelo-em-processo-movido-por-jorge-sampaoli-do-flamengo\/#article","isPartOf":{"@id":"https:\/\/www.gaveanews.com\/index.php\/2023\/06\/18\/justica-bate-o-martelo-em-processo-movido-por-jorge-sampaoli-do-flamengo\/"},"author":{"name":"Equipe G\u00e1vea News","@id":"https:\/\/www.gaveanews.com\/#\/schema\/person\/2ec14f73fb96be2caf28f91afb14749d"},"headline":"Justi\u00e7a bate o martelo em processo movido por Jorge Sampaoli, do Flamengo","datePublished":"2023-06-18T21:43:15+00:00","dateModified":"2023-06-18T21:43:17+00:00","mainEntityOfPage":{"@id":"https:\/\/www.gaveanews.com\/index.php\/2023\/06\/18\/justica-bate-o-martelo-em-processo-movido-por-jorge-sampaoli-do-flamengo\/"},"wordCount":500,"commentCount":0,"image":{"@id":"https:\/\/www.gaveanews.com\/index.php\/2023\/06\/18\/justica-bate-o-martelo-em-processo-movido-por-jorge-sampaoli-do-flamengo\/#primaryimage"},"thumbnailUrl":"https:\/\/www.gaveanews.com\/wp-content\/uploads\/jorge-sampaoli-treino-flamengo.webp","articleSection":["Flamengo"],"inLanguage":"pt-BR","potentialAction":[{"@type":"CommentAction","name":"Comment","target":["https:\/\/www.gaveanews.com\/index.php\/2023\/06\/18\/justica-bate-o-martelo-em-processo-movido-por-jorge-sampaoli-do-flamengo\/#respond"]}],"copyrightYear":"2023","copyrightHolder":{"@id":"https:\/\/www.gaveanews.com\/#organization"}},{"@type":"WebPage","@id":"https:\/\/www.gaveanews.com\/index.php\/2023\/06\/18\/justica-bate-o-martelo-em-processo-movido-por-jorge-sampaoli-do-flamengo\/","url":"https:\/\/www.gaveanews.com\/index.php\/2023\/06\/18\/justica-bate-o-martelo-em-processo-movido-por-jorge-sampaoli-do-flamengo\/","name":"Justi\u00e7a bate o martelo em processo movido por Jorge Sampaoli, do Flamengo","isPartOf":{"@id":"https:\/\/www.gaveanews.com\/#website"},"primaryImageOfPage":{"@id":"https:\/\/www.gaveanews.com\/index.php\/2023\/06\/18\/justica-bate-o-martelo-em-processo-movido-por-jorge-sampaoli-do-flamengo\/#primaryimage"},"image":{"@id":"https:\/\/www.gaveanews.com\/index.php\/2023\/06\/18\/justica-bate-o-martelo-em-processo-movido-por-jorge-sampaoli-do-flamengo\/#primaryimage"},"thumbnailUrl":"https:\/\/www.gaveanews.com\/wp-content\/uploads\/jorge-sampaoli-treino-flamengo.webp","datePublished":"2023-06-18T21:43:15+00:00","dateModified":"2023-06-18T21:43:17+00:00","author":{"@id":"https:\/\/www.gaveanews.com\/#\/schema\/person\/2ec14f73fb96be2caf28f91afb14749d"},"breadcrumb":{"@id":"https:\/\/www.gaveanews.com\/index.php\/2023\/06\/18\/justica-bate-o-martelo-em-processo-movido-por-jorge-sampaoli-do-flamengo\/#breadcrumb"},"inLanguage":"pt-BR","potentialAction":[{"@type":"ReadAction","target":["https:\/\/www.gaveanews.com\/index.php\/2023\/06\/18\/justica-bate-o-martelo-em-processo-movido-por-jorge-sampaoli-do-flamengo\/"]}]},{"@type":"ImageObject","inLanguage":"pt-BR","@id":"https:\/\/www.gaveanews.com\/index.php\/2023\/06\/18\/justica-bate-o-martelo-em-processo-movido-por-jorge-sampaoli-do-flamengo\/#primaryimage","url":"https:\/\/www.gaveanews.com\/wp-content\/uploads\/jorge-sampaoli-treino-flamengo.webp","contentUrl":"https:\/\/www.gaveanews.com\/wp-content\/uploads\/jorge-sampaoli-treino-flamengo.webp","width":900,"height":600,"caption":"Jorge Sampaoli em treino do Flamengo (Foto: Gilvan de Souza\/Flamengo)"},{"@type":"BreadcrumbList","@id":"https:\/\/www.gaveanews.com\/index.php\/2023\/06\/18\/justica-bate-o-martelo-em-processo-movido-por-jorge-sampaoli-do-flamengo\/#breadcrumb","itemListElement":[{"@type":"ListItem","position":1,"name":"Home","item":"https:\/\/www.gaveanews.com\/"},{"@type":"ListItem","position":2,"name":"Justi\u00e7a bate o martelo em processo movido por Jorge Sampaoli, do Flamengo"}]},{"@type":"WebSite","@id":"https:\/\/www.gaveanews.com\/#website","url":"https:\/\/www.gaveanews.com\/","name":"G\u00e1vea News","description":"Veja todas as not\u00edcias sobre o Flamengo: Contrata\u00e7\u00f5es, categorias de base, resultados das partidas, tabela de classifica\u00e7\u00e3o, pr\u00f3ximos jogos!","potentialAction":[{"@type":"SearchAction","target":{"@type":"EntryPoint","urlTemplate":"https:\/\/www.gaveanews.com\/?s={search_term_string}"},"query-input":{"@type":"PropertyValueSpecification","valueRequired":true,"valueName":"search_term_string"}}],"inLanguage":"pt-BR"},{"@type":"Person","@id":"https:\/\/www.gaveanews.com\/#\/schema\/person\/2ec14f73fb96be2caf28f91afb14749d","name":"Equipe G\u00e1vea News","image":{"@type":"ImageObject","inLanguage":"pt-BR","@id":"https:\/\/www.gaveanews.com\/#\/schema\/person\/image\/","url":"https:\/\/secure.gravatar.com\/avatar\/1e1956f1facbffd3f8fa53a326721950116b3b9dc9bd44939c01180fd4a745a9?s=96&d=mm&r=g","contentUrl":"https:\/\/secure.gravatar.com\/avatar\/1e1956f1facbffd3f8fa53a326721950116b3b9dc9bd44939c01180fd4a745a9?s=96&d=mm&r=g","caption":"Equipe G\u00e1vea News"}}]}},"_links":{"self":[{"href":"https:\/\/www.gaveanews.com\/index.php\/wp-json\/wp\/v2\/posts\/100572","targetHints":{"allow":["GET"]}}],"collection":[{"href":"https:\/\/www.gaveanews.com\/index.php\/wp-json\/wp\/v2\/posts"}],"about":[{"href":"https:\/\/www.gaveanews.com\/index.php\/wp-json\/wp\/v2\/types\/post"}],"author":[{"embeddable":true,"href":"https:\/\/www.gaveanews.com\/index.php\/wp-json\/wp\/v2\/users\/1"}],"replies":[{"embeddable":true,"href":"https:\/\/www.gaveanews.com\/index.php\/wp-json\/wp\/v2\/comments?post=100572"}],"version-history":[{"count":0,"href":"https:\/\/www.gaveanews.com\/index.php\/wp-json\/wp\/v2\/posts\/100572\/revisions"}],"wp:featuredmedia":[{"embeddable":true,"href":"https:\/\/www.gaveanews.com\/index.php\/wp-json\/wp\/v2\/media\/97377"}],"wp:attachment":[{"href":"https:\/\/www.gaveanews.com\/index.php\/wp-json\/wp\/v2\/media?parent=100572"}],"wp:term":[{"taxonomy":"category","embeddable":true,"href":"https:\/\/www.gaveanews.com\/index.php\/wp-json\/wp\/v2\/categories?post=100572"},{"taxonomy":"post_tag","embeddable":true,"href":"https:\/\/www.gaveanews.com\/index.php\/wp-json\/wp\/v2\/tags?post=100572"}],"curies":[{"name":"wp","href":"https:\/\/api.w.org\/{rel}","templated":true}]}}