{"id":100582,"date":"2023-06-18T23:51:02","date_gmt":"2023-06-19T02:51:02","guid":{"rendered":"https:\/\/www.gaveanews.com\/?p=100582"},"modified":"2023-06-18T23:51:10","modified_gmt":"2023-06-19T02:51:10","slug":"jorge-sampaoli-cita-obrigacao-que-o-time-do-flamengo-tem-com-torcida-inegociavel","status":"publish","type":"post","link":"https:\/\/www.gaveanews.com\/index.php\/2023\/06\/18\/jorge-sampaoli-cita-obrigacao-que-o-time-do-flamengo-tem-com-torcida-inegociavel\/","title":{"rendered":"Jorge Sampaoli cita obriga\u00e7\u00e3o que o time do Flamengo tem com a torcida: &#8220;Inegoci\u00e1vel&#8221;"},"content":{"rendered":"\n<p>Jorge Sampaoli chegou ao Flamengo com uma expectativa alta: fazer o time imbat\u00edvel em 2023. At\u00e9 l\u00e1, o treinador tenta dar a sua cara ao time rubro-negro. E foi sincero quando teve de falar sobre o estilo que quer da equipe.<\/p>\n\n\n\n<p>Em entrevista \u00e0 Fla TV, o argentino relembrou um per\u00edodo em que Valdivia atuava no Palmeiras e que chamou sua aten\u00e7\u00e3o. Na ocasi\u00e3o, Sampaoli afirmou que via a torcida brasileira cobrar ra\u00e7a, achando que ter vontade era dar chute para para fora.<\/p>\n\n\n\n<p>O comandante recha\u00e7ou ter esse estilo no Flamengo e prometeu uma qualidade, algo que, segundo ele, \u00e9 inegoci\u00e1vel.<\/p>\n\n\n\n<p><em>\u2014 Quando era treinador da sele\u00e7\u00e3o chilena, assistia jogo do Valdivia aqui no Palmeiras, um jogador extraordin\u00e1rio que passou por aqui, mas eu me surpreendia em algumas vezes porque em alguns momentos a torcida pedia mais ra\u00e7a, e a ra\u00e7a era o jogador jogar a bola para fora do campo<\/em>, disse Sampaoli, para completar.<\/p>\n\n\n\n<p><em>\u2014 E eu quero trocar essa ideia, que a ra\u00e7a seja jogar futebol, que se animem em ter muito ataque, muito respeito pela bola. N\u00e3o quero que o time erre passe, que ceda a bola ao rival, n\u00e3o quero. A bola \u00e9 minha. A bola \u00e9 um elemento que eu amo em toda a minha vida, ent\u00e3o n\u00e3o quero que outro a tenha, quero ter a bola sempre.<\/em><\/p>\n\n\n\n<p><em>\u2014 Sou uma pessoa muito ambiciosa. Quero que o Flamengo seja maior ainda, sempre. Falei com o presidente (Rodolfo Landim), temos que fazer um time que tenha muita ambi\u00e7\u00e3o e seja respeitado no mundo todo. Esse \u00e9 o meu objetivo. Cada jogo ser\u00e1 com o mesmo sentimento, com a mesma ideia. Que a obriga\u00e7\u00e3o do time com a torcida seja jogar bem, jogar de uma forma. Para mim, isso \u00e9 inegoci\u00e1vel<\/em>, finalizou.<\/p>\n\n\n\n<p>Retirado de: ESPN<\/p>\n","protected":false},"excerpt":{"rendered":"<p>Jorge Sampaoli chegou ao Flamengo com uma expectativa alta: fazer o time imbat\u00edvel em 2023. At\u00e9 l\u00e1, o treinador tenta dar a sua cara ao time rubro-negro. E foi sincero quando teve de falar sobre o estilo que quer da equipe. Em entrevista \u00e0 Fla TV, o argentino relembrou um per\u00edodo em que Valdivia atuava [&hellip;]<\/p>\n","protected":false},"author":1,"featured_media":97379,"comment_status":"open","ping_status":"closed","sticky":false,"template":"","format":"standard","meta":{"footnotes":""},"categories":[1],"tags":[],"class_list":["post-100582","post","type-post","status-publish","format-standard","has-post-thumbnail","hentry","category-flamengo"],"yoast_head":"<!-- This site is optimized with the Yoast SEO Premium plugin v24.2 (Yoast SEO v26.9) - https:\/\/yoast.com\/product\/yoast-seo-premium-wordpress\/ -->\n<title>Jorge Sampaoli cita obriga\u00e7\u00e3o que o time do Flamengo tem com a torcida: &quot;Inegoci\u00e1vel&quot;<\/title>\n<meta name=\"robots\" content=\"index, follow, max-snippet:-1, max-image-preview:large, max-video-preview:-1\" \/>\n<link rel=\"canonical\" href=\"https:\/\/www.gaveanews.com\/index.php\/2023\/06\/18\/jorge-sampaoli-cita-obrigacao-que-o-time-do-flamengo-tem-com-torcida-inegociavel\/\" \/>\n<meta property=\"og:locale\" content=\"pt_BR\" \/>\n<meta property=\"og:type\" content=\"article\" \/>\n<meta property=\"og:title\" content=\"Jorge Sampaoli cita obriga\u00e7\u00e3o que o time do Flamengo tem com a torcida: &quot;Inegoci\u00e1vel&quot;\" \/>\n<meta property=\"og:description\" content=\"Jorge Sampaoli chegou ao Flamengo com uma expectativa alta: fazer o time imbat\u00edvel em 2023. At\u00e9 l\u00e1, o treinador tenta dar a sua cara ao time rubro-negro. E foi sincero quando teve de falar sobre o estilo que quer da equipe. Em entrevista \u00e0 Fla TV, o argentino relembrou um per\u00edodo em que Valdivia atuava [&hellip;]\" \/>\n<meta property=\"og:url\" content=\"https:\/\/www.gaveanews.com\/index.php\/2023\/06\/18\/jorge-sampaoli-cita-obrigacao-que-o-time-do-flamengo-tem-com-torcida-inegociavel\/\" \/>\n<meta property=\"og:site_name\" content=\"G\u00e1vea News\" \/>\n<meta property=\"article:publisher\" content=\"https:\/\/facebook.com\/gaveaNews\/\" \/>\n<meta property=\"article:published_time\" content=\"2023-06-19T02:51:02+00:00\" \/>\n<meta property=\"article:modified_time\" content=\"2023-06-19T02:51:10+00:00\" \/>\n<meta property=\"og:image\" content=\"https:\/\/www.gaveanews.com\/wp-content\/uploads\/jogadores-jorge-sampaoli-treino-flamengo.webp\" \/>\n\t<meta property=\"og:image:width\" content=\"900\" \/>\n\t<meta property=\"og:image:height\" content=\"600\" \/>\n\t<meta property=\"og:image:type\" content=\"image\/jpeg\" \/>\n<meta name=\"author\" content=\"Equipe G\u00e1vea News\" \/>\n<meta name=\"twitter:card\" content=\"summary_large_image\" \/>\n<meta name=\"twitter:label1\" content=\"Escrito por\" \/>\n\t<meta name=\"twitter:data1\" content=\"Equipe G\u00e1vea News\" \/>\n\t<meta name=\"twitter:label2\" content=\"Est. tempo de leitura\" \/>\n\t<meta name=\"twitter:data2\" content=\"2 minutos\" \/>\n<script type=\"application\/ld+json\" class=\"yoast-schema-graph\">{\"@context\":\"https:\/\/schema.org\",\"@graph\":[{\"@type\":\"NewsArticle\",\"@id\":\"https:\/\/www.gaveanews.com\/index.php\/2023\/06\/18\/jorge-sampaoli-cita-obrigacao-que-o-time-do-flamengo-tem-com-torcida-inegociavel\/#article\",\"isPartOf\":{\"@id\":\"https:\/\/www.gaveanews.com\/index.php\/2023\/06\/18\/jorge-sampaoli-cita-obrigacao-que-o-time-do-flamengo-tem-com-torcida-inegociavel\/\"},\"author\":{\"name\":\"Equipe G\u00e1vea News\",\"@id\":\"https:\/\/www.gaveanews.com\/#\/schema\/person\/2ec14f73fb96be2caf28f91afb14749d\"},\"headline\":\"Jorge Sampaoli cita obriga\u00e7\u00e3o que o time do Flamengo tem com a torcida: &#8220;Inegoci\u00e1vel&#8221;\",\"datePublished\":\"2023-06-19T02:51:02+00:00\",\"dateModified\":\"2023-06-19T02:51:10+00:00\",\"mainEntityOfPage\":{\"@id\":\"https:\/\/www.gaveanews.com\/index.php\/2023\/06\/18\/jorge-sampaoli-cita-obrigacao-que-o-time-do-flamengo-tem-com-torcida-inegociavel\/\"},\"wordCount\":323,\"commentCount\":0,\"image\":{\"@id\":\"https:\/\/www.gaveanews.com\/index.php\/2023\/06\/18\/jorge-sampaoli-cita-obrigacao-que-o-time-do-flamengo-tem-com-torcida-inegociavel\/#primaryimage\"},\"thumbnailUrl\":\"https:\/\/www.gaveanews.com\/wp-content\/uploads\/jogadores-jorge-sampaoli-treino-flamengo.webp\",\"articleSection\":[\"Flamengo\"],\"inLanguage\":\"pt-BR\",\"potentialAction\":[{\"@type\":\"CommentAction\",\"name\":\"Comment\",\"target\":[\"https:\/\/www.gaveanews.com\/index.php\/2023\/06\/18\/jorge-sampaoli-cita-obrigacao-que-o-time-do-flamengo-tem-com-torcida-inegociavel\/#respond\"]}],\"copyrightYear\":\"2023\",\"copyrightHolder\":{\"@id\":\"https:\/\/www.gaveanews.com\/#organization\"}},{\"@type\":\"WebPage\",\"@id\":\"https:\/\/www.gaveanews.com\/index.php\/2023\/06\/18\/jorge-sampaoli-cita-obrigacao-que-o-time-do-flamengo-tem-com-torcida-inegociavel\/\",\"url\":\"https:\/\/www.gaveanews.com\/index.php\/2023\/06\/18\/jorge-sampaoli-cita-obrigacao-que-o-time-do-flamengo-tem-com-torcida-inegociavel\/\",\"name\":\"Jorge Sampaoli cita obriga\u00e7\u00e3o que o time do Flamengo tem com a torcida: \\\"Inegoci\u00e1vel\\\"\",\"isPartOf\":{\"@id\":\"https:\/\/www.gaveanews.com\/#website\"},\"primaryImageOfPage\":{\"@id\":\"https:\/\/www.gaveanews.com\/index.php\/2023\/06\/18\/jorge-sampaoli-cita-obrigacao-que-o-time-do-flamengo-tem-com-torcida-inegociavel\/#primaryimage\"},\"image\":{\"@id\":\"https:\/\/www.gaveanews.com\/index.php\/2023\/06\/18\/jorge-sampaoli-cita-obrigacao-que-o-time-do-flamengo-tem-com-torcida-inegociavel\/#primaryimage\"},\"thumbnailUrl\":\"https:\/\/www.gaveanews.com\/wp-content\/uploads\/jogadores-jorge-sampaoli-treino-flamengo.webp\",\"datePublished\":\"2023-06-19T02:51:02+00:00\",\"dateModified\":\"2023-06-19T02:51:10+00:00\",\"author\":{\"@id\":\"https:\/\/www.gaveanews.com\/#\/schema\/person\/2ec14f73fb96be2caf28f91afb14749d\"},\"breadcrumb\":{\"@id\":\"https:\/\/www.gaveanews.com\/index.php\/2023\/06\/18\/jorge-sampaoli-cita-obrigacao-que-o-time-do-flamengo-tem-com-torcida-inegociavel\/#breadcrumb\"},\"inLanguage\":\"pt-BR\",\"potentialAction\":[{\"@type\":\"ReadAction\",\"target\":[\"https:\/\/www.gaveanews.com\/index.php\/2023\/06\/18\/jorge-sampaoli-cita-obrigacao-que-o-time-do-flamengo-tem-com-torcida-inegociavel\/\"]}]},{\"@type\":\"ImageObject\",\"inLanguage\":\"pt-BR\",\"@id\":\"https:\/\/www.gaveanews.com\/index.php\/2023\/06\/18\/jorge-sampaoli-cita-obrigacao-que-o-time-do-flamengo-tem-com-torcida-inegociavel\/#primaryimage\",\"url\":\"https:\/\/www.gaveanews.com\/wp-content\/uploads\/jogadores-jorge-sampaoli-treino-flamengo.webp\",\"contentUrl\":\"https:\/\/www.gaveanews.com\/wp-content\/uploads\/jogadores-jorge-sampaoli-treino-flamengo.webp\",\"width\":900,\"height\":600,\"caption\":\"Jogadores do Flamengo e comiss\u00e3o t\u00e9cnica de Sampaoli em treino no Ninho do Urubu (Foto: Gilvan de Souza\/Flamengo)\"},{\"@type\":\"BreadcrumbList\",\"@id\":\"https:\/\/www.gaveanews.com\/index.php\/2023\/06\/18\/jorge-sampaoli-cita-obrigacao-que-o-time-do-flamengo-tem-com-torcida-inegociavel\/#breadcrumb\",\"itemListElement\":[{\"@type\":\"ListItem\",\"position\":1,\"name\":\"Home\",\"item\":\"https:\/\/www.gaveanews.com\/\"},{\"@type\":\"ListItem\",\"position\":2,\"name\":\"Jorge Sampaoli cita obriga\u00e7\u00e3o que o time do Flamengo tem com a torcida: &#8220;Inegoci\u00e1vel&#8221;\"}]},{\"@type\":\"WebSite\",\"@id\":\"https:\/\/www.gaveanews.com\/#website\",\"url\":\"https:\/\/www.gaveanews.com\/\",\"name\":\"G\u00e1vea News\",\"description\":\"Veja todas as not\u00edcias sobre o Flamengo: Contrata\u00e7\u00f5es, categorias de base, resultados das partidas, tabela de classifica\u00e7\u00e3o, pr\u00f3ximos jogos!\",\"potentialAction\":[{\"@type\":\"SearchAction\",\"target\":{\"@type\":\"EntryPoint\",\"urlTemplate\":\"https:\/\/www.gaveanews.com\/?s={search_term_string}\"},\"query-input\":{\"@type\":\"PropertyValueSpecification\",\"valueRequired\":true,\"valueName\":\"search_term_string\"}}],\"inLanguage\":\"pt-BR\"},{\"@type\":\"Person\",\"@id\":\"https:\/\/www.gaveanews.com\/#\/schema\/person\/2ec14f73fb96be2caf28f91afb14749d\",\"name\":\"Equipe G\u00e1vea News\",\"image\":{\"@type\":\"ImageObject\",\"inLanguage\":\"pt-BR\",\"@id\":\"https:\/\/www.gaveanews.com\/#\/schema\/person\/image\/\",\"url\":\"https:\/\/secure.gravatar.com\/avatar\/1e1956f1facbffd3f8fa53a326721950116b3b9dc9bd44939c01180fd4a745a9?s=96&d=mm&r=g\",\"contentUrl\":\"https:\/\/secure.gravatar.com\/avatar\/1e1956f1facbffd3f8fa53a326721950116b3b9dc9bd44939c01180fd4a745a9?s=96&d=mm&r=g\",\"caption\":\"Equipe G\u00e1vea News\"}}]}<\/script>\n<!-- \/ Yoast SEO Premium plugin. -->","yoast_head_json":{"title":"Jorge Sampaoli cita obriga\u00e7\u00e3o que o time do Flamengo tem com a torcida: \"Inegoci\u00e1vel\"","robots":{"index":"index","follow":"follow","max-snippet":"max-snippet:-1","max-image-preview":"max-image-preview:large","max-video-preview":"max-video-preview:-1"},"canonical":"https:\/\/www.gaveanews.com\/index.php\/2023\/06\/18\/jorge-sampaoli-cita-obrigacao-que-o-time-do-flamengo-tem-com-torcida-inegociavel\/","og_locale":"pt_BR","og_type":"article","og_title":"Jorge Sampaoli cita obriga\u00e7\u00e3o que o time do Flamengo tem com a torcida: \"Inegoci\u00e1vel\"","og_description":"Jorge Sampaoli chegou ao Flamengo com uma expectativa alta: fazer o time imbat\u00edvel em 2023. At\u00e9 l\u00e1, o treinador tenta dar a sua cara ao time rubro-negro. E foi sincero quando teve de falar sobre o estilo que quer da equipe. Em entrevista \u00e0 Fla TV, o argentino relembrou um per\u00edodo em que Valdivia atuava [&hellip;]","og_url":"https:\/\/www.gaveanews.com\/index.php\/2023\/06\/18\/jorge-sampaoli-cita-obrigacao-que-o-time-do-flamengo-tem-com-torcida-inegociavel\/","og_site_name":"G\u00e1vea News","article_publisher":"https:\/\/facebook.com\/gaveaNews\/","article_published_time":"2023-06-19T02:51:02+00:00","article_modified_time":"2023-06-19T02:51:10+00:00","og_image":[{"width":900,"height":600,"url":"https:\/\/www.gaveanews.com\/wp-content\/uploads\/jogadores-jorge-sampaoli-treino-flamengo.webp","type":"image\/jpeg"}],"author":"Equipe G\u00e1vea News","twitter_card":"summary_large_image","twitter_misc":{"Escrito por":"Equipe G\u00e1vea News","Est. tempo de leitura":"2 minutos"},"schema":{"@context":"https:\/\/schema.org","@graph":[{"@type":"NewsArticle","@id":"https:\/\/www.gaveanews.com\/index.php\/2023\/06\/18\/jorge-sampaoli-cita-obrigacao-que-o-time-do-flamengo-tem-com-torcida-inegociavel\/#article","isPartOf":{"@id":"https:\/\/www.gaveanews.com\/index.php\/2023\/06\/18\/jorge-sampaoli-cita-obrigacao-que-o-time-do-flamengo-tem-com-torcida-inegociavel\/"},"author":{"name":"Equipe G\u00e1vea News","@id":"https:\/\/www.gaveanews.com\/#\/schema\/person\/2ec14f73fb96be2caf28f91afb14749d"},"headline":"Jorge Sampaoli cita obriga\u00e7\u00e3o que o time do Flamengo tem com a torcida: &#8220;Inegoci\u00e1vel&#8221;","datePublished":"2023-06-19T02:51:02+00:00","dateModified":"2023-06-19T02:51:10+00:00","mainEntityOfPage":{"@id":"https:\/\/www.gaveanews.com\/index.php\/2023\/06\/18\/jorge-sampaoli-cita-obrigacao-que-o-time-do-flamengo-tem-com-torcida-inegociavel\/"},"wordCount":323,"commentCount":0,"image":{"@id":"https:\/\/www.gaveanews.com\/index.php\/2023\/06\/18\/jorge-sampaoli-cita-obrigacao-que-o-time-do-flamengo-tem-com-torcida-inegociavel\/#primaryimage"},"thumbnailUrl":"https:\/\/www.gaveanews.com\/wp-content\/uploads\/jogadores-jorge-sampaoli-treino-flamengo.webp","articleSection":["Flamengo"],"inLanguage":"pt-BR","potentialAction":[{"@type":"CommentAction","name":"Comment","target":["https:\/\/www.gaveanews.com\/index.php\/2023\/06\/18\/jorge-sampaoli-cita-obrigacao-que-o-time-do-flamengo-tem-com-torcida-inegociavel\/#respond"]}],"copyrightYear":"2023","copyrightHolder":{"@id":"https:\/\/www.gaveanews.com\/#organization"}},{"@type":"WebPage","@id":"https:\/\/www.gaveanews.com\/index.php\/2023\/06\/18\/jorge-sampaoli-cita-obrigacao-que-o-time-do-flamengo-tem-com-torcida-inegociavel\/","url":"https:\/\/www.gaveanews.com\/index.php\/2023\/06\/18\/jorge-sampaoli-cita-obrigacao-que-o-time-do-flamengo-tem-com-torcida-inegociavel\/","name":"Jorge Sampaoli cita obriga\u00e7\u00e3o que o time do Flamengo tem com a torcida: \"Inegoci\u00e1vel\"","isPartOf":{"@id":"https:\/\/www.gaveanews.com\/#website"},"primaryImageOfPage":{"@id":"https:\/\/www.gaveanews.com\/index.php\/2023\/06\/18\/jorge-sampaoli-cita-obrigacao-que-o-time-do-flamengo-tem-com-torcida-inegociavel\/#primaryimage"},"image":{"@id":"https:\/\/www.gaveanews.com\/index.php\/2023\/06\/18\/jorge-sampaoli-cita-obrigacao-que-o-time-do-flamengo-tem-com-torcida-inegociavel\/#primaryimage"},"thumbnailUrl":"https:\/\/www.gaveanews.com\/wp-content\/uploads\/jogadores-jorge-sampaoli-treino-flamengo.webp","datePublished":"2023-06-19T02:51:02+00:00","dateModified":"2023-06-19T02:51:10+00:00","author":{"@id":"https:\/\/www.gaveanews.com\/#\/schema\/person\/2ec14f73fb96be2caf28f91afb14749d"},"breadcrumb":{"@id":"https:\/\/www.gaveanews.com\/index.php\/2023\/06\/18\/jorge-sampaoli-cita-obrigacao-que-o-time-do-flamengo-tem-com-torcida-inegociavel\/#breadcrumb"},"inLanguage":"pt-BR","potentialAction":[{"@type":"ReadAction","target":["https:\/\/www.gaveanews.com\/index.php\/2023\/06\/18\/jorge-sampaoli-cita-obrigacao-que-o-time-do-flamengo-tem-com-torcida-inegociavel\/"]}]},{"@type":"ImageObject","inLanguage":"pt-BR","@id":"https:\/\/www.gaveanews.com\/index.php\/2023\/06\/18\/jorge-sampaoli-cita-obrigacao-que-o-time-do-flamengo-tem-com-torcida-inegociavel\/#primaryimage","url":"https:\/\/www.gaveanews.com\/wp-content\/uploads\/jogadores-jorge-sampaoli-treino-flamengo.webp","contentUrl":"https:\/\/www.gaveanews.com\/wp-content\/uploads\/jogadores-jorge-sampaoli-treino-flamengo.webp","width":900,"height":600,"caption":"Jogadores do Flamengo e comiss\u00e3o t\u00e9cnica de Sampaoli em treino no Ninho do Urubu (Foto: Gilvan de Souza\/Flamengo)"},{"@type":"BreadcrumbList","@id":"https:\/\/www.gaveanews.com\/index.php\/2023\/06\/18\/jorge-sampaoli-cita-obrigacao-que-o-time-do-flamengo-tem-com-torcida-inegociavel\/#breadcrumb","itemListElement":[{"@type":"ListItem","position":1,"name":"Home","item":"https:\/\/www.gaveanews.com\/"},{"@type":"ListItem","position":2,"name":"Jorge Sampaoli cita obriga\u00e7\u00e3o que o time do Flamengo tem com a torcida: &#8220;Inegoci\u00e1vel&#8221;"}]},{"@type":"WebSite","@id":"https:\/\/www.gaveanews.com\/#website","url":"https:\/\/www.gaveanews.com\/","name":"G\u00e1vea News","description":"Veja todas as not\u00edcias sobre o Flamengo: Contrata\u00e7\u00f5es, categorias de base, resultados das partidas, tabela de classifica\u00e7\u00e3o, pr\u00f3ximos jogos!","potentialAction":[{"@type":"SearchAction","target":{"@type":"EntryPoint","urlTemplate":"https:\/\/www.gaveanews.com\/?s={search_term_string}"},"query-input":{"@type":"PropertyValueSpecification","valueRequired":true,"valueName":"search_term_string"}}],"inLanguage":"pt-BR"},{"@type":"Person","@id":"https:\/\/www.gaveanews.com\/#\/schema\/person\/2ec14f73fb96be2caf28f91afb14749d","name":"Equipe G\u00e1vea News","image":{"@type":"ImageObject","inLanguage":"pt-BR","@id":"https:\/\/www.gaveanews.com\/#\/schema\/person\/image\/","url":"https:\/\/secure.gravatar.com\/avatar\/1e1956f1facbffd3f8fa53a326721950116b3b9dc9bd44939c01180fd4a745a9?s=96&d=mm&r=g","contentUrl":"https:\/\/secure.gravatar.com\/avatar\/1e1956f1facbffd3f8fa53a326721950116b3b9dc9bd44939c01180fd4a745a9?s=96&d=mm&r=g","caption":"Equipe G\u00e1vea News"}}]}},"_links":{"self":[{"href":"https:\/\/www.gaveanews.com\/index.php\/wp-json\/wp\/v2\/posts\/100582","targetHints":{"allow":["GET"]}}],"collection":[{"href":"https:\/\/www.gaveanews.com\/index.php\/wp-json\/wp\/v2\/posts"}],"about":[{"href":"https:\/\/www.gaveanews.com\/index.php\/wp-json\/wp\/v2\/types\/post"}],"author":[{"embeddable":true,"href":"https:\/\/www.gaveanews.com\/index.php\/wp-json\/wp\/v2\/users\/1"}],"replies":[{"embeddable":true,"href":"https:\/\/www.gaveanews.com\/index.php\/wp-json\/wp\/v2\/comments?post=100582"}],"version-history":[{"count":0,"href":"https:\/\/www.gaveanews.com\/index.php\/wp-json\/wp\/v2\/posts\/100582\/revisions"}],"wp:featuredmedia":[{"embeddable":true,"href":"https:\/\/www.gaveanews.com\/index.php\/wp-json\/wp\/v2\/media\/97379"}],"wp:attachment":[{"href":"https:\/\/www.gaveanews.com\/index.php\/wp-json\/wp\/v2\/media?parent=100582"}],"wp:term":[{"taxonomy":"category","embeddable":true,"href":"https:\/\/www.gaveanews.com\/index.php\/wp-json\/wp\/v2\/categories?post=100582"},{"taxonomy":"post_tag","embeddable":true,"href":"https:\/\/www.gaveanews.com\/index.php\/wp-json\/wp\/v2\/tags?post=100582"}],"curies":[{"name":"wp","href":"https:\/\/api.w.org\/{rel}","templated":true}]}}