{"id":100596,"date":"2023-06-19T06:45:15","date_gmt":"2023-06-19T09:45:15","guid":{"rendered":"https:\/\/www.gaveanews.com\/?p=100596"},"modified":"2023-06-19T06:45:18","modified_gmt":"2023-06-19T09:45:18","slug":"empresario-e-direto-e-abre-o-jogo-sobre-possivel-retorno-de-santos-para-o-athletico-pr","status":"publish","type":"post","link":"https:\/\/www.gaveanews.com\/index.php\/2023\/06\/19\/empresario-e-direto-e-abre-o-jogo-sobre-possivel-retorno-de-santos-para-o-athletico-pr\/","title":{"rendered":"Empres\u00e1rio \u00e9 direto e abre o jogo sobre poss\u00edvel retorno de Santos para o Athletico-PR"},"content":{"rendered":"\n<p>A torcida do Athletico-PR viu uma reviravolta tomar conta do Clube nos \u00faltimos dias. Felip\u00e3o deixou o cargo de diretor t\u00e9cnico e aceitou o convite do Atl\u00e9tico-MG, para voltar a trabalhar como treinador. A sa\u00edda foi oficializada na sexta-feira (16). Logo em seguida, o Furac\u00e3o decidiu demitir Paulo Turra.<\/p>\n\n\n\n<p>O clube paranaense tem de buscar um novo rumo agora na temporada, sem diretor t\u00e9cnico e sem treinador. Trabalho \u00e1rduo para Alexandre Mattos. Mais que isso, o dirigente passa tem ainda outro desafio pela frente. Isso porque segundo a jornalista Nadja Mauad, o Benfica est\u00e1 interessado no goleiro Bento e prepara uma oferta girando em torno de 10 milh\u00f5es de euros (R$ 52 milh\u00f5es, na cota\u00e7\u00e3o atual) pelo jovem atleta.<\/p>\n\n\n\n<p>Com o jogador de 24 anos em alta na meta do Athletico e valorizado no mercado da bola, surgiram rumores recentemente dando conta de que a diretoria pode buscar uma solu\u00e7\u00e3o r\u00e1pida: a volta de Santos, hoje em baixa no Flamengo. Acontece que, neste domingo (18), a jornalista Raisa Simpl\u00edcio trouxe \u00e0 tona uma declara\u00e7\u00e3o do agente do arqueiro de 33 anos, descartando que haja conversas nesse sentido:<\/p>\n\n\n\n<p>\u201cEduardo Campelo, empres\u00e1rio do goleiro Santos, negou que tenha chegado proposta do Athletico pelo retorno do jogador. Ele ressaltou que neste momento n\u00e3o tem nada na mesa, nem do CAP e nem de nenhum outro clube. Tamb\u00e9m disse que as especula\u00e7\u00f5es s\u00e3o normais pela hist\u00f3ria que ele tem no clube. Diretoria rubro-negra (Flamengo) tamb\u00e9m n\u00e3o recebeu nada at\u00e9 o momento\u201d, cravou a rep\u00f3rter em uma rede social.<\/p>\n\n\n\n<p>Retirado de: Bolavip<\/p>\n","protected":false},"excerpt":{"rendered":"<p>A torcida do Athletico-PR viu uma reviravolta tomar conta do Clube nos \u00faltimos dias. Felip\u00e3o deixou o cargo de diretor t\u00e9cnico e aceitou o convite do Atl\u00e9tico-MG, para voltar a trabalhar como treinador. A sa\u00edda foi oficializada na sexta-feira (16). Logo em seguida, o Furac\u00e3o decidiu demitir Paulo Turra. O clube paranaense tem de buscar [&hellip;]<\/p>\n","protected":false},"author":6,"featured_media":100597,"comment_status":"open","ping_status":"closed","sticky":false,"template":"","format":"standard","meta":{"footnotes":""},"categories":[1],"tags":[],"class_list":["post-100596","post","type-post","status-publish","format-standard","has-post-thumbnail","hentry","category-flamengo"],"yoast_head":"<!-- This site is optimized with the Yoast SEO Premium plugin v24.2 (Yoast SEO v26.9) - https:\/\/yoast.com\/product\/yoast-seo-premium-wordpress\/ -->\n<title>Empres\u00e1rio \u00e9 direto e abre o jogo sobre poss\u00edvel retorno de Santos para o Athletico-PR<\/title>\n<meta name=\"robots\" content=\"index, follow, max-snippet:-1, max-image-preview:large, max-video-preview:-1\" \/>\n<link rel=\"canonical\" href=\"https:\/\/www.gaveanews.com\/index.php\/2023\/06\/19\/empresario-e-direto-e-abre-o-jogo-sobre-possivel-retorno-de-santos-para-o-athletico-pr\/\" \/>\n<meta property=\"og:locale\" content=\"pt_BR\" \/>\n<meta property=\"og:type\" content=\"article\" \/>\n<meta property=\"og:title\" content=\"Empres\u00e1rio \u00e9 direto e abre o jogo sobre poss\u00edvel retorno de Santos para o Athletico-PR\" \/>\n<meta property=\"og:description\" content=\"A torcida do Athletico-PR viu uma reviravolta tomar conta do Clube nos \u00faltimos dias. Felip\u00e3o deixou o cargo de diretor t\u00e9cnico e aceitou o convite do Atl\u00e9tico-MG, para voltar a trabalhar como treinador. A sa\u00edda foi oficializada na sexta-feira (16). Logo em seguida, o Furac\u00e3o decidiu demitir Paulo Turra. O clube paranaense tem de buscar [&hellip;]\" \/>\n<meta property=\"og:url\" content=\"https:\/\/www.gaveanews.com\/index.php\/2023\/06\/19\/empresario-e-direto-e-abre-o-jogo-sobre-possivel-retorno-de-santos-para-o-athletico-pr\/\" \/>\n<meta property=\"og:site_name\" content=\"G\u00e1vea News\" \/>\n<meta property=\"article:publisher\" content=\"https:\/\/facebook.com\/gaveaNews\/\" \/>\n<meta property=\"article:published_time\" content=\"2023-06-19T09:45:15+00:00\" \/>\n<meta property=\"article:modified_time\" content=\"2023-06-19T09:45:18+00:00\" \/>\n<meta property=\"og:image\" content=\"https:\/\/www.gaveanews.com\/wp-content\/uploads\/Santos.webp\" \/>\n\t<meta property=\"og:image:width\" content=\"845\" \/>\n\t<meta property=\"og:image:height\" content=\"475\" \/>\n\t<meta property=\"og:image:type\" content=\"image\/jpeg\" \/>\n<meta name=\"author\" content=\"Leonardo Ant\u00f4nio\" \/>\n<meta name=\"twitter:card\" content=\"summary_large_image\" \/>\n<meta name=\"twitter:label1\" content=\"Escrito por\" \/>\n\t<meta name=\"twitter:data1\" content=\"Leonardo Ant\u00f4nio\" \/>\n\t<meta name=\"twitter:label2\" content=\"Est. tempo de leitura\" \/>\n\t<meta name=\"twitter:data2\" content=\"2 minutos\" \/>\n<script type=\"application\/ld+json\" class=\"yoast-schema-graph\">{\"@context\":\"https:\/\/schema.org\",\"@graph\":[{\"@type\":\"NewsArticle\",\"@id\":\"https:\/\/www.gaveanews.com\/index.php\/2023\/06\/19\/empresario-e-direto-e-abre-o-jogo-sobre-possivel-retorno-de-santos-para-o-athletico-pr\/#article\",\"isPartOf\":{\"@id\":\"https:\/\/www.gaveanews.com\/index.php\/2023\/06\/19\/empresario-e-direto-e-abre-o-jogo-sobre-possivel-retorno-de-santos-para-o-athletico-pr\/\"},\"author\":{\"name\":\"Leonardo Ant\u00f4nio\",\"@id\":\"https:\/\/www.gaveanews.com\/#\/schema\/person\/2d29802e96a726e735077717fb5c6f20\"},\"headline\":\"Empres\u00e1rio \u00e9 direto e abre o jogo sobre poss\u00edvel retorno de Santos para o Athletico-PR\",\"datePublished\":\"2023-06-19T09:45:15+00:00\",\"dateModified\":\"2023-06-19T09:45:18+00:00\",\"mainEntityOfPage\":{\"@id\":\"https:\/\/www.gaveanews.com\/index.php\/2023\/06\/19\/empresario-e-direto-e-abre-o-jogo-sobre-possivel-retorno-de-santos-para-o-athletico-pr\/\"},\"wordCount\":288,\"commentCount\":0,\"image\":{\"@id\":\"https:\/\/www.gaveanews.com\/index.php\/2023\/06\/19\/empresario-e-direto-e-abre-o-jogo-sobre-possivel-retorno-de-santos-para-o-athletico-pr\/#primaryimage\"},\"thumbnailUrl\":\"https:\/\/www.gaveanews.com\/wp-content\/uploads\/Santos.webp\",\"articleSection\":[\"Flamengo\"],\"inLanguage\":\"pt-BR\",\"potentialAction\":[{\"@type\":\"CommentAction\",\"name\":\"Comment\",\"target\":[\"https:\/\/www.gaveanews.com\/index.php\/2023\/06\/19\/empresario-e-direto-e-abre-o-jogo-sobre-possivel-retorno-de-santos-para-o-athletico-pr\/#respond\"]}],\"copyrightYear\":\"2023\",\"copyrightHolder\":{\"@id\":\"https:\/\/www.gaveanews.com\/#organization\"}},{\"@type\":\"WebPage\",\"@id\":\"https:\/\/www.gaveanews.com\/index.php\/2023\/06\/19\/empresario-e-direto-e-abre-o-jogo-sobre-possivel-retorno-de-santos-para-o-athletico-pr\/\",\"url\":\"https:\/\/www.gaveanews.com\/index.php\/2023\/06\/19\/empresario-e-direto-e-abre-o-jogo-sobre-possivel-retorno-de-santos-para-o-athletico-pr\/\",\"name\":\"Empres\u00e1rio \u00e9 direto e abre o jogo sobre poss\u00edvel retorno de Santos para o Athletico-PR\",\"isPartOf\":{\"@id\":\"https:\/\/www.gaveanews.com\/#website\"},\"primaryImageOfPage\":{\"@id\":\"https:\/\/www.gaveanews.com\/index.php\/2023\/06\/19\/empresario-e-direto-e-abre-o-jogo-sobre-possivel-retorno-de-santos-para-o-athletico-pr\/#primaryimage\"},\"image\":{\"@id\":\"https:\/\/www.gaveanews.com\/index.php\/2023\/06\/19\/empresario-e-direto-e-abre-o-jogo-sobre-possivel-retorno-de-santos-para-o-athletico-pr\/#primaryimage\"},\"thumbnailUrl\":\"https:\/\/www.gaveanews.com\/wp-content\/uploads\/Santos.webp\",\"datePublished\":\"2023-06-19T09:45:15+00:00\",\"dateModified\":\"2023-06-19T09:45:18+00:00\",\"author\":{\"@id\":\"https:\/\/www.gaveanews.com\/#\/schema\/person\/2d29802e96a726e735077717fb5c6f20\"},\"breadcrumb\":{\"@id\":\"https:\/\/www.gaveanews.com\/index.php\/2023\/06\/19\/empresario-e-direto-e-abre-o-jogo-sobre-possivel-retorno-de-santos-para-o-athletico-pr\/#breadcrumb\"},\"inLanguage\":\"pt-BR\",\"potentialAction\":[{\"@type\":\"ReadAction\",\"target\":[\"https:\/\/www.gaveanews.com\/index.php\/2023\/06\/19\/empresario-e-direto-e-abre-o-jogo-sobre-possivel-retorno-de-santos-para-o-athletico-pr\/\"]}]},{\"@type\":\"ImageObject\",\"inLanguage\":\"pt-BR\",\"@id\":\"https:\/\/www.gaveanews.com\/index.php\/2023\/06\/19\/empresario-e-direto-e-abre-o-jogo-sobre-possivel-retorno-de-santos-para-o-athletico-pr\/#primaryimage\",\"url\":\"https:\/\/www.gaveanews.com\/wp-content\/uploads\/Santos.webp\",\"contentUrl\":\"https:\/\/www.gaveanews.com\/wp-content\/uploads\/Santos.webp\",\"width\":845,\"height\":475,\"caption\":\"Santos em a\u00e7\u00e3o pelo Flamengo (Foto: Gilvan de Souza\/Flamengo)\"},{\"@type\":\"BreadcrumbList\",\"@id\":\"https:\/\/www.gaveanews.com\/index.php\/2023\/06\/19\/empresario-e-direto-e-abre-o-jogo-sobre-possivel-retorno-de-santos-para-o-athletico-pr\/#breadcrumb\",\"itemListElement\":[{\"@type\":\"ListItem\",\"position\":1,\"name\":\"Home\",\"item\":\"https:\/\/www.gaveanews.com\/\"},{\"@type\":\"ListItem\",\"position\":2,\"name\":\"Empres\u00e1rio \u00e9 direto e abre o jogo sobre poss\u00edvel retorno de Santos para o Athletico-PR\"}]},{\"@type\":\"WebSite\",\"@id\":\"https:\/\/www.gaveanews.com\/#website\",\"url\":\"https:\/\/www.gaveanews.com\/\",\"name\":\"G\u00e1vea News\",\"description\":\"Veja todas as not\u00edcias sobre o Flamengo: Contrata\u00e7\u00f5es, categorias de base, resultados das partidas, tabela de classifica\u00e7\u00e3o, pr\u00f3ximos jogos!\",\"potentialAction\":[{\"@type\":\"SearchAction\",\"target\":{\"@type\":\"EntryPoint\",\"urlTemplate\":\"https:\/\/www.gaveanews.com\/?s={search_term_string}\"},\"query-input\":{\"@type\":\"PropertyValueSpecification\",\"valueRequired\":true,\"valueName\":\"search_term_string\"}}],\"inLanguage\":\"pt-BR\"},{\"@type\":\"Person\",\"@id\":\"https:\/\/www.gaveanews.com\/#\/schema\/person\/2d29802e96a726e735077717fb5c6f20\",\"name\":\"Leonardo Ant\u00f4nio\",\"image\":{\"@type\":\"ImageObject\",\"inLanguage\":\"pt-BR\",\"@id\":\"https:\/\/www.gaveanews.com\/#\/schema\/person\/image\/\",\"url\":\"https:\/\/secure.gravatar.com\/avatar\/b9ffc9ff64af5c915e7cb1824991ab1b4aa29b902a6a9a83be9d1c8ba449fce8?s=96&d=mm&r=g\",\"contentUrl\":\"https:\/\/secure.gravatar.com\/avatar\/b9ffc9ff64af5c915e7cb1824991ab1b4aa29b902a6a9a83be9d1c8ba449fce8?s=96&d=mm&r=g\",\"caption\":\"Leonardo Ant\u00f4nio\"}}]}<\/script>\n<!-- \/ Yoast SEO Premium plugin. -->","yoast_head_json":{"title":"Empres\u00e1rio \u00e9 direto e abre o jogo sobre poss\u00edvel retorno de Santos para o Athletico-PR","robots":{"index":"index","follow":"follow","max-snippet":"max-snippet:-1","max-image-preview":"max-image-preview:large","max-video-preview":"max-video-preview:-1"},"canonical":"https:\/\/www.gaveanews.com\/index.php\/2023\/06\/19\/empresario-e-direto-e-abre-o-jogo-sobre-possivel-retorno-de-santos-para-o-athletico-pr\/","og_locale":"pt_BR","og_type":"article","og_title":"Empres\u00e1rio \u00e9 direto e abre o jogo sobre poss\u00edvel retorno de Santos para o Athletico-PR","og_description":"A torcida do Athletico-PR viu uma reviravolta tomar conta do Clube nos \u00faltimos dias. Felip\u00e3o deixou o cargo de diretor t\u00e9cnico e aceitou o convite do Atl\u00e9tico-MG, para voltar a trabalhar como treinador. A sa\u00edda foi oficializada na sexta-feira (16). Logo em seguida, o Furac\u00e3o decidiu demitir Paulo Turra. O clube paranaense tem de buscar [&hellip;]","og_url":"https:\/\/www.gaveanews.com\/index.php\/2023\/06\/19\/empresario-e-direto-e-abre-o-jogo-sobre-possivel-retorno-de-santos-para-o-athletico-pr\/","og_site_name":"G\u00e1vea News","article_publisher":"https:\/\/facebook.com\/gaveaNews\/","article_published_time":"2023-06-19T09:45:15+00:00","article_modified_time":"2023-06-19T09:45:18+00:00","og_image":[{"width":845,"height":475,"url":"https:\/\/www.gaveanews.com\/wp-content\/uploads\/Santos.webp","type":"image\/jpeg"}],"author":"Leonardo Ant\u00f4nio","twitter_card":"summary_large_image","twitter_misc":{"Escrito por":"Leonardo Ant\u00f4nio","Est. tempo de leitura":"2 minutos"},"schema":{"@context":"https:\/\/schema.org","@graph":[{"@type":"NewsArticle","@id":"https:\/\/www.gaveanews.com\/index.php\/2023\/06\/19\/empresario-e-direto-e-abre-o-jogo-sobre-possivel-retorno-de-santos-para-o-athletico-pr\/#article","isPartOf":{"@id":"https:\/\/www.gaveanews.com\/index.php\/2023\/06\/19\/empresario-e-direto-e-abre-o-jogo-sobre-possivel-retorno-de-santos-para-o-athletico-pr\/"},"author":{"name":"Leonardo Ant\u00f4nio","@id":"https:\/\/www.gaveanews.com\/#\/schema\/person\/2d29802e96a726e735077717fb5c6f20"},"headline":"Empres\u00e1rio \u00e9 direto e abre o jogo sobre poss\u00edvel retorno de Santos para o Athletico-PR","datePublished":"2023-06-19T09:45:15+00:00","dateModified":"2023-06-19T09:45:18+00:00","mainEntityOfPage":{"@id":"https:\/\/www.gaveanews.com\/index.php\/2023\/06\/19\/empresario-e-direto-e-abre-o-jogo-sobre-possivel-retorno-de-santos-para-o-athletico-pr\/"},"wordCount":288,"commentCount":0,"image":{"@id":"https:\/\/www.gaveanews.com\/index.php\/2023\/06\/19\/empresario-e-direto-e-abre-o-jogo-sobre-possivel-retorno-de-santos-para-o-athletico-pr\/#primaryimage"},"thumbnailUrl":"https:\/\/www.gaveanews.com\/wp-content\/uploads\/Santos.webp","articleSection":["Flamengo"],"inLanguage":"pt-BR","potentialAction":[{"@type":"CommentAction","name":"Comment","target":["https:\/\/www.gaveanews.com\/index.php\/2023\/06\/19\/empresario-e-direto-e-abre-o-jogo-sobre-possivel-retorno-de-santos-para-o-athletico-pr\/#respond"]}],"copyrightYear":"2023","copyrightHolder":{"@id":"https:\/\/www.gaveanews.com\/#organization"}},{"@type":"WebPage","@id":"https:\/\/www.gaveanews.com\/index.php\/2023\/06\/19\/empresario-e-direto-e-abre-o-jogo-sobre-possivel-retorno-de-santos-para-o-athletico-pr\/","url":"https:\/\/www.gaveanews.com\/index.php\/2023\/06\/19\/empresario-e-direto-e-abre-o-jogo-sobre-possivel-retorno-de-santos-para-o-athletico-pr\/","name":"Empres\u00e1rio \u00e9 direto e abre o jogo sobre poss\u00edvel retorno de Santos para o Athletico-PR","isPartOf":{"@id":"https:\/\/www.gaveanews.com\/#website"},"primaryImageOfPage":{"@id":"https:\/\/www.gaveanews.com\/index.php\/2023\/06\/19\/empresario-e-direto-e-abre-o-jogo-sobre-possivel-retorno-de-santos-para-o-athletico-pr\/#primaryimage"},"image":{"@id":"https:\/\/www.gaveanews.com\/index.php\/2023\/06\/19\/empresario-e-direto-e-abre-o-jogo-sobre-possivel-retorno-de-santos-para-o-athletico-pr\/#primaryimage"},"thumbnailUrl":"https:\/\/www.gaveanews.com\/wp-content\/uploads\/Santos.webp","datePublished":"2023-06-19T09:45:15+00:00","dateModified":"2023-06-19T09:45:18+00:00","author":{"@id":"https:\/\/www.gaveanews.com\/#\/schema\/person\/2d29802e96a726e735077717fb5c6f20"},"breadcrumb":{"@id":"https:\/\/www.gaveanews.com\/index.php\/2023\/06\/19\/empresario-e-direto-e-abre-o-jogo-sobre-possivel-retorno-de-santos-para-o-athletico-pr\/#breadcrumb"},"inLanguage":"pt-BR","potentialAction":[{"@type":"ReadAction","target":["https:\/\/www.gaveanews.com\/index.php\/2023\/06\/19\/empresario-e-direto-e-abre-o-jogo-sobre-possivel-retorno-de-santos-para-o-athletico-pr\/"]}]},{"@type":"ImageObject","inLanguage":"pt-BR","@id":"https:\/\/www.gaveanews.com\/index.php\/2023\/06\/19\/empresario-e-direto-e-abre-o-jogo-sobre-possivel-retorno-de-santos-para-o-athletico-pr\/#primaryimage","url":"https:\/\/www.gaveanews.com\/wp-content\/uploads\/Santos.webp","contentUrl":"https:\/\/www.gaveanews.com\/wp-content\/uploads\/Santos.webp","width":845,"height":475,"caption":"Santos em a\u00e7\u00e3o pelo Flamengo (Foto: Gilvan de Souza\/Flamengo)"},{"@type":"BreadcrumbList","@id":"https:\/\/www.gaveanews.com\/index.php\/2023\/06\/19\/empresario-e-direto-e-abre-o-jogo-sobre-possivel-retorno-de-santos-para-o-athletico-pr\/#breadcrumb","itemListElement":[{"@type":"ListItem","position":1,"name":"Home","item":"https:\/\/www.gaveanews.com\/"},{"@type":"ListItem","position":2,"name":"Empres\u00e1rio \u00e9 direto e abre o jogo sobre poss\u00edvel retorno de Santos para o Athletico-PR"}]},{"@type":"WebSite","@id":"https:\/\/www.gaveanews.com\/#website","url":"https:\/\/www.gaveanews.com\/","name":"G\u00e1vea News","description":"Veja todas as not\u00edcias sobre o Flamengo: Contrata\u00e7\u00f5es, categorias de base, resultados das partidas, tabela de classifica\u00e7\u00e3o, pr\u00f3ximos jogos!","potentialAction":[{"@type":"SearchAction","target":{"@type":"EntryPoint","urlTemplate":"https:\/\/www.gaveanews.com\/?s={search_term_string}"},"query-input":{"@type":"PropertyValueSpecification","valueRequired":true,"valueName":"search_term_string"}}],"inLanguage":"pt-BR"},{"@type":"Person","@id":"https:\/\/www.gaveanews.com\/#\/schema\/person\/2d29802e96a726e735077717fb5c6f20","name":"Leonardo Ant\u00f4nio","image":{"@type":"ImageObject","inLanguage":"pt-BR","@id":"https:\/\/www.gaveanews.com\/#\/schema\/person\/image\/","url":"https:\/\/secure.gravatar.com\/avatar\/b9ffc9ff64af5c915e7cb1824991ab1b4aa29b902a6a9a83be9d1c8ba449fce8?s=96&d=mm&r=g","contentUrl":"https:\/\/secure.gravatar.com\/avatar\/b9ffc9ff64af5c915e7cb1824991ab1b4aa29b902a6a9a83be9d1c8ba449fce8?s=96&d=mm&r=g","caption":"Leonardo Ant\u00f4nio"}}]}},"_links":{"self":[{"href":"https:\/\/www.gaveanews.com\/index.php\/wp-json\/wp\/v2\/posts\/100596","targetHints":{"allow":["GET"]}}],"collection":[{"href":"https:\/\/www.gaveanews.com\/index.php\/wp-json\/wp\/v2\/posts"}],"about":[{"href":"https:\/\/www.gaveanews.com\/index.php\/wp-json\/wp\/v2\/types\/post"}],"author":[{"embeddable":true,"href":"https:\/\/www.gaveanews.com\/index.php\/wp-json\/wp\/v2\/users\/6"}],"replies":[{"embeddable":true,"href":"https:\/\/www.gaveanews.com\/index.php\/wp-json\/wp\/v2\/comments?post=100596"}],"version-history":[{"count":0,"href":"https:\/\/www.gaveanews.com\/index.php\/wp-json\/wp\/v2\/posts\/100596\/revisions"}],"wp:featuredmedia":[{"embeddable":true,"href":"https:\/\/www.gaveanews.com\/index.php\/wp-json\/wp\/v2\/media\/100597"}],"wp:attachment":[{"href":"https:\/\/www.gaveanews.com\/index.php\/wp-json\/wp\/v2\/media?parent=100596"}],"wp:term":[{"taxonomy":"category","embeddable":true,"href":"https:\/\/www.gaveanews.com\/index.php\/wp-json\/wp\/v2\/categories?post=100596"},{"taxonomy":"post_tag","embeddable":true,"href":"https:\/\/www.gaveanews.com\/index.php\/wp-json\/wp\/v2\/tags?post=100596"}],"curies":[{"name":"wp","href":"https:\/\/api.w.org\/{rel}","templated":true}]}}