{"id":100617,"date":"2023-06-19T10:15:00","date_gmt":"2023-06-19T13:15:00","guid":{"rendered":"https:\/\/www.gaveanews.com\/?p=100617"},"modified":"2023-06-19T10:16:42","modified_gmt":"2023-06-19T13:16:42","slug":"adversario-do-flamengo-na-copa-do-brasil-athletico-nao-tem-pressa-por-novo-tecnico-e-coloca-auxiliar-como-interino","status":"publish","type":"post","link":"https:\/\/www.gaveanews.com\/index.php\/2023\/06\/19\/adversario-do-flamengo-na-copa-do-brasil-athletico-nao-tem-pressa-por-novo-tecnico-e-coloca-auxiliar-como-interino\/","title":{"rendered":"Advers\u00e1rio do Flamengo na Copa do Brasil, Athletico n\u00e3o tem pressa por novo t\u00e9cnico e coloca auxiliar como interino"},"content":{"rendered":"\n<p>Furac\u00e3o avalia se procura dirigente para a vaga de Felip\u00e3o antes de ir ao mercado atr\u00e1s do substituto de Paulo Turra. Athletico encara o S\u00e3o Paulo na quarta-feira, pelo Brasileir\u00e3o.<\/p>\n\n\n\n<p>Ap\u00f3s a turbul\u00eancia na sexta-feira, o Athletico n\u00e3o tem pressa para contratar um novo t\u00e9cnico para o restante da temporada. Assim, o Furac\u00e3o ser\u00e1 comandado interinamente pelo auxiliar Wesley Carvalho.<\/p>\n\n\n\n<p>A sa\u00edda repentina de Felip\u00e3o como diretor para ser t\u00e9cnico do Atl\u00e9tico-MG e a consequente demiss\u00e3o de Paulo Turra deixaram um sinal de alerta nos bastidores. O clube n\u00e3o quer cometer erros e vai procurar um nome com calma no mercado.<\/p>\n\n\n\n<p>At\u00e9 mesmo antes do t\u00e9cnico, a diretoria atleticana avalia se busca um dirigente no mercado ou mant\u00e9m a estrutura atual. Com isso definido, o Athletico focar\u00e1 no futuro treinador.<\/p>\n\n\n\n<p>Alexandre Mattos, por exemplo, est\u00e1 na Espanha para tratar da venda do atacante Vitor Roque para o Barcelona e s\u00f3 deve retornar no final da semana. Mesmo da Europa, Mattos tratou de descartar Cuca, torcedor do clube, por ter &#8220;problemas particulares para resolver&#8221;. Ele deixou o Corinthians recentemente pela repercus\u00e3o da condena\u00e7\u00e3o por estupro em 1989, na Su\u00ed\u00e7a<\/p>\n\n\n\n<p>Com o afastamento do presidente Mario Celso Petraglia, o Furac\u00e3o est\u00e1 sendo comandado por um comit\u00ea: Aguinaldo Coelho de Farias (presidente interino), M\u00e1rcio Lara (diretor financeiro), Fernando Volpato (diretor de patrim\u00f4nio) e Rodrigo Gama Monteiro (diretor jur\u00eddico), al\u00e9m de Mattos.<\/p>\n\n\n\n<p>Vale lembrar que o Furac\u00e3o tem o Alianza Lima na \u00faltima rodada da fase de grupos da Libertadores em 27 de junho, com classifica\u00e7\u00e3o garantida para as oitavas, e as quartas de final da Copa do Brasil no come\u00e7o de julho diante do Flamengo.<\/p>\n\n\n\n<p>Enquanto o quinteto discute os pr\u00f3ximos passos, o time rubro-negro fica a cargo de Wesley Carvalho. Ele comandou o Furac\u00e3o como interino somente uma vez: na vit\u00f3ria por 1 a 0 diante do Cear\u00e1, pelo Brasileir\u00e3o de 2022, entre a sa\u00edda de F\u00e1bio Carille e a chegada de Felip\u00e3o.<\/p>\n\n\n\n<p>O auxiliar de 49 anos est\u00e1 no clube desde o ano passado e chegou com influ\u00eancia direta de Mattos. Carvalho estava acertado com a base do Santos e voltou atr\u00e1s ap\u00f3s o convite do dirigente &#8211; eles trabalharam juntos no Palmeiras.<\/p>\n\n\n\n<p>O profissional ficou conhecido pelos t\u00edtulos alviverdes do Brasileir\u00e3o e da Copa do Brasil, no sub-20. Ele ainda ajudou a concluir a forma\u00e7\u00e3o de atletas como Gabriel Menino, Patrick de Paula e Danilo.<\/p>\n\n\n\n<p>Em sua contrata\u00e7\u00e3o, ele foi o escolhido para ser o t\u00e9cnico do time de aspirantes no Paranaense 2022 depois da demiss\u00e3o de Jaimes Freitas. Carvalho, contudo, ficou pouco tempo no cargo, j\u00e1 que a diretoria optou por colocar o time principal na sequ\u00eancia do estadual, na \u00e9poca comandado por Alberto Valentim.<\/p>\n\n\n\n<p>O Athletico volta a campo contra o S\u00e3o Paulo na quarta-feira, \u00e0s 19h, no Morumbi, pela 11\u00aa rodada do Brasileir\u00e3o. O Furac\u00e3o ocupa a s\u00e9tima posi\u00e7\u00e3o, com 16 pontos.<\/p>\n\n\n\n<p>Retirado de: Globo Esporte<\/p>\n","protected":false},"excerpt":{"rendered":"<p>Furac\u00e3o avalia se procura dirigente para a vaga de Felip\u00e3o antes de ir ao mercado atr\u00e1s do substituto de Paulo Turra. Athletico encara o S\u00e3o Paulo na quarta-feira, pelo Brasileir\u00e3o. Ap\u00f3s a turbul\u00eancia na sexta-feira, o Athletico n\u00e3o tem pressa para contratar um novo t\u00e9cnico para o restante da temporada. Assim, o Furac\u00e3o ser\u00e1 comandado [&hellip;]<\/p>\n","protected":false},"author":6,"featured_media":100618,"comment_status":"open","ping_status":"closed","sticky":false,"template":"","format":"standard","meta":{"footnotes":""},"categories":[1],"tags":[],"class_list":["post-100617","post","type-post","status-publish","format-standard","has-post-thumbnail","hentry","category-flamengo"],"yoast_head":"<!-- This site is optimized with the Yoast SEO Premium plugin v24.2 (Yoast SEO v26.9) - https:\/\/yoast.com\/product\/yoast-seo-premium-wordpress\/ -->\n<title>Advers\u00e1rio do Flamengo na Copa do Brasil, Athletico n\u00e3o tem pressa por novo t\u00e9cnico e coloca auxiliar como interino<\/title>\n<meta name=\"robots\" content=\"index, follow, max-snippet:-1, max-image-preview:large, max-video-preview:-1\" \/>\n<link rel=\"canonical\" href=\"https:\/\/www.gaveanews.com\/index.php\/2023\/06\/19\/adversario-do-flamengo-na-copa-do-brasil-athletico-nao-tem-pressa-por-novo-tecnico-e-coloca-auxiliar-como-interino\/\" \/>\n<meta property=\"og:locale\" content=\"pt_BR\" \/>\n<meta property=\"og:type\" content=\"article\" \/>\n<meta property=\"og:title\" content=\"Advers\u00e1rio do Flamengo na Copa do Brasil, Athletico n\u00e3o tem pressa por novo t\u00e9cnico e coloca auxiliar como interino\" \/>\n<meta property=\"og:description\" content=\"Furac\u00e3o avalia se procura dirigente para a vaga de Felip\u00e3o antes de ir ao mercado atr\u00e1s do substituto de Paulo Turra. Athletico encara o S\u00e3o Paulo na quarta-feira, pelo Brasileir\u00e3o. Ap\u00f3s a turbul\u00eancia na sexta-feira, o Athletico n\u00e3o tem pressa para contratar um novo t\u00e9cnico para o restante da temporada. Assim, o Furac\u00e3o ser\u00e1 comandado [&hellip;]\" \/>\n<meta property=\"og:url\" content=\"https:\/\/www.gaveanews.com\/index.php\/2023\/06\/19\/adversario-do-flamengo-na-copa-do-brasil-athletico-nao-tem-pressa-por-novo-tecnico-e-coloca-auxiliar-como-interino\/\" \/>\n<meta property=\"og:site_name\" content=\"G\u00e1vea News\" \/>\n<meta property=\"article:publisher\" content=\"https:\/\/facebook.com\/gaveaNews\/\" \/>\n<meta property=\"article:published_time\" content=\"2023-06-19T13:15:00+00:00\" \/>\n<meta property=\"article:modified_time\" content=\"2023-06-19T13:16:42+00:00\" \/>\n<meta property=\"og:image\" content=\"https:\/\/www.gaveanews.com\/wp-content\/uploads\/wesley-carvalho.webp\" \/>\n\t<meta property=\"og:image:width\" content=\"984\" \/>\n\t<meta property=\"og:image:height\" content=\"567\" \/>\n\t<meta property=\"og:image:type\" content=\"image\/webp\" \/>\n<meta name=\"author\" content=\"Leonardo Ant\u00f4nio\" \/>\n<meta name=\"twitter:card\" content=\"summary_large_image\" \/>\n<meta name=\"twitter:label1\" content=\"Escrito por\" \/>\n\t<meta name=\"twitter:data1\" content=\"Leonardo Ant\u00f4nio\" \/>\n\t<meta name=\"twitter:label2\" content=\"Est. tempo de leitura\" \/>\n\t<meta name=\"twitter:data2\" content=\"3 minutos\" \/>\n<script type=\"application\/ld+json\" class=\"yoast-schema-graph\">{\"@context\":\"https:\/\/schema.org\",\"@graph\":[{\"@type\":\"NewsArticle\",\"@id\":\"https:\/\/www.gaveanews.com\/index.php\/2023\/06\/19\/adversario-do-flamengo-na-copa-do-brasil-athletico-nao-tem-pressa-por-novo-tecnico-e-coloca-auxiliar-como-interino\/#article\",\"isPartOf\":{\"@id\":\"https:\/\/www.gaveanews.com\/index.php\/2023\/06\/19\/adversario-do-flamengo-na-copa-do-brasil-athletico-nao-tem-pressa-por-novo-tecnico-e-coloca-auxiliar-como-interino\/\"},\"author\":{\"name\":\"Leonardo Ant\u00f4nio\",\"@id\":\"https:\/\/www.gaveanews.com\/#\/schema\/person\/2d29802e96a726e735077717fb5c6f20\"},\"headline\":\"Advers\u00e1rio do Flamengo na Copa do Brasil, Athletico n\u00e3o tem pressa por novo t\u00e9cnico e coloca auxiliar como interino\",\"datePublished\":\"2023-06-19T13:15:00+00:00\",\"dateModified\":\"2023-06-19T13:16:42+00:00\",\"mainEntityOfPage\":{\"@id\":\"https:\/\/www.gaveanews.com\/index.php\/2023\/06\/19\/adversario-do-flamengo-na-copa-do-brasil-athletico-nao-tem-pressa-por-novo-tecnico-e-coloca-auxiliar-como-interino\/\"},\"wordCount\":543,\"commentCount\":0,\"image\":{\"@id\":\"https:\/\/www.gaveanews.com\/index.php\/2023\/06\/19\/adversario-do-flamengo-na-copa-do-brasil-athletico-nao-tem-pressa-por-novo-tecnico-e-coloca-auxiliar-como-interino\/#primaryimage\"},\"thumbnailUrl\":\"https:\/\/www.gaveanews.com\/wp-content\/uploads\/wesley-carvalho.webp\",\"articleSection\":[\"Flamengo\"],\"inLanguage\":\"pt-BR\",\"potentialAction\":[{\"@type\":\"CommentAction\",\"name\":\"Comment\",\"target\":[\"https:\/\/www.gaveanews.com\/index.php\/2023\/06\/19\/adversario-do-flamengo-na-copa-do-brasil-athletico-nao-tem-pressa-por-novo-tecnico-e-coloca-auxiliar-como-interino\/#respond\"]}],\"copyrightYear\":\"2023\",\"copyrightHolder\":{\"@id\":\"https:\/\/www.gaveanews.com\/#organization\"}},{\"@type\":\"WebPage\",\"@id\":\"https:\/\/www.gaveanews.com\/index.php\/2023\/06\/19\/adversario-do-flamengo-na-copa-do-brasil-athletico-nao-tem-pressa-por-novo-tecnico-e-coloca-auxiliar-como-interino\/\",\"url\":\"https:\/\/www.gaveanews.com\/index.php\/2023\/06\/19\/adversario-do-flamengo-na-copa-do-brasil-athletico-nao-tem-pressa-por-novo-tecnico-e-coloca-auxiliar-como-interino\/\",\"name\":\"Advers\u00e1rio do Flamengo na Copa do Brasil, Athletico n\u00e3o tem pressa por novo t\u00e9cnico e coloca auxiliar como interino\",\"isPartOf\":{\"@id\":\"https:\/\/www.gaveanews.com\/#website\"},\"primaryImageOfPage\":{\"@id\":\"https:\/\/www.gaveanews.com\/index.php\/2023\/06\/19\/adversario-do-flamengo-na-copa-do-brasil-athletico-nao-tem-pressa-por-novo-tecnico-e-coloca-auxiliar-como-interino\/#primaryimage\"},\"image\":{\"@id\":\"https:\/\/www.gaveanews.com\/index.php\/2023\/06\/19\/adversario-do-flamengo-na-copa-do-brasil-athletico-nao-tem-pressa-por-novo-tecnico-e-coloca-auxiliar-como-interino\/#primaryimage\"},\"thumbnailUrl\":\"https:\/\/www.gaveanews.com\/wp-content\/uploads\/wesley-carvalho.webp\",\"datePublished\":\"2023-06-19T13:15:00+00:00\",\"dateModified\":\"2023-06-19T13:16:42+00:00\",\"author\":{\"@id\":\"https:\/\/www.gaveanews.com\/#\/schema\/person\/2d29802e96a726e735077717fb5c6f20\"},\"breadcrumb\":{\"@id\":\"https:\/\/www.gaveanews.com\/index.php\/2023\/06\/19\/adversario-do-flamengo-na-copa-do-brasil-athletico-nao-tem-pressa-por-novo-tecnico-e-coloca-auxiliar-como-interino\/#breadcrumb\"},\"inLanguage\":\"pt-BR\",\"potentialAction\":[{\"@type\":\"ReadAction\",\"target\":[\"https:\/\/www.gaveanews.com\/index.php\/2023\/06\/19\/adversario-do-flamengo-na-copa-do-brasil-athletico-nao-tem-pressa-por-novo-tecnico-e-coloca-auxiliar-como-interino\/\"]}]},{\"@type\":\"ImageObject\",\"inLanguage\":\"pt-BR\",\"@id\":\"https:\/\/www.gaveanews.com\/index.php\/2023\/06\/19\/adversario-do-flamengo-na-copa-do-brasil-athletico-nao-tem-pressa-por-novo-tecnico-e-coloca-auxiliar-como-interino\/#primaryimage\",\"url\":\"https:\/\/www.gaveanews.com\/wp-content\/uploads\/wesley-carvalho.webp\",\"contentUrl\":\"https:\/\/www.gaveanews.com\/wp-content\/uploads\/wesley-carvalho.webp\",\"width\":984,\"height\":567,\"caption\":\"Wesley Carvalho, auxiliar fixo do Athletico \u2014 Foto: Jos\u00e9 Tramontin\/Athletico\"},{\"@type\":\"BreadcrumbList\",\"@id\":\"https:\/\/www.gaveanews.com\/index.php\/2023\/06\/19\/adversario-do-flamengo-na-copa-do-brasil-athletico-nao-tem-pressa-por-novo-tecnico-e-coloca-auxiliar-como-interino\/#breadcrumb\",\"itemListElement\":[{\"@type\":\"ListItem\",\"position\":1,\"name\":\"Home\",\"item\":\"https:\/\/www.gaveanews.com\/\"},{\"@type\":\"ListItem\",\"position\":2,\"name\":\"Advers\u00e1rio do Flamengo na Copa do Brasil, Athletico n\u00e3o tem pressa por novo t\u00e9cnico e coloca auxiliar como interino\"}]},{\"@type\":\"WebSite\",\"@id\":\"https:\/\/www.gaveanews.com\/#website\",\"url\":\"https:\/\/www.gaveanews.com\/\",\"name\":\"G\u00e1vea News\",\"description\":\"Veja todas as not\u00edcias sobre o Flamengo: Contrata\u00e7\u00f5es, categorias de base, resultados das partidas, tabela de classifica\u00e7\u00e3o, pr\u00f3ximos jogos!\",\"potentialAction\":[{\"@type\":\"SearchAction\",\"target\":{\"@type\":\"EntryPoint\",\"urlTemplate\":\"https:\/\/www.gaveanews.com\/?s={search_term_string}\"},\"query-input\":{\"@type\":\"PropertyValueSpecification\",\"valueRequired\":true,\"valueName\":\"search_term_string\"}}],\"inLanguage\":\"pt-BR\"},{\"@type\":\"Person\",\"@id\":\"https:\/\/www.gaveanews.com\/#\/schema\/person\/2d29802e96a726e735077717fb5c6f20\",\"name\":\"Leonardo Ant\u00f4nio\",\"image\":{\"@type\":\"ImageObject\",\"inLanguage\":\"pt-BR\",\"@id\":\"https:\/\/www.gaveanews.com\/#\/schema\/person\/image\/\",\"url\":\"https:\/\/secure.gravatar.com\/avatar\/b9ffc9ff64af5c915e7cb1824991ab1b4aa29b902a6a9a83be9d1c8ba449fce8?s=96&d=mm&r=g\",\"contentUrl\":\"https:\/\/secure.gravatar.com\/avatar\/b9ffc9ff64af5c915e7cb1824991ab1b4aa29b902a6a9a83be9d1c8ba449fce8?s=96&d=mm&r=g\",\"caption\":\"Leonardo Ant\u00f4nio\"}}]}<\/script>\n<!-- \/ Yoast SEO Premium plugin. -->","yoast_head_json":{"title":"Advers\u00e1rio do Flamengo na Copa do Brasil, Athletico n\u00e3o tem pressa por novo t\u00e9cnico e coloca auxiliar como interino","robots":{"index":"index","follow":"follow","max-snippet":"max-snippet:-1","max-image-preview":"max-image-preview:large","max-video-preview":"max-video-preview:-1"},"canonical":"https:\/\/www.gaveanews.com\/index.php\/2023\/06\/19\/adversario-do-flamengo-na-copa-do-brasil-athletico-nao-tem-pressa-por-novo-tecnico-e-coloca-auxiliar-como-interino\/","og_locale":"pt_BR","og_type":"article","og_title":"Advers\u00e1rio do Flamengo na Copa do Brasil, Athletico n\u00e3o tem pressa por novo t\u00e9cnico e coloca auxiliar como interino","og_description":"Furac\u00e3o avalia se procura dirigente para a vaga de Felip\u00e3o antes de ir ao mercado atr\u00e1s do substituto de Paulo Turra. Athletico encara o S\u00e3o Paulo na quarta-feira, pelo Brasileir\u00e3o. Ap\u00f3s a turbul\u00eancia na sexta-feira, o Athletico n\u00e3o tem pressa para contratar um novo t\u00e9cnico para o restante da temporada. Assim, o Furac\u00e3o ser\u00e1 comandado [&hellip;]","og_url":"https:\/\/www.gaveanews.com\/index.php\/2023\/06\/19\/adversario-do-flamengo-na-copa-do-brasil-athletico-nao-tem-pressa-por-novo-tecnico-e-coloca-auxiliar-como-interino\/","og_site_name":"G\u00e1vea News","article_publisher":"https:\/\/facebook.com\/gaveaNews\/","article_published_time":"2023-06-19T13:15:00+00:00","article_modified_time":"2023-06-19T13:16:42+00:00","og_image":[{"width":984,"height":567,"url":"https:\/\/www.gaveanews.com\/wp-content\/uploads\/wesley-carvalho.webp","type":"image\/webp"}],"author":"Leonardo Ant\u00f4nio","twitter_card":"summary_large_image","twitter_misc":{"Escrito por":"Leonardo Ant\u00f4nio","Est. tempo de leitura":"3 minutos"},"schema":{"@context":"https:\/\/schema.org","@graph":[{"@type":"NewsArticle","@id":"https:\/\/www.gaveanews.com\/index.php\/2023\/06\/19\/adversario-do-flamengo-na-copa-do-brasil-athletico-nao-tem-pressa-por-novo-tecnico-e-coloca-auxiliar-como-interino\/#article","isPartOf":{"@id":"https:\/\/www.gaveanews.com\/index.php\/2023\/06\/19\/adversario-do-flamengo-na-copa-do-brasil-athletico-nao-tem-pressa-por-novo-tecnico-e-coloca-auxiliar-como-interino\/"},"author":{"name":"Leonardo Ant\u00f4nio","@id":"https:\/\/www.gaveanews.com\/#\/schema\/person\/2d29802e96a726e735077717fb5c6f20"},"headline":"Advers\u00e1rio do Flamengo na Copa do Brasil, Athletico n\u00e3o tem pressa por novo t\u00e9cnico e coloca auxiliar como interino","datePublished":"2023-06-19T13:15:00+00:00","dateModified":"2023-06-19T13:16:42+00:00","mainEntityOfPage":{"@id":"https:\/\/www.gaveanews.com\/index.php\/2023\/06\/19\/adversario-do-flamengo-na-copa-do-brasil-athletico-nao-tem-pressa-por-novo-tecnico-e-coloca-auxiliar-como-interino\/"},"wordCount":543,"commentCount":0,"image":{"@id":"https:\/\/www.gaveanews.com\/index.php\/2023\/06\/19\/adversario-do-flamengo-na-copa-do-brasil-athletico-nao-tem-pressa-por-novo-tecnico-e-coloca-auxiliar-como-interino\/#primaryimage"},"thumbnailUrl":"https:\/\/www.gaveanews.com\/wp-content\/uploads\/wesley-carvalho.webp","articleSection":["Flamengo"],"inLanguage":"pt-BR","potentialAction":[{"@type":"CommentAction","name":"Comment","target":["https:\/\/www.gaveanews.com\/index.php\/2023\/06\/19\/adversario-do-flamengo-na-copa-do-brasil-athletico-nao-tem-pressa-por-novo-tecnico-e-coloca-auxiliar-como-interino\/#respond"]}],"copyrightYear":"2023","copyrightHolder":{"@id":"https:\/\/www.gaveanews.com\/#organization"}},{"@type":"WebPage","@id":"https:\/\/www.gaveanews.com\/index.php\/2023\/06\/19\/adversario-do-flamengo-na-copa-do-brasil-athletico-nao-tem-pressa-por-novo-tecnico-e-coloca-auxiliar-como-interino\/","url":"https:\/\/www.gaveanews.com\/index.php\/2023\/06\/19\/adversario-do-flamengo-na-copa-do-brasil-athletico-nao-tem-pressa-por-novo-tecnico-e-coloca-auxiliar-como-interino\/","name":"Advers\u00e1rio do Flamengo na Copa do Brasil, Athletico n\u00e3o tem pressa por novo t\u00e9cnico e coloca auxiliar como interino","isPartOf":{"@id":"https:\/\/www.gaveanews.com\/#website"},"primaryImageOfPage":{"@id":"https:\/\/www.gaveanews.com\/index.php\/2023\/06\/19\/adversario-do-flamengo-na-copa-do-brasil-athletico-nao-tem-pressa-por-novo-tecnico-e-coloca-auxiliar-como-interino\/#primaryimage"},"image":{"@id":"https:\/\/www.gaveanews.com\/index.php\/2023\/06\/19\/adversario-do-flamengo-na-copa-do-brasil-athletico-nao-tem-pressa-por-novo-tecnico-e-coloca-auxiliar-como-interino\/#primaryimage"},"thumbnailUrl":"https:\/\/www.gaveanews.com\/wp-content\/uploads\/wesley-carvalho.webp","datePublished":"2023-06-19T13:15:00+00:00","dateModified":"2023-06-19T13:16:42+00:00","author":{"@id":"https:\/\/www.gaveanews.com\/#\/schema\/person\/2d29802e96a726e735077717fb5c6f20"},"breadcrumb":{"@id":"https:\/\/www.gaveanews.com\/index.php\/2023\/06\/19\/adversario-do-flamengo-na-copa-do-brasil-athletico-nao-tem-pressa-por-novo-tecnico-e-coloca-auxiliar-como-interino\/#breadcrumb"},"inLanguage":"pt-BR","potentialAction":[{"@type":"ReadAction","target":["https:\/\/www.gaveanews.com\/index.php\/2023\/06\/19\/adversario-do-flamengo-na-copa-do-brasil-athletico-nao-tem-pressa-por-novo-tecnico-e-coloca-auxiliar-como-interino\/"]}]},{"@type":"ImageObject","inLanguage":"pt-BR","@id":"https:\/\/www.gaveanews.com\/index.php\/2023\/06\/19\/adversario-do-flamengo-na-copa-do-brasil-athletico-nao-tem-pressa-por-novo-tecnico-e-coloca-auxiliar-como-interino\/#primaryimage","url":"https:\/\/www.gaveanews.com\/wp-content\/uploads\/wesley-carvalho.webp","contentUrl":"https:\/\/www.gaveanews.com\/wp-content\/uploads\/wesley-carvalho.webp","width":984,"height":567,"caption":"Wesley Carvalho, auxiliar fixo do Athletico \u2014 Foto: Jos\u00e9 Tramontin\/Athletico"},{"@type":"BreadcrumbList","@id":"https:\/\/www.gaveanews.com\/index.php\/2023\/06\/19\/adversario-do-flamengo-na-copa-do-brasil-athletico-nao-tem-pressa-por-novo-tecnico-e-coloca-auxiliar-como-interino\/#breadcrumb","itemListElement":[{"@type":"ListItem","position":1,"name":"Home","item":"https:\/\/www.gaveanews.com\/"},{"@type":"ListItem","position":2,"name":"Advers\u00e1rio do Flamengo na Copa do Brasil, Athletico n\u00e3o tem pressa por novo t\u00e9cnico e coloca auxiliar como interino"}]},{"@type":"WebSite","@id":"https:\/\/www.gaveanews.com\/#website","url":"https:\/\/www.gaveanews.com\/","name":"G\u00e1vea News","description":"Veja todas as not\u00edcias sobre o Flamengo: Contrata\u00e7\u00f5es, categorias de base, resultados das partidas, tabela de classifica\u00e7\u00e3o, pr\u00f3ximos jogos!","potentialAction":[{"@type":"SearchAction","target":{"@type":"EntryPoint","urlTemplate":"https:\/\/www.gaveanews.com\/?s={search_term_string}"},"query-input":{"@type":"PropertyValueSpecification","valueRequired":true,"valueName":"search_term_string"}}],"inLanguage":"pt-BR"},{"@type":"Person","@id":"https:\/\/www.gaveanews.com\/#\/schema\/person\/2d29802e96a726e735077717fb5c6f20","name":"Leonardo Ant\u00f4nio","image":{"@type":"ImageObject","inLanguage":"pt-BR","@id":"https:\/\/www.gaveanews.com\/#\/schema\/person\/image\/","url":"https:\/\/secure.gravatar.com\/avatar\/b9ffc9ff64af5c915e7cb1824991ab1b4aa29b902a6a9a83be9d1c8ba449fce8?s=96&d=mm&r=g","contentUrl":"https:\/\/secure.gravatar.com\/avatar\/b9ffc9ff64af5c915e7cb1824991ab1b4aa29b902a6a9a83be9d1c8ba449fce8?s=96&d=mm&r=g","caption":"Leonardo Ant\u00f4nio"}}]}},"_links":{"self":[{"href":"https:\/\/www.gaveanews.com\/index.php\/wp-json\/wp\/v2\/posts\/100617","targetHints":{"allow":["GET"]}}],"collection":[{"href":"https:\/\/www.gaveanews.com\/index.php\/wp-json\/wp\/v2\/posts"}],"about":[{"href":"https:\/\/www.gaveanews.com\/index.php\/wp-json\/wp\/v2\/types\/post"}],"author":[{"embeddable":true,"href":"https:\/\/www.gaveanews.com\/index.php\/wp-json\/wp\/v2\/users\/6"}],"replies":[{"embeddable":true,"href":"https:\/\/www.gaveanews.com\/index.php\/wp-json\/wp\/v2\/comments?post=100617"}],"version-history":[{"count":0,"href":"https:\/\/www.gaveanews.com\/index.php\/wp-json\/wp\/v2\/posts\/100617\/revisions"}],"wp:featuredmedia":[{"embeddable":true,"href":"https:\/\/www.gaveanews.com\/index.php\/wp-json\/wp\/v2\/media\/100618"}],"wp:attachment":[{"href":"https:\/\/www.gaveanews.com\/index.php\/wp-json\/wp\/v2\/media?parent=100617"}],"wp:term":[{"taxonomy":"category","embeddable":true,"href":"https:\/\/www.gaveanews.com\/index.php\/wp-json\/wp\/v2\/categories?post=100617"},{"taxonomy":"post_tag","embeddable":true,"href":"https:\/\/www.gaveanews.com\/index.php\/wp-json\/wp\/v2\/tags?post=100617"}],"curies":[{"name":"wp","href":"https:\/\/api.w.org\/{rel}","templated":true}]}}