{"id":100682,"date":"2023-06-19T20:06:35","date_gmt":"2023-06-19T23:06:35","guid":{"rendered":"https:\/\/www.gaveanews.com\/?p=100682"},"modified":"2023-06-19T20:07:51","modified_gmt":"2023-06-19T23:07:51","slug":"adeus-flamengo-rescinde-com-marinho","status":"publish","type":"post","link":"https:\/\/www.gaveanews.com\/index.php\/2023\/06\/19\/adeus-flamengo-rescinde-com-marinho\/","title":{"rendered":"Adeus! Flamengo rescinde com Marinho"},"content":{"rendered":"<p>Marinho assinou rescis\u00e3o amig\u00e1vel com o Flamengo e n\u00e3o \u00e9 mais jogador do clube. O acordo foi feito com o jur\u00eddico do Rubro-Negro nesta segunda-feira.<\/p>\n<p>Marinho receber\u00e1 as verbas rescis\u00f3rias previstas, f\u00e9rias proporcionais, 13\u00ba proporcional, mas n\u00e3o recebe o FGTS (Fundo de Garantia) com multa de 40% e sim de 20%.<\/p>\n<p>Atleta de 33 anos deixa o clube com 60 partidas, seis gols, nove assist\u00eancias e dois t\u00edtulos conquistados<\/p>\n<p>Retirado de: Globo Esporte<\/p>\n","protected":false},"excerpt":{"rendered":"<p>Marinho assinou rescis\u00e3o amig\u00e1vel com o Flamengo e n\u00e3o \u00e9 mais jogador do clube. O acordo foi feito com o jur\u00eddico do Rubro-Negro nesta segunda-feira. Marinho receber\u00e1 as verbas rescis\u00f3rias previstas, f\u00e9rias proporcionais, 13\u00ba proporcional, mas n\u00e3o recebe o FGTS (Fundo de Garantia) com multa de 40% e sim de 20%. Atleta de 33 anos [&hellip;]<\/p>\n","protected":false},"author":1,"featured_media":94557,"comment_status":"open","ping_status":"closed","sticky":false,"template":"","format":"standard","meta":{"footnotes":""},"categories":[48],"tags":[],"class_list":["post-100682","post","type-post","status-publish","format-standard","has-post-thumbnail","hentry","category-negociacoes"],"yoast_head":"<!-- This site is optimized with the Yoast SEO Premium plugin v24.2 (Yoast SEO v26.9) - https:\/\/yoast.com\/product\/yoast-seo-premium-wordpress\/ -->\n<title>Adeus! Flamengo rescinde com Marinho<\/title>\n<meta name=\"description\" content=\"Marinho assinou rescis\u00e3o com o Flamengo e n\u00e3o \u00e9 mais jogador do clube. O acordo foi feito com o jur\u00eddico do Rubro-Negro nesta segunda-feira.\" \/>\n<meta name=\"robots\" content=\"index, follow, max-snippet:-1, max-image-preview:large, max-video-preview:-1\" \/>\n<link rel=\"canonical\" href=\"https:\/\/www.gaveanews.com\/index.php\/2023\/06\/19\/adeus-flamengo-rescinde-com-marinho\/\" \/>\n<meta property=\"og:locale\" content=\"pt_BR\" \/>\n<meta property=\"og:type\" content=\"article\" \/>\n<meta property=\"og:title\" content=\"Adeus! Flamengo rescinde com Marinho\" \/>\n<meta property=\"og:description\" content=\"Marinho assinou rescis\u00e3o com o Flamengo e n\u00e3o \u00e9 mais jogador do clube. O acordo foi feito com o jur\u00eddico do Rubro-Negro nesta segunda-feira.\" \/>\n<meta property=\"og:url\" content=\"https:\/\/www.gaveanews.com\/index.php\/2023\/06\/19\/adeus-flamengo-rescinde-com-marinho\/\" \/>\n<meta property=\"og:site_name\" content=\"G\u00e1vea News\" \/>\n<meta property=\"article:publisher\" content=\"https:\/\/facebook.com\/gaveaNews\/\" \/>\n<meta property=\"article:published_time\" content=\"2023-06-19T23:06:35+00:00\" \/>\n<meta property=\"article:modified_time\" content=\"2023-06-19T23:07:51+00:00\" \/>\n<meta property=\"og:image\" content=\"https:\/\/www.gaveanews.com\/wp-content\/uploads\/marinho.webp\" \/>\n\t<meta property=\"og:image:width\" content=\"1395\" \/>\n\t<meta property=\"og:image:height\" content=\"1394\" \/>\n\t<meta property=\"og:image:type\" content=\"image\/jpeg\" \/>\n<meta name=\"author\" content=\"Equipe G\u00e1vea News\" \/>\n<meta name=\"twitter:card\" content=\"summary_large_image\" \/>\n<meta name=\"twitter:label1\" content=\"Escrito por\" \/>\n\t<meta name=\"twitter:data1\" content=\"Equipe G\u00e1vea News\" \/>\n\t<meta name=\"twitter:label2\" content=\"Est. tempo de leitura\" \/>\n\t<meta name=\"twitter:data2\" content=\"1 minuto\" \/>\n<script type=\"application\/ld+json\" class=\"yoast-schema-graph\">{\"@context\":\"https:\/\/schema.org\",\"@graph\":[{\"@type\":\"NewsArticle\",\"@id\":\"https:\/\/www.gaveanews.com\/index.php\/2023\/06\/19\/adeus-flamengo-rescinde-com-marinho\/#article\",\"isPartOf\":{\"@id\":\"https:\/\/www.gaveanews.com\/index.php\/2023\/06\/19\/adeus-flamengo-rescinde-com-marinho\/\"},\"author\":{\"name\":\"Equipe G\u00e1vea News\",\"@id\":\"https:\/\/www.gaveanews.com\/#\/schema\/person\/2ec14f73fb96be2caf28f91afb14749d\"},\"headline\":\"Adeus! Flamengo rescinde com Marinho\",\"datePublished\":\"2023-06-19T23:06:35+00:00\",\"dateModified\":\"2023-06-19T23:07:51+00:00\",\"mainEntityOfPage\":{\"@id\":\"https:\/\/www.gaveanews.com\/index.php\/2023\/06\/19\/adeus-flamengo-rescinde-com-marinho\/\"},\"wordCount\":81,\"commentCount\":0,\"image\":{\"@id\":\"https:\/\/www.gaveanews.com\/index.php\/2023\/06\/19\/adeus-flamengo-rescinde-com-marinho\/#primaryimage\"},\"thumbnailUrl\":\"https:\/\/www.gaveanews.com\/wp-content\/uploads\/marinho.webp\",\"articleSection\":[\"Negocia\u00e7\u00f5es\"],\"inLanguage\":\"pt-BR\",\"potentialAction\":[{\"@type\":\"CommentAction\",\"name\":\"Comment\",\"target\":[\"https:\/\/www.gaveanews.com\/index.php\/2023\/06\/19\/adeus-flamengo-rescinde-com-marinho\/#respond\"]}],\"copyrightYear\":\"2023\",\"copyrightHolder\":{\"@id\":\"https:\/\/www.gaveanews.com\/#organization\"}},{\"@type\":\"WebPage\",\"@id\":\"https:\/\/www.gaveanews.com\/index.php\/2023\/06\/19\/adeus-flamengo-rescinde-com-marinho\/\",\"url\":\"https:\/\/www.gaveanews.com\/index.php\/2023\/06\/19\/adeus-flamengo-rescinde-com-marinho\/\",\"name\":\"Adeus! Flamengo rescinde com Marinho\",\"isPartOf\":{\"@id\":\"https:\/\/www.gaveanews.com\/#website\"},\"primaryImageOfPage\":{\"@id\":\"https:\/\/www.gaveanews.com\/index.php\/2023\/06\/19\/adeus-flamengo-rescinde-com-marinho\/#primaryimage\"},\"image\":{\"@id\":\"https:\/\/www.gaveanews.com\/index.php\/2023\/06\/19\/adeus-flamengo-rescinde-com-marinho\/#primaryimage\"},\"thumbnailUrl\":\"https:\/\/www.gaveanews.com\/wp-content\/uploads\/marinho.webp\",\"datePublished\":\"2023-06-19T23:06:35+00:00\",\"dateModified\":\"2023-06-19T23:07:51+00:00\",\"author\":{\"@id\":\"https:\/\/www.gaveanews.com\/#\/schema\/person\/2ec14f73fb96be2caf28f91afb14749d\"},\"description\":\"Marinho assinou rescis\u00e3o com o Flamengo e n\u00e3o \u00e9 mais jogador do clube. O acordo foi feito com o jur\u00eddico do Rubro-Negro nesta segunda-feira.\",\"breadcrumb\":{\"@id\":\"https:\/\/www.gaveanews.com\/index.php\/2023\/06\/19\/adeus-flamengo-rescinde-com-marinho\/#breadcrumb\"},\"inLanguage\":\"pt-BR\",\"potentialAction\":[{\"@type\":\"ReadAction\",\"target\":[\"https:\/\/www.gaveanews.com\/index.php\/2023\/06\/19\/adeus-flamengo-rescinde-com-marinho\/\"]}]},{\"@type\":\"ImageObject\",\"inLanguage\":\"pt-BR\",\"@id\":\"https:\/\/www.gaveanews.com\/index.php\/2023\/06\/19\/adeus-flamengo-rescinde-com-marinho\/#primaryimage\",\"url\":\"https:\/\/www.gaveanews.com\/wp-content\/uploads\/marinho.webp\",\"contentUrl\":\"https:\/\/www.gaveanews.com\/wp-content\/uploads\/marinho.webp\",\"width\":1395,\"height\":1394,\"caption\":\"Marinho em treino do Flamengo (Foto: Marcelo Cortes\/Flamengo)\"},{\"@type\":\"BreadcrumbList\",\"@id\":\"https:\/\/www.gaveanews.com\/index.php\/2023\/06\/19\/adeus-flamengo-rescinde-com-marinho\/#breadcrumb\",\"itemListElement\":[{\"@type\":\"ListItem\",\"position\":1,\"name\":\"Home\",\"item\":\"https:\/\/www.gaveanews.com\/\"},{\"@type\":\"ListItem\",\"position\":2,\"name\":\"Adeus! Flamengo rescinde com Marinho\"}]},{\"@type\":\"WebSite\",\"@id\":\"https:\/\/www.gaveanews.com\/#website\",\"url\":\"https:\/\/www.gaveanews.com\/\",\"name\":\"G\u00e1vea News\",\"description\":\"Veja todas as not\u00edcias sobre o Flamengo: Contrata\u00e7\u00f5es, categorias de base, resultados das partidas, tabela de classifica\u00e7\u00e3o, pr\u00f3ximos jogos!\",\"potentialAction\":[{\"@type\":\"SearchAction\",\"target\":{\"@type\":\"EntryPoint\",\"urlTemplate\":\"https:\/\/www.gaveanews.com\/?s={search_term_string}\"},\"query-input\":{\"@type\":\"PropertyValueSpecification\",\"valueRequired\":true,\"valueName\":\"search_term_string\"}}],\"inLanguage\":\"pt-BR\"},{\"@type\":\"Person\",\"@id\":\"https:\/\/www.gaveanews.com\/#\/schema\/person\/2ec14f73fb96be2caf28f91afb14749d\",\"name\":\"Equipe G\u00e1vea News\",\"image\":{\"@type\":\"ImageObject\",\"inLanguage\":\"pt-BR\",\"@id\":\"https:\/\/www.gaveanews.com\/#\/schema\/person\/image\/\",\"url\":\"https:\/\/secure.gravatar.com\/avatar\/1e1956f1facbffd3f8fa53a326721950116b3b9dc9bd44939c01180fd4a745a9?s=96&d=mm&r=g\",\"contentUrl\":\"https:\/\/secure.gravatar.com\/avatar\/1e1956f1facbffd3f8fa53a326721950116b3b9dc9bd44939c01180fd4a745a9?s=96&d=mm&r=g\",\"caption\":\"Equipe G\u00e1vea News\"}}]}<\/script>\n<!-- \/ Yoast SEO Premium plugin. -->","yoast_head_json":{"title":"Adeus! Flamengo rescinde com Marinho","description":"Marinho assinou rescis\u00e3o com o Flamengo e n\u00e3o \u00e9 mais jogador do clube. O acordo foi feito com o jur\u00eddico do Rubro-Negro nesta segunda-feira.","robots":{"index":"index","follow":"follow","max-snippet":"max-snippet:-1","max-image-preview":"max-image-preview:large","max-video-preview":"max-video-preview:-1"},"canonical":"https:\/\/www.gaveanews.com\/index.php\/2023\/06\/19\/adeus-flamengo-rescinde-com-marinho\/","og_locale":"pt_BR","og_type":"article","og_title":"Adeus! Flamengo rescinde com Marinho","og_description":"Marinho assinou rescis\u00e3o com o Flamengo e n\u00e3o \u00e9 mais jogador do clube. O acordo foi feito com o jur\u00eddico do Rubro-Negro nesta segunda-feira.","og_url":"https:\/\/www.gaveanews.com\/index.php\/2023\/06\/19\/adeus-flamengo-rescinde-com-marinho\/","og_site_name":"G\u00e1vea News","article_publisher":"https:\/\/facebook.com\/gaveaNews\/","article_published_time":"2023-06-19T23:06:35+00:00","article_modified_time":"2023-06-19T23:07:51+00:00","og_image":[{"width":1395,"height":1394,"url":"https:\/\/www.gaveanews.com\/wp-content\/uploads\/marinho.webp","type":"image\/jpeg"}],"author":"Equipe G\u00e1vea News","twitter_card":"summary_large_image","twitter_misc":{"Escrito por":"Equipe G\u00e1vea News","Est. tempo de leitura":"1 minuto"},"schema":{"@context":"https:\/\/schema.org","@graph":[{"@type":"NewsArticle","@id":"https:\/\/www.gaveanews.com\/index.php\/2023\/06\/19\/adeus-flamengo-rescinde-com-marinho\/#article","isPartOf":{"@id":"https:\/\/www.gaveanews.com\/index.php\/2023\/06\/19\/adeus-flamengo-rescinde-com-marinho\/"},"author":{"name":"Equipe G\u00e1vea News","@id":"https:\/\/www.gaveanews.com\/#\/schema\/person\/2ec14f73fb96be2caf28f91afb14749d"},"headline":"Adeus! Flamengo rescinde com Marinho","datePublished":"2023-06-19T23:06:35+00:00","dateModified":"2023-06-19T23:07:51+00:00","mainEntityOfPage":{"@id":"https:\/\/www.gaveanews.com\/index.php\/2023\/06\/19\/adeus-flamengo-rescinde-com-marinho\/"},"wordCount":81,"commentCount":0,"image":{"@id":"https:\/\/www.gaveanews.com\/index.php\/2023\/06\/19\/adeus-flamengo-rescinde-com-marinho\/#primaryimage"},"thumbnailUrl":"https:\/\/www.gaveanews.com\/wp-content\/uploads\/marinho.webp","articleSection":["Negocia\u00e7\u00f5es"],"inLanguage":"pt-BR","potentialAction":[{"@type":"CommentAction","name":"Comment","target":["https:\/\/www.gaveanews.com\/index.php\/2023\/06\/19\/adeus-flamengo-rescinde-com-marinho\/#respond"]}],"copyrightYear":"2023","copyrightHolder":{"@id":"https:\/\/www.gaveanews.com\/#organization"}},{"@type":"WebPage","@id":"https:\/\/www.gaveanews.com\/index.php\/2023\/06\/19\/adeus-flamengo-rescinde-com-marinho\/","url":"https:\/\/www.gaveanews.com\/index.php\/2023\/06\/19\/adeus-flamengo-rescinde-com-marinho\/","name":"Adeus! Flamengo rescinde com Marinho","isPartOf":{"@id":"https:\/\/www.gaveanews.com\/#website"},"primaryImageOfPage":{"@id":"https:\/\/www.gaveanews.com\/index.php\/2023\/06\/19\/adeus-flamengo-rescinde-com-marinho\/#primaryimage"},"image":{"@id":"https:\/\/www.gaveanews.com\/index.php\/2023\/06\/19\/adeus-flamengo-rescinde-com-marinho\/#primaryimage"},"thumbnailUrl":"https:\/\/www.gaveanews.com\/wp-content\/uploads\/marinho.webp","datePublished":"2023-06-19T23:06:35+00:00","dateModified":"2023-06-19T23:07:51+00:00","author":{"@id":"https:\/\/www.gaveanews.com\/#\/schema\/person\/2ec14f73fb96be2caf28f91afb14749d"},"description":"Marinho assinou rescis\u00e3o com o Flamengo e n\u00e3o \u00e9 mais jogador do clube. O acordo foi feito com o jur\u00eddico do Rubro-Negro nesta segunda-feira.","breadcrumb":{"@id":"https:\/\/www.gaveanews.com\/index.php\/2023\/06\/19\/adeus-flamengo-rescinde-com-marinho\/#breadcrumb"},"inLanguage":"pt-BR","potentialAction":[{"@type":"ReadAction","target":["https:\/\/www.gaveanews.com\/index.php\/2023\/06\/19\/adeus-flamengo-rescinde-com-marinho\/"]}]},{"@type":"ImageObject","inLanguage":"pt-BR","@id":"https:\/\/www.gaveanews.com\/index.php\/2023\/06\/19\/adeus-flamengo-rescinde-com-marinho\/#primaryimage","url":"https:\/\/www.gaveanews.com\/wp-content\/uploads\/marinho.webp","contentUrl":"https:\/\/www.gaveanews.com\/wp-content\/uploads\/marinho.webp","width":1395,"height":1394,"caption":"Marinho em treino do Flamengo (Foto: Marcelo Cortes\/Flamengo)"},{"@type":"BreadcrumbList","@id":"https:\/\/www.gaveanews.com\/index.php\/2023\/06\/19\/adeus-flamengo-rescinde-com-marinho\/#breadcrumb","itemListElement":[{"@type":"ListItem","position":1,"name":"Home","item":"https:\/\/www.gaveanews.com\/"},{"@type":"ListItem","position":2,"name":"Adeus! Flamengo rescinde com Marinho"}]},{"@type":"WebSite","@id":"https:\/\/www.gaveanews.com\/#website","url":"https:\/\/www.gaveanews.com\/","name":"G\u00e1vea News","description":"Veja todas as not\u00edcias sobre o Flamengo: Contrata\u00e7\u00f5es, categorias de base, resultados das partidas, tabela de classifica\u00e7\u00e3o, pr\u00f3ximos jogos!","potentialAction":[{"@type":"SearchAction","target":{"@type":"EntryPoint","urlTemplate":"https:\/\/www.gaveanews.com\/?s={search_term_string}"},"query-input":{"@type":"PropertyValueSpecification","valueRequired":true,"valueName":"search_term_string"}}],"inLanguage":"pt-BR"},{"@type":"Person","@id":"https:\/\/www.gaveanews.com\/#\/schema\/person\/2ec14f73fb96be2caf28f91afb14749d","name":"Equipe G\u00e1vea News","image":{"@type":"ImageObject","inLanguage":"pt-BR","@id":"https:\/\/www.gaveanews.com\/#\/schema\/person\/image\/","url":"https:\/\/secure.gravatar.com\/avatar\/1e1956f1facbffd3f8fa53a326721950116b3b9dc9bd44939c01180fd4a745a9?s=96&d=mm&r=g","contentUrl":"https:\/\/secure.gravatar.com\/avatar\/1e1956f1facbffd3f8fa53a326721950116b3b9dc9bd44939c01180fd4a745a9?s=96&d=mm&r=g","caption":"Equipe G\u00e1vea News"}}]}},"_links":{"self":[{"href":"https:\/\/www.gaveanews.com\/index.php\/wp-json\/wp\/v2\/posts\/100682","targetHints":{"allow":["GET"]}}],"collection":[{"href":"https:\/\/www.gaveanews.com\/index.php\/wp-json\/wp\/v2\/posts"}],"about":[{"href":"https:\/\/www.gaveanews.com\/index.php\/wp-json\/wp\/v2\/types\/post"}],"author":[{"embeddable":true,"href":"https:\/\/www.gaveanews.com\/index.php\/wp-json\/wp\/v2\/users\/1"}],"replies":[{"embeddable":true,"href":"https:\/\/www.gaveanews.com\/index.php\/wp-json\/wp\/v2\/comments?post=100682"}],"version-history":[{"count":0,"href":"https:\/\/www.gaveanews.com\/index.php\/wp-json\/wp\/v2\/posts\/100682\/revisions"}],"wp:featuredmedia":[{"embeddable":true,"href":"https:\/\/www.gaveanews.com\/index.php\/wp-json\/wp\/v2\/media\/94557"}],"wp:attachment":[{"href":"https:\/\/www.gaveanews.com\/index.php\/wp-json\/wp\/v2\/media?parent=100682"}],"wp:term":[{"taxonomy":"category","embeddable":true,"href":"https:\/\/www.gaveanews.com\/index.php\/wp-json\/wp\/v2\/categories?post=100682"},{"taxonomy":"post_tag","embeddable":true,"href":"https:\/\/www.gaveanews.com\/index.php\/wp-json\/wp\/v2\/tags?post=100682"}],"curies":[{"name":"wp","href":"https:\/\/api.w.org\/{rel}","templated":true}]}}