{"id":100749,"date":"2023-06-20T14:43:34","date_gmt":"2023-06-20T17:43:34","guid":{"rendered":"https:\/\/www.gaveanews.com\/?p=100749"},"modified":"2023-06-20T14:43:36","modified_gmt":"2023-06-20T17:43:36","slug":"renata-fan-se-emociona-ao-confirmar-morte-de-parceiro-do-jogo-aberto-da-tv-bandeirantes","status":"publish","type":"post","link":"https:\/\/www.gaveanews.com\/index.php\/2023\/06\/20\/renata-fan-se-emociona-ao-confirmar-morte-de-parceiro-do-jogo-aberto-da-tv-bandeirantes\/","title":{"rendered":"Renata Fan se emociona ao confirmar morte de parceiro do Jogo Aberto, da TV Bandeirantes"},"content":{"rendered":"\n<p>A apresentadora Renata Fan, que comanda todas as manh\u00e3s o \u2018Jogo Aberto\u2018, na Band, embargou a voz ao confirmar a morte de um grande parceiro do programa, na edi\u00e7\u00e3o desta ter\u00e7a-feira (20).<\/p>\n\n\n\n<p>Diferente de como todos os telespectadores est\u00e3o acostumados, a atra\u00e7\u00e3o hoje foi um pouco menos alegre e muito mais emocionada, j\u00e1 que foi divulgada a morte do Paulo Roberto Martins, conhecido como Morsa, aos 78 anos de idade.<\/p>\n\n\n\n<p>Diante dessa situa\u00e7\u00e3o, a Band, e principalmente o Jogo Aberto, programa do qual o rapaz ficou durante anos ocupando um lugar na cadeira, fizeram homenagens, e Renata Fan n\u00e3o pode deixar de falar de seu companheiro.<\/p>\n\n\n\n<p>\u201cHoje \u00e9 uma ter\u00e7a-feira muito triste, muito dolorosa, para todo o time Jogo Aberto, porque n\u00f3s temos uma perda infinita. Uma pessoa que fez a hist\u00f3ria do programa, um grande profissional, um comentarista como poucos. Um amigo que eu constru\u00ed dentro da televis\u00e3o\u201d, disse ela.<\/p>\n\n\n<div class=\"wp-block-image\">\n<figure class=\"aligncenter size-large\"><img decoding=\"async\" src=\"https:\/\/stcotvfoco.com.br\/2023\/06\/paulo-roberto-martins-band.webp\" alt=\"\"\/><figcaption class=\"wp-element-caption\">Paulo Roberto Martins faleceu aos 78 anos de idade (Reprodu\u00e7\u00e3o: Band)<\/figcaption><\/figure>\n<\/div>\n\n\n<p>Antes de rodar um v\u00eddeo mostrando alguns momentos de Paulo Roberto Martins, a apresentadora confessou que n\u00e3o estava sendo um dia f\u00e1cil para comandar o programa, j\u00e1 que \u00e9 uma perda irrepar\u00e1vel.<\/p>\n\n\n\n<p>\u201cAqui para todos n\u00f3s \u00e9 muito complicado falar sobre isso, mas ao mesmo tempo Hoje, se n\u00e3o pudermos fazer o Jogo Aberto com tanta alegria, \u00e9 porque o nosso cora\u00e7\u00e3o est\u00e1 apertado e hoje sofre e sangra pela perda de algu\u00e9m que \u00e9 insubstitu\u00edvel\u201d, declarou Renata Fan.<\/p>\n\n\n\n<figure class=\"wp-block-image size-large\"><img decoding=\"async\" src=\"https:\/\/stcotvfoco.com.br\/2023\/06\/jogo-aberto-band.webp\" alt=\"\"\/><figcaption class=\"wp-element-caption\">Elenco do Jogo Aberto na \u00e9poca em que o jornalista fazia parte (Reprodu\u00e7\u00e3o: Band)<\/figcaption><\/figure>\n\n\n\n<p>Retirado de: TV Foco<\/p>\n","protected":false},"excerpt":{"rendered":"<p>A apresentadora Renata Fan, que comanda todas as manh\u00e3s o \u2018Jogo Aberto\u2018, na Band, embargou a voz ao confirmar a morte de um grande parceiro do programa, na edi\u00e7\u00e3o desta ter\u00e7a-feira (20). Diferente de como todos os telespectadores est\u00e3o acostumados, a atra\u00e7\u00e3o hoje foi um pouco menos alegre e muito mais emocionada, j\u00e1 que foi [&hellip;]<\/p>\n","protected":false},"author":1,"featured_media":31951,"comment_status":"open","ping_status":"closed","sticky":false,"template":"","format":"standard","meta":{"footnotes":""},"categories":[1],"tags":[],"class_list":["post-100749","post","type-post","status-publish","format-standard","has-post-thumbnail","hentry","category-flamengo"],"yoast_head":"<!-- This site is optimized with the Yoast SEO Premium plugin v24.2 (Yoast SEO v26.9) - https:\/\/yoast.com\/product\/yoast-seo-premium-wordpress\/ -->\n<title>Renata Fan se emociona ao confirmar morte de parceiro do Jogo Aberto, da TV Bandeirantes<\/title>\n<meta name=\"robots\" content=\"index, follow, max-snippet:-1, max-image-preview:large, max-video-preview:-1\" \/>\n<link rel=\"canonical\" href=\"https:\/\/www.gaveanews.com\/index.php\/2023\/06\/20\/renata-fan-se-emociona-ao-confirmar-morte-de-parceiro-do-jogo-aberto-da-tv-bandeirantes\/\" \/>\n<meta property=\"og:locale\" content=\"pt_BR\" \/>\n<meta property=\"og:type\" content=\"article\" \/>\n<meta property=\"og:title\" content=\"Renata Fan se emociona ao confirmar morte de parceiro do Jogo Aberto, da TV Bandeirantes\" \/>\n<meta property=\"og:description\" content=\"A apresentadora Renata Fan, que comanda todas as manh\u00e3s o \u2018Jogo Aberto\u2018, na Band, embargou a voz ao confirmar a morte de um grande parceiro do programa, na edi\u00e7\u00e3o desta ter\u00e7a-feira (20). Diferente de como todos os telespectadores est\u00e3o acostumados, a atra\u00e7\u00e3o hoje foi um pouco menos alegre e muito mais emocionada, j\u00e1 que foi [&hellip;]\" \/>\n<meta property=\"og:url\" content=\"https:\/\/www.gaveanews.com\/index.php\/2023\/06\/20\/renata-fan-se-emociona-ao-confirmar-morte-de-parceiro-do-jogo-aberto-da-tv-bandeirantes\/\" \/>\n<meta property=\"og:site_name\" content=\"G\u00e1vea News\" \/>\n<meta property=\"article:publisher\" content=\"https:\/\/facebook.com\/gaveaNews\/\" \/>\n<meta property=\"article:published_time\" content=\"2023-06-20T17:43:34+00:00\" \/>\n<meta property=\"article:modified_time\" content=\"2023-06-20T17:43:36+00:00\" \/>\n<meta property=\"og:image\" content=\"https:\/\/www.gaveanews.com\/wp-content\/uploads\/luto-o-que-e.webp\" \/>\n\t<meta property=\"og:image:width\" content=\"640\" \/>\n\t<meta property=\"og:image:height\" content=\"424\" \/>\n\t<meta property=\"og:image:type\" content=\"image\/jpeg\" \/>\n<meta name=\"author\" content=\"Equipe G\u00e1vea News\" \/>\n<meta name=\"twitter:card\" content=\"summary_large_image\" \/>\n<meta name=\"twitter:label1\" content=\"Escrito por\" \/>\n\t<meta name=\"twitter:data1\" content=\"Equipe G\u00e1vea News\" \/>\n\t<meta name=\"twitter:label2\" content=\"Est. tempo de leitura\" \/>\n\t<meta name=\"twitter:data2\" content=\"2 minutos\" \/>\n<script type=\"application\/ld+json\" class=\"yoast-schema-graph\">{\"@context\":\"https:\/\/schema.org\",\"@graph\":[{\"@type\":\"NewsArticle\",\"@id\":\"https:\/\/www.gaveanews.com\/index.php\/2023\/06\/20\/renata-fan-se-emociona-ao-confirmar-morte-de-parceiro-do-jogo-aberto-da-tv-bandeirantes\/#article\",\"isPartOf\":{\"@id\":\"https:\/\/www.gaveanews.com\/index.php\/2023\/06\/20\/renata-fan-se-emociona-ao-confirmar-morte-de-parceiro-do-jogo-aberto-da-tv-bandeirantes\/\"},\"author\":{\"name\":\"Equipe G\u00e1vea News\",\"@id\":\"https:\/\/www.gaveanews.com\/#\/schema\/person\/2ec14f73fb96be2caf28f91afb14749d\"},\"headline\":\"Renata Fan se emociona ao confirmar morte de parceiro do Jogo Aberto, da TV Bandeirantes\",\"datePublished\":\"2023-06-20T17:43:34+00:00\",\"dateModified\":\"2023-06-20T17:43:36+00:00\",\"mainEntityOfPage\":{\"@id\":\"https:\/\/www.gaveanews.com\/index.php\/2023\/06\/20\/renata-fan-se-emociona-ao-confirmar-morte-de-parceiro-do-jogo-aberto-da-tv-bandeirantes\/\"},\"wordCount\":288,\"commentCount\":0,\"image\":{\"@id\":\"https:\/\/www.gaveanews.com\/index.php\/2023\/06\/20\/renata-fan-se-emociona-ao-confirmar-morte-de-parceiro-do-jogo-aberto-da-tv-bandeirantes\/#primaryimage\"},\"thumbnailUrl\":\"https:\/\/www.gaveanews.com\/wp-content\/uploads\/luto-o-que-e.webp\",\"articleSection\":[\"Flamengo\"],\"inLanguage\":\"pt-BR\",\"potentialAction\":[{\"@type\":\"CommentAction\",\"name\":\"Comment\",\"target\":[\"https:\/\/www.gaveanews.com\/index.php\/2023\/06\/20\/renata-fan-se-emociona-ao-confirmar-morte-de-parceiro-do-jogo-aberto-da-tv-bandeirantes\/#respond\"]}],\"copyrightYear\":\"2023\",\"copyrightHolder\":{\"@id\":\"https:\/\/www.gaveanews.com\/#organization\"}},{\"@type\":\"WebPage\",\"@id\":\"https:\/\/www.gaveanews.com\/index.php\/2023\/06\/20\/renata-fan-se-emociona-ao-confirmar-morte-de-parceiro-do-jogo-aberto-da-tv-bandeirantes\/\",\"url\":\"https:\/\/www.gaveanews.com\/index.php\/2023\/06\/20\/renata-fan-se-emociona-ao-confirmar-morte-de-parceiro-do-jogo-aberto-da-tv-bandeirantes\/\",\"name\":\"Renata Fan se emociona ao confirmar morte de parceiro do Jogo Aberto, da TV Bandeirantes\",\"isPartOf\":{\"@id\":\"https:\/\/www.gaveanews.com\/#website\"},\"primaryImageOfPage\":{\"@id\":\"https:\/\/www.gaveanews.com\/index.php\/2023\/06\/20\/renata-fan-se-emociona-ao-confirmar-morte-de-parceiro-do-jogo-aberto-da-tv-bandeirantes\/#primaryimage\"},\"image\":{\"@id\":\"https:\/\/www.gaveanews.com\/index.php\/2023\/06\/20\/renata-fan-se-emociona-ao-confirmar-morte-de-parceiro-do-jogo-aberto-da-tv-bandeirantes\/#primaryimage\"},\"thumbnailUrl\":\"https:\/\/www.gaveanews.com\/wp-content\/uploads\/luto-o-que-e.webp\",\"datePublished\":\"2023-06-20T17:43:34+00:00\",\"dateModified\":\"2023-06-20T17:43:36+00:00\",\"author\":{\"@id\":\"https:\/\/www.gaveanews.com\/#\/schema\/person\/2ec14f73fb96be2caf28f91afb14749d\"},\"breadcrumb\":{\"@id\":\"https:\/\/www.gaveanews.com\/index.php\/2023\/06\/20\/renata-fan-se-emociona-ao-confirmar-morte-de-parceiro-do-jogo-aberto-da-tv-bandeirantes\/#breadcrumb\"},\"inLanguage\":\"pt-BR\",\"potentialAction\":[{\"@type\":\"ReadAction\",\"target\":[\"https:\/\/www.gaveanews.com\/index.php\/2023\/06\/20\/renata-fan-se-emociona-ao-confirmar-morte-de-parceiro-do-jogo-aberto-da-tv-bandeirantes\/\"]}]},{\"@type\":\"ImageObject\",\"inLanguage\":\"pt-BR\",\"@id\":\"https:\/\/www.gaveanews.com\/index.php\/2023\/06\/20\/renata-fan-se-emociona-ao-confirmar-morte-de-parceiro-do-jogo-aberto-da-tv-bandeirantes\/#primaryimage\",\"url\":\"https:\/\/www.gaveanews.com\/wp-content\/uploads\/luto-o-que-e.webp\",\"contentUrl\":\"https:\/\/www.gaveanews.com\/wp-content\/uploads\/luto-o-que-e.webp\",\"width\":640,\"height\":424},{\"@type\":\"BreadcrumbList\",\"@id\":\"https:\/\/www.gaveanews.com\/index.php\/2023\/06\/20\/renata-fan-se-emociona-ao-confirmar-morte-de-parceiro-do-jogo-aberto-da-tv-bandeirantes\/#breadcrumb\",\"itemListElement\":[{\"@type\":\"ListItem\",\"position\":1,\"name\":\"Home\",\"item\":\"https:\/\/www.gaveanews.com\/\"},{\"@type\":\"ListItem\",\"position\":2,\"name\":\"Renata Fan se emociona ao confirmar morte de parceiro do Jogo Aberto, da TV Bandeirantes\"}]},{\"@type\":\"WebSite\",\"@id\":\"https:\/\/www.gaveanews.com\/#website\",\"url\":\"https:\/\/www.gaveanews.com\/\",\"name\":\"G\u00e1vea News\",\"description\":\"Veja todas as not\u00edcias sobre o Flamengo: Contrata\u00e7\u00f5es, categorias de base, resultados das partidas, tabela de classifica\u00e7\u00e3o, pr\u00f3ximos jogos!\",\"potentialAction\":[{\"@type\":\"SearchAction\",\"target\":{\"@type\":\"EntryPoint\",\"urlTemplate\":\"https:\/\/www.gaveanews.com\/?s={search_term_string}\"},\"query-input\":{\"@type\":\"PropertyValueSpecification\",\"valueRequired\":true,\"valueName\":\"search_term_string\"}}],\"inLanguage\":\"pt-BR\"},{\"@type\":\"Person\",\"@id\":\"https:\/\/www.gaveanews.com\/#\/schema\/person\/2ec14f73fb96be2caf28f91afb14749d\",\"name\":\"Equipe G\u00e1vea News\",\"image\":{\"@type\":\"ImageObject\",\"inLanguage\":\"pt-BR\",\"@id\":\"https:\/\/www.gaveanews.com\/#\/schema\/person\/image\/\",\"url\":\"https:\/\/secure.gravatar.com\/avatar\/1e1956f1facbffd3f8fa53a326721950116b3b9dc9bd44939c01180fd4a745a9?s=96&d=mm&r=g\",\"contentUrl\":\"https:\/\/secure.gravatar.com\/avatar\/1e1956f1facbffd3f8fa53a326721950116b3b9dc9bd44939c01180fd4a745a9?s=96&d=mm&r=g\",\"caption\":\"Equipe G\u00e1vea News\"}}]}<\/script>\n<!-- \/ Yoast SEO Premium plugin. -->","yoast_head_json":{"title":"Renata Fan se emociona ao confirmar morte de parceiro do Jogo Aberto, da TV Bandeirantes","robots":{"index":"index","follow":"follow","max-snippet":"max-snippet:-1","max-image-preview":"max-image-preview:large","max-video-preview":"max-video-preview:-1"},"canonical":"https:\/\/www.gaveanews.com\/index.php\/2023\/06\/20\/renata-fan-se-emociona-ao-confirmar-morte-de-parceiro-do-jogo-aberto-da-tv-bandeirantes\/","og_locale":"pt_BR","og_type":"article","og_title":"Renata Fan se emociona ao confirmar morte de parceiro do Jogo Aberto, da TV Bandeirantes","og_description":"A apresentadora Renata Fan, que comanda todas as manh\u00e3s o \u2018Jogo Aberto\u2018, na Band, embargou a voz ao confirmar a morte de um grande parceiro do programa, na edi\u00e7\u00e3o desta ter\u00e7a-feira (20). Diferente de como todos os telespectadores est\u00e3o acostumados, a atra\u00e7\u00e3o hoje foi um pouco menos alegre e muito mais emocionada, j\u00e1 que foi [&hellip;]","og_url":"https:\/\/www.gaveanews.com\/index.php\/2023\/06\/20\/renata-fan-se-emociona-ao-confirmar-morte-de-parceiro-do-jogo-aberto-da-tv-bandeirantes\/","og_site_name":"G\u00e1vea News","article_publisher":"https:\/\/facebook.com\/gaveaNews\/","article_published_time":"2023-06-20T17:43:34+00:00","article_modified_time":"2023-06-20T17:43:36+00:00","og_image":[{"width":640,"height":424,"url":"https:\/\/www.gaveanews.com\/wp-content\/uploads\/luto-o-que-e.webp","type":"image\/jpeg"}],"author":"Equipe G\u00e1vea News","twitter_card":"summary_large_image","twitter_misc":{"Escrito por":"Equipe G\u00e1vea News","Est. tempo de leitura":"2 minutos"},"schema":{"@context":"https:\/\/schema.org","@graph":[{"@type":"NewsArticle","@id":"https:\/\/www.gaveanews.com\/index.php\/2023\/06\/20\/renata-fan-se-emociona-ao-confirmar-morte-de-parceiro-do-jogo-aberto-da-tv-bandeirantes\/#article","isPartOf":{"@id":"https:\/\/www.gaveanews.com\/index.php\/2023\/06\/20\/renata-fan-se-emociona-ao-confirmar-morte-de-parceiro-do-jogo-aberto-da-tv-bandeirantes\/"},"author":{"name":"Equipe G\u00e1vea News","@id":"https:\/\/www.gaveanews.com\/#\/schema\/person\/2ec14f73fb96be2caf28f91afb14749d"},"headline":"Renata Fan se emociona ao confirmar morte de parceiro do Jogo Aberto, da TV Bandeirantes","datePublished":"2023-06-20T17:43:34+00:00","dateModified":"2023-06-20T17:43:36+00:00","mainEntityOfPage":{"@id":"https:\/\/www.gaveanews.com\/index.php\/2023\/06\/20\/renata-fan-se-emociona-ao-confirmar-morte-de-parceiro-do-jogo-aberto-da-tv-bandeirantes\/"},"wordCount":288,"commentCount":0,"image":{"@id":"https:\/\/www.gaveanews.com\/index.php\/2023\/06\/20\/renata-fan-se-emociona-ao-confirmar-morte-de-parceiro-do-jogo-aberto-da-tv-bandeirantes\/#primaryimage"},"thumbnailUrl":"https:\/\/www.gaveanews.com\/wp-content\/uploads\/luto-o-que-e.webp","articleSection":["Flamengo"],"inLanguage":"pt-BR","potentialAction":[{"@type":"CommentAction","name":"Comment","target":["https:\/\/www.gaveanews.com\/index.php\/2023\/06\/20\/renata-fan-se-emociona-ao-confirmar-morte-de-parceiro-do-jogo-aberto-da-tv-bandeirantes\/#respond"]}],"copyrightYear":"2023","copyrightHolder":{"@id":"https:\/\/www.gaveanews.com\/#organization"}},{"@type":"WebPage","@id":"https:\/\/www.gaveanews.com\/index.php\/2023\/06\/20\/renata-fan-se-emociona-ao-confirmar-morte-de-parceiro-do-jogo-aberto-da-tv-bandeirantes\/","url":"https:\/\/www.gaveanews.com\/index.php\/2023\/06\/20\/renata-fan-se-emociona-ao-confirmar-morte-de-parceiro-do-jogo-aberto-da-tv-bandeirantes\/","name":"Renata Fan se emociona ao confirmar morte de parceiro do Jogo Aberto, da TV Bandeirantes","isPartOf":{"@id":"https:\/\/www.gaveanews.com\/#website"},"primaryImageOfPage":{"@id":"https:\/\/www.gaveanews.com\/index.php\/2023\/06\/20\/renata-fan-se-emociona-ao-confirmar-morte-de-parceiro-do-jogo-aberto-da-tv-bandeirantes\/#primaryimage"},"image":{"@id":"https:\/\/www.gaveanews.com\/index.php\/2023\/06\/20\/renata-fan-se-emociona-ao-confirmar-morte-de-parceiro-do-jogo-aberto-da-tv-bandeirantes\/#primaryimage"},"thumbnailUrl":"https:\/\/www.gaveanews.com\/wp-content\/uploads\/luto-o-que-e.webp","datePublished":"2023-06-20T17:43:34+00:00","dateModified":"2023-06-20T17:43:36+00:00","author":{"@id":"https:\/\/www.gaveanews.com\/#\/schema\/person\/2ec14f73fb96be2caf28f91afb14749d"},"breadcrumb":{"@id":"https:\/\/www.gaveanews.com\/index.php\/2023\/06\/20\/renata-fan-se-emociona-ao-confirmar-morte-de-parceiro-do-jogo-aberto-da-tv-bandeirantes\/#breadcrumb"},"inLanguage":"pt-BR","potentialAction":[{"@type":"ReadAction","target":["https:\/\/www.gaveanews.com\/index.php\/2023\/06\/20\/renata-fan-se-emociona-ao-confirmar-morte-de-parceiro-do-jogo-aberto-da-tv-bandeirantes\/"]}]},{"@type":"ImageObject","inLanguage":"pt-BR","@id":"https:\/\/www.gaveanews.com\/index.php\/2023\/06\/20\/renata-fan-se-emociona-ao-confirmar-morte-de-parceiro-do-jogo-aberto-da-tv-bandeirantes\/#primaryimage","url":"https:\/\/www.gaveanews.com\/wp-content\/uploads\/luto-o-que-e.webp","contentUrl":"https:\/\/www.gaveanews.com\/wp-content\/uploads\/luto-o-que-e.webp","width":640,"height":424},{"@type":"BreadcrumbList","@id":"https:\/\/www.gaveanews.com\/index.php\/2023\/06\/20\/renata-fan-se-emociona-ao-confirmar-morte-de-parceiro-do-jogo-aberto-da-tv-bandeirantes\/#breadcrumb","itemListElement":[{"@type":"ListItem","position":1,"name":"Home","item":"https:\/\/www.gaveanews.com\/"},{"@type":"ListItem","position":2,"name":"Renata Fan se emociona ao confirmar morte de parceiro do Jogo Aberto, da TV Bandeirantes"}]},{"@type":"WebSite","@id":"https:\/\/www.gaveanews.com\/#website","url":"https:\/\/www.gaveanews.com\/","name":"G\u00e1vea News","description":"Veja todas as not\u00edcias sobre o Flamengo: Contrata\u00e7\u00f5es, categorias de base, resultados das partidas, tabela de classifica\u00e7\u00e3o, pr\u00f3ximos jogos!","potentialAction":[{"@type":"SearchAction","target":{"@type":"EntryPoint","urlTemplate":"https:\/\/www.gaveanews.com\/?s={search_term_string}"},"query-input":{"@type":"PropertyValueSpecification","valueRequired":true,"valueName":"search_term_string"}}],"inLanguage":"pt-BR"},{"@type":"Person","@id":"https:\/\/www.gaveanews.com\/#\/schema\/person\/2ec14f73fb96be2caf28f91afb14749d","name":"Equipe G\u00e1vea News","image":{"@type":"ImageObject","inLanguage":"pt-BR","@id":"https:\/\/www.gaveanews.com\/#\/schema\/person\/image\/","url":"https:\/\/secure.gravatar.com\/avatar\/1e1956f1facbffd3f8fa53a326721950116b3b9dc9bd44939c01180fd4a745a9?s=96&d=mm&r=g","contentUrl":"https:\/\/secure.gravatar.com\/avatar\/1e1956f1facbffd3f8fa53a326721950116b3b9dc9bd44939c01180fd4a745a9?s=96&d=mm&r=g","caption":"Equipe G\u00e1vea News"}}]}},"_links":{"self":[{"href":"https:\/\/www.gaveanews.com\/index.php\/wp-json\/wp\/v2\/posts\/100749","targetHints":{"allow":["GET"]}}],"collection":[{"href":"https:\/\/www.gaveanews.com\/index.php\/wp-json\/wp\/v2\/posts"}],"about":[{"href":"https:\/\/www.gaveanews.com\/index.php\/wp-json\/wp\/v2\/types\/post"}],"author":[{"embeddable":true,"href":"https:\/\/www.gaveanews.com\/index.php\/wp-json\/wp\/v2\/users\/1"}],"replies":[{"embeddable":true,"href":"https:\/\/www.gaveanews.com\/index.php\/wp-json\/wp\/v2\/comments?post=100749"}],"version-history":[{"count":0,"href":"https:\/\/www.gaveanews.com\/index.php\/wp-json\/wp\/v2\/posts\/100749\/revisions"}],"wp:featuredmedia":[{"embeddable":true,"href":"https:\/\/www.gaveanews.com\/index.php\/wp-json\/wp\/v2\/media\/31951"}],"wp:attachment":[{"href":"https:\/\/www.gaveanews.com\/index.php\/wp-json\/wp\/v2\/media?parent=100749"}],"wp:term":[{"taxonomy":"category","embeddable":true,"href":"https:\/\/www.gaveanews.com\/index.php\/wp-json\/wp\/v2\/categories?post=100749"},{"taxonomy":"post_tag","embeddable":true,"href":"https:\/\/www.gaveanews.com\/index.php\/wp-json\/wp\/v2\/tags?post=100749"}],"curies":[{"name":"wp","href":"https:\/\/api.w.org\/{rel}","templated":true}]}}