{"id":100768,"date":"2023-06-20T18:31:49","date_gmt":"2023-06-20T21:31:49","guid":{"rendered":"https:\/\/www.gaveanews.com\/?p=100768"},"modified":"2023-06-20T18:31:52","modified_gmt":"2023-06-20T21:31:52","slug":"pedro-do-flamengo-vence-processo-contra-o-fluminense-2","status":"publish","type":"post","link":"https:\/\/www.gaveanews.com\/index.php\/2023\/06\/20\/pedro-do-flamengo-vence-processo-contra-o-fluminense-2\/","title":{"rendered":"Pedro, do Flamengo, vence processo contra o Fluminense"},"content":{"rendered":"\n<p>Em decis\u00e3o tomada pela Sexta Turma do TRT do Rio de Janeiro, Pedro venceu o Fluminense em processo judicial. Segundo o blog do jornalista Ancelmo Gois, do jornal O Globo, o centroavante entrou com a a\u00e7\u00e3o por conta do tratamento do ex-clube no per\u00edodo em que sofreu uma grave les\u00e3o no joelho. Sendo assim, a solicita\u00e7\u00e3o de danos morais foi aceita e resultou na condena\u00e7\u00e3o do pagamento de R$ 50 mil.<\/p>\n\n\n\n<p>Na \u00e9poca, a defesa de Pedro alega que o Fluminense \u201cignorou\u201d a necessidade da contrata\u00e7\u00e3o de seguro de vida e de preven\u00e7\u00e3o contra acidentes pessoais. Neste contexto, o cen\u00e1rio causou sentimentos de \u201cang\u00fastia e sofrimento\u201d no atacante, algo que motivou o pedido na Justi\u00e7a.<\/p>\n\n\n\n<p>Anteriormente, o Fluminense havia sido condenado em R$ 1,1 milh\u00e3o em pedidos envolvendo verbas rescis\u00f3rias, 13\u00ba sal\u00e1rio, f\u00e9rias, FGTS, multas, \u201cluvas\u201d e \u201cbichos\u201d. Sendo assim, o valor de R$ 50 mil ser\u00e1 adicionado ao montante que Pedro possui direito, com o detalhe de ser calculado no per\u00edodo das senten\u00e7as. Por conta disso, est\u00e1 previsto o acr\u00e9scimo de juros e corre\u00e7\u00e3o monet\u00e1ria.<\/p>\n\n\n\n<h2 class=\"wp-block-heading\" id=\"h-situacao-de-pedro-no-flamengo\">Situa\u00e7\u00e3o de Pedro no Flamengo<\/h2>\n\n\n\n<p>No momento, Pedro busca recuperar o status de titular absoluto no Flamengo. Devido ao esquema imposto por Sampaoli, uma disputa com Gabigol vem ocorrendo no setor ofensivo da equipe carioca, algo que foi analisado pelo treinador.<\/p>\n\n\n\n<p>\u201c<em>S\u00e3o dois jogadores diferentes. Um mais da \u00e1rea (Pedro) e Gabi saindo para jogar. Gabi \u00e9 historicamente um extremo que tamb\u00e9m \u00e9 9, e sai muito mais para jogar. Parte de um lugar diferente. Comparar \u00e9 dif\u00edcil, mas o tempo dir\u00e1 se os jogadores v\u00e3o jogar juntos ou se um dos dois pode ser melhor para o time<\/em>\u201c, analisou o comandante do Flamengo sobre a disputa.<\/p>\n\n\n\n<p>Retirado de: Torcedores<\/p>\n","protected":false},"excerpt":{"rendered":"<p>Em decis\u00e3o tomada pela Sexta Turma do TRT do Rio de Janeiro, Pedro venceu o Fluminense em processo judicial. Segundo o blog do jornalista Ancelmo Gois, do jornal O Globo, o centroavante entrou com a a\u00e7\u00e3o por conta do tratamento do ex-clube no per\u00edodo em que sofreu uma grave les\u00e3o no joelho. Sendo assim, a [&hellip;]<\/p>\n","protected":false},"author":1,"featured_media":93441,"comment_status":"open","ping_status":"closed","sticky":false,"template":"","format":"standard","meta":{"footnotes":""},"categories":[1],"tags":[],"class_list":["post-100768","post","type-post","status-publish","format-standard","has-post-thumbnail","hentry","category-flamengo"],"yoast_head":"<!-- This site is optimized with the Yoast SEO Premium plugin v24.2 (Yoast SEO v26.9) - https:\/\/yoast.com\/product\/yoast-seo-premium-wordpress\/ -->\n<title>Pedro, do Flamengo, vence processo contra o Fluminense<\/title>\n<meta name=\"robots\" content=\"index, follow, max-snippet:-1, max-image-preview:large, max-video-preview:-1\" \/>\n<link rel=\"canonical\" href=\"https:\/\/www.gaveanews.com\/index.php\/2023\/06\/20\/pedro-do-flamengo-vence-processo-contra-o-fluminense-2\/\" \/>\n<meta property=\"og:locale\" content=\"pt_BR\" \/>\n<meta property=\"og:type\" content=\"article\" \/>\n<meta property=\"og:title\" content=\"Pedro, do Flamengo, vence processo contra o Fluminense\" \/>\n<meta property=\"og:description\" content=\"Em decis\u00e3o tomada pela Sexta Turma do TRT do Rio de Janeiro, Pedro venceu o Fluminense em processo judicial. Segundo o blog do jornalista Ancelmo Gois, do jornal O Globo, o centroavante entrou com a a\u00e7\u00e3o por conta do tratamento do ex-clube no per\u00edodo em que sofreu uma grave les\u00e3o no joelho. Sendo assim, a [&hellip;]\" \/>\n<meta property=\"og:url\" content=\"https:\/\/www.gaveanews.com\/index.php\/2023\/06\/20\/pedro-do-flamengo-vence-processo-contra-o-fluminense-2\/\" \/>\n<meta property=\"og:site_name\" content=\"G\u00e1vea News\" \/>\n<meta property=\"article:publisher\" content=\"https:\/\/facebook.com\/gaveaNews\/\" \/>\n<meta property=\"article:published_time\" content=\"2023-06-20T21:31:49+00:00\" \/>\n<meta property=\"article:modified_time\" content=\"2023-06-20T21:31:52+00:00\" \/>\n<meta property=\"og:image\" content=\"https:\/\/www.gaveanews.com\/wp-content\/uploads\/pedro-flamengo-campeonato-carioca.webp\" \/>\n\t<meta property=\"og:image:width\" content=\"680\" \/>\n\t<meta property=\"og:image:height\" content=\"452\" \/>\n\t<meta property=\"og:image:type\" content=\"image\/jpeg\" \/>\n<meta name=\"author\" content=\"Equipe G\u00e1vea News\" \/>\n<meta name=\"twitter:card\" content=\"summary_large_image\" \/>\n<meta name=\"twitter:label1\" content=\"Escrito por\" \/>\n\t<meta name=\"twitter:data1\" content=\"Equipe G\u00e1vea News\" \/>\n\t<meta name=\"twitter:label2\" content=\"Est. tempo de leitura\" \/>\n\t<meta name=\"twitter:data2\" content=\"2 minutos\" \/>\n<script type=\"application\/ld+json\" class=\"yoast-schema-graph\">{\"@context\":\"https:\/\/schema.org\",\"@graph\":[{\"@type\":\"NewsArticle\",\"@id\":\"https:\/\/www.gaveanews.com\/index.php\/2023\/06\/20\/pedro-do-flamengo-vence-processo-contra-o-fluminense-2\/#article\",\"isPartOf\":{\"@id\":\"https:\/\/www.gaveanews.com\/index.php\/2023\/06\/20\/pedro-do-flamengo-vence-processo-contra-o-fluminense-2\/\"},\"author\":{\"name\":\"Equipe G\u00e1vea News\",\"@id\":\"https:\/\/www.gaveanews.com\/#\/schema\/person\/2ec14f73fb96be2caf28f91afb14749d\"},\"headline\":\"Pedro, do Flamengo, vence processo contra o Fluminense\",\"datePublished\":\"2023-06-20T21:31:49+00:00\",\"dateModified\":\"2023-06-20T21:31:52+00:00\",\"mainEntityOfPage\":{\"@id\":\"https:\/\/www.gaveanews.com\/index.php\/2023\/06\/20\/pedro-do-flamengo-vence-processo-contra-o-fluminense-2\/\"},\"wordCount\":311,\"commentCount\":0,\"image\":{\"@id\":\"https:\/\/www.gaveanews.com\/index.php\/2023\/06\/20\/pedro-do-flamengo-vence-processo-contra-o-fluminense-2\/#primaryimage\"},\"thumbnailUrl\":\"https:\/\/www.gaveanews.com\/wp-content\/uploads\/pedro-flamengo-campeonato-carioca.webp\",\"articleSection\":[\"Flamengo\"],\"inLanguage\":\"pt-BR\",\"potentialAction\":[{\"@type\":\"CommentAction\",\"name\":\"Comment\",\"target\":[\"https:\/\/www.gaveanews.com\/index.php\/2023\/06\/20\/pedro-do-flamengo-vence-processo-contra-o-fluminense-2\/#respond\"]}],\"copyrightYear\":\"2023\",\"copyrightHolder\":{\"@id\":\"https:\/\/www.gaveanews.com\/#organization\"}},{\"@type\":\"WebPage\",\"@id\":\"https:\/\/www.gaveanews.com\/index.php\/2023\/06\/20\/pedro-do-flamengo-vence-processo-contra-o-fluminense-2\/\",\"url\":\"https:\/\/www.gaveanews.com\/index.php\/2023\/06\/20\/pedro-do-flamengo-vence-processo-contra-o-fluminense-2\/\",\"name\":\"Pedro, do Flamengo, vence processo contra o Fluminense\",\"isPartOf\":{\"@id\":\"https:\/\/www.gaveanews.com\/#website\"},\"primaryImageOfPage\":{\"@id\":\"https:\/\/www.gaveanews.com\/index.php\/2023\/06\/20\/pedro-do-flamengo-vence-processo-contra-o-fluminense-2\/#primaryimage\"},\"image\":{\"@id\":\"https:\/\/www.gaveanews.com\/index.php\/2023\/06\/20\/pedro-do-flamengo-vence-processo-contra-o-fluminense-2\/#primaryimage\"},\"thumbnailUrl\":\"https:\/\/www.gaveanews.com\/wp-content\/uploads\/pedro-flamengo-campeonato-carioca.webp\",\"datePublished\":\"2023-06-20T21:31:49+00:00\",\"dateModified\":\"2023-06-20T21:31:52+00:00\",\"author\":{\"@id\":\"https:\/\/www.gaveanews.com\/#\/schema\/person\/2ec14f73fb96be2caf28f91afb14749d\"},\"breadcrumb\":{\"@id\":\"https:\/\/www.gaveanews.com\/index.php\/2023\/06\/20\/pedro-do-flamengo-vence-processo-contra-o-fluminense-2\/#breadcrumb\"},\"inLanguage\":\"pt-BR\",\"potentialAction\":[{\"@type\":\"ReadAction\",\"target\":[\"https:\/\/www.gaveanews.com\/index.php\/2023\/06\/20\/pedro-do-flamengo-vence-processo-contra-o-fluminense-2\/\"]}]},{\"@type\":\"ImageObject\",\"inLanguage\":\"pt-BR\",\"@id\":\"https:\/\/www.gaveanews.com\/index.php\/2023\/06\/20\/pedro-do-flamengo-vence-processo-contra-o-fluminense-2\/#primaryimage\",\"url\":\"https:\/\/www.gaveanews.com\/wp-content\/uploads\/pedro-flamengo-campeonato-carioca.webp\",\"contentUrl\":\"https:\/\/www.gaveanews.com\/wp-content\/uploads\/pedro-flamengo-campeonato-carioca.webp\",\"width\":680,\"height\":452,\"caption\":\"Pedro em a\u00e7\u00e3o pelo Flamengo no Maracan\u00e3 (Foto: Marcelo Cortes\/Flamengo)\"},{\"@type\":\"BreadcrumbList\",\"@id\":\"https:\/\/www.gaveanews.com\/index.php\/2023\/06\/20\/pedro-do-flamengo-vence-processo-contra-o-fluminense-2\/#breadcrumb\",\"itemListElement\":[{\"@type\":\"ListItem\",\"position\":1,\"name\":\"Home\",\"item\":\"https:\/\/www.gaveanews.com\/\"},{\"@type\":\"ListItem\",\"position\":2,\"name\":\"Pedro, do Flamengo, vence processo contra o Fluminense\"}]},{\"@type\":\"WebSite\",\"@id\":\"https:\/\/www.gaveanews.com\/#website\",\"url\":\"https:\/\/www.gaveanews.com\/\",\"name\":\"G\u00e1vea News\",\"description\":\"Veja todas as not\u00edcias sobre o Flamengo: Contrata\u00e7\u00f5es, categorias de base, resultados das partidas, tabela de classifica\u00e7\u00e3o, pr\u00f3ximos jogos!\",\"potentialAction\":[{\"@type\":\"SearchAction\",\"target\":{\"@type\":\"EntryPoint\",\"urlTemplate\":\"https:\/\/www.gaveanews.com\/?s={search_term_string}\"},\"query-input\":{\"@type\":\"PropertyValueSpecification\",\"valueRequired\":true,\"valueName\":\"search_term_string\"}}],\"inLanguage\":\"pt-BR\"},{\"@type\":\"Person\",\"@id\":\"https:\/\/www.gaveanews.com\/#\/schema\/person\/2ec14f73fb96be2caf28f91afb14749d\",\"name\":\"Equipe G\u00e1vea News\",\"image\":{\"@type\":\"ImageObject\",\"inLanguage\":\"pt-BR\",\"@id\":\"https:\/\/www.gaveanews.com\/#\/schema\/person\/image\/\",\"url\":\"https:\/\/secure.gravatar.com\/avatar\/1e1956f1facbffd3f8fa53a326721950116b3b9dc9bd44939c01180fd4a745a9?s=96&d=mm&r=g\",\"contentUrl\":\"https:\/\/secure.gravatar.com\/avatar\/1e1956f1facbffd3f8fa53a326721950116b3b9dc9bd44939c01180fd4a745a9?s=96&d=mm&r=g\",\"caption\":\"Equipe G\u00e1vea News\"}}]}<\/script>\n<!-- \/ Yoast SEO Premium plugin. -->","yoast_head_json":{"title":"Pedro, do Flamengo, vence processo contra o Fluminense","robots":{"index":"index","follow":"follow","max-snippet":"max-snippet:-1","max-image-preview":"max-image-preview:large","max-video-preview":"max-video-preview:-1"},"canonical":"https:\/\/www.gaveanews.com\/index.php\/2023\/06\/20\/pedro-do-flamengo-vence-processo-contra-o-fluminense-2\/","og_locale":"pt_BR","og_type":"article","og_title":"Pedro, do Flamengo, vence processo contra o Fluminense","og_description":"Em decis\u00e3o tomada pela Sexta Turma do TRT do Rio de Janeiro, Pedro venceu o Fluminense em processo judicial. Segundo o blog do jornalista Ancelmo Gois, do jornal O Globo, o centroavante entrou com a a\u00e7\u00e3o por conta do tratamento do ex-clube no per\u00edodo em que sofreu uma grave les\u00e3o no joelho. Sendo assim, a [&hellip;]","og_url":"https:\/\/www.gaveanews.com\/index.php\/2023\/06\/20\/pedro-do-flamengo-vence-processo-contra-o-fluminense-2\/","og_site_name":"G\u00e1vea News","article_publisher":"https:\/\/facebook.com\/gaveaNews\/","article_published_time":"2023-06-20T21:31:49+00:00","article_modified_time":"2023-06-20T21:31:52+00:00","og_image":[{"width":680,"height":452,"url":"https:\/\/www.gaveanews.com\/wp-content\/uploads\/pedro-flamengo-campeonato-carioca.webp","type":"image\/jpeg"}],"author":"Equipe G\u00e1vea News","twitter_card":"summary_large_image","twitter_misc":{"Escrito por":"Equipe G\u00e1vea News","Est. tempo de leitura":"2 minutos"},"schema":{"@context":"https:\/\/schema.org","@graph":[{"@type":"NewsArticle","@id":"https:\/\/www.gaveanews.com\/index.php\/2023\/06\/20\/pedro-do-flamengo-vence-processo-contra-o-fluminense-2\/#article","isPartOf":{"@id":"https:\/\/www.gaveanews.com\/index.php\/2023\/06\/20\/pedro-do-flamengo-vence-processo-contra-o-fluminense-2\/"},"author":{"name":"Equipe G\u00e1vea News","@id":"https:\/\/www.gaveanews.com\/#\/schema\/person\/2ec14f73fb96be2caf28f91afb14749d"},"headline":"Pedro, do Flamengo, vence processo contra o Fluminense","datePublished":"2023-06-20T21:31:49+00:00","dateModified":"2023-06-20T21:31:52+00:00","mainEntityOfPage":{"@id":"https:\/\/www.gaveanews.com\/index.php\/2023\/06\/20\/pedro-do-flamengo-vence-processo-contra-o-fluminense-2\/"},"wordCount":311,"commentCount":0,"image":{"@id":"https:\/\/www.gaveanews.com\/index.php\/2023\/06\/20\/pedro-do-flamengo-vence-processo-contra-o-fluminense-2\/#primaryimage"},"thumbnailUrl":"https:\/\/www.gaveanews.com\/wp-content\/uploads\/pedro-flamengo-campeonato-carioca.webp","articleSection":["Flamengo"],"inLanguage":"pt-BR","potentialAction":[{"@type":"CommentAction","name":"Comment","target":["https:\/\/www.gaveanews.com\/index.php\/2023\/06\/20\/pedro-do-flamengo-vence-processo-contra-o-fluminense-2\/#respond"]}],"copyrightYear":"2023","copyrightHolder":{"@id":"https:\/\/www.gaveanews.com\/#organization"}},{"@type":"WebPage","@id":"https:\/\/www.gaveanews.com\/index.php\/2023\/06\/20\/pedro-do-flamengo-vence-processo-contra-o-fluminense-2\/","url":"https:\/\/www.gaveanews.com\/index.php\/2023\/06\/20\/pedro-do-flamengo-vence-processo-contra-o-fluminense-2\/","name":"Pedro, do Flamengo, vence processo contra o Fluminense","isPartOf":{"@id":"https:\/\/www.gaveanews.com\/#website"},"primaryImageOfPage":{"@id":"https:\/\/www.gaveanews.com\/index.php\/2023\/06\/20\/pedro-do-flamengo-vence-processo-contra-o-fluminense-2\/#primaryimage"},"image":{"@id":"https:\/\/www.gaveanews.com\/index.php\/2023\/06\/20\/pedro-do-flamengo-vence-processo-contra-o-fluminense-2\/#primaryimage"},"thumbnailUrl":"https:\/\/www.gaveanews.com\/wp-content\/uploads\/pedro-flamengo-campeonato-carioca.webp","datePublished":"2023-06-20T21:31:49+00:00","dateModified":"2023-06-20T21:31:52+00:00","author":{"@id":"https:\/\/www.gaveanews.com\/#\/schema\/person\/2ec14f73fb96be2caf28f91afb14749d"},"breadcrumb":{"@id":"https:\/\/www.gaveanews.com\/index.php\/2023\/06\/20\/pedro-do-flamengo-vence-processo-contra-o-fluminense-2\/#breadcrumb"},"inLanguage":"pt-BR","potentialAction":[{"@type":"ReadAction","target":["https:\/\/www.gaveanews.com\/index.php\/2023\/06\/20\/pedro-do-flamengo-vence-processo-contra-o-fluminense-2\/"]}]},{"@type":"ImageObject","inLanguage":"pt-BR","@id":"https:\/\/www.gaveanews.com\/index.php\/2023\/06\/20\/pedro-do-flamengo-vence-processo-contra-o-fluminense-2\/#primaryimage","url":"https:\/\/www.gaveanews.com\/wp-content\/uploads\/pedro-flamengo-campeonato-carioca.webp","contentUrl":"https:\/\/www.gaveanews.com\/wp-content\/uploads\/pedro-flamengo-campeonato-carioca.webp","width":680,"height":452,"caption":"Pedro em a\u00e7\u00e3o pelo Flamengo no Maracan\u00e3 (Foto: Marcelo Cortes\/Flamengo)"},{"@type":"BreadcrumbList","@id":"https:\/\/www.gaveanews.com\/index.php\/2023\/06\/20\/pedro-do-flamengo-vence-processo-contra-o-fluminense-2\/#breadcrumb","itemListElement":[{"@type":"ListItem","position":1,"name":"Home","item":"https:\/\/www.gaveanews.com\/"},{"@type":"ListItem","position":2,"name":"Pedro, do Flamengo, vence processo contra o Fluminense"}]},{"@type":"WebSite","@id":"https:\/\/www.gaveanews.com\/#website","url":"https:\/\/www.gaveanews.com\/","name":"G\u00e1vea News","description":"Veja todas as not\u00edcias sobre o Flamengo: Contrata\u00e7\u00f5es, categorias de base, resultados das partidas, tabela de classifica\u00e7\u00e3o, pr\u00f3ximos jogos!","potentialAction":[{"@type":"SearchAction","target":{"@type":"EntryPoint","urlTemplate":"https:\/\/www.gaveanews.com\/?s={search_term_string}"},"query-input":{"@type":"PropertyValueSpecification","valueRequired":true,"valueName":"search_term_string"}}],"inLanguage":"pt-BR"},{"@type":"Person","@id":"https:\/\/www.gaveanews.com\/#\/schema\/person\/2ec14f73fb96be2caf28f91afb14749d","name":"Equipe G\u00e1vea News","image":{"@type":"ImageObject","inLanguage":"pt-BR","@id":"https:\/\/www.gaveanews.com\/#\/schema\/person\/image\/","url":"https:\/\/secure.gravatar.com\/avatar\/1e1956f1facbffd3f8fa53a326721950116b3b9dc9bd44939c01180fd4a745a9?s=96&d=mm&r=g","contentUrl":"https:\/\/secure.gravatar.com\/avatar\/1e1956f1facbffd3f8fa53a326721950116b3b9dc9bd44939c01180fd4a745a9?s=96&d=mm&r=g","caption":"Equipe G\u00e1vea News"}}]}},"_links":{"self":[{"href":"https:\/\/www.gaveanews.com\/index.php\/wp-json\/wp\/v2\/posts\/100768","targetHints":{"allow":["GET"]}}],"collection":[{"href":"https:\/\/www.gaveanews.com\/index.php\/wp-json\/wp\/v2\/posts"}],"about":[{"href":"https:\/\/www.gaveanews.com\/index.php\/wp-json\/wp\/v2\/types\/post"}],"author":[{"embeddable":true,"href":"https:\/\/www.gaveanews.com\/index.php\/wp-json\/wp\/v2\/users\/1"}],"replies":[{"embeddable":true,"href":"https:\/\/www.gaveanews.com\/index.php\/wp-json\/wp\/v2\/comments?post=100768"}],"version-history":[{"count":0,"href":"https:\/\/www.gaveanews.com\/index.php\/wp-json\/wp\/v2\/posts\/100768\/revisions"}],"wp:featuredmedia":[{"embeddable":true,"href":"https:\/\/www.gaveanews.com\/index.php\/wp-json\/wp\/v2\/media\/93441"}],"wp:attachment":[{"href":"https:\/\/www.gaveanews.com\/index.php\/wp-json\/wp\/v2\/media?parent=100768"}],"wp:term":[{"taxonomy":"category","embeddable":true,"href":"https:\/\/www.gaveanews.com\/index.php\/wp-json\/wp\/v2\/categories?post=100768"},{"taxonomy":"post_tag","embeddable":true,"href":"https:\/\/www.gaveanews.com\/index.php\/wp-json\/wp\/v2\/tags?post=100768"}],"curies":[{"name":"wp","href":"https:\/\/api.w.org\/{rel}","templated":true}]}}