{"id":100772,"date":"2023-06-20T22:17:14","date_gmt":"2023-06-21T01:17:14","guid":{"rendered":"https:\/\/www.gaveanews.com\/?p=100772"},"modified":"2024-04-06T23:02:56","modified_gmt":"2024-04-07T02:02:56","slug":"apos-marinho-mauro-cezar-pereira-sinaliza-mais-uma-saida-no-flamengo","status":"publish","type":"post","link":"https:\/\/www.gaveanews.com\/index.php\/2023\/06\/20\/apos-marinho-mauro-cezar-pereira-sinaliza-mais-uma-saida-no-flamengo\/","title":{"rendered":"Ap\u00f3s Marinho, Mauro Cezar Pereira aponta mais uma sa\u00edda no Flamengo"},"content":{"rendered":"\n<p>O Flamengo definiu ontem a rescis\u00e3o contratual de Marinho. Fora dos planos do clube, o atacante entrou em acordo com os cariocas e agora \u00e9 refor\u00e7o do Fortaleza. Decidido a reformular o seu elenco, o rubro-negro pode ainda na metade do ano encerrar o ciclo de outros jogadores.<\/p>\n\n\n\n<p>No programa Bate Pronto, da Jovem Pan, Mauro Cezar indica que Rodrigo Caio poder\u00e1 ser o pr\u00f3ximo a deixar o rubro-negro. A princ\u00edpio, o Cruzeiro demonstrou interesse na contrata\u00e7\u00e3o deste atleta.<\/p>\n\n\n\n<p><em>\u2014 Eu falei aqui j\u00e1 h\u00e1 algum tempo que sa\u00eddas aconteceriam no meio do ano e elas come\u00e7am a partir do Marinho. Mais gente pode sair ainda neste intervalo de ano. O pr\u00f3prio Rodrigo Caio que tem muita especula\u00e7\u00e3o do Cruzeiro interessado neste jogador, at\u00e9 ontem o Flamengo n\u00e3o tinha sido procurado a respeito deste jogador, mas o clube n\u00e3o dever\u00e1 dificultar uma sa\u00edda do Rodrigo Caio<\/em>, diz Mauro.<\/p>\n\n\n\n<p><em>\u2014 Ele tem contrato at\u00e9 o final do ano, n\u00e3o est\u00e1 jogando, est\u00e1 em condi\u00e7\u00f5es, mas tem ficado no banco. O Sampaoli n\u00e3o tem utilizado e \u00e9 um ciclo claramente encerrado. Eu diria at\u00e9 que nem sei se o Flamengo fa\u00e7a quest\u00e3o que algu\u00e9m pague para ter o Rodrigo Caio, talvez, at\u00e9 libere. \u00c9 uma sensa\u00e7\u00e3o, vai depender de como as coisas forem encaminhadas. Ao contr\u00e1rio do Marinho, ele fez hist\u00f3ria no clube, mas as les\u00f5es o atrapalham<\/em>, completou.<\/p>\n\n\n\n<h2 class=\"wp-block-heading\" id=\"h-flamengo-nao-vai-renovar-com-rodrigo-caio\">Flamengo n\u00e3o vai renovar com Rodrigo Caio<\/h2>\n\n\n\n<p>Segundo informa\u00e7\u00f5es de Ven\u00ea Casagrande, a Raposa apresentou oficialmente uma proposta para Rodrigo Caio e est\u00e1 otimista para fechar um acordo. O zagueiro, que n\u00e3o ficar\u00e1 no Flamengo para 2024 pode trocar de camisa na metade deste ano.<\/p>\n\n\n\n<p>A expectativa \u00e9 que nesta semana tudo possa ficar bem alinhado entre as partes. Assim, Rodrigo Caio vestiria o manto celeste a partir de julho. Na semana passada, Ven\u00ea j\u00e1 adiantava que o Flamengo havia definido n\u00e3o renovar o contrato do defensor de 29 anos.<\/p>\n\n\n\n<p><em>\u2014 O caso do Rodrigo Caio j\u00e1 \u00e9 uma defini\u00e7\u00e3o interna. A ideia \u00e9 n\u00e3o renovar mais com o Rodrigo Caio. Eu tenho um respeito absurdo pelo Rodrigo Caio, nunca faltou aos treinos, mas n\u00e3o consegue entregar mais, n\u00e3o vejo a menor necessidade de renovar com o Rodrigo Caio hoje. \u00c9 futebol, n\u00e3o pode ter um sentimento de paternalismo<\/em>, disse o jornalista.<\/p>\n\n\n\n<p>Retirado de: Torcedores<a href=\"https:\/\/app.adjust.com\/6hdalgc_fkva1pw?campaign=torcedores&amp;redirect=https%3A%2F%2Fwww.onefootball.com%2Fjwplayer%2Fbu2KfZKb%3Futm_source%3Dtorcedores%26utm_medium%3Dpublisher_network%26utm_campaign%3Dtitlebar%26clfp%3Dflamengo\" target=\"_blank\" rel=\"noreferrer noopener\"><\/a><\/p>\n","protected":false},"excerpt":{"rendered":"<p>O Flamengo definiu ontem a rescis\u00e3o contratual de Marinho. Fora dos planos do clube, o atacante entrou em acordo com os cariocas e agora \u00e9 refor\u00e7o do Fortaleza. Decidido a reformular o seu elenco, o rubro-negro pode ainda na metade do ano encerrar o ciclo de outros jogadores. No programa Bate Pronto, da Jovem Pan, [&hellip;]<\/p>\n","protected":false},"author":1,"featured_media":56367,"comment_status":"open","ping_status":"closed","sticky":false,"template":"","format":"standard","meta":{"footnotes":""},"categories":[48],"tags":[170],"class_list":["post-100772","post","type-post","status-publish","format-standard","has-post-thumbnail","hentry","category-negociacoes","tag-mauro-cezar-pereira"],"yoast_head":"<!-- This site is optimized with the Yoast SEO Premium plugin v24.2 (Yoast SEO v26.9) - https:\/\/yoast.com\/product\/yoast-seo-premium-wordpress\/ -->\n<title>Ap\u00f3s Marinho, Mauro Cezar Pereira aponta mais uma sa\u00edda no Flamengo<\/title>\n<meta name=\"robots\" content=\"index, follow, max-snippet:-1, max-image-preview:large, max-video-preview:-1\" \/>\n<link rel=\"canonical\" href=\"https:\/\/www.gaveanews.com\/index.php\/2023\/06\/20\/apos-marinho-mauro-cezar-pereira-sinaliza-mais-uma-saida-no-flamengo\/\" \/>\n<meta property=\"og:locale\" content=\"pt_BR\" \/>\n<meta property=\"og:type\" content=\"article\" \/>\n<meta property=\"og:title\" content=\"Ap\u00f3s Marinho, Mauro Cezar Pereira aponta mais uma sa\u00edda no Flamengo\" \/>\n<meta property=\"og:description\" content=\"O Flamengo definiu ontem a rescis\u00e3o contratual de Marinho. Fora dos planos do clube, o atacante entrou em acordo com os cariocas e agora \u00e9 refor\u00e7o do Fortaleza. Decidido a reformular o seu elenco, o rubro-negro pode ainda na metade do ano encerrar o ciclo de outros jogadores. No programa Bate Pronto, da Jovem Pan, [&hellip;]\" \/>\n<meta property=\"og:url\" content=\"https:\/\/www.gaveanews.com\/index.php\/2023\/06\/20\/apos-marinho-mauro-cezar-pereira-sinaliza-mais-uma-saida-no-flamengo\/\" \/>\n<meta property=\"og:site_name\" content=\"G\u00e1vea News\" \/>\n<meta property=\"article:publisher\" content=\"https:\/\/facebook.com\/gaveaNews\/\" \/>\n<meta property=\"article:published_time\" content=\"2023-06-21T01:17:14+00:00\" \/>\n<meta property=\"article:modified_time\" content=\"2024-04-07T02:02:56+00:00\" \/>\n<meta property=\"og:image\" content=\"https:\/\/www.gaveanews.com\/wp-content\/uploads\/Mauro-Cezar-em-participacao-na-Uol-Esporte.webp\" \/>\n\t<meta property=\"og:image:width\" content=\"900\" \/>\n\t<meta property=\"og:image:height\" content=\"506\" \/>\n\t<meta property=\"og:image:type\" content=\"image\/png\" \/>\n<meta name=\"author\" content=\"Equipe G\u00e1vea News\" \/>\n<meta name=\"twitter:card\" content=\"summary_large_image\" \/>\n<meta name=\"twitter:label1\" content=\"Escrito por\" \/>\n\t<meta name=\"twitter:data1\" content=\"Equipe G\u00e1vea News\" \/>\n\t<meta name=\"twitter:label2\" content=\"Est. tempo de leitura\" \/>\n\t<meta name=\"twitter:data2\" content=\"3 minutos\" \/>\n<script type=\"application\/ld+json\" class=\"yoast-schema-graph\">{\"@context\":\"https:\/\/schema.org\",\"@graph\":[{\"@type\":\"NewsArticle\",\"@id\":\"https:\/\/www.gaveanews.com\/index.php\/2023\/06\/20\/apos-marinho-mauro-cezar-pereira-sinaliza-mais-uma-saida-no-flamengo\/#article\",\"isPartOf\":{\"@id\":\"https:\/\/www.gaveanews.com\/index.php\/2023\/06\/20\/apos-marinho-mauro-cezar-pereira-sinaliza-mais-uma-saida-no-flamengo\/\"},\"author\":{\"name\":\"Equipe G\u00e1vea News\",\"@id\":\"https:\/\/www.gaveanews.com\/#\/schema\/person\/2ec14f73fb96be2caf28f91afb14749d\"},\"headline\":\"Ap\u00f3s Marinho, Mauro Cezar Pereira aponta mais uma sa\u00edda no Flamengo\",\"datePublished\":\"2023-06-21T01:17:14+00:00\",\"dateModified\":\"2024-04-07T02:02:56+00:00\",\"mainEntityOfPage\":{\"@id\":\"https:\/\/www.gaveanews.com\/index.php\/2023\/06\/20\/apos-marinho-mauro-cezar-pereira-sinaliza-mais-uma-saida-no-flamengo\/\"},\"wordCount\":414,\"commentCount\":0,\"image\":{\"@id\":\"https:\/\/www.gaveanews.com\/index.php\/2023\/06\/20\/apos-marinho-mauro-cezar-pereira-sinaliza-mais-uma-saida-no-flamengo\/#primaryimage\"},\"thumbnailUrl\":\"https:\/\/www.gaveanews.com\/wp-content\/uploads\/Mauro-Cezar-em-participacao-na-Uol-Esporte.webp\",\"keywords\":[\"Mauro Cezar Pereira\"],\"articleSection\":[\"Negocia\u00e7\u00f5es\"],\"inLanguage\":\"pt-BR\",\"potentialAction\":[{\"@type\":\"CommentAction\",\"name\":\"Comment\",\"target\":[\"https:\/\/www.gaveanews.com\/index.php\/2023\/06\/20\/apos-marinho-mauro-cezar-pereira-sinaliza-mais-uma-saida-no-flamengo\/#respond\"]}],\"copyrightYear\":\"2023\",\"copyrightHolder\":{\"@id\":\"https:\/\/www.gaveanews.com\/#organization\"}},{\"@type\":\"WebPage\",\"@id\":\"https:\/\/www.gaveanews.com\/index.php\/2023\/06\/20\/apos-marinho-mauro-cezar-pereira-sinaliza-mais-uma-saida-no-flamengo\/\",\"url\":\"https:\/\/www.gaveanews.com\/index.php\/2023\/06\/20\/apos-marinho-mauro-cezar-pereira-sinaliza-mais-uma-saida-no-flamengo\/\",\"name\":\"Ap\u00f3s Marinho, Mauro Cezar Pereira aponta mais uma sa\u00edda no Flamengo\",\"isPartOf\":{\"@id\":\"https:\/\/www.gaveanews.com\/#website\"},\"primaryImageOfPage\":{\"@id\":\"https:\/\/www.gaveanews.com\/index.php\/2023\/06\/20\/apos-marinho-mauro-cezar-pereira-sinaliza-mais-uma-saida-no-flamengo\/#primaryimage\"},\"image\":{\"@id\":\"https:\/\/www.gaveanews.com\/index.php\/2023\/06\/20\/apos-marinho-mauro-cezar-pereira-sinaliza-mais-uma-saida-no-flamengo\/#primaryimage\"},\"thumbnailUrl\":\"https:\/\/www.gaveanews.com\/wp-content\/uploads\/Mauro-Cezar-em-participacao-na-Uol-Esporte.webp\",\"datePublished\":\"2023-06-21T01:17:14+00:00\",\"dateModified\":\"2024-04-07T02:02:56+00:00\",\"author\":{\"@id\":\"https:\/\/www.gaveanews.com\/#\/schema\/person\/2ec14f73fb96be2caf28f91afb14749d\"},\"breadcrumb\":{\"@id\":\"https:\/\/www.gaveanews.com\/index.php\/2023\/06\/20\/apos-marinho-mauro-cezar-pereira-sinaliza-mais-uma-saida-no-flamengo\/#breadcrumb\"},\"inLanguage\":\"pt-BR\",\"potentialAction\":[{\"@type\":\"ReadAction\",\"target\":[\"https:\/\/www.gaveanews.com\/index.php\/2023\/06\/20\/apos-marinho-mauro-cezar-pereira-sinaliza-mais-uma-saida-no-flamengo\/\"]}]},{\"@type\":\"ImageObject\",\"inLanguage\":\"pt-BR\",\"@id\":\"https:\/\/www.gaveanews.com\/index.php\/2023\/06\/20\/apos-marinho-mauro-cezar-pereira-sinaliza-mais-uma-saida-no-flamengo\/#primaryimage\",\"url\":\"https:\/\/www.gaveanews.com\/wp-content\/uploads\/Mauro-Cezar-em-participacao-na-Uol-Esporte.webp\",\"contentUrl\":\"https:\/\/www.gaveanews.com\/wp-content\/uploads\/Mauro-Cezar-em-participacao-na-Uol-Esporte.webp\",\"width\":900,\"height\":506,\"caption\":\"Mauro Cezar, comentarista da UOL Esporte (Foto: Reprodu\u00e7\u00e3o\/UOL Esporte)\"},{\"@type\":\"BreadcrumbList\",\"@id\":\"https:\/\/www.gaveanews.com\/index.php\/2023\/06\/20\/apos-marinho-mauro-cezar-pereira-sinaliza-mais-uma-saida-no-flamengo\/#breadcrumb\",\"itemListElement\":[{\"@type\":\"ListItem\",\"position\":1,\"name\":\"Home\",\"item\":\"https:\/\/www.gaveanews.com\/\"},{\"@type\":\"ListItem\",\"position\":2,\"name\":\"Ap\u00f3s Marinho, Mauro Cezar Pereira aponta mais uma sa\u00edda no Flamengo\"}]},{\"@type\":\"WebSite\",\"@id\":\"https:\/\/www.gaveanews.com\/#website\",\"url\":\"https:\/\/www.gaveanews.com\/\",\"name\":\"G\u00e1vea News\",\"description\":\"Veja todas as not\u00edcias sobre o Flamengo: Contrata\u00e7\u00f5es, categorias de base, resultados das partidas, tabela de classifica\u00e7\u00e3o, pr\u00f3ximos jogos!\",\"potentialAction\":[{\"@type\":\"SearchAction\",\"target\":{\"@type\":\"EntryPoint\",\"urlTemplate\":\"https:\/\/www.gaveanews.com\/?s={search_term_string}\"},\"query-input\":{\"@type\":\"PropertyValueSpecification\",\"valueRequired\":true,\"valueName\":\"search_term_string\"}}],\"inLanguage\":\"pt-BR\"},{\"@type\":\"Person\",\"@id\":\"https:\/\/www.gaveanews.com\/#\/schema\/person\/2ec14f73fb96be2caf28f91afb14749d\",\"name\":\"Equipe G\u00e1vea News\",\"image\":{\"@type\":\"ImageObject\",\"inLanguage\":\"pt-BR\",\"@id\":\"https:\/\/www.gaveanews.com\/#\/schema\/person\/image\/\",\"url\":\"https:\/\/secure.gravatar.com\/avatar\/1e1956f1facbffd3f8fa53a326721950116b3b9dc9bd44939c01180fd4a745a9?s=96&d=mm&r=g\",\"contentUrl\":\"https:\/\/secure.gravatar.com\/avatar\/1e1956f1facbffd3f8fa53a326721950116b3b9dc9bd44939c01180fd4a745a9?s=96&d=mm&r=g\",\"caption\":\"Equipe G\u00e1vea News\"}}]}<\/script>\n<!-- \/ Yoast SEO Premium plugin. -->","yoast_head_json":{"title":"Ap\u00f3s Marinho, Mauro Cezar Pereira aponta mais uma sa\u00edda no Flamengo","robots":{"index":"index","follow":"follow","max-snippet":"max-snippet:-1","max-image-preview":"max-image-preview:large","max-video-preview":"max-video-preview:-1"},"canonical":"https:\/\/www.gaveanews.com\/index.php\/2023\/06\/20\/apos-marinho-mauro-cezar-pereira-sinaliza-mais-uma-saida-no-flamengo\/","og_locale":"pt_BR","og_type":"article","og_title":"Ap\u00f3s Marinho, Mauro Cezar Pereira aponta mais uma sa\u00edda no Flamengo","og_description":"O Flamengo definiu ontem a rescis\u00e3o contratual de Marinho. Fora dos planos do clube, o atacante entrou em acordo com os cariocas e agora \u00e9 refor\u00e7o do Fortaleza. Decidido a reformular o seu elenco, o rubro-negro pode ainda na metade do ano encerrar o ciclo de outros jogadores. No programa Bate Pronto, da Jovem Pan, [&hellip;]","og_url":"https:\/\/www.gaveanews.com\/index.php\/2023\/06\/20\/apos-marinho-mauro-cezar-pereira-sinaliza-mais-uma-saida-no-flamengo\/","og_site_name":"G\u00e1vea News","article_publisher":"https:\/\/facebook.com\/gaveaNews\/","article_published_time":"2023-06-21T01:17:14+00:00","article_modified_time":"2024-04-07T02:02:56+00:00","og_image":[{"width":900,"height":506,"url":"https:\/\/www.gaveanews.com\/wp-content\/uploads\/Mauro-Cezar-em-participacao-na-Uol-Esporte.webp","type":"image\/png"}],"author":"Equipe G\u00e1vea News","twitter_card":"summary_large_image","twitter_misc":{"Escrito por":"Equipe G\u00e1vea News","Est. tempo de leitura":"3 minutos"},"schema":{"@context":"https:\/\/schema.org","@graph":[{"@type":"NewsArticle","@id":"https:\/\/www.gaveanews.com\/index.php\/2023\/06\/20\/apos-marinho-mauro-cezar-pereira-sinaliza-mais-uma-saida-no-flamengo\/#article","isPartOf":{"@id":"https:\/\/www.gaveanews.com\/index.php\/2023\/06\/20\/apos-marinho-mauro-cezar-pereira-sinaliza-mais-uma-saida-no-flamengo\/"},"author":{"name":"Equipe G\u00e1vea News","@id":"https:\/\/www.gaveanews.com\/#\/schema\/person\/2ec14f73fb96be2caf28f91afb14749d"},"headline":"Ap\u00f3s Marinho, Mauro Cezar Pereira aponta mais uma sa\u00edda no Flamengo","datePublished":"2023-06-21T01:17:14+00:00","dateModified":"2024-04-07T02:02:56+00:00","mainEntityOfPage":{"@id":"https:\/\/www.gaveanews.com\/index.php\/2023\/06\/20\/apos-marinho-mauro-cezar-pereira-sinaliza-mais-uma-saida-no-flamengo\/"},"wordCount":414,"commentCount":0,"image":{"@id":"https:\/\/www.gaveanews.com\/index.php\/2023\/06\/20\/apos-marinho-mauro-cezar-pereira-sinaliza-mais-uma-saida-no-flamengo\/#primaryimage"},"thumbnailUrl":"https:\/\/www.gaveanews.com\/wp-content\/uploads\/Mauro-Cezar-em-participacao-na-Uol-Esporte.webp","keywords":["Mauro Cezar Pereira"],"articleSection":["Negocia\u00e7\u00f5es"],"inLanguage":"pt-BR","potentialAction":[{"@type":"CommentAction","name":"Comment","target":["https:\/\/www.gaveanews.com\/index.php\/2023\/06\/20\/apos-marinho-mauro-cezar-pereira-sinaliza-mais-uma-saida-no-flamengo\/#respond"]}],"copyrightYear":"2023","copyrightHolder":{"@id":"https:\/\/www.gaveanews.com\/#organization"}},{"@type":"WebPage","@id":"https:\/\/www.gaveanews.com\/index.php\/2023\/06\/20\/apos-marinho-mauro-cezar-pereira-sinaliza-mais-uma-saida-no-flamengo\/","url":"https:\/\/www.gaveanews.com\/index.php\/2023\/06\/20\/apos-marinho-mauro-cezar-pereira-sinaliza-mais-uma-saida-no-flamengo\/","name":"Ap\u00f3s Marinho, Mauro Cezar Pereira aponta mais uma sa\u00edda no Flamengo","isPartOf":{"@id":"https:\/\/www.gaveanews.com\/#website"},"primaryImageOfPage":{"@id":"https:\/\/www.gaveanews.com\/index.php\/2023\/06\/20\/apos-marinho-mauro-cezar-pereira-sinaliza-mais-uma-saida-no-flamengo\/#primaryimage"},"image":{"@id":"https:\/\/www.gaveanews.com\/index.php\/2023\/06\/20\/apos-marinho-mauro-cezar-pereira-sinaliza-mais-uma-saida-no-flamengo\/#primaryimage"},"thumbnailUrl":"https:\/\/www.gaveanews.com\/wp-content\/uploads\/Mauro-Cezar-em-participacao-na-Uol-Esporte.webp","datePublished":"2023-06-21T01:17:14+00:00","dateModified":"2024-04-07T02:02:56+00:00","author":{"@id":"https:\/\/www.gaveanews.com\/#\/schema\/person\/2ec14f73fb96be2caf28f91afb14749d"},"breadcrumb":{"@id":"https:\/\/www.gaveanews.com\/index.php\/2023\/06\/20\/apos-marinho-mauro-cezar-pereira-sinaliza-mais-uma-saida-no-flamengo\/#breadcrumb"},"inLanguage":"pt-BR","potentialAction":[{"@type":"ReadAction","target":["https:\/\/www.gaveanews.com\/index.php\/2023\/06\/20\/apos-marinho-mauro-cezar-pereira-sinaliza-mais-uma-saida-no-flamengo\/"]}]},{"@type":"ImageObject","inLanguage":"pt-BR","@id":"https:\/\/www.gaveanews.com\/index.php\/2023\/06\/20\/apos-marinho-mauro-cezar-pereira-sinaliza-mais-uma-saida-no-flamengo\/#primaryimage","url":"https:\/\/www.gaveanews.com\/wp-content\/uploads\/Mauro-Cezar-em-participacao-na-Uol-Esporte.webp","contentUrl":"https:\/\/www.gaveanews.com\/wp-content\/uploads\/Mauro-Cezar-em-participacao-na-Uol-Esporte.webp","width":900,"height":506,"caption":"Mauro Cezar, comentarista da UOL Esporte (Foto: Reprodu\u00e7\u00e3o\/UOL Esporte)"},{"@type":"BreadcrumbList","@id":"https:\/\/www.gaveanews.com\/index.php\/2023\/06\/20\/apos-marinho-mauro-cezar-pereira-sinaliza-mais-uma-saida-no-flamengo\/#breadcrumb","itemListElement":[{"@type":"ListItem","position":1,"name":"Home","item":"https:\/\/www.gaveanews.com\/"},{"@type":"ListItem","position":2,"name":"Ap\u00f3s Marinho, Mauro Cezar Pereira aponta mais uma sa\u00edda no Flamengo"}]},{"@type":"WebSite","@id":"https:\/\/www.gaveanews.com\/#website","url":"https:\/\/www.gaveanews.com\/","name":"G\u00e1vea News","description":"Veja todas as not\u00edcias sobre o Flamengo: Contrata\u00e7\u00f5es, categorias de base, resultados das partidas, tabela de classifica\u00e7\u00e3o, pr\u00f3ximos jogos!","potentialAction":[{"@type":"SearchAction","target":{"@type":"EntryPoint","urlTemplate":"https:\/\/www.gaveanews.com\/?s={search_term_string}"},"query-input":{"@type":"PropertyValueSpecification","valueRequired":true,"valueName":"search_term_string"}}],"inLanguage":"pt-BR"},{"@type":"Person","@id":"https:\/\/www.gaveanews.com\/#\/schema\/person\/2ec14f73fb96be2caf28f91afb14749d","name":"Equipe G\u00e1vea News","image":{"@type":"ImageObject","inLanguage":"pt-BR","@id":"https:\/\/www.gaveanews.com\/#\/schema\/person\/image\/","url":"https:\/\/secure.gravatar.com\/avatar\/1e1956f1facbffd3f8fa53a326721950116b3b9dc9bd44939c01180fd4a745a9?s=96&d=mm&r=g","contentUrl":"https:\/\/secure.gravatar.com\/avatar\/1e1956f1facbffd3f8fa53a326721950116b3b9dc9bd44939c01180fd4a745a9?s=96&d=mm&r=g","caption":"Equipe G\u00e1vea News"}}]}},"_links":{"self":[{"href":"https:\/\/www.gaveanews.com\/index.php\/wp-json\/wp\/v2\/posts\/100772","targetHints":{"allow":["GET"]}}],"collection":[{"href":"https:\/\/www.gaveanews.com\/index.php\/wp-json\/wp\/v2\/posts"}],"about":[{"href":"https:\/\/www.gaveanews.com\/index.php\/wp-json\/wp\/v2\/types\/post"}],"author":[{"embeddable":true,"href":"https:\/\/www.gaveanews.com\/index.php\/wp-json\/wp\/v2\/users\/1"}],"replies":[{"embeddable":true,"href":"https:\/\/www.gaveanews.com\/index.php\/wp-json\/wp\/v2\/comments?post=100772"}],"version-history":[{"count":1,"href":"https:\/\/www.gaveanews.com\/index.php\/wp-json\/wp\/v2\/posts\/100772\/revisions"}],"predecessor-version":[{"id":134324,"href":"https:\/\/www.gaveanews.com\/index.php\/wp-json\/wp\/v2\/posts\/100772\/revisions\/134324"}],"wp:featuredmedia":[{"embeddable":true,"href":"https:\/\/www.gaveanews.com\/index.php\/wp-json\/wp\/v2\/media\/56367"}],"wp:attachment":[{"href":"https:\/\/www.gaveanews.com\/index.php\/wp-json\/wp\/v2\/media?parent=100772"}],"wp:term":[{"taxonomy":"category","embeddable":true,"href":"https:\/\/www.gaveanews.com\/index.php\/wp-json\/wp\/v2\/categories?post=100772"},{"taxonomy":"post_tag","embeddable":true,"href":"https:\/\/www.gaveanews.com\/index.php\/wp-json\/wp\/v2\/tags?post=100772"}],"curies":[{"name":"wp","href":"https:\/\/api.w.org\/{rel}","templated":true}]}}