{"id":101079,"date":"2023-06-25T14:05:51","date_gmt":"2023-06-25T17:05:51","guid":{"rendered":"https:\/\/www.gaveanews.com\/?p=101079"},"modified":"2023-06-25T14:05:54","modified_gmt":"2023-06-25T17:05:54","slug":"meio-campista-diz-que-gostou-da-ideia-de-jogar-no-flamengo-e-dispara-esperando-pelo-braz","status":"publish","type":"post","link":"https:\/\/www.gaveanews.com\/index.php\/2023\/06\/25\/meio-campista-diz-que-gostou-da-ideia-de-jogar-no-flamengo-e-dispara-esperando-pelo-braz\/","title":{"rendered":"Meio-campista diz que &#8216;gostou da ideia&#8217; de jogar no Flamengo e dispara: &#8220;Esperando pelo Braz&#8221;"},"content":{"rendered":"\n<p>Um dos alvos do Flamengo nos \u00faltimos mercados, o volante Wendel, do Zenit (RUS), voltou a movimentar as redes sociais entre torcedores ap\u00f3s troca de mensagens com o &#8216;influencer&#8217; Paparazzo Rubro-Negro em que se mostrou aberto a atuar pelo clube.<\/p>\n\n\n\n<p>O meio-campista, que renovou seu contrato com os russos at\u00e9 junho de 2027, passa per\u00edodo de f\u00e9rias no Rio de Janeiro.<\/p>\n\n\n\n<p>E segundo o jornalista, o jogador estaria inclinado a n\u00e3o retornar \u00e0 R\u00fassia devido ao aumento da tens\u00e3o no pa\u00eds por conta do conflito com a Ucr\u00e2nia.<\/p>\n\n\n\n<p>A Fifa ampliou o per\u00edodo de ativa\u00e7\u00e3o da cl\u00e1usula de suspens\u00e3o unilateral dos contratos aos jogadores que atuam na R\u00fassia e na Ucr\u00e2nia devido \u00e0 guerra entre os pa\u00edses.<\/p>\n\n\n\n<p>Ap\u00f3s ter acesso a uma conversa entre Wendel e um amigo em comum, o influenciar digital procurou o volante para saber sobre o interesse em atuar no Flamengo.<\/p>\n\n\n\n<p>\u201cOpa! Gostei da ideia\u201d, respondeu Wendel, que ainda complementou. \u201cVamos para cima. T\u00f4 no aguardo esperando pelo Braz\u201d.<\/p>\n\n\n\n<p>Ainda segundo o Paparazzo Rubro-Negro, no entanto, o Flamengo n\u00e3o tem negocia\u00e7\u00f5es para contratar Wendel neste momento.<\/p>\n\n\n\n<p>O meio-campista j\u00e1 esteve na mira do Flamengo em diversas oportunidades, sendo a \u00faltima delas no in\u00edcio de 2023, quando o clube carioca negociou Jo\u00e3o Gomes com o Wolverhampton.<\/p>\n\n\n\n<p>Segundo revelou a ESPN, o Rubro-Negro acertou seu refor\u00e7o para esta posi\u00e7\u00e3o nesta semana ao contratar o volante Allan, do Atl\u00e9tico-MG, em um acordo de quatro temporadas.<\/p>\n\n\n\n<p>Os times chegaram a um denominador comum sobre os valores que envolvem a compra do atleta. O Flamengo vai pagar 8 milh\u00f5es de euros, cerca de R$ 41,6 milh\u00f5es.<\/p>\n\n\n\n<p>Retirado de: ESPN<\/p>\n","protected":false},"excerpt":{"rendered":"<p>Um dos alvos do Flamengo nos \u00faltimos mercados, o volante Wendel, do Zenit (RUS), voltou a movimentar as redes sociais entre torcedores ap\u00f3s troca de mensagens com o &#8216;influencer&#8217; Paparazzo Rubro-Negro em que se mostrou aberto a atuar pelo clube. O meio-campista, que renovou seu contrato com os russos at\u00e9 junho de 2027, passa per\u00edodo [&hellip;]<\/p>\n","protected":false},"author":1,"featured_media":83824,"comment_status":"open","ping_status":"closed","sticky":false,"template":"","format":"standard","meta":{"footnotes":""},"categories":[1],"tags":[],"class_list":["post-101079","post","type-post","status-publish","format-standard","has-post-thumbnail","hentry","category-flamengo"],"yoast_head":"<!-- This site is optimized with the Yoast SEO Premium plugin v24.2 (Yoast SEO v26.9) - https:\/\/yoast.com\/product\/yoast-seo-premium-wordpress\/ -->\n<title>Meio-campista diz que &#039;gostou da ideia&#039; de jogar no Flamengo e dispara: &quot;Esperando pelo Braz&quot;<\/title>\n<meta name=\"robots\" content=\"index, follow, max-snippet:-1, max-image-preview:large, max-video-preview:-1\" \/>\n<link rel=\"canonical\" href=\"https:\/\/www.gaveanews.com\/index.php\/2023\/06\/25\/meio-campista-diz-que-gostou-da-ideia-de-jogar-no-flamengo-e-dispara-esperando-pelo-braz\/\" \/>\n<meta property=\"og:locale\" content=\"pt_BR\" \/>\n<meta property=\"og:type\" content=\"article\" \/>\n<meta property=\"og:title\" content=\"Meio-campista diz que &#039;gostou da ideia&#039; de jogar no Flamengo e dispara: &quot;Esperando pelo Braz&quot;\" \/>\n<meta property=\"og:description\" content=\"Um dos alvos do Flamengo nos \u00faltimos mercados, o volante Wendel, do Zenit (RUS), voltou a movimentar as redes sociais entre torcedores ap\u00f3s troca de mensagens com o &#8216;influencer&#8217; Paparazzo Rubro-Negro em que se mostrou aberto a atuar pelo clube. O meio-campista, que renovou seu contrato com os russos at\u00e9 junho de 2027, passa per\u00edodo [&hellip;]\" \/>\n<meta property=\"og:url\" content=\"https:\/\/www.gaveanews.com\/index.php\/2023\/06\/25\/meio-campista-diz-que-gostou-da-ideia-de-jogar-no-flamengo-e-dispara-esperando-pelo-braz\/\" \/>\n<meta property=\"og:site_name\" content=\"G\u00e1vea News\" \/>\n<meta property=\"article:publisher\" content=\"https:\/\/facebook.com\/gaveaNews\/\" \/>\n<meta property=\"article:published_time\" content=\"2023-06-25T17:05:51+00:00\" \/>\n<meta property=\"article:modified_time\" content=\"2023-06-25T17:05:54+00:00\" \/>\n<meta property=\"og:image\" content=\"https:\/\/www.gaveanews.com\/wp-content\/uploads\/Wendel-volante-do-Zenit.webp\" \/>\n\t<meta property=\"og:image:width\" content=\"1080\" \/>\n\t<meta property=\"og:image:height\" content=\"720\" \/>\n\t<meta property=\"og:image:type\" content=\"image\/webp\" \/>\n<meta name=\"author\" content=\"Equipe G\u00e1vea News\" \/>\n<meta name=\"twitter:card\" content=\"summary_large_image\" \/>\n<meta name=\"twitter:label1\" content=\"Escrito por\" \/>\n\t<meta name=\"twitter:data1\" content=\"Equipe G\u00e1vea News\" \/>\n\t<meta name=\"twitter:label2\" content=\"Est. tempo de leitura\" \/>\n\t<meta name=\"twitter:data2\" content=\"2 minutos\" \/>\n<script type=\"application\/ld+json\" class=\"yoast-schema-graph\">{\"@context\":\"https:\/\/schema.org\",\"@graph\":[{\"@type\":\"NewsArticle\",\"@id\":\"https:\/\/www.gaveanews.com\/index.php\/2023\/06\/25\/meio-campista-diz-que-gostou-da-ideia-de-jogar-no-flamengo-e-dispara-esperando-pelo-braz\/#article\",\"isPartOf\":{\"@id\":\"https:\/\/www.gaveanews.com\/index.php\/2023\/06\/25\/meio-campista-diz-que-gostou-da-ideia-de-jogar-no-flamengo-e-dispara-esperando-pelo-braz\/\"},\"author\":{\"name\":\"Equipe G\u00e1vea News\",\"@id\":\"https:\/\/www.gaveanews.com\/#\/schema\/person\/2ec14f73fb96be2caf28f91afb14749d\"},\"headline\":\"Meio-campista diz que &#8216;gostou da ideia&#8217; de jogar no Flamengo e dispara: &#8220;Esperando pelo Braz&#8221;\",\"datePublished\":\"2023-06-25T17:05:51+00:00\",\"dateModified\":\"2023-06-25T17:05:54+00:00\",\"mainEntityOfPage\":{\"@id\":\"https:\/\/www.gaveanews.com\/index.php\/2023\/06\/25\/meio-campista-diz-que-gostou-da-ideia-de-jogar-no-flamengo-e-dispara-esperando-pelo-braz\/\"},\"wordCount\":302,\"commentCount\":0,\"image\":{\"@id\":\"https:\/\/www.gaveanews.com\/index.php\/2023\/06\/25\/meio-campista-diz-que-gostou-da-ideia-de-jogar-no-flamengo-e-dispara-esperando-pelo-braz\/#primaryimage\"},\"thumbnailUrl\":\"https:\/\/www.gaveanews.com\/wp-content\/uploads\/Wendel-volante-do-Zenit.webp\",\"articleSection\":[\"Flamengo\"],\"inLanguage\":\"pt-BR\",\"potentialAction\":[{\"@type\":\"CommentAction\",\"name\":\"Comment\",\"target\":[\"https:\/\/www.gaveanews.com\/index.php\/2023\/06\/25\/meio-campista-diz-que-gostou-da-ideia-de-jogar-no-flamengo-e-dispara-esperando-pelo-braz\/#respond\"]}],\"copyrightYear\":\"2023\",\"copyrightHolder\":{\"@id\":\"https:\/\/www.gaveanews.com\/#organization\"}},{\"@type\":\"WebPage\",\"@id\":\"https:\/\/www.gaveanews.com\/index.php\/2023\/06\/25\/meio-campista-diz-que-gostou-da-ideia-de-jogar-no-flamengo-e-dispara-esperando-pelo-braz\/\",\"url\":\"https:\/\/www.gaveanews.com\/index.php\/2023\/06\/25\/meio-campista-diz-que-gostou-da-ideia-de-jogar-no-flamengo-e-dispara-esperando-pelo-braz\/\",\"name\":\"Meio-campista diz que 'gostou da ideia' de jogar no Flamengo e dispara: \\\"Esperando pelo Braz\\\"\",\"isPartOf\":{\"@id\":\"https:\/\/www.gaveanews.com\/#website\"},\"primaryImageOfPage\":{\"@id\":\"https:\/\/www.gaveanews.com\/index.php\/2023\/06\/25\/meio-campista-diz-que-gostou-da-ideia-de-jogar-no-flamengo-e-dispara-esperando-pelo-braz\/#primaryimage\"},\"image\":{\"@id\":\"https:\/\/www.gaveanews.com\/index.php\/2023\/06\/25\/meio-campista-diz-que-gostou-da-ideia-de-jogar-no-flamengo-e-dispara-esperando-pelo-braz\/#primaryimage\"},\"thumbnailUrl\":\"https:\/\/www.gaveanews.com\/wp-content\/uploads\/Wendel-volante-do-Zenit.webp\",\"datePublished\":\"2023-06-25T17:05:51+00:00\",\"dateModified\":\"2023-06-25T17:05:54+00:00\",\"author\":{\"@id\":\"https:\/\/www.gaveanews.com\/#\/schema\/person\/2ec14f73fb96be2caf28f91afb14749d\"},\"breadcrumb\":{\"@id\":\"https:\/\/www.gaveanews.com\/index.php\/2023\/06\/25\/meio-campista-diz-que-gostou-da-ideia-de-jogar-no-flamengo-e-dispara-esperando-pelo-braz\/#breadcrumb\"},\"inLanguage\":\"pt-BR\",\"potentialAction\":[{\"@type\":\"ReadAction\",\"target\":[\"https:\/\/www.gaveanews.com\/index.php\/2023\/06\/25\/meio-campista-diz-que-gostou-da-ideia-de-jogar-no-flamengo-e-dispara-esperando-pelo-braz\/\"]}]},{\"@type\":\"ImageObject\",\"inLanguage\":\"pt-BR\",\"@id\":\"https:\/\/www.gaveanews.com\/index.php\/2023\/06\/25\/meio-campista-diz-que-gostou-da-ideia-de-jogar-no-flamengo-e-dispara-esperando-pelo-braz\/#primaryimage\",\"url\":\"https:\/\/www.gaveanews.com\/wp-content\/uploads\/Wendel-volante-do-Zenit.webp\",\"contentUrl\":\"https:\/\/www.gaveanews.com\/wp-content\/uploads\/Wendel-volante-do-Zenit.webp\",\"width\":1080,\"height\":720,\"caption\":\"Wendel, volante do Zenit (Foto: Divulga\u00e7\u00e3o\/Zenit)\"},{\"@type\":\"BreadcrumbList\",\"@id\":\"https:\/\/www.gaveanews.com\/index.php\/2023\/06\/25\/meio-campista-diz-que-gostou-da-ideia-de-jogar-no-flamengo-e-dispara-esperando-pelo-braz\/#breadcrumb\",\"itemListElement\":[{\"@type\":\"ListItem\",\"position\":1,\"name\":\"Home\",\"item\":\"https:\/\/www.gaveanews.com\/\"},{\"@type\":\"ListItem\",\"position\":2,\"name\":\"Meio-campista diz que &#8216;gostou da ideia&#8217; de jogar no Flamengo e dispara: &#8220;Esperando pelo Braz&#8221;\"}]},{\"@type\":\"WebSite\",\"@id\":\"https:\/\/www.gaveanews.com\/#website\",\"url\":\"https:\/\/www.gaveanews.com\/\",\"name\":\"G\u00e1vea News\",\"description\":\"Veja todas as not\u00edcias sobre o Flamengo: Contrata\u00e7\u00f5es, categorias de base, resultados das partidas, tabela de classifica\u00e7\u00e3o, pr\u00f3ximos jogos!\",\"potentialAction\":[{\"@type\":\"SearchAction\",\"target\":{\"@type\":\"EntryPoint\",\"urlTemplate\":\"https:\/\/www.gaveanews.com\/?s={search_term_string}\"},\"query-input\":{\"@type\":\"PropertyValueSpecification\",\"valueRequired\":true,\"valueName\":\"search_term_string\"}}],\"inLanguage\":\"pt-BR\"},{\"@type\":\"Person\",\"@id\":\"https:\/\/www.gaveanews.com\/#\/schema\/person\/2ec14f73fb96be2caf28f91afb14749d\",\"name\":\"Equipe G\u00e1vea News\",\"image\":{\"@type\":\"ImageObject\",\"inLanguage\":\"pt-BR\",\"@id\":\"https:\/\/www.gaveanews.com\/#\/schema\/person\/image\/\",\"url\":\"https:\/\/secure.gravatar.com\/avatar\/1e1956f1facbffd3f8fa53a326721950116b3b9dc9bd44939c01180fd4a745a9?s=96&d=mm&r=g\",\"contentUrl\":\"https:\/\/secure.gravatar.com\/avatar\/1e1956f1facbffd3f8fa53a326721950116b3b9dc9bd44939c01180fd4a745a9?s=96&d=mm&r=g\",\"caption\":\"Equipe G\u00e1vea News\"}}]}<\/script>\n<!-- \/ Yoast SEO Premium plugin. -->","yoast_head_json":{"title":"Meio-campista diz que 'gostou da ideia' de jogar no Flamengo e dispara: \"Esperando pelo Braz\"","robots":{"index":"index","follow":"follow","max-snippet":"max-snippet:-1","max-image-preview":"max-image-preview:large","max-video-preview":"max-video-preview:-1"},"canonical":"https:\/\/www.gaveanews.com\/index.php\/2023\/06\/25\/meio-campista-diz-que-gostou-da-ideia-de-jogar-no-flamengo-e-dispara-esperando-pelo-braz\/","og_locale":"pt_BR","og_type":"article","og_title":"Meio-campista diz que 'gostou da ideia' de jogar no Flamengo e dispara: \"Esperando pelo Braz\"","og_description":"Um dos alvos do Flamengo nos \u00faltimos mercados, o volante Wendel, do Zenit (RUS), voltou a movimentar as redes sociais entre torcedores ap\u00f3s troca de mensagens com o &#8216;influencer&#8217; Paparazzo Rubro-Negro em que se mostrou aberto a atuar pelo clube. O meio-campista, que renovou seu contrato com os russos at\u00e9 junho de 2027, passa per\u00edodo [&hellip;]","og_url":"https:\/\/www.gaveanews.com\/index.php\/2023\/06\/25\/meio-campista-diz-que-gostou-da-ideia-de-jogar-no-flamengo-e-dispara-esperando-pelo-braz\/","og_site_name":"G\u00e1vea News","article_publisher":"https:\/\/facebook.com\/gaveaNews\/","article_published_time":"2023-06-25T17:05:51+00:00","article_modified_time":"2023-06-25T17:05:54+00:00","og_image":[{"width":1080,"height":720,"url":"https:\/\/www.gaveanews.com\/wp-content\/uploads\/Wendel-volante-do-Zenit.webp","type":"image\/webp"}],"author":"Equipe G\u00e1vea News","twitter_card":"summary_large_image","twitter_misc":{"Escrito por":"Equipe G\u00e1vea News","Est. tempo de leitura":"2 minutos"},"schema":{"@context":"https:\/\/schema.org","@graph":[{"@type":"NewsArticle","@id":"https:\/\/www.gaveanews.com\/index.php\/2023\/06\/25\/meio-campista-diz-que-gostou-da-ideia-de-jogar-no-flamengo-e-dispara-esperando-pelo-braz\/#article","isPartOf":{"@id":"https:\/\/www.gaveanews.com\/index.php\/2023\/06\/25\/meio-campista-diz-que-gostou-da-ideia-de-jogar-no-flamengo-e-dispara-esperando-pelo-braz\/"},"author":{"name":"Equipe G\u00e1vea News","@id":"https:\/\/www.gaveanews.com\/#\/schema\/person\/2ec14f73fb96be2caf28f91afb14749d"},"headline":"Meio-campista diz que &#8216;gostou da ideia&#8217; de jogar no Flamengo e dispara: &#8220;Esperando pelo Braz&#8221;","datePublished":"2023-06-25T17:05:51+00:00","dateModified":"2023-06-25T17:05:54+00:00","mainEntityOfPage":{"@id":"https:\/\/www.gaveanews.com\/index.php\/2023\/06\/25\/meio-campista-diz-que-gostou-da-ideia-de-jogar-no-flamengo-e-dispara-esperando-pelo-braz\/"},"wordCount":302,"commentCount":0,"image":{"@id":"https:\/\/www.gaveanews.com\/index.php\/2023\/06\/25\/meio-campista-diz-que-gostou-da-ideia-de-jogar-no-flamengo-e-dispara-esperando-pelo-braz\/#primaryimage"},"thumbnailUrl":"https:\/\/www.gaveanews.com\/wp-content\/uploads\/Wendel-volante-do-Zenit.webp","articleSection":["Flamengo"],"inLanguage":"pt-BR","potentialAction":[{"@type":"CommentAction","name":"Comment","target":["https:\/\/www.gaveanews.com\/index.php\/2023\/06\/25\/meio-campista-diz-que-gostou-da-ideia-de-jogar-no-flamengo-e-dispara-esperando-pelo-braz\/#respond"]}],"copyrightYear":"2023","copyrightHolder":{"@id":"https:\/\/www.gaveanews.com\/#organization"}},{"@type":"WebPage","@id":"https:\/\/www.gaveanews.com\/index.php\/2023\/06\/25\/meio-campista-diz-que-gostou-da-ideia-de-jogar-no-flamengo-e-dispara-esperando-pelo-braz\/","url":"https:\/\/www.gaveanews.com\/index.php\/2023\/06\/25\/meio-campista-diz-que-gostou-da-ideia-de-jogar-no-flamengo-e-dispara-esperando-pelo-braz\/","name":"Meio-campista diz que 'gostou da ideia' de jogar no Flamengo e dispara: \"Esperando pelo Braz\"","isPartOf":{"@id":"https:\/\/www.gaveanews.com\/#website"},"primaryImageOfPage":{"@id":"https:\/\/www.gaveanews.com\/index.php\/2023\/06\/25\/meio-campista-diz-que-gostou-da-ideia-de-jogar-no-flamengo-e-dispara-esperando-pelo-braz\/#primaryimage"},"image":{"@id":"https:\/\/www.gaveanews.com\/index.php\/2023\/06\/25\/meio-campista-diz-que-gostou-da-ideia-de-jogar-no-flamengo-e-dispara-esperando-pelo-braz\/#primaryimage"},"thumbnailUrl":"https:\/\/www.gaveanews.com\/wp-content\/uploads\/Wendel-volante-do-Zenit.webp","datePublished":"2023-06-25T17:05:51+00:00","dateModified":"2023-06-25T17:05:54+00:00","author":{"@id":"https:\/\/www.gaveanews.com\/#\/schema\/person\/2ec14f73fb96be2caf28f91afb14749d"},"breadcrumb":{"@id":"https:\/\/www.gaveanews.com\/index.php\/2023\/06\/25\/meio-campista-diz-que-gostou-da-ideia-de-jogar-no-flamengo-e-dispara-esperando-pelo-braz\/#breadcrumb"},"inLanguage":"pt-BR","potentialAction":[{"@type":"ReadAction","target":["https:\/\/www.gaveanews.com\/index.php\/2023\/06\/25\/meio-campista-diz-que-gostou-da-ideia-de-jogar-no-flamengo-e-dispara-esperando-pelo-braz\/"]}]},{"@type":"ImageObject","inLanguage":"pt-BR","@id":"https:\/\/www.gaveanews.com\/index.php\/2023\/06\/25\/meio-campista-diz-que-gostou-da-ideia-de-jogar-no-flamengo-e-dispara-esperando-pelo-braz\/#primaryimage","url":"https:\/\/www.gaveanews.com\/wp-content\/uploads\/Wendel-volante-do-Zenit.webp","contentUrl":"https:\/\/www.gaveanews.com\/wp-content\/uploads\/Wendel-volante-do-Zenit.webp","width":1080,"height":720,"caption":"Wendel, volante do Zenit (Foto: Divulga\u00e7\u00e3o\/Zenit)"},{"@type":"BreadcrumbList","@id":"https:\/\/www.gaveanews.com\/index.php\/2023\/06\/25\/meio-campista-diz-que-gostou-da-ideia-de-jogar-no-flamengo-e-dispara-esperando-pelo-braz\/#breadcrumb","itemListElement":[{"@type":"ListItem","position":1,"name":"Home","item":"https:\/\/www.gaveanews.com\/"},{"@type":"ListItem","position":2,"name":"Meio-campista diz que &#8216;gostou da ideia&#8217; de jogar no Flamengo e dispara: &#8220;Esperando pelo Braz&#8221;"}]},{"@type":"WebSite","@id":"https:\/\/www.gaveanews.com\/#website","url":"https:\/\/www.gaveanews.com\/","name":"G\u00e1vea News","description":"Veja todas as not\u00edcias sobre o Flamengo: Contrata\u00e7\u00f5es, categorias de base, resultados das partidas, tabela de classifica\u00e7\u00e3o, pr\u00f3ximos jogos!","potentialAction":[{"@type":"SearchAction","target":{"@type":"EntryPoint","urlTemplate":"https:\/\/www.gaveanews.com\/?s={search_term_string}"},"query-input":{"@type":"PropertyValueSpecification","valueRequired":true,"valueName":"search_term_string"}}],"inLanguage":"pt-BR"},{"@type":"Person","@id":"https:\/\/www.gaveanews.com\/#\/schema\/person\/2ec14f73fb96be2caf28f91afb14749d","name":"Equipe G\u00e1vea News","image":{"@type":"ImageObject","inLanguage":"pt-BR","@id":"https:\/\/www.gaveanews.com\/#\/schema\/person\/image\/","url":"https:\/\/secure.gravatar.com\/avatar\/1e1956f1facbffd3f8fa53a326721950116b3b9dc9bd44939c01180fd4a745a9?s=96&d=mm&r=g","contentUrl":"https:\/\/secure.gravatar.com\/avatar\/1e1956f1facbffd3f8fa53a326721950116b3b9dc9bd44939c01180fd4a745a9?s=96&d=mm&r=g","caption":"Equipe G\u00e1vea News"}}]}},"_links":{"self":[{"href":"https:\/\/www.gaveanews.com\/index.php\/wp-json\/wp\/v2\/posts\/101079","targetHints":{"allow":["GET"]}}],"collection":[{"href":"https:\/\/www.gaveanews.com\/index.php\/wp-json\/wp\/v2\/posts"}],"about":[{"href":"https:\/\/www.gaveanews.com\/index.php\/wp-json\/wp\/v2\/types\/post"}],"author":[{"embeddable":true,"href":"https:\/\/www.gaveanews.com\/index.php\/wp-json\/wp\/v2\/users\/1"}],"replies":[{"embeddable":true,"href":"https:\/\/www.gaveanews.com\/index.php\/wp-json\/wp\/v2\/comments?post=101079"}],"version-history":[{"count":0,"href":"https:\/\/www.gaveanews.com\/index.php\/wp-json\/wp\/v2\/posts\/101079\/revisions"}],"wp:featuredmedia":[{"embeddable":true,"href":"https:\/\/www.gaveanews.com\/index.php\/wp-json\/wp\/v2\/media\/83824"}],"wp:attachment":[{"href":"https:\/\/www.gaveanews.com\/index.php\/wp-json\/wp\/v2\/media?parent=101079"}],"wp:term":[{"taxonomy":"category","embeddable":true,"href":"https:\/\/www.gaveanews.com\/index.php\/wp-json\/wp\/v2\/categories?post=101079"},{"taxonomy":"post_tag","embeddable":true,"href":"https:\/\/www.gaveanews.com\/index.php\/wp-json\/wp\/v2\/tags?post=101079"}],"curies":[{"name":"wp","href":"https:\/\/api.w.org\/{rel}","templated":true}]}}