{"id":101170,"date":"2023-06-27T00:44:13","date_gmt":"2023-06-27T03:44:13","guid":{"rendered":"https:\/\/www.gaveanews.com\/?p=101170"},"modified":"2024-04-06T23:02:43","modified_gmt":"2024-04-07T02:02:43","slug":"mauro-cezar-pereira-aponta-atrito-entre-jogadores-do-flamengo-e-jorge-sampaoli","status":"publish","type":"post","link":"https:\/\/www.gaveanews.com\/index.php\/2023\/06\/27\/mauro-cezar-pereira-aponta-atrito-entre-jogadores-do-flamengo-e-jorge-sampaoli\/","title":{"rendered":"Mauro Cezar Pereira aponta atrito entre jogadores do Flamengo e Jorge Sampaoli"},"content":{"rendered":"\n<p>Durante o programa Bate-Pronto, da Jovem Pan, Mauro Cezar Pereira relatou uma situa\u00e7\u00e3o pol\u00eamica no Flamengo. Notando uma necessidade de trabalhos mais intensos em algumas oportunidades, Jorge Sampaoli programou treinos em dois turnos no clube. Diante disso, o cen\u00e1rio envolvendo os trabalhos de 18h at\u00e9 20h, destinados para atividades pontuais, n\u00e3o causou uma boa repercuss\u00e3o dentro do elenco.<\/p>\n\n\n\n<p>Neste cen\u00e1rio, Mauro Cezar relatou que Sampaoli est\u00e1 travando uma \u201cbatalha interna\u201d para aplicar seus m\u00e9todos no Flamengo. Por\u00e9m, o argentino vem enfrentando resist\u00eancia por parte dos atletas, que n\u00e3o desejam treinar com tanta frequ\u00eancia.<\/p>\n\n\n\n<p><em>\u2014 O t\u00e9cnico est\u00e1 travando um duelo interno com algumas for\u00e7as. Os jogadores n\u00e3o queriam treinar a quantidade de treinos nesses (\u00faltimos) dias. O Sampaoli programou alguns dias para treinos em dois per\u00edodos. O treino normal, pela manh\u00e3, e eles puseram refletores no CT. Seis da tarde at\u00e9 umas oito (da noite) treinavam bola parada, uma jogada ensaiada, uma corre\u00e7\u00e3o de posicionamento\u2026 nada para arrebentar os caras. Por que isso? Porque ele n\u00e3o teve pr\u00e9-temporada no Flamengo e est\u00e1 tentando recuperar o tempo perdido trabalhando mais o time para corrigir certas situa\u00e7\u00f5es. Os caras n\u00e3o queriam, os jogadores do Flamengo n\u00e3o queriam treinar tanto<\/em>, disse Mauro Cezar.<\/p>\n\n\n\n<p>Na sequ\u00eancia, Mauro Cezar destacou que o Flamengo, recentemente, teve dois dias de folga. Dessa forma, mesmo que sua informa\u00e7\u00e3o seja desmentida, o jornalista bancou que o ritmo implementado por Jorge Sampaoli n\u00e3o est\u00e1 sendo aprovado nos bastidores.<\/p>\n\n\n\n<p><em>\u2014 O cara vai treinar de 18h \u00e0s 20h, toma um banho, 20h30 est\u00e1 em casa. No outro dia, treina s\u00f3 de manh\u00e3. Eles (elenco do Flamengo) folgaram segunda e ter\u00e7a, o treino na quarta foi no fim da tarde. Tiveram dois dias e quase um outro dia inteiro de folga. N\u00e3o querem treinar tantas vezes? Isso \u00e9 informa\u00e7\u00e3o. Amanh\u00e3 vai ter jogador do Flamengo falando que n\u00e3o \u00e9 verdade. \u00c9 verdade, sim. Informa\u00e7\u00e3o l\u00e1 de dentro. Os caras torcem o nariz. O t\u00e9cnico quer trabalhar mais e a diretoria se omite, e fica isso. O que a gente viu contra o Bragantino? Foi uma vergonha, \u00e9 para cair meio mundo, um absurdo<\/em>, alertou.<\/p>\n\n\n\n<p>Ap\u00f3s a vit\u00f3ria sobre o Santos, pelo Brasileir\u00e3o, o Flamengo vira a chave para a \u00faltima rodada da fase de grupos da Libertadores. Precisando apenas de um empate para avan\u00e7ar de fase, a equipe carioca encara o Aucas na quarta (28), \u00e0s 21h30, no Maracan\u00e3.<\/p>\n\n\n\n<p>Retirado de: Torcedores<\/p>\n","protected":false},"excerpt":{"rendered":"<p>Durante o programa Bate-Pronto, da Jovem Pan, Mauro Cezar Pereira relatou uma situa\u00e7\u00e3o pol\u00eamica no Flamengo. Notando uma necessidade de trabalhos mais intensos em algumas oportunidades, Jorge Sampaoli programou treinos em dois turnos no clube. Diante disso, o cen\u00e1rio envolvendo os trabalhos de 18h at\u00e9 20h, destinados para atividades pontuais, n\u00e3o causou uma boa repercuss\u00e3o [&hellip;]<\/p>\n","protected":false},"author":1,"featured_media":101020,"comment_status":"open","ping_status":"closed","sticky":false,"template":"","format":"standard","meta":{"footnotes":""},"categories":[1],"tags":[170],"class_list":["post-101170","post","type-post","status-publish","format-standard","has-post-thumbnail","hentry","category-flamengo","tag-mauro-cezar-pereira"],"yoast_head":"<!-- This site is optimized with the Yoast SEO Premium plugin v24.2 (Yoast SEO v26.9) - https:\/\/yoast.com\/product\/yoast-seo-premium-wordpress\/ -->\n<title>Mauro Cezar Pereira aponta atrito entre jogadores do Flamengo e Jorge Sampaoli<\/title>\n<meta name=\"robots\" content=\"index, follow, max-snippet:-1, max-image-preview:large, max-video-preview:-1\" \/>\n<link rel=\"canonical\" href=\"https:\/\/www.gaveanews.com\/index.php\/2023\/06\/27\/mauro-cezar-pereira-aponta-atrito-entre-jogadores-do-flamengo-e-jorge-sampaoli\/\" \/>\n<meta property=\"og:locale\" content=\"pt_BR\" \/>\n<meta property=\"og:type\" content=\"article\" \/>\n<meta property=\"og:title\" content=\"Mauro Cezar Pereira aponta atrito entre jogadores do Flamengo e Jorge Sampaoli\" \/>\n<meta property=\"og:description\" content=\"Durante o programa Bate-Pronto, da Jovem Pan, Mauro Cezar Pereira relatou uma situa\u00e7\u00e3o pol\u00eamica no Flamengo. Notando uma necessidade de trabalhos mais intensos em algumas oportunidades, Jorge Sampaoli programou treinos em dois turnos no clube. Diante disso, o cen\u00e1rio envolvendo os trabalhos de 18h at\u00e9 20h, destinados para atividades pontuais, n\u00e3o causou uma boa repercuss\u00e3o [&hellip;]\" \/>\n<meta property=\"og:url\" content=\"https:\/\/www.gaveanews.com\/index.php\/2023\/06\/27\/mauro-cezar-pereira-aponta-atrito-entre-jogadores-do-flamengo-e-jorge-sampaoli\/\" \/>\n<meta property=\"og:site_name\" content=\"G\u00e1vea News\" \/>\n<meta property=\"article:publisher\" content=\"https:\/\/facebook.com\/gaveaNews\/\" \/>\n<meta property=\"article:published_time\" content=\"2023-06-27T03:44:13+00:00\" \/>\n<meta property=\"article:modified_time\" content=\"2024-04-07T02:02:43+00:00\" \/>\n<meta property=\"og:image\" content=\"https:\/\/www.gaveanews.com\/wp-content\/uploads\/Mauro-Cezar.webp\" \/>\n\t<meta property=\"og:image:width\" content=\"846\" \/>\n\t<meta property=\"og:image:height\" content=\"564\" \/>\n\t<meta property=\"og:image:type\" content=\"image\/webp\" \/>\n<meta name=\"author\" content=\"Equipe G\u00e1vea News\" \/>\n<meta name=\"twitter:card\" content=\"summary_large_image\" \/>\n<meta name=\"twitter:label1\" content=\"Escrito por\" \/>\n\t<meta name=\"twitter:data1\" content=\"Equipe G\u00e1vea News\" \/>\n\t<meta name=\"twitter:label2\" content=\"Est. tempo de leitura\" \/>\n\t<meta name=\"twitter:data2\" content=\"3 minutos\" \/>\n<script type=\"application\/ld+json\" class=\"yoast-schema-graph\">{\"@context\":\"https:\/\/schema.org\",\"@graph\":[{\"@type\":\"NewsArticle\",\"@id\":\"https:\/\/www.gaveanews.com\/index.php\/2023\/06\/27\/mauro-cezar-pereira-aponta-atrito-entre-jogadores-do-flamengo-e-jorge-sampaoli\/#article\",\"isPartOf\":{\"@id\":\"https:\/\/www.gaveanews.com\/index.php\/2023\/06\/27\/mauro-cezar-pereira-aponta-atrito-entre-jogadores-do-flamengo-e-jorge-sampaoli\/\"},\"author\":{\"name\":\"Equipe G\u00e1vea News\",\"@id\":\"https:\/\/www.gaveanews.com\/#\/schema\/person\/2ec14f73fb96be2caf28f91afb14749d\"},\"headline\":\"Mauro Cezar Pereira aponta atrito entre jogadores do Flamengo e Jorge Sampaoli\",\"datePublished\":\"2023-06-27T03:44:13+00:00\",\"dateModified\":\"2024-04-07T02:02:43+00:00\",\"mainEntityOfPage\":{\"@id\":\"https:\/\/www.gaveanews.com\/index.php\/2023\/06\/27\/mauro-cezar-pereira-aponta-atrito-entre-jogadores-do-flamengo-e-jorge-sampaoli\/\"},\"wordCount\":439,\"commentCount\":0,\"image\":{\"@id\":\"https:\/\/www.gaveanews.com\/index.php\/2023\/06\/27\/mauro-cezar-pereira-aponta-atrito-entre-jogadores-do-flamengo-e-jorge-sampaoli\/#primaryimage\"},\"thumbnailUrl\":\"https:\/\/www.gaveanews.com\/wp-content\/uploads\/Mauro-Cezar.webp\",\"keywords\":[\"Mauro Cezar Pereira\"],\"articleSection\":[\"Flamengo\"],\"inLanguage\":\"pt-BR\",\"potentialAction\":[{\"@type\":\"CommentAction\",\"name\":\"Comment\",\"target\":[\"https:\/\/www.gaveanews.com\/index.php\/2023\/06\/27\/mauro-cezar-pereira-aponta-atrito-entre-jogadores-do-flamengo-e-jorge-sampaoli\/#respond\"]}],\"copyrightYear\":\"2023\",\"copyrightHolder\":{\"@id\":\"https:\/\/www.gaveanews.com\/#organization\"}},{\"@type\":\"WebPage\",\"@id\":\"https:\/\/www.gaveanews.com\/index.php\/2023\/06\/27\/mauro-cezar-pereira-aponta-atrito-entre-jogadores-do-flamengo-e-jorge-sampaoli\/\",\"url\":\"https:\/\/www.gaveanews.com\/index.php\/2023\/06\/27\/mauro-cezar-pereira-aponta-atrito-entre-jogadores-do-flamengo-e-jorge-sampaoli\/\",\"name\":\"Mauro Cezar Pereira aponta atrito entre jogadores do Flamengo e Jorge Sampaoli\",\"isPartOf\":{\"@id\":\"https:\/\/www.gaveanews.com\/#website\"},\"primaryImageOfPage\":{\"@id\":\"https:\/\/www.gaveanews.com\/index.php\/2023\/06\/27\/mauro-cezar-pereira-aponta-atrito-entre-jogadores-do-flamengo-e-jorge-sampaoli\/#primaryimage\"},\"image\":{\"@id\":\"https:\/\/www.gaveanews.com\/index.php\/2023\/06\/27\/mauro-cezar-pereira-aponta-atrito-entre-jogadores-do-flamengo-e-jorge-sampaoli\/#primaryimage\"},\"thumbnailUrl\":\"https:\/\/www.gaveanews.com\/wp-content\/uploads\/Mauro-Cezar.webp\",\"datePublished\":\"2023-06-27T03:44:13+00:00\",\"dateModified\":\"2024-04-07T02:02:43+00:00\",\"author\":{\"@id\":\"https:\/\/www.gaveanews.com\/#\/schema\/person\/2ec14f73fb96be2caf28f91afb14749d\"},\"breadcrumb\":{\"@id\":\"https:\/\/www.gaveanews.com\/index.php\/2023\/06\/27\/mauro-cezar-pereira-aponta-atrito-entre-jogadores-do-flamengo-e-jorge-sampaoli\/#breadcrumb\"},\"inLanguage\":\"pt-BR\",\"potentialAction\":[{\"@type\":\"ReadAction\",\"target\":[\"https:\/\/www.gaveanews.com\/index.php\/2023\/06\/27\/mauro-cezar-pereira-aponta-atrito-entre-jogadores-do-flamengo-e-jorge-sampaoli\/\"]}]},{\"@type\":\"ImageObject\",\"inLanguage\":\"pt-BR\",\"@id\":\"https:\/\/www.gaveanews.com\/index.php\/2023\/06\/27\/mauro-cezar-pereira-aponta-atrito-entre-jogadores-do-flamengo-e-jorge-sampaoli\/#primaryimage\",\"url\":\"https:\/\/www.gaveanews.com\/wp-content\/uploads\/Mauro-Cezar.webp\",\"contentUrl\":\"https:\/\/www.gaveanews.com\/wp-content\/uploads\/Mauro-Cezar.webp\",\"width\":846,\"height\":564,\"caption\":\"Mauro Cesar em Programa pela Jovem Pan - Foto: Reprodu\u00e7\u00e3o\/Jovem Pan\"},{\"@type\":\"BreadcrumbList\",\"@id\":\"https:\/\/www.gaveanews.com\/index.php\/2023\/06\/27\/mauro-cezar-pereira-aponta-atrito-entre-jogadores-do-flamengo-e-jorge-sampaoli\/#breadcrumb\",\"itemListElement\":[{\"@type\":\"ListItem\",\"position\":1,\"name\":\"Home\",\"item\":\"https:\/\/www.gaveanews.com\/\"},{\"@type\":\"ListItem\",\"position\":2,\"name\":\"Mauro Cezar Pereira aponta atrito entre jogadores do Flamengo e Jorge Sampaoli\"}]},{\"@type\":\"WebSite\",\"@id\":\"https:\/\/www.gaveanews.com\/#website\",\"url\":\"https:\/\/www.gaveanews.com\/\",\"name\":\"G\u00e1vea News\",\"description\":\"Veja todas as not\u00edcias sobre o Flamengo: Contrata\u00e7\u00f5es, categorias de base, resultados das partidas, tabela de classifica\u00e7\u00e3o, pr\u00f3ximos jogos!\",\"potentialAction\":[{\"@type\":\"SearchAction\",\"target\":{\"@type\":\"EntryPoint\",\"urlTemplate\":\"https:\/\/www.gaveanews.com\/?s={search_term_string}\"},\"query-input\":{\"@type\":\"PropertyValueSpecification\",\"valueRequired\":true,\"valueName\":\"search_term_string\"}}],\"inLanguage\":\"pt-BR\"},{\"@type\":\"Person\",\"@id\":\"https:\/\/www.gaveanews.com\/#\/schema\/person\/2ec14f73fb96be2caf28f91afb14749d\",\"name\":\"Equipe G\u00e1vea News\",\"image\":{\"@type\":\"ImageObject\",\"inLanguage\":\"pt-BR\",\"@id\":\"https:\/\/www.gaveanews.com\/#\/schema\/person\/image\/\",\"url\":\"https:\/\/secure.gravatar.com\/avatar\/1e1956f1facbffd3f8fa53a326721950116b3b9dc9bd44939c01180fd4a745a9?s=96&d=mm&r=g\",\"contentUrl\":\"https:\/\/secure.gravatar.com\/avatar\/1e1956f1facbffd3f8fa53a326721950116b3b9dc9bd44939c01180fd4a745a9?s=96&d=mm&r=g\",\"caption\":\"Equipe G\u00e1vea News\"}}]}<\/script>\n<!-- \/ Yoast SEO Premium plugin. -->","yoast_head_json":{"title":"Mauro Cezar Pereira aponta atrito entre jogadores do Flamengo e Jorge Sampaoli","robots":{"index":"index","follow":"follow","max-snippet":"max-snippet:-1","max-image-preview":"max-image-preview:large","max-video-preview":"max-video-preview:-1"},"canonical":"https:\/\/www.gaveanews.com\/index.php\/2023\/06\/27\/mauro-cezar-pereira-aponta-atrito-entre-jogadores-do-flamengo-e-jorge-sampaoli\/","og_locale":"pt_BR","og_type":"article","og_title":"Mauro Cezar Pereira aponta atrito entre jogadores do Flamengo e Jorge Sampaoli","og_description":"Durante o programa Bate-Pronto, da Jovem Pan, Mauro Cezar Pereira relatou uma situa\u00e7\u00e3o pol\u00eamica no Flamengo. Notando uma necessidade de trabalhos mais intensos em algumas oportunidades, Jorge Sampaoli programou treinos em dois turnos no clube. Diante disso, o cen\u00e1rio envolvendo os trabalhos de 18h at\u00e9 20h, destinados para atividades pontuais, n\u00e3o causou uma boa repercuss\u00e3o [&hellip;]","og_url":"https:\/\/www.gaveanews.com\/index.php\/2023\/06\/27\/mauro-cezar-pereira-aponta-atrito-entre-jogadores-do-flamengo-e-jorge-sampaoli\/","og_site_name":"G\u00e1vea News","article_publisher":"https:\/\/facebook.com\/gaveaNews\/","article_published_time":"2023-06-27T03:44:13+00:00","article_modified_time":"2024-04-07T02:02:43+00:00","og_image":[{"width":846,"height":564,"url":"https:\/\/www.gaveanews.com\/wp-content\/uploads\/Mauro-Cezar.webp","type":"image\/webp"}],"author":"Equipe G\u00e1vea News","twitter_card":"summary_large_image","twitter_misc":{"Escrito por":"Equipe G\u00e1vea News","Est. tempo de leitura":"3 minutos"},"schema":{"@context":"https:\/\/schema.org","@graph":[{"@type":"NewsArticle","@id":"https:\/\/www.gaveanews.com\/index.php\/2023\/06\/27\/mauro-cezar-pereira-aponta-atrito-entre-jogadores-do-flamengo-e-jorge-sampaoli\/#article","isPartOf":{"@id":"https:\/\/www.gaveanews.com\/index.php\/2023\/06\/27\/mauro-cezar-pereira-aponta-atrito-entre-jogadores-do-flamengo-e-jorge-sampaoli\/"},"author":{"name":"Equipe G\u00e1vea News","@id":"https:\/\/www.gaveanews.com\/#\/schema\/person\/2ec14f73fb96be2caf28f91afb14749d"},"headline":"Mauro Cezar Pereira aponta atrito entre jogadores do Flamengo e Jorge Sampaoli","datePublished":"2023-06-27T03:44:13+00:00","dateModified":"2024-04-07T02:02:43+00:00","mainEntityOfPage":{"@id":"https:\/\/www.gaveanews.com\/index.php\/2023\/06\/27\/mauro-cezar-pereira-aponta-atrito-entre-jogadores-do-flamengo-e-jorge-sampaoli\/"},"wordCount":439,"commentCount":0,"image":{"@id":"https:\/\/www.gaveanews.com\/index.php\/2023\/06\/27\/mauro-cezar-pereira-aponta-atrito-entre-jogadores-do-flamengo-e-jorge-sampaoli\/#primaryimage"},"thumbnailUrl":"https:\/\/www.gaveanews.com\/wp-content\/uploads\/Mauro-Cezar.webp","keywords":["Mauro Cezar Pereira"],"articleSection":["Flamengo"],"inLanguage":"pt-BR","potentialAction":[{"@type":"CommentAction","name":"Comment","target":["https:\/\/www.gaveanews.com\/index.php\/2023\/06\/27\/mauro-cezar-pereira-aponta-atrito-entre-jogadores-do-flamengo-e-jorge-sampaoli\/#respond"]}],"copyrightYear":"2023","copyrightHolder":{"@id":"https:\/\/www.gaveanews.com\/#organization"}},{"@type":"WebPage","@id":"https:\/\/www.gaveanews.com\/index.php\/2023\/06\/27\/mauro-cezar-pereira-aponta-atrito-entre-jogadores-do-flamengo-e-jorge-sampaoli\/","url":"https:\/\/www.gaveanews.com\/index.php\/2023\/06\/27\/mauro-cezar-pereira-aponta-atrito-entre-jogadores-do-flamengo-e-jorge-sampaoli\/","name":"Mauro Cezar Pereira aponta atrito entre jogadores do Flamengo e Jorge Sampaoli","isPartOf":{"@id":"https:\/\/www.gaveanews.com\/#website"},"primaryImageOfPage":{"@id":"https:\/\/www.gaveanews.com\/index.php\/2023\/06\/27\/mauro-cezar-pereira-aponta-atrito-entre-jogadores-do-flamengo-e-jorge-sampaoli\/#primaryimage"},"image":{"@id":"https:\/\/www.gaveanews.com\/index.php\/2023\/06\/27\/mauro-cezar-pereira-aponta-atrito-entre-jogadores-do-flamengo-e-jorge-sampaoli\/#primaryimage"},"thumbnailUrl":"https:\/\/www.gaveanews.com\/wp-content\/uploads\/Mauro-Cezar.webp","datePublished":"2023-06-27T03:44:13+00:00","dateModified":"2024-04-07T02:02:43+00:00","author":{"@id":"https:\/\/www.gaveanews.com\/#\/schema\/person\/2ec14f73fb96be2caf28f91afb14749d"},"breadcrumb":{"@id":"https:\/\/www.gaveanews.com\/index.php\/2023\/06\/27\/mauro-cezar-pereira-aponta-atrito-entre-jogadores-do-flamengo-e-jorge-sampaoli\/#breadcrumb"},"inLanguage":"pt-BR","potentialAction":[{"@type":"ReadAction","target":["https:\/\/www.gaveanews.com\/index.php\/2023\/06\/27\/mauro-cezar-pereira-aponta-atrito-entre-jogadores-do-flamengo-e-jorge-sampaoli\/"]}]},{"@type":"ImageObject","inLanguage":"pt-BR","@id":"https:\/\/www.gaveanews.com\/index.php\/2023\/06\/27\/mauro-cezar-pereira-aponta-atrito-entre-jogadores-do-flamengo-e-jorge-sampaoli\/#primaryimage","url":"https:\/\/www.gaveanews.com\/wp-content\/uploads\/Mauro-Cezar.webp","contentUrl":"https:\/\/www.gaveanews.com\/wp-content\/uploads\/Mauro-Cezar.webp","width":846,"height":564,"caption":"Mauro Cesar em Programa pela Jovem Pan - Foto: Reprodu\u00e7\u00e3o\/Jovem Pan"},{"@type":"BreadcrumbList","@id":"https:\/\/www.gaveanews.com\/index.php\/2023\/06\/27\/mauro-cezar-pereira-aponta-atrito-entre-jogadores-do-flamengo-e-jorge-sampaoli\/#breadcrumb","itemListElement":[{"@type":"ListItem","position":1,"name":"Home","item":"https:\/\/www.gaveanews.com\/"},{"@type":"ListItem","position":2,"name":"Mauro Cezar Pereira aponta atrito entre jogadores do Flamengo e Jorge Sampaoli"}]},{"@type":"WebSite","@id":"https:\/\/www.gaveanews.com\/#website","url":"https:\/\/www.gaveanews.com\/","name":"G\u00e1vea News","description":"Veja todas as not\u00edcias sobre o Flamengo: Contrata\u00e7\u00f5es, categorias de base, resultados das partidas, tabela de classifica\u00e7\u00e3o, pr\u00f3ximos jogos!","potentialAction":[{"@type":"SearchAction","target":{"@type":"EntryPoint","urlTemplate":"https:\/\/www.gaveanews.com\/?s={search_term_string}"},"query-input":{"@type":"PropertyValueSpecification","valueRequired":true,"valueName":"search_term_string"}}],"inLanguage":"pt-BR"},{"@type":"Person","@id":"https:\/\/www.gaveanews.com\/#\/schema\/person\/2ec14f73fb96be2caf28f91afb14749d","name":"Equipe G\u00e1vea News","image":{"@type":"ImageObject","inLanguage":"pt-BR","@id":"https:\/\/www.gaveanews.com\/#\/schema\/person\/image\/","url":"https:\/\/secure.gravatar.com\/avatar\/1e1956f1facbffd3f8fa53a326721950116b3b9dc9bd44939c01180fd4a745a9?s=96&d=mm&r=g","contentUrl":"https:\/\/secure.gravatar.com\/avatar\/1e1956f1facbffd3f8fa53a326721950116b3b9dc9bd44939c01180fd4a745a9?s=96&d=mm&r=g","caption":"Equipe G\u00e1vea News"}}]}},"_links":{"self":[{"href":"https:\/\/www.gaveanews.com\/index.php\/wp-json\/wp\/v2\/posts\/101170","targetHints":{"allow":["GET"]}}],"collection":[{"href":"https:\/\/www.gaveanews.com\/index.php\/wp-json\/wp\/v2\/posts"}],"about":[{"href":"https:\/\/www.gaveanews.com\/index.php\/wp-json\/wp\/v2\/types\/post"}],"author":[{"embeddable":true,"href":"https:\/\/www.gaveanews.com\/index.php\/wp-json\/wp\/v2\/users\/1"}],"replies":[{"embeddable":true,"href":"https:\/\/www.gaveanews.com\/index.php\/wp-json\/wp\/v2\/comments?post=101170"}],"version-history":[{"count":1,"href":"https:\/\/www.gaveanews.com\/index.php\/wp-json\/wp\/v2\/posts\/101170\/revisions"}],"predecessor-version":[{"id":134316,"href":"https:\/\/www.gaveanews.com\/index.php\/wp-json\/wp\/v2\/posts\/101170\/revisions\/134316"}],"wp:featuredmedia":[{"embeddable":true,"href":"https:\/\/www.gaveanews.com\/index.php\/wp-json\/wp\/v2\/media\/101020"}],"wp:attachment":[{"href":"https:\/\/www.gaveanews.com\/index.php\/wp-json\/wp\/v2\/media?parent=101170"}],"wp:term":[{"taxonomy":"category","embeddable":true,"href":"https:\/\/www.gaveanews.com\/index.php\/wp-json\/wp\/v2\/categories?post=101170"},{"taxonomy":"post_tag","embeddable":true,"href":"https:\/\/www.gaveanews.com\/index.php\/wp-json\/wp\/v2\/tags?post=101170"}],"curies":[{"name":"wp","href":"https:\/\/api.w.org\/{rel}","templated":true}]}}