{"id":101282,"date":"2023-06-27T12:46:43","date_gmt":"2023-06-27T15:46:43","guid":{"rendered":"https:\/\/www.gaveanews.com\/?p=101282"},"modified":"2023-06-27T12:46:45","modified_gmt":"2023-06-27T15:46:45","slug":"apos-ofender-a-torcida-do-flamengo-comentarista-declara-foi-brincadeira","status":"publish","type":"post","link":"https:\/\/www.gaveanews.com\/index.php\/2023\/06\/27\/apos-ofender-a-torcida-do-flamengo-comentarista-declara-foi-brincadeira\/","title":{"rendered":"Ap\u00f3s ofender a torcida do Flamengo, comentarista declara: &#8220;Foi brincadeira&#8221;"},"content":{"rendered":"\n<p>Ap\u00f3s mais de um ano do epis\u00f3dio que marcou negativamente a torcida rubro-negra, o comentarista S\u00e9rgio Maur\u00edcio falou sobre o tema em entrevista ao UOL e falou sobre o caso.<\/p>\n\n\n\n<p>Relembrando o acontecimento, o comentarista em quest\u00e3o foi detonado pelos torcedores do Flamengo por dizer que o clube era time de &#8220;favelado&#8221; em rede nacional. O caso aconteceu durante a transmiss\u00e3o de um\u00a0GP da Espanha e F\u00f3rmula 1 na Band.<\/p>\n\n\n\n<p>Segundo S\u00e9rgio Maur\u00edcio, a situa\u00e7\u00e3o foi inc\u00f4moda para ele e a fala tirada de contexto. Em sua opini\u00e3o, os torcedores agiram de m\u00e1 f\u00e9 e complicaram a situa\u00e7\u00e3o, que contou ainda com uma liga\u00e7\u00e3o de seu chefe.<\/p>\n\n\n\n<p><em>&#8220;Eu estava conversando com o Fred Sabino, que \u00e9 o nosso diretor executor e Flamengo doente. O \u00e1udio estava s\u00f3 gravando aquilo que estava dentro da nossa cabine. A\u00ed eu falei: \u2018Para tudo, \u00e9 a bandeira do Botafogo\u2019. E o Sabino brincou comigo e disse que botafoguense \u00e9 quem tem dinheiro para viajar. E com o microfone desligado, eu falei, sacaneando ele, que flamenguista \u00e9 tudo duro e favelado. Mas eu falei isso na maior brincadeira com ele, era uma brincadeira particular&#8221;.<\/em><\/p>\n\n\n\n<p><em>\u201cAt\u00e9 onde chega a maldade das pessoas. Isso foi em um s\u00e1bado, passou o s\u00e1bado, domingo, e s\u00f3 na segunda-feira de tarde eu recebo um telefonema do meu chefe perguntando se eu estava maluco. [\u2026] Eu n\u00e3o me lembrava disso. Algu\u00e9m, eu n\u00e3o sei dizer como, foi buscar essa imagem no YouTube e colocou no ar, dizendo que eu tinha dito isso. Eu fiquei muito triste. Isso me deixou muito chateado, pela atitude de terem ido buscar isso, porque era uma coisa completamente fora de contexto\u201d.<\/em><\/p>\n\n\n\n<p>Por fim, o comentarista afirma que a fala n\u00e3o foi preconceituosa e que o termo &#8220;favelado&#8221; \u00e9 comumente usado para se referir a flamenguistas, mas n\u00e3o de um modo pejorativo.<\/p>\n\n\n\n<p><em>\u201cEu nunca quis falar isso. N\u00e3o foi uma coisa preconceituosa. At\u00e9 porque, \u00e9 uma brincadeira que qualquer pessoa que gosta de futebol sabe disso. Que corintiano \u00e9 p\u00e9 de rato, que flamenguista \u00e9 favelado. Isso n\u00e3o \u00e9 uma coisa pejorativa, \u00e9 uma coisa de brincadeira. Mas voc\u00ea tem que mensurar os valores e as coisas que vai falar em uma transmiss\u00e3o. Ent\u00e3o, isso me deixou chateado\u201d.<\/em><\/p>\n","protected":false},"excerpt":{"rendered":"<p>Ap\u00f3s mais de um ano do epis\u00f3dio que marcou negativamente a torcida rubro-negra, o comentarista S\u00e9rgio Maur\u00edcio falou sobre o tema em entrevista ao UOL e falou sobre o caso. Relembrando o acontecimento, o comentarista em quest\u00e3o foi detonado pelos torcedores do Flamengo por dizer que o clube era time de &#8220;favelado&#8221; em rede nacional. [&hellip;]<\/p>\n","protected":false},"author":4,"featured_media":99911,"comment_status":"open","ping_status":"closed","sticky":false,"template":"","format":"standard","meta":{"footnotes":""},"categories":[1],"tags":[],"class_list":["post-101282","post","type-post","status-publish","format-standard","has-post-thumbnail","hentry","category-flamengo"],"yoast_head":"<!-- This site is optimized with the Yoast SEO Premium plugin v24.2 (Yoast SEO v26.9) - https:\/\/yoast.com\/product\/yoast-seo-premium-wordpress\/ -->\n<title>Ap\u00f3s ofender a torcida do Flamengo, comentarista declara: &quot;Foi brincadeira&quot;<\/title>\n<meta name=\"robots\" content=\"index, follow, max-snippet:-1, max-image-preview:large, max-video-preview:-1\" \/>\n<link rel=\"canonical\" href=\"https:\/\/www.gaveanews.com\/index.php\/2023\/06\/27\/apos-ofender-a-torcida-do-flamengo-comentarista-declara-foi-brincadeira\/\" \/>\n<meta property=\"og:locale\" content=\"pt_BR\" \/>\n<meta property=\"og:type\" content=\"article\" \/>\n<meta property=\"og:title\" content=\"Ap\u00f3s ofender a torcida do Flamengo, comentarista declara: &quot;Foi brincadeira&quot;\" \/>\n<meta property=\"og:description\" content=\"Ap\u00f3s mais de um ano do epis\u00f3dio que marcou negativamente a torcida rubro-negra, o comentarista S\u00e9rgio Maur\u00edcio falou sobre o tema em entrevista ao UOL e falou sobre o caso. Relembrando o acontecimento, o comentarista em quest\u00e3o foi detonado pelos torcedores do Flamengo por dizer que o clube era time de &#8220;favelado&#8221; em rede nacional. [&hellip;]\" \/>\n<meta property=\"og:url\" content=\"https:\/\/www.gaveanews.com\/index.php\/2023\/06\/27\/apos-ofender-a-torcida-do-flamengo-comentarista-declara-foi-brincadeira\/\" \/>\n<meta property=\"og:site_name\" content=\"G\u00e1vea News\" \/>\n<meta property=\"article:publisher\" content=\"https:\/\/facebook.com\/gaveaNews\/\" \/>\n<meta property=\"article:published_time\" content=\"2023-06-27T15:46:43+00:00\" \/>\n<meta property=\"article:modified_time\" content=\"2023-06-27T15:46:45+00:00\" \/>\n<meta property=\"og:image\" content=\"https:\/\/www.gaveanews.com\/wp-content\/uploads\/torcida-flamengo-maracana-copa-do-brasil-fluminense.webp\" \/>\n\t<meta property=\"og:image:width\" content=\"900\" \/>\n\t<meta property=\"og:image:height\" content=\"599\" \/>\n\t<meta property=\"og:image:type\" content=\"image\/jpeg\" \/>\n<meta name=\"author\" content=\"Let\u00edcia Gerheim\" \/>\n<meta name=\"twitter:card\" content=\"summary_large_image\" \/>\n<meta name=\"twitter:label1\" content=\"Escrito por\" \/>\n\t<meta name=\"twitter:data1\" content=\"Let\u00edcia Gerheim\" \/>\n\t<meta name=\"twitter:label2\" content=\"Est. tempo de leitura\" \/>\n\t<meta name=\"twitter:data2\" content=\"3 minutos\" \/>\n<script type=\"application\/ld+json\" class=\"yoast-schema-graph\">{\"@context\":\"https:\/\/schema.org\",\"@graph\":[{\"@type\":\"NewsArticle\",\"@id\":\"https:\/\/www.gaveanews.com\/index.php\/2023\/06\/27\/apos-ofender-a-torcida-do-flamengo-comentarista-declara-foi-brincadeira\/#article\",\"isPartOf\":{\"@id\":\"https:\/\/www.gaveanews.com\/index.php\/2023\/06\/27\/apos-ofender-a-torcida-do-flamengo-comentarista-declara-foi-brincadeira\/\"},\"author\":{\"name\":\"Let\u00edcia Gerheim\",\"@id\":\"https:\/\/www.gaveanews.com\/#\/schema\/person\/714c67050b836198af2450ba1c142a67\"},\"headline\":\"Ap\u00f3s ofender a torcida do Flamengo, comentarista declara: &#8220;Foi brincadeira&#8221;\",\"datePublished\":\"2023-06-27T15:46:43+00:00\",\"dateModified\":\"2023-06-27T15:46:45+00:00\",\"mainEntityOfPage\":{\"@id\":\"https:\/\/www.gaveanews.com\/index.php\/2023\/06\/27\/apos-ofender-a-torcida-do-flamengo-comentarista-declara-foi-brincadeira\/\"},\"wordCount\":396,\"commentCount\":0,\"image\":{\"@id\":\"https:\/\/www.gaveanews.com\/index.php\/2023\/06\/27\/apos-ofender-a-torcida-do-flamengo-comentarista-declara-foi-brincadeira\/#primaryimage\"},\"thumbnailUrl\":\"https:\/\/www.gaveanews.com\/wp-content\/uploads\/torcida-flamengo-maracana-copa-do-brasil-fluminense.webp\",\"articleSection\":[\"Flamengo\"],\"inLanguage\":\"pt-BR\",\"potentialAction\":[{\"@type\":\"CommentAction\",\"name\":\"Comment\",\"target\":[\"https:\/\/www.gaveanews.com\/index.php\/2023\/06\/27\/apos-ofender-a-torcida-do-flamengo-comentarista-declara-foi-brincadeira\/#respond\"]}],\"copyrightYear\":\"2023\",\"copyrightHolder\":{\"@id\":\"https:\/\/www.gaveanews.com\/#organization\"}},{\"@type\":\"WebPage\",\"@id\":\"https:\/\/www.gaveanews.com\/index.php\/2023\/06\/27\/apos-ofender-a-torcida-do-flamengo-comentarista-declara-foi-brincadeira\/\",\"url\":\"https:\/\/www.gaveanews.com\/index.php\/2023\/06\/27\/apos-ofender-a-torcida-do-flamengo-comentarista-declara-foi-brincadeira\/\",\"name\":\"Ap\u00f3s ofender a torcida do Flamengo, comentarista declara: \\\"Foi brincadeira\\\"\",\"isPartOf\":{\"@id\":\"https:\/\/www.gaveanews.com\/#website\"},\"primaryImageOfPage\":{\"@id\":\"https:\/\/www.gaveanews.com\/index.php\/2023\/06\/27\/apos-ofender-a-torcida-do-flamengo-comentarista-declara-foi-brincadeira\/#primaryimage\"},\"image\":{\"@id\":\"https:\/\/www.gaveanews.com\/index.php\/2023\/06\/27\/apos-ofender-a-torcida-do-flamengo-comentarista-declara-foi-brincadeira\/#primaryimage\"},\"thumbnailUrl\":\"https:\/\/www.gaveanews.com\/wp-content\/uploads\/torcida-flamengo-maracana-copa-do-brasil-fluminense.webp\",\"datePublished\":\"2023-06-27T15:46:43+00:00\",\"dateModified\":\"2023-06-27T15:46:45+00:00\",\"author\":{\"@id\":\"https:\/\/www.gaveanews.com\/#\/schema\/person\/714c67050b836198af2450ba1c142a67\"},\"breadcrumb\":{\"@id\":\"https:\/\/www.gaveanews.com\/index.php\/2023\/06\/27\/apos-ofender-a-torcida-do-flamengo-comentarista-declara-foi-brincadeira\/#breadcrumb\"},\"inLanguage\":\"pt-BR\",\"potentialAction\":[{\"@type\":\"ReadAction\",\"target\":[\"https:\/\/www.gaveanews.com\/index.php\/2023\/06\/27\/apos-ofender-a-torcida-do-flamengo-comentarista-declara-foi-brincadeira\/\"]}]},{\"@type\":\"ImageObject\",\"inLanguage\":\"pt-BR\",\"@id\":\"https:\/\/www.gaveanews.com\/index.php\/2023\/06\/27\/apos-ofender-a-torcida-do-flamengo-comentarista-declara-foi-brincadeira\/#primaryimage\",\"url\":\"https:\/\/www.gaveanews.com\/wp-content\/uploads\/torcida-flamengo-maracana-copa-do-brasil-fluminense.webp\",\"contentUrl\":\"https:\/\/www.gaveanews.com\/wp-content\/uploads\/torcida-flamengo-maracana-copa-do-brasil-fluminense.webp\",\"width\":900,\"height\":599,\"caption\":\"Torcida do Flamengo prepara show na arquibancada do Maracan\u00e3 (Foto: Marcelo Cortes\/Flamengo)\"},{\"@type\":\"BreadcrumbList\",\"@id\":\"https:\/\/www.gaveanews.com\/index.php\/2023\/06\/27\/apos-ofender-a-torcida-do-flamengo-comentarista-declara-foi-brincadeira\/#breadcrumb\",\"itemListElement\":[{\"@type\":\"ListItem\",\"position\":1,\"name\":\"Home\",\"item\":\"https:\/\/www.gaveanews.com\/\"},{\"@type\":\"ListItem\",\"position\":2,\"name\":\"Ap\u00f3s ofender a torcida do Flamengo, comentarista declara: &#8220;Foi brincadeira&#8221;\"}]},{\"@type\":\"WebSite\",\"@id\":\"https:\/\/www.gaveanews.com\/#website\",\"url\":\"https:\/\/www.gaveanews.com\/\",\"name\":\"G\u00e1vea News\",\"description\":\"Veja todas as not\u00edcias sobre o Flamengo: Contrata\u00e7\u00f5es, categorias de base, resultados das partidas, tabela de classifica\u00e7\u00e3o, pr\u00f3ximos jogos!\",\"potentialAction\":[{\"@type\":\"SearchAction\",\"target\":{\"@type\":\"EntryPoint\",\"urlTemplate\":\"https:\/\/www.gaveanews.com\/?s={search_term_string}\"},\"query-input\":{\"@type\":\"PropertyValueSpecification\",\"valueRequired\":true,\"valueName\":\"search_term_string\"}}],\"inLanguage\":\"pt-BR\"},{\"@type\":\"Person\",\"@id\":\"https:\/\/www.gaveanews.com\/#\/schema\/person\/714c67050b836198af2450ba1c142a67\",\"name\":\"Let\u00edcia Gerheim\",\"image\":{\"@type\":\"ImageObject\",\"inLanguage\":\"pt-BR\",\"@id\":\"https:\/\/www.gaveanews.com\/#\/schema\/person\/image\/\",\"url\":\"https:\/\/secure.gravatar.com\/avatar\/60734739c50fcebfbac509e2a826ccd0ff405c019bc73aab9354f19ecad1dcb4?s=96&d=mm&r=g\",\"contentUrl\":\"https:\/\/secure.gravatar.com\/avatar\/60734739c50fcebfbac509e2a826ccd0ff405c019bc73aab9354f19ecad1dcb4?s=96&d=mm&r=g\",\"caption\":\"Let\u00edcia Gerheim\"}}]}<\/script>\n<!-- \/ Yoast SEO Premium plugin. -->","yoast_head_json":{"title":"Ap\u00f3s ofender a torcida do Flamengo, comentarista declara: \"Foi brincadeira\"","robots":{"index":"index","follow":"follow","max-snippet":"max-snippet:-1","max-image-preview":"max-image-preview:large","max-video-preview":"max-video-preview:-1"},"canonical":"https:\/\/www.gaveanews.com\/index.php\/2023\/06\/27\/apos-ofender-a-torcida-do-flamengo-comentarista-declara-foi-brincadeira\/","og_locale":"pt_BR","og_type":"article","og_title":"Ap\u00f3s ofender a torcida do Flamengo, comentarista declara: \"Foi brincadeira\"","og_description":"Ap\u00f3s mais de um ano do epis\u00f3dio que marcou negativamente a torcida rubro-negra, o comentarista S\u00e9rgio Maur\u00edcio falou sobre o tema em entrevista ao UOL e falou sobre o caso. Relembrando o acontecimento, o comentarista em quest\u00e3o foi detonado pelos torcedores do Flamengo por dizer que o clube era time de &#8220;favelado&#8221; em rede nacional. [&hellip;]","og_url":"https:\/\/www.gaveanews.com\/index.php\/2023\/06\/27\/apos-ofender-a-torcida-do-flamengo-comentarista-declara-foi-brincadeira\/","og_site_name":"G\u00e1vea News","article_publisher":"https:\/\/facebook.com\/gaveaNews\/","article_published_time":"2023-06-27T15:46:43+00:00","article_modified_time":"2023-06-27T15:46:45+00:00","og_image":[{"width":900,"height":599,"url":"https:\/\/www.gaveanews.com\/wp-content\/uploads\/torcida-flamengo-maracana-copa-do-brasil-fluminense.webp","type":"image\/jpeg"}],"author":"Let\u00edcia Gerheim","twitter_card":"summary_large_image","twitter_misc":{"Escrito por":"Let\u00edcia Gerheim","Est. tempo de leitura":"3 minutos"},"schema":{"@context":"https:\/\/schema.org","@graph":[{"@type":"NewsArticle","@id":"https:\/\/www.gaveanews.com\/index.php\/2023\/06\/27\/apos-ofender-a-torcida-do-flamengo-comentarista-declara-foi-brincadeira\/#article","isPartOf":{"@id":"https:\/\/www.gaveanews.com\/index.php\/2023\/06\/27\/apos-ofender-a-torcida-do-flamengo-comentarista-declara-foi-brincadeira\/"},"author":{"name":"Let\u00edcia Gerheim","@id":"https:\/\/www.gaveanews.com\/#\/schema\/person\/714c67050b836198af2450ba1c142a67"},"headline":"Ap\u00f3s ofender a torcida do Flamengo, comentarista declara: &#8220;Foi brincadeira&#8221;","datePublished":"2023-06-27T15:46:43+00:00","dateModified":"2023-06-27T15:46:45+00:00","mainEntityOfPage":{"@id":"https:\/\/www.gaveanews.com\/index.php\/2023\/06\/27\/apos-ofender-a-torcida-do-flamengo-comentarista-declara-foi-brincadeira\/"},"wordCount":396,"commentCount":0,"image":{"@id":"https:\/\/www.gaveanews.com\/index.php\/2023\/06\/27\/apos-ofender-a-torcida-do-flamengo-comentarista-declara-foi-brincadeira\/#primaryimage"},"thumbnailUrl":"https:\/\/www.gaveanews.com\/wp-content\/uploads\/torcida-flamengo-maracana-copa-do-brasil-fluminense.webp","articleSection":["Flamengo"],"inLanguage":"pt-BR","potentialAction":[{"@type":"CommentAction","name":"Comment","target":["https:\/\/www.gaveanews.com\/index.php\/2023\/06\/27\/apos-ofender-a-torcida-do-flamengo-comentarista-declara-foi-brincadeira\/#respond"]}],"copyrightYear":"2023","copyrightHolder":{"@id":"https:\/\/www.gaveanews.com\/#organization"}},{"@type":"WebPage","@id":"https:\/\/www.gaveanews.com\/index.php\/2023\/06\/27\/apos-ofender-a-torcida-do-flamengo-comentarista-declara-foi-brincadeira\/","url":"https:\/\/www.gaveanews.com\/index.php\/2023\/06\/27\/apos-ofender-a-torcida-do-flamengo-comentarista-declara-foi-brincadeira\/","name":"Ap\u00f3s ofender a torcida do Flamengo, comentarista declara: \"Foi brincadeira\"","isPartOf":{"@id":"https:\/\/www.gaveanews.com\/#website"},"primaryImageOfPage":{"@id":"https:\/\/www.gaveanews.com\/index.php\/2023\/06\/27\/apos-ofender-a-torcida-do-flamengo-comentarista-declara-foi-brincadeira\/#primaryimage"},"image":{"@id":"https:\/\/www.gaveanews.com\/index.php\/2023\/06\/27\/apos-ofender-a-torcida-do-flamengo-comentarista-declara-foi-brincadeira\/#primaryimage"},"thumbnailUrl":"https:\/\/www.gaveanews.com\/wp-content\/uploads\/torcida-flamengo-maracana-copa-do-brasil-fluminense.webp","datePublished":"2023-06-27T15:46:43+00:00","dateModified":"2023-06-27T15:46:45+00:00","author":{"@id":"https:\/\/www.gaveanews.com\/#\/schema\/person\/714c67050b836198af2450ba1c142a67"},"breadcrumb":{"@id":"https:\/\/www.gaveanews.com\/index.php\/2023\/06\/27\/apos-ofender-a-torcida-do-flamengo-comentarista-declara-foi-brincadeira\/#breadcrumb"},"inLanguage":"pt-BR","potentialAction":[{"@type":"ReadAction","target":["https:\/\/www.gaveanews.com\/index.php\/2023\/06\/27\/apos-ofender-a-torcida-do-flamengo-comentarista-declara-foi-brincadeira\/"]}]},{"@type":"ImageObject","inLanguage":"pt-BR","@id":"https:\/\/www.gaveanews.com\/index.php\/2023\/06\/27\/apos-ofender-a-torcida-do-flamengo-comentarista-declara-foi-brincadeira\/#primaryimage","url":"https:\/\/www.gaveanews.com\/wp-content\/uploads\/torcida-flamengo-maracana-copa-do-brasil-fluminense.webp","contentUrl":"https:\/\/www.gaveanews.com\/wp-content\/uploads\/torcida-flamengo-maracana-copa-do-brasil-fluminense.webp","width":900,"height":599,"caption":"Torcida do Flamengo prepara show na arquibancada do Maracan\u00e3 (Foto: Marcelo Cortes\/Flamengo)"},{"@type":"BreadcrumbList","@id":"https:\/\/www.gaveanews.com\/index.php\/2023\/06\/27\/apos-ofender-a-torcida-do-flamengo-comentarista-declara-foi-brincadeira\/#breadcrumb","itemListElement":[{"@type":"ListItem","position":1,"name":"Home","item":"https:\/\/www.gaveanews.com\/"},{"@type":"ListItem","position":2,"name":"Ap\u00f3s ofender a torcida do Flamengo, comentarista declara: &#8220;Foi brincadeira&#8221;"}]},{"@type":"WebSite","@id":"https:\/\/www.gaveanews.com\/#website","url":"https:\/\/www.gaveanews.com\/","name":"G\u00e1vea News","description":"Veja todas as not\u00edcias sobre o Flamengo: Contrata\u00e7\u00f5es, categorias de base, resultados das partidas, tabela de classifica\u00e7\u00e3o, pr\u00f3ximos jogos!","potentialAction":[{"@type":"SearchAction","target":{"@type":"EntryPoint","urlTemplate":"https:\/\/www.gaveanews.com\/?s={search_term_string}"},"query-input":{"@type":"PropertyValueSpecification","valueRequired":true,"valueName":"search_term_string"}}],"inLanguage":"pt-BR"},{"@type":"Person","@id":"https:\/\/www.gaveanews.com\/#\/schema\/person\/714c67050b836198af2450ba1c142a67","name":"Let\u00edcia Gerheim","image":{"@type":"ImageObject","inLanguage":"pt-BR","@id":"https:\/\/www.gaveanews.com\/#\/schema\/person\/image\/","url":"https:\/\/secure.gravatar.com\/avatar\/60734739c50fcebfbac509e2a826ccd0ff405c019bc73aab9354f19ecad1dcb4?s=96&d=mm&r=g","contentUrl":"https:\/\/secure.gravatar.com\/avatar\/60734739c50fcebfbac509e2a826ccd0ff405c019bc73aab9354f19ecad1dcb4?s=96&d=mm&r=g","caption":"Let\u00edcia Gerheim"}}]}},"_links":{"self":[{"href":"https:\/\/www.gaveanews.com\/index.php\/wp-json\/wp\/v2\/posts\/101282","targetHints":{"allow":["GET"]}}],"collection":[{"href":"https:\/\/www.gaveanews.com\/index.php\/wp-json\/wp\/v2\/posts"}],"about":[{"href":"https:\/\/www.gaveanews.com\/index.php\/wp-json\/wp\/v2\/types\/post"}],"author":[{"embeddable":true,"href":"https:\/\/www.gaveanews.com\/index.php\/wp-json\/wp\/v2\/users\/4"}],"replies":[{"embeddable":true,"href":"https:\/\/www.gaveanews.com\/index.php\/wp-json\/wp\/v2\/comments?post=101282"}],"version-history":[{"count":0,"href":"https:\/\/www.gaveanews.com\/index.php\/wp-json\/wp\/v2\/posts\/101282\/revisions"}],"wp:featuredmedia":[{"embeddable":true,"href":"https:\/\/www.gaveanews.com\/index.php\/wp-json\/wp\/v2\/media\/99911"}],"wp:attachment":[{"href":"https:\/\/www.gaveanews.com\/index.php\/wp-json\/wp\/v2\/media?parent=101282"}],"wp:term":[{"taxonomy":"category","embeddable":true,"href":"https:\/\/www.gaveanews.com\/index.php\/wp-json\/wp\/v2\/categories?post=101282"},{"taxonomy":"post_tag","embeddable":true,"href":"https:\/\/www.gaveanews.com\/index.php\/wp-json\/wp\/v2\/tags?post=101282"}],"curies":[{"name":"wp","href":"https:\/\/api.w.org\/{rel}","templated":true}]}}