{"id":101310,"date":"2023-06-27T20:29:26","date_gmt":"2023-06-27T23:29:26","guid":{"rendered":"https:\/\/www.gaveanews.com\/?p=101310"},"modified":"2024-04-06T23:02:38","modified_gmt":"2024-04-07T02:02:38","slug":"video-mauro-cezar-pereira-e-sincero-sobre-reforco-alvo-do-flamengo-nao-duvido-que-a-coisa-desande","status":"publish","type":"post","link":"https:\/\/www.gaveanews.com\/index.php\/2023\/06\/27\/video-mauro-cezar-pereira-e-sincero-sobre-reforco-alvo-do-flamengo-nao-duvido-que-a-coisa-desande\/","title":{"rendered":"V\u00eddeo: Mauro Cezar Pereira \u00e9 sincero sobre refor\u00e7o alvo do Flamengo: \u201cN\u00e3o duvido que a coisa desande\u201d"},"content":{"rendered":"\n<p>O Flamengo espera ainda nesta semana concretizar uma nova contrata\u00e7\u00e3o para a temporada. Com Agustin Rossi e Luiz Ara\u00fajo certos a partir de julho, o rubro-negro corre para atender um novo pedido de Jorge Sampaoli. Trata-se de Allan, volante do Atl\u00e9tico. As conversas est\u00e3o bem alinhadas entre as partes, mas n\u00e3o h\u00e1 ainda nada, de fato, fechado. Entretanto, h\u00e1 otimismo para que o martelo seja batido.<\/p>\n\n\n\n<p><em>\u2014 N\u00e3o duvido que, de repente, a coisa desande. Pode acontecer, acho pouco prov\u00e1vel. Falta um detalhe<\/em>, disse Mauro Cezar, na R\u00e1dio Jovem Pan.<\/p>\n\n\n\n<figure class=\"wp-block-embed is-type-rich is-provider-twitter wp-block-embed-twitter\"><div class=\"wp-block-embed__wrapper\">\n<blockquote class=\"twitter-tweet\" data-width=\"550\" data-dnt=\"true\"><p lang=\"pt\" dir=\"ltr\"><a href=\"https:\/\/twitter.com\/hashtag\/BatePronto?src=hash&amp;ref_src=twsrc%5Etfw\">#BatePronto<\/a> | <a href=\"https:\/\/twitter.com\/maurocezar?ref_src=twsrc%5Etfw\">@maurocezar<\/a> ATUALIZA negocia\u00e7\u00f5es entre Flamengo e Allan: \u201cN\u00e3o duvido que a COISA DESANDE, mas N\u00c3O ACREDITO. A tend\u00eancia \u00e9 que SEJA FECHADO, mas n\u00e3o est\u00e1 confirmado. O fato \u00e9 esse: falta um DETALHE\u201d <a href=\"https:\/\/t.co\/OC19gw3mhs\">pic.twitter.com\/OC19gw3mhs<\/a><\/p>&mdash; Jovem Pan Esportes (@JovemPanEsporte) <a href=\"https:\/\/twitter.com\/JovemPanEsporte\/status\/1673717256315080704?ref_src=twsrc%5Etfw\">June 27, 2023<\/a><\/blockquote><script async src=\"https:\/\/platform.twitter.com\/widgets.js\" charset=\"utf-8\"><\/script>\n<\/div><\/figure>\n\n\n\n<p>Retirado de: Torcedores<\/p>\n","protected":false},"excerpt":{"rendered":"<p>O Flamengo espera ainda nesta semana concretizar uma nova contrata\u00e7\u00e3o para a temporada. Com Agustin Rossi e Luiz Ara\u00fajo certos a partir de julho, o rubro-negro corre para atender um novo pedido de Jorge Sampaoli. Trata-se de Allan, volante do Atl\u00e9tico. As conversas est\u00e3o bem alinhadas entre as partes, mas n\u00e3o h\u00e1 ainda nada, de [&hellip;]<\/p>\n","protected":false},"author":1,"featured_media":101020,"comment_status":"open","ping_status":"closed","sticky":false,"template":"","format":"standard","meta":{"footnotes":""},"categories":[48,40],"tags":[170],"class_list":["post-101310","post","type-post","status-publish","format-standard","has-post-thumbnail","hentry","category-negociacoes","category-video","tag-mauro-cezar-pereira"],"yoast_head":"<!-- This site is optimized with the Yoast SEO Premium plugin v24.2 (Yoast SEO v26.9) - https:\/\/yoast.com\/product\/yoast-seo-premium-wordpress\/ -->\n<title>V\u00eddeo: Mauro Cezar Pereira \u00e9 sincero sobre refor\u00e7o alvo do Flamengo: \u201cN\u00e3o duvido que a coisa desande\u201d<\/title>\n<meta name=\"robots\" content=\"index, follow, max-snippet:-1, max-image-preview:large, max-video-preview:-1\" \/>\n<link rel=\"canonical\" href=\"https:\/\/www.gaveanews.com\/index.php\/2023\/06\/27\/video-mauro-cezar-pereira-e-sincero-sobre-reforco-alvo-do-flamengo-nao-duvido-que-a-coisa-desande\/\" \/>\n<meta property=\"og:locale\" content=\"pt_BR\" \/>\n<meta property=\"og:type\" content=\"article\" \/>\n<meta property=\"og:title\" content=\"V\u00eddeo: Mauro Cezar Pereira \u00e9 sincero sobre refor\u00e7o alvo do Flamengo: \u201cN\u00e3o duvido que a coisa desande\u201d\" \/>\n<meta property=\"og:description\" content=\"O Flamengo espera ainda nesta semana concretizar uma nova contrata\u00e7\u00e3o para a temporada. Com Agustin Rossi e Luiz Ara\u00fajo certos a partir de julho, o rubro-negro corre para atender um novo pedido de Jorge Sampaoli. Trata-se de Allan, volante do Atl\u00e9tico. As conversas est\u00e3o bem alinhadas entre as partes, mas n\u00e3o h\u00e1 ainda nada, de [&hellip;]\" \/>\n<meta property=\"og:url\" content=\"https:\/\/www.gaveanews.com\/index.php\/2023\/06\/27\/video-mauro-cezar-pereira-e-sincero-sobre-reforco-alvo-do-flamengo-nao-duvido-que-a-coisa-desande\/\" \/>\n<meta property=\"og:site_name\" content=\"G\u00e1vea News\" \/>\n<meta property=\"article:publisher\" content=\"https:\/\/facebook.com\/gaveaNews\/\" \/>\n<meta property=\"article:published_time\" content=\"2023-06-27T23:29:26+00:00\" \/>\n<meta property=\"article:modified_time\" content=\"2024-04-07T02:02:38+00:00\" \/>\n<meta property=\"og:image\" content=\"https:\/\/www.gaveanews.com\/wp-content\/uploads\/Mauro-Cezar.webp\" \/>\n\t<meta property=\"og:image:width\" content=\"846\" \/>\n\t<meta property=\"og:image:height\" content=\"564\" \/>\n\t<meta property=\"og:image:type\" content=\"image\/webp\" \/>\n<meta name=\"author\" content=\"Equipe G\u00e1vea News\" \/>\n<meta name=\"twitter:card\" content=\"summary_large_image\" \/>\n<meta name=\"twitter:label1\" content=\"Escrito por\" \/>\n\t<meta name=\"twitter:data1\" content=\"Equipe G\u00e1vea News\" \/>\n\t<meta name=\"twitter:label2\" content=\"Est. tempo de leitura\" \/>\n\t<meta name=\"twitter:data2\" content=\"1 minuto\" \/>\n<script type=\"application\/ld+json\" class=\"yoast-schema-graph\">{\"@context\":\"https:\/\/schema.org\",\"@graph\":[{\"@type\":\"NewsArticle\",\"@id\":\"https:\/\/www.gaveanews.com\/index.php\/2023\/06\/27\/video-mauro-cezar-pereira-e-sincero-sobre-reforco-alvo-do-flamengo-nao-duvido-que-a-coisa-desande\/#article\",\"isPartOf\":{\"@id\":\"https:\/\/www.gaveanews.com\/index.php\/2023\/06\/27\/video-mauro-cezar-pereira-e-sincero-sobre-reforco-alvo-do-flamengo-nao-duvido-que-a-coisa-desande\/\"},\"author\":{\"name\":\"Equipe G\u00e1vea News\",\"@id\":\"https:\/\/www.gaveanews.com\/#\/schema\/person\/2ec14f73fb96be2caf28f91afb14749d\"},\"headline\":\"V\u00eddeo: Mauro Cezar Pereira \u00e9 sincero sobre refor\u00e7o alvo do Flamengo: \u201cN\u00e3o duvido que a coisa desande\u201d\",\"datePublished\":\"2023-06-27T23:29:26+00:00\",\"dateModified\":\"2024-04-07T02:02:38+00:00\",\"mainEntityOfPage\":{\"@id\":\"https:\/\/www.gaveanews.com\/index.php\/2023\/06\/27\/video-mauro-cezar-pereira-e-sincero-sobre-reforco-alvo-do-flamengo-nao-duvido-que-a-coisa-desande\/\"},\"wordCount\":124,\"commentCount\":0,\"image\":{\"@id\":\"https:\/\/www.gaveanews.com\/index.php\/2023\/06\/27\/video-mauro-cezar-pereira-e-sincero-sobre-reforco-alvo-do-flamengo-nao-duvido-que-a-coisa-desande\/#primaryimage\"},\"thumbnailUrl\":\"https:\/\/www.gaveanews.com\/wp-content\/uploads\/Mauro-Cezar.webp\",\"keywords\":[\"Mauro Cezar Pereira\"],\"articleSection\":[\"Negocia\u00e7\u00f5es\",\"V\u00eddeos\"],\"inLanguage\":\"pt-BR\",\"potentialAction\":[{\"@type\":\"CommentAction\",\"name\":\"Comment\",\"target\":[\"https:\/\/www.gaveanews.com\/index.php\/2023\/06\/27\/video-mauro-cezar-pereira-e-sincero-sobre-reforco-alvo-do-flamengo-nao-duvido-que-a-coisa-desande\/#respond\"]}],\"copyrightYear\":\"2023\",\"copyrightHolder\":{\"@id\":\"https:\/\/www.gaveanews.com\/#organization\"}},{\"@type\":\"WebPage\",\"@id\":\"https:\/\/www.gaveanews.com\/index.php\/2023\/06\/27\/video-mauro-cezar-pereira-e-sincero-sobre-reforco-alvo-do-flamengo-nao-duvido-que-a-coisa-desande\/\",\"url\":\"https:\/\/www.gaveanews.com\/index.php\/2023\/06\/27\/video-mauro-cezar-pereira-e-sincero-sobre-reforco-alvo-do-flamengo-nao-duvido-que-a-coisa-desande\/\",\"name\":\"V\u00eddeo: Mauro Cezar Pereira \u00e9 sincero sobre refor\u00e7o alvo do Flamengo: \u201cN\u00e3o duvido que a coisa desande\u201d\",\"isPartOf\":{\"@id\":\"https:\/\/www.gaveanews.com\/#website\"},\"primaryImageOfPage\":{\"@id\":\"https:\/\/www.gaveanews.com\/index.php\/2023\/06\/27\/video-mauro-cezar-pereira-e-sincero-sobre-reforco-alvo-do-flamengo-nao-duvido-que-a-coisa-desande\/#primaryimage\"},\"image\":{\"@id\":\"https:\/\/www.gaveanews.com\/index.php\/2023\/06\/27\/video-mauro-cezar-pereira-e-sincero-sobre-reforco-alvo-do-flamengo-nao-duvido-que-a-coisa-desande\/#primaryimage\"},\"thumbnailUrl\":\"https:\/\/www.gaveanews.com\/wp-content\/uploads\/Mauro-Cezar.webp\",\"datePublished\":\"2023-06-27T23:29:26+00:00\",\"dateModified\":\"2024-04-07T02:02:38+00:00\",\"author\":{\"@id\":\"https:\/\/www.gaveanews.com\/#\/schema\/person\/2ec14f73fb96be2caf28f91afb14749d\"},\"breadcrumb\":{\"@id\":\"https:\/\/www.gaveanews.com\/index.php\/2023\/06\/27\/video-mauro-cezar-pereira-e-sincero-sobre-reforco-alvo-do-flamengo-nao-duvido-que-a-coisa-desande\/#breadcrumb\"},\"inLanguage\":\"pt-BR\",\"potentialAction\":[{\"@type\":\"ReadAction\",\"target\":[\"https:\/\/www.gaveanews.com\/index.php\/2023\/06\/27\/video-mauro-cezar-pereira-e-sincero-sobre-reforco-alvo-do-flamengo-nao-duvido-que-a-coisa-desande\/\"]}]},{\"@type\":\"ImageObject\",\"inLanguage\":\"pt-BR\",\"@id\":\"https:\/\/www.gaveanews.com\/index.php\/2023\/06\/27\/video-mauro-cezar-pereira-e-sincero-sobre-reforco-alvo-do-flamengo-nao-duvido-que-a-coisa-desande\/#primaryimage\",\"url\":\"https:\/\/www.gaveanews.com\/wp-content\/uploads\/Mauro-Cezar.webp\",\"contentUrl\":\"https:\/\/www.gaveanews.com\/wp-content\/uploads\/Mauro-Cezar.webp\",\"width\":846,\"height\":564,\"caption\":\"Mauro Cesar em Programa pela Jovem Pan - Foto: Reprodu\u00e7\u00e3o\/Jovem Pan\"},{\"@type\":\"BreadcrumbList\",\"@id\":\"https:\/\/www.gaveanews.com\/index.php\/2023\/06\/27\/video-mauro-cezar-pereira-e-sincero-sobre-reforco-alvo-do-flamengo-nao-duvido-que-a-coisa-desande\/#breadcrumb\",\"itemListElement\":[{\"@type\":\"ListItem\",\"position\":1,\"name\":\"Home\",\"item\":\"https:\/\/www.gaveanews.com\/\"},{\"@type\":\"ListItem\",\"position\":2,\"name\":\"V\u00eddeo: Mauro Cezar Pereira \u00e9 sincero sobre refor\u00e7o alvo do Flamengo: \u201cN\u00e3o duvido que a coisa desande\u201d\"}]},{\"@type\":\"WebSite\",\"@id\":\"https:\/\/www.gaveanews.com\/#website\",\"url\":\"https:\/\/www.gaveanews.com\/\",\"name\":\"G\u00e1vea News\",\"description\":\"Veja todas as not\u00edcias sobre o Flamengo: Contrata\u00e7\u00f5es, categorias de base, resultados das partidas, tabela de classifica\u00e7\u00e3o, pr\u00f3ximos jogos!\",\"potentialAction\":[{\"@type\":\"SearchAction\",\"target\":{\"@type\":\"EntryPoint\",\"urlTemplate\":\"https:\/\/www.gaveanews.com\/?s={search_term_string}\"},\"query-input\":{\"@type\":\"PropertyValueSpecification\",\"valueRequired\":true,\"valueName\":\"search_term_string\"}}],\"inLanguage\":\"pt-BR\"},{\"@type\":\"Person\",\"@id\":\"https:\/\/www.gaveanews.com\/#\/schema\/person\/2ec14f73fb96be2caf28f91afb14749d\",\"name\":\"Equipe G\u00e1vea News\",\"image\":{\"@type\":\"ImageObject\",\"inLanguage\":\"pt-BR\",\"@id\":\"https:\/\/www.gaveanews.com\/#\/schema\/person\/image\/\",\"url\":\"https:\/\/secure.gravatar.com\/avatar\/1e1956f1facbffd3f8fa53a326721950116b3b9dc9bd44939c01180fd4a745a9?s=96&d=mm&r=g\",\"contentUrl\":\"https:\/\/secure.gravatar.com\/avatar\/1e1956f1facbffd3f8fa53a326721950116b3b9dc9bd44939c01180fd4a745a9?s=96&d=mm&r=g\",\"caption\":\"Equipe G\u00e1vea News\"}}]}<\/script>\n<!-- \/ Yoast SEO Premium plugin. -->","yoast_head_json":{"title":"V\u00eddeo: Mauro Cezar Pereira \u00e9 sincero sobre refor\u00e7o alvo do Flamengo: \u201cN\u00e3o duvido que a coisa desande\u201d","robots":{"index":"index","follow":"follow","max-snippet":"max-snippet:-1","max-image-preview":"max-image-preview:large","max-video-preview":"max-video-preview:-1"},"canonical":"https:\/\/www.gaveanews.com\/index.php\/2023\/06\/27\/video-mauro-cezar-pereira-e-sincero-sobre-reforco-alvo-do-flamengo-nao-duvido-que-a-coisa-desande\/","og_locale":"pt_BR","og_type":"article","og_title":"V\u00eddeo: Mauro Cezar Pereira \u00e9 sincero sobre refor\u00e7o alvo do Flamengo: \u201cN\u00e3o duvido que a coisa desande\u201d","og_description":"O Flamengo espera ainda nesta semana concretizar uma nova contrata\u00e7\u00e3o para a temporada. Com Agustin Rossi e Luiz Ara\u00fajo certos a partir de julho, o rubro-negro corre para atender um novo pedido de Jorge Sampaoli. Trata-se de Allan, volante do Atl\u00e9tico. As conversas est\u00e3o bem alinhadas entre as partes, mas n\u00e3o h\u00e1 ainda nada, de [&hellip;]","og_url":"https:\/\/www.gaveanews.com\/index.php\/2023\/06\/27\/video-mauro-cezar-pereira-e-sincero-sobre-reforco-alvo-do-flamengo-nao-duvido-que-a-coisa-desande\/","og_site_name":"G\u00e1vea News","article_publisher":"https:\/\/facebook.com\/gaveaNews\/","article_published_time":"2023-06-27T23:29:26+00:00","article_modified_time":"2024-04-07T02:02:38+00:00","og_image":[{"width":846,"height":564,"url":"https:\/\/www.gaveanews.com\/wp-content\/uploads\/Mauro-Cezar.webp","type":"image\/webp"}],"author":"Equipe G\u00e1vea News","twitter_card":"summary_large_image","twitter_misc":{"Escrito por":"Equipe G\u00e1vea News","Est. tempo de leitura":"1 minuto"},"schema":{"@context":"https:\/\/schema.org","@graph":[{"@type":"NewsArticle","@id":"https:\/\/www.gaveanews.com\/index.php\/2023\/06\/27\/video-mauro-cezar-pereira-e-sincero-sobre-reforco-alvo-do-flamengo-nao-duvido-que-a-coisa-desande\/#article","isPartOf":{"@id":"https:\/\/www.gaveanews.com\/index.php\/2023\/06\/27\/video-mauro-cezar-pereira-e-sincero-sobre-reforco-alvo-do-flamengo-nao-duvido-que-a-coisa-desande\/"},"author":{"name":"Equipe G\u00e1vea News","@id":"https:\/\/www.gaveanews.com\/#\/schema\/person\/2ec14f73fb96be2caf28f91afb14749d"},"headline":"V\u00eddeo: Mauro Cezar Pereira \u00e9 sincero sobre refor\u00e7o alvo do Flamengo: \u201cN\u00e3o duvido que a coisa desande\u201d","datePublished":"2023-06-27T23:29:26+00:00","dateModified":"2024-04-07T02:02:38+00:00","mainEntityOfPage":{"@id":"https:\/\/www.gaveanews.com\/index.php\/2023\/06\/27\/video-mauro-cezar-pereira-e-sincero-sobre-reforco-alvo-do-flamengo-nao-duvido-que-a-coisa-desande\/"},"wordCount":124,"commentCount":0,"image":{"@id":"https:\/\/www.gaveanews.com\/index.php\/2023\/06\/27\/video-mauro-cezar-pereira-e-sincero-sobre-reforco-alvo-do-flamengo-nao-duvido-que-a-coisa-desande\/#primaryimage"},"thumbnailUrl":"https:\/\/www.gaveanews.com\/wp-content\/uploads\/Mauro-Cezar.webp","keywords":["Mauro Cezar Pereira"],"articleSection":["Negocia\u00e7\u00f5es","V\u00eddeos"],"inLanguage":"pt-BR","potentialAction":[{"@type":"CommentAction","name":"Comment","target":["https:\/\/www.gaveanews.com\/index.php\/2023\/06\/27\/video-mauro-cezar-pereira-e-sincero-sobre-reforco-alvo-do-flamengo-nao-duvido-que-a-coisa-desande\/#respond"]}],"copyrightYear":"2023","copyrightHolder":{"@id":"https:\/\/www.gaveanews.com\/#organization"}},{"@type":"WebPage","@id":"https:\/\/www.gaveanews.com\/index.php\/2023\/06\/27\/video-mauro-cezar-pereira-e-sincero-sobre-reforco-alvo-do-flamengo-nao-duvido-que-a-coisa-desande\/","url":"https:\/\/www.gaveanews.com\/index.php\/2023\/06\/27\/video-mauro-cezar-pereira-e-sincero-sobre-reforco-alvo-do-flamengo-nao-duvido-que-a-coisa-desande\/","name":"V\u00eddeo: Mauro Cezar Pereira \u00e9 sincero sobre refor\u00e7o alvo do Flamengo: \u201cN\u00e3o duvido que a coisa desande\u201d","isPartOf":{"@id":"https:\/\/www.gaveanews.com\/#website"},"primaryImageOfPage":{"@id":"https:\/\/www.gaveanews.com\/index.php\/2023\/06\/27\/video-mauro-cezar-pereira-e-sincero-sobre-reforco-alvo-do-flamengo-nao-duvido-que-a-coisa-desande\/#primaryimage"},"image":{"@id":"https:\/\/www.gaveanews.com\/index.php\/2023\/06\/27\/video-mauro-cezar-pereira-e-sincero-sobre-reforco-alvo-do-flamengo-nao-duvido-que-a-coisa-desande\/#primaryimage"},"thumbnailUrl":"https:\/\/www.gaveanews.com\/wp-content\/uploads\/Mauro-Cezar.webp","datePublished":"2023-06-27T23:29:26+00:00","dateModified":"2024-04-07T02:02:38+00:00","author":{"@id":"https:\/\/www.gaveanews.com\/#\/schema\/person\/2ec14f73fb96be2caf28f91afb14749d"},"breadcrumb":{"@id":"https:\/\/www.gaveanews.com\/index.php\/2023\/06\/27\/video-mauro-cezar-pereira-e-sincero-sobre-reforco-alvo-do-flamengo-nao-duvido-que-a-coisa-desande\/#breadcrumb"},"inLanguage":"pt-BR","potentialAction":[{"@type":"ReadAction","target":["https:\/\/www.gaveanews.com\/index.php\/2023\/06\/27\/video-mauro-cezar-pereira-e-sincero-sobre-reforco-alvo-do-flamengo-nao-duvido-que-a-coisa-desande\/"]}]},{"@type":"ImageObject","inLanguage":"pt-BR","@id":"https:\/\/www.gaveanews.com\/index.php\/2023\/06\/27\/video-mauro-cezar-pereira-e-sincero-sobre-reforco-alvo-do-flamengo-nao-duvido-que-a-coisa-desande\/#primaryimage","url":"https:\/\/www.gaveanews.com\/wp-content\/uploads\/Mauro-Cezar.webp","contentUrl":"https:\/\/www.gaveanews.com\/wp-content\/uploads\/Mauro-Cezar.webp","width":846,"height":564,"caption":"Mauro Cesar em Programa pela Jovem Pan - Foto: Reprodu\u00e7\u00e3o\/Jovem Pan"},{"@type":"BreadcrumbList","@id":"https:\/\/www.gaveanews.com\/index.php\/2023\/06\/27\/video-mauro-cezar-pereira-e-sincero-sobre-reforco-alvo-do-flamengo-nao-duvido-que-a-coisa-desande\/#breadcrumb","itemListElement":[{"@type":"ListItem","position":1,"name":"Home","item":"https:\/\/www.gaveanews.com\/"},{"@type":"ListItem","position":2,"name":"V\u00eddeo: Mauro Cezar Pereira \u00e9 sincero sobre refor\u00e7o alvo do Flamengo: \u201cN\u00e3o duvido que a coisa desande\u201d"}]},{"@type":"WebSite","@id":"https:\/\/www.gaveanews.com\/#website","url":"https:\/\/www.gaveanews.com\/","name":"G\u00e1vea News","description":"Veja todas as not\u00edcias sobre o Flamengo: Contrata\u00e7\u00f5es, categorias de base, resultados das partidas, tabela de classifica\u00e7\u00e3o, pr\u00f3ximos jogos!","potentialAction":[{"@type":"SearchAction","target":{"@type":"EntryPoint","urlTemplate":"https:\/\/www.gaveanews.com\/?s={search_term_string}"},"query-input":{"@type":"PropertyValueSpecification","valueRequired":true,"valueName":"search_term_string"}}],"inLanguage":"pt-BR"},{"@type":"Person","@id":"https:\/\/www.gaveanews.com\/#\/schema\/person\/2ec14f73fb96be2caf28f91afb14749d","name":"Equipe G\u00e1vea News","image":{"@type":"ImageObject","inLanguage":"pt-BR","@id":"https:\/\/www.gaveanews.com\/#\/schema\/person\/image\/","url":"https:\/\/secure.gravatar.com\/avatar\/1e1956f1facbffd3f8fa53a326721950116b3b9dc9bd44939c01180fd4a745a9?s=96&d=mm&r=g","contentUrl":"https:\/\/secure.gravatar.com\/avatar\/1e1956f1facbffd3f8fa53a326721950116b3b9dc9bd44939c01180fd4a745a9?s=96&d=mm&r=g","caption":"Equipe G\u00e1vea News"}}]}},"_links":{"self":[{"href":"https:\/\/www.gaveanews.com\/index.php\/wp-json\/wp\/v2\/posts\/101310","targetHints":{"allow":["GET"]}}],"collection":[{"href":"https:\/\/www.gaveanews.com\/index.php\/wp-json\/wp\/v2\/posts"}],"about":[{"href":"https:\/\/www.gaveanews.com\/index.php\/wp-json\/wp\/v2\/types\/post"}],"author":[{"embeddable":true,"href":"https:\/\/www.gaveanews.com\/index.php\/wp-json\/wp\/v2\/users\/1"}],"replies":[{"embeddable":true,"href":"https:\/\/www.gaveanews.com\/index.php\/wp-json\/wp\/v2\/comments?post=101310"}],"version-history":[{"count":1,"href":"https:\/\/www.gaveanews.com\/index.php\/wp-json\/wp\/v2\/posts\/101310\/revisions"}],"predecessor-version":[{"id":134314,"href":"https:\/\/www.gaveanews.com\/index.php\/wp-json\/wp\/v2\/posts\/101310\/revisions\/134314"}],"wp:featuredmedia":[{"embeddable":true,"href":"https:\/\/www.gaveanews.com\/index.php\/wp-json\/wp\/v2\/media\/101020"}],"wp:attachment":[{"href":"https:\/\/www.gaveanews.com\/index.php\/wp-json\/wp\/v2\/media?parent=101310"}],"wp:term":[{"taxonomy":"category","embeddable":true,"href":"https:\/\/www.gaveanews.com\/index.php\/wp-json\/wp\/v2\/categories?post=101310"},{"taxonomy":"post_tag","embeddable":true,"href":"https:\/\/www.gaveanews.com\/index.php\/wp-json\/wp\/v2\/tags?post=101310"}],"curies":[{"name":"wp","href":"https:\/\/api.w.org\/{rel}","templated":true}]}}