{"id":101374,"date":"2023-06-28T06:56:39","date_gmt":"2023-06-28T09:56:39","guid":{"rendered":"https:\/\/www.gaveanews.com\/?p=101374"},"modified":"2023-06-28T06:56:42","modified_gmt":"2023-06-28T09:56:42","slug":"luiz-araujo-desembarca-no-rio-e-se-declara-ao-flamengo","status":"publish","type":"post","link":"https:\/\/www.gaveanews.com\/index.php\/2023\/06\/28\/luiz-araujo-desembarca-no-rio-e-se-declara-ao-flamengo\/","title":{"rendered":"Luiz Ara\u00fajo desembarca no Rio e se declara ao Flamengo"},"content":{"rendered":"\n<p>O atacante Luiz Ara\u00fajo desembarcou no Aeroporto Santos Dumont, no Rio de Janeiro, na tarde desta ter\u00e7a-feira (27), e ser\u00e1 apresentado oficialmente no in\u00edcio da pr\u00f3xima semana. O atacante \u00e9 o primeiro refor\u00e7o da era Sampaoli no Flamengo e se declarou ao clube carioca em sua chegada.<\/p>\n\n\n\n<figure class=\"wp-block-embed is-type-photo is-provider-flickr wp-block-embed-flickr\"><div class=\"wp-block-embed__wrapper\">\n<a href=\"https:\/\/www.flickr.com\/photos\/184920610@N03\/53007907515\/in\/dateposted-public\/\"><img loading=\"lazy\" decoding=\"async\" src=\"https:\/\/live.staticflickr.com\/65535\/53007907515_3760bd76be_z.webp\" alt=\"Luiz Araujo Flamengo\" width=\"640\" height=\"427\" \/><\/a>\n<\/div><figcaption class=\"wp-element-caption\">Luiz Ara\u00fajo em sua chegada ao Rio de Janeiro \u2013 Foto: Gilvan de Souza \/CRF<\/figcaption><\/figure>\n\n\n\n<p>Durante entrevista concedida \u00e0 Fla TV, o jogador de 27 anos se declarou ao Rubro-Negro e mostrou muita motiva\u00e7\u00e3o para jogar pelo Fla.<\/p>\n\n\n\n<p>\u201cMuito feliz de estar vindo para o Flamengo, o maior do Brasil e maior do mundo, na minha opini\u00e3o. Fiquei muito feliz de ter dado tudo certo. Estava muito ansioso e j\u00e1 vesti a camisa, porque sempre foi um sonho. Estou feliz e motivado com esse desafio\u201d, disse Luiz Ara\u00fajo.<\/p>\n\n\n\n<p>Luiz Ara\u00fajo vai realizar exames m\u00e9dios e assinar contrato at\u00e9 dezembro de 2027. O atacante usar\u00e1 a camisa 22 do clube.<\/p>\n\n\n\n<p>Retirado de: Jogada10<\/p>\n","protected":false},"excerpt":{"rendered":"<p>O atacante Luiz Ara\u00fajo desembarcou no Aeroporto Santos Dumont, no Rio de Janeiro, na tarde desta ter\u00e7a-feira (27), e ser\u00e1 apresentado oficialmente no in\u00edcio da pr\u00f3xima semana. O atacante \u00e9 o primeiro refor\u00e7o da era Sampaoli no Flamengo e se declarou ao clube carioca em sua chegada. Durante entrevista concedida \u00e0 Fla TV, o jogador [&hellip;]<\/p>\n","protected":false},"author":6,"featured_media":101376,"comment_status":"open","ping_status":"closed","sticky":false,"template":"","format":"standard","meta":{"footnotes":""},"categories":[48],"tags":[],"class_list":["post-101374","post","type-post","status-publish","format-standard","has-post-thumbnail","hentry","category-negociacoes"],"yoast_head":"<!-- This site is optimized with the Yoast SEO Premium plugin v24.2 (Yoast SEO v26.9) - https:\/\/yoast.com\/product\/yoast-seo-premium-wordpress\/ -->\n<title>Luiz Ara\u00fajo desembarca no Rio e se declara ao Flamengo<\/title>\n<meta name=\"robots\" content=\"index, follow, max-snippet:-1, max-image-preview:large, max-video-preview:-1\" \/>\n<link rel=\"canonical\" href=\"https:\/\/www.gaveanews.com\/index.php\/2023\/06\/28\/luiz-araujo-desembarca-no-rio-e-se-declara-ao-flamengo\/\" \/>\n<meta property=\"og:locale\" content=\"pt_BR\" \/>\n<meta property=\"og:type\" content=\"article\" \/>\n<meta property=\"og:title\" content=\"Luiz Ara\u00fajo desembarca no Rio e se declara ao Flamengo\" \/>\n<meta property=\"og:description\" content=\"O atacante Luiz Ara\u00fajo desembarcou no Aeroporto Santos Dumont, no Rio de Janeiro, na tarde desta ter\u00e7a-feira (27), e ser\u00e1 apresentado oficialmente no in\u00edcio da pr\u00f3xima semana. O atacante \u00e9 o primeiro refor\u00e7o da era Sampaoli no Flamengo e se declarou ao clube carioca em sua chegada. Durante entrevista concedida \u00e0 Fla TV, o jogador [&hellip;]\" \/>\n<meta property=\"og:url\" content=\"https:\/\/www.gaveanews.com\/index.php\/2023\/06\/28\/luiz-araujo-desembarca-no-rio-e-se-declara-ao-flamengo\/\" \/>\n<meta property=\"og:site_name\" content=\"G\u00e1vea News\" \/>\n<meta property=\"article:publisher\" content=\"https:\/\/facebook.com\/gaveaNews\/\" \/>\n<meta property=\"article:published_time\" content=\"2023-06-28T09:56:39+00:00\" \/>\n<meta property=\"article:modified_time\" content=\"2023-06-28T09:56:42+00:00\" \/>\n<meta property=\"og:image\" content=\"https:\/\/www.gaveanews.com\/wp-content\/uploads\/Luiz-Araujo-1.webp\" \/>\n\t<meta property=\"og:image:width\" content=\"800\" \/>\n\t<meta property=\"og:image:height\" content=\"669\" \/>\n\t<meta property=\"og:image:type\" content=\"image\/jpeg\" \/>\n<meta name=\"author\" content=\"Leonardo Ant\u00f4nio\" \/>\n<meta name=\"twitter:card\" content=\"summary_large_image\" \/>\n<meta name=\"twitter:label1\" content=\"Escrito por\" \/>\n\t<meta name=\"twitter:data1\" content=\"Leonardo Ant\u00f4nio\" \/>\n\t<meta name=\"twitter:label2\" content=\"Est. tempo de leitura\" \/>\n\t<meta name=\"twitter:data2\" content=\"1 minuto\" \/>\n<script type=\"application\/ld+json\" class=\"yoast-schema-graph\">{\"@context\":\"https:\/\/schema.org\",\"@graph\":[{\"@type\":\"NewsArticle\",\"@id\":\"https:\/\/www.gaveanews.com\/index.php\/2023\/06\/28\/luiz-araujo-desembarca-no-rio-e-se-declara-ao-flamengo\/#article\",\"isPartOf\":{\"@id\":\"https:\/\/www.gaveanews.com\/index.php\/2023\/06\/28\/luiz-araujo-desembarca-no-rio-e-se-declara-ao-flamengo\/\"},\"author\":{\"name\":\"Leonardo Ant\u00f4nio\",\"@id\":\"https:\/\/www.gaveanews.com\/#\/schema\/person\/2d29802e96a726e735077717fb5c6f20\"},\"headline\":\"Luiz Ara\u00fajo desembarca no Rio e se declara ao Flamengo\",\"datePublished\":\"2023-06-28T09:56:39+00:00\",\"dateModified\":\"2023-06-28T09:56:42+00:00\",\"mainEntityOfPage\":{\"@id\":\"https:\/\/www.gaveanews.com\/index.php\/2023\/06\/28\/luiz-araujo-desembarca-no-rio-e-se-declara-ao-flamengo\/\"},\"wordCount\":182,\"commentCount\":0,\"image\":{\"@id\":\"https:\/\/www.gaveanews.com\/index.php\/2023\/06\/28\/luiz-araujo-desembarca-no-rio-e-se-declara-ao-flamengo\/#primaryimage\"},\"thumbnailUrl\":\"https:\/\/www.gaveanews.com\/wp-content\/uploads\/Luiz-Araujo-1.webp\",\"articleSection\":[\"Negocia\u00e7\u00f5es\"],\"inLanguage\":\"pt-BR\",\"potentialAction\":[{\"@type\":\"CommentAction\",\"name\":\"Comment\",\"target\":[\"https:\/\/www.gaveanews.com\/index.php\/2023\/06\/28\/luiz-araujo-desembarca-no-rio-e-se-declara-ao-flamengo\/#respond\"]}],\"copyrightYear\":\"2023\",\"copyrightHolder\":{\"@id\":\"https:\/\/www.gaveanews.com\/#organization\"}},{\"@type\":\"WebPage\",\"@id\":\"https:\/\/www.gaveanews.com\/index.php\/2023\/06\/28\/luiz-araujo-desembarca-no-rio-e-se-declara-ao-flamengo\/\",\"url\":\"https:\/\/www.gaveanews.com\/index.php\/2023\/06\/28\/luiz-araujo-desembarca-no-rio-e-se-declara-ao-flamengo\/\",\"name\":\"Luiz Ara\u00fajo desembarca no Rio e se declara ao Flamengo\",\"isPartOf\":{\"@id\":\"https:\/\/www.gaveanews.com\/#website\"},\"primaryImageOfPage\":{\"@id\":\"https:\/\/www.gaveanews.com\/index.php\/2023\/06\/28\/luiz-araujo-desembarca-no-rio-e-se-declara-ao-flamengo\/#primaryimage\"},\"image\":{\"@id\":\"https:\/\/www.gaveanews.com\/index.php\/2023\/06\/28\/luiz-araujo-desembarca-no-rio-e-se-declara-ao-flamengo\/#primaryimage\"},\"thumbnailUrl\":\"https:\/\/www.gaveanews.com\/wp-content\/uploads\/Luiz-Araujo-1.webp\",\"datePublished\":\"2023-06-28T09:56:39+00:00\",\"dateModified\":\"2023-06-28T09:56:42+00:00\",\"author\":{\"@id\":\"https:\/\/www.gaveanews.com\/#\/schema\/person\/2d29802e96a726e735077717fb5c6f20\"},\"breadcrumb\":{\"@id\":\"https:\/\/www.gaveanews.com\/index.php\/2023\/06\/28\/luiz-araujo-desembarca-no-rio-e-se-declara-ao-flamengo\/#breadcrumb\"},\"inLanguage\":\"pt-BR\",\"potentialAction\":[{\"@type\":\"ReadAction\",\"target\":[\"https:\/\/www.gaveanews.com\/index.php\/2023\/06\/28\/luiz-araujo-desembarca-no-rio-e-se-declara-ao-flamengo\/\"]}]},{\"@type\":\"ImageObject\",\"inLanguage\":\"pt-BR\",\"@id\":\"https:\/\/www.gaveanews.com\/index.php\/2023\/06\/28\/luiz-araujo-desembarca-no-rio-e-se-declara-ao-flamengo\/#primaryimage\",\"url\":\"https:\/\/www.gaveanews.com\/wp-content\/uploads\/Luiz-Araujo-1.webp\",\"contentUrl\":\"https:\/\/www.gaveanews.com\/wp-content\/uploads\/Luiz-Araujo-1.webp\",\"width\":800,\"height\":669,\"caption\":\"Luiz Ara\u00fajo se apresenta ao Flamengo (Foto: Gilvan de Souza\/Flamengo)\"},{\"@type\":\"BreadcrumbList\",\"@id\":\"https:\/\/www.gaveanews.com\/index.php\/2023\/06\/28\/luiz-araujo-desembarca-no-rio-e-se-declara-ao-flamengo\/#breadcrumb\",\"itemListElement\":[{\"@type\":\"ListItem\",\"position\":1,\"name\":\"Home\",\"item\":\"https:\/\/www.gaveanews.com\/\"},{\"@type\":\"ListItem\",\"position\":2,\"name\":\"Luiz Ara\u00fajo desembarca no Rio e se declara ao Flamengo\"}]},{\"@type\":\"WebSite\",\"@id\":\"https:\/\/www.gaveanews.com\/#website\",\"url\":\"https:\/\/www.gaveanews.com\/\",\"name\":\"G\u00e1vea News\",\"description\":\"Veja todas as not\u00edcias sobre o Flamengo: Contrata\u00e7\u00f5es, categorias de base, resultados das partidas, tabela de classifica\u00e7\u00e3o, pr\u00f3ximos jogos!\",\"potentialAction\":[{\"@type\":\"SearchAction\",\"target\":{\"@type\":\"EntryPoint\",\"urlTemplate\":\"https:\/\/www.gaveanews.com\/?s={search_term_string}\"},\"query-input\":{\"@type\":\"PropertyValueSpecification\",\"valueRequired\":true,\"valueName\":\"search_term_string\"}}],\"inLanguage\":\"pt-BR\"},{\"@type\":\"Person\",\"@id\":\"https:\/\/www.gaveanews.com\/#\/schema\/person\/2d29802e96a726e735077717fb5c6f20\",\"name\":\"Leonardo Ant\u00f4nio\",\"image\":{\"@type\":\"ImageObject\",\"inLanguage\":\"pt-BR\",\"@id\":\"https:\/\/www.gaveanews.com\/#\/schema\/person\/image\/\",\"url\":\"https:\/\/secure.gravatar.com\/avatar\/b9ffc9ff64af5c915e7cb1824991ab1b4aa29b902a6a9a83be9d1c8ba449fce8?s=96&d=mm&r=g\",\"contentUrl\":\"https:\/\/secure.gravatar.com\/avatar\/b9ffc9ff64af5c915e7cb1824991ab1b4aa29b902a6a9a83be9d1c8ba449fce8?s=96&d=mm&r=g\",\"caption\":\"Leonardo Ant\u00f4nio\"}}]}<\/script>\n<!-- \/ Yoast SEO Premium plugin. -->","yoast_head_json":{"title":"Luiz Ara\u00fajo desembarca no Rio e se declara ao Flamengo","robots":{"index":"index","follow":"follow","max-snippet":"max-snippet:-1","max-image-preview":"max-image-preview:large","max-video-preview":"max-video-preview:-1"},"canonical":"https:\/\/www.gaveanews.com\/index.php\/2023\/06\/28\/luiz-araujo-desembarca-no-rio-e-se-declara-ao-flamengo\/","og_locale":"pt_BR","og_type":"article","og_title":"Luiz Ara\u00fajo desembarca no Rio e se declara ao Flamengo","og_description":"O atacante Luiz Ara\u00fajo desembarcou no Aeroporto Santos Dumont, no Rio de Janeiro, na tarde desta ter\u00e7a-feira (27), e ser\u00e1 apresentado oficialmente no in\u00edcio da pr\u00f3xima semana. O atacante \u00e9 o primeiro refor\u00e7o da era Sampaoli no Flamengo e se declarou ao clube carioca em sua chegada. Durante entrevista concedida \u00e0 Fla TV, o jogador [&hellip;]","og_url":"https:\/\/www.gaveanews.com\/index.php\/2023\/06\/28\/luiz-araujo-desembarca-no-rio-e-se-declara-ao-flamengo\/","og_site_name":"G\u00e1vea News","article_publisher":"https:\/\/facebook.com\/gaveaNews\/","article_published_time":"2023-06-28T09:56:39+00:00","article_modified_time":"2023-06-28T09:56:42+00:00","og_image":[{"width":800,"height":669,"url":"https:\/\/www.gaveanews.com\/wp-content\/uploads\/Luiz-Araujo-1.webp","type":"image\/jpeg"}],"author":"Leonardo Ant\u00f4nio","twitter_card":"summary_large_image","twitter_misc":{"Escrito por":"Leonardo Ant\u00f4nio","Est. tempo de leitura":"1 minuto"},"schema":{"@context":"https:\/\/schema.org","@graph":[{"@type":"NewsArticle","@id":"https:\/\/www.gaveanews.com\/index.php\/2023\/06\/28\/luiz-araujo-desembarca-no-rio-e-se-declara-ao-flamengo\/#article","isPartOf":{"@id":"https:\/\/www.gaveanews.com\/index.php\/2023\/06\/28\/luiz-araujo-desembarca-no-rio-e-se-declara-ao-flamengo\/"},"author":{"name":"Leonardo Ant\u00f4nio","@id":"https:\/\/www.gaveanews.com\/#\/schema\/person\/2d29802e96a726e735077717fb5c6f20"},"headline":"Luiz Ara\u00fajo desembarca no Rio e se declara ao Flamengo","datePublished":"2023-06-28T09:56:39+00:00","dateModified":"2023-06-28T09:56:42+00:00","mainEntityOfPage":{"@id":"https:\/\/www.gaveanews.com\/index.php\/2023\/06\/28\/luiz-araujo-desembarca-no-rio-e-se-declara-ao-flamengo\/"},"wordCount":182,"commentCount":0,"image":{"@id":"https:\/\/www.gaveanews.com\/index.php\/2023\/06\/28\/luiz-araujo-desembarca-no-rio-e-se-declara-ao-flamengo\/#primaryimage"},"thumbnailUrl":"https:\/\/www.gaveanews.com\/wp-content\/uploads\/Luiz-Araujo-1.webp","articleSection":["Negocia\u00e7\u00f5es"],"inLanguage":"pt-BR","potentialAction":[{"@type":"CommentAction","name":"Comment","target":["https:\/\/www.gaveanews.com\/index.php\/2023\/06\/28\/luiz-araujo-desembarca-no-rio-e-se-declara-ao-flamengo\/#respond"]}],"copyrightYear":"2023","copyrightHolder":{"@id":"https:\/\/www.gaveanews.com\/#organization"}},{"@type":"WebPage","@id":"https:\/\/www.gaveanews.com\/index.php\/2023\/06\/28\/luiz-araujo-desembarca-no-rio-e-se-declara-ao-flamengo\/","url":"https:\/\/www.gaveanews.com\/index.php\/2023\/06\/28\/luiz-araujo-desembarca-no-rio-e-se-declara-ao-flamengo\/","name":"Luiz Ara\u00fajo desembarca no Rio e se declara ao Flamengo","isPartOf":{"@id":"https:\/\/www.gaveanews.com\/#website"},"primaryImageOfPage":{"@id":"https:\/\/www.gaveanews.com\/index.php\/2023\/06\/28\/luiz-araujo-desembarca-no-rio-e-se-declara-ao-flamengo\/#primaryimage"},"image":{"@id":"https:\/\/www.gaveanews.com\/index.php\/2023\/06\/28\/luiz-araujo-desembarca-no-rio-e-se-declara-ao-flamengo\/#primaryimage"},"thumbnailUrl":"https:\/\/www.gaveanews.com\/wp-content\/uploads\/Luiz-Araujo-1.webp","datePublished":"2023-06-28T09:56:39+00:00","dateModified":"2023-06-28T09:56:42+00:00","author":{"@id":"https:\/\/www.gaveanews.com\/#\/schema\/person\/2d29802e96a726e735077717fb5c6f20"},"breadcrumb":{"@id":"https:\/\/www.gaveanews.com\/index.php\/2023\/06\/28\/luiz-araujo-desembarca-no-rio-e-se-declara-ao-flamengo\/#breadcrumb"},"inLanguage":"pt-BR","potentialAction":[{"@type":"ReadAction","target":["https:\/\/www.gaveanews.com\/index.php\/2023\/06\/28\/luiz-araujo-desembarca-no-rio-e-se-declara-ao-flamengo\/"]}]},{"@type":"ImageObject","inLanguage":"pt-BR","@id":"https:\/\/www.gaveanews.com\/index.php\/2023\/06\/28\/luiz-araujo-desembarca-no-rio-e-se-declara-ao-flamengo\/#primaryimage","url":"https:\/\/www.gaveanews.com\/wp-content\/uploads\/Luiz-Araujo-1.webp","contentUrl":"https:\/\/www.gaveanews.com\/wp-content\/uploads\/Luiz-Araujo-1.webp","width":800,"height":669,"caption":"Luiz Ara\u00fajo se apresenta ao Flamengo (Foto: Gilvan de Souza\/Flamengo)"},{"@type":"BreadcrumbList","@id":"https:\/\/www.gaveanews.com\/index.php\/2023\/06\/28\/luiz-araujo-desembarca-no-rio-e-se-declara-ao-flamengo\/#breadcrumb","itemListElement":[{"@type":"ListItem","position":1,"name":"Home","item":"https:\/\/www.gaveanews.com\/"},{"@type":"ListItem","position":2,"name":"Luiz Ara\u00fajo desembarca no Rio e se declara ao Flamengo"}]},{"@type":"WebSite","@id":"https:\/\/www.gaveanews.com\/#website","url":"https:\/\/www.gaveanews.com\/","name":"G\u00e1vea News","description":"Veja todas as not\u00edcias sobre o Flamengo: Contrata\u00e7\u00f5es, categorias de base, resultados das partidas, tabela de classifica\u00e7\u00e3o, pr\u00f3ximos jogos!","potentialAction":[{"@type":"SearchAction","target":{"@type":"EntryPoint","urlTemplate":"https:\/\/www.gaveanews.com\/?s={search_term_string}"},"query-input":{"@type":"PropertyValueSpecification","valueRequired":true,"valueName":"search_term_string"}}],"inLanguage":"pt-BR"},{"@type":"Person","@id":"https:\/\/www.gaveanews.com\/#\/schema\/person\/2d29802e96a726e735077717fb5c6f20","name":"Leonardo Ant\u00f4nio","image":{"@type":"ImageObject","inLanguage":"pt-BR","@id":"https:\/\/www.gaveanews.com\/#\/schema\/person\/image\/","url":"https:\/\/secure.gravatar.com\/avatar\/b9ffc9ff64af5c915e7cb1824991ab1b4aa29b902a6a9a83be9d1c8ba449fce8?s=96&d=mm&r=g","contentUrl":"https:\/\/secure.gravatar.com\/avatar\/b9ffc9ff64af5c915e7cb1824991ab1b4aa29b902a6a9a83be9d1c8ba449fce8?s=96&d=mm&r=g","caption":"Leonardo Ant\u00f4nio"}}]}},"_links":{"self":[{"href":"https:\/\/www.gaveanews.com\/index.php\/wp-json\/wp\/v2\/posts\/101374","targetHints":{"allow":["GET"]}}],"collection":[{"href":"https:\/\/www.gaveanews.com\/index.php\/wp-json\/wp\/v2\/posts"}],"about":[{"href":"https:\/\/www.gaveanews.com\/index.php\/wp-json\/wp\/v2\/types\/post"}],"author":[{"embeddable":true,"href":"https:\/\/www.gaveanews.com\/index.php\/wp-json\/wp\/v2\/users\/6"}],"replies":[{"embeddable":true,"href":"https:\/\/www.gaveanews.com\/index.php\/wp-json\/wp\/v2\/comments?post=101374"}],"version-history":[{"count":0,"href":"https:\/\/www.gaveanews.com\/index.php\/wp-json\/wp\/v2\/posts\/101374\/revisions"}],"wp:featuredmedia":[{"embeddable":true,"href":"https:\/\/www.gaveanews.com\/index.php\/wp-json\/wp\/v2\/media\/101376"}],"wp:attachment":[{"href":"https:\/\/www.gaveanews.com\/index.php\/wp-json\/wp\/v2\/media?parent=101374"}],"wp:term":[{"taxonomy":"category","embeddable":true,"href":"https:\/\/www.gaveanews.com\/index.php\/wp-json\/wp\/v2\/categories?post=101374"},{"taxonomy":"post_tag","embeddable":true,"href":"https:\/\/www.gaveanews.com\/index.php\/wp-json\/wp\/v2\/tags?post=101374"}],"curies":[{"name":"wp","href":"https:\/\/api.w.org\/{rel}","templated":true}]}}