{"id":101380,"date":"2023-06-28T07:30:00","date_gmt":"2023-06-28T10:30:00","guid":{"rendered":"https:\/\/www.gaveanews.com\/?p=101380"},"modified":"2024-04-07T09:36:37","modified_gmt":"2024-04-07T12:36:37","slug":"com-de-la-cruz-mais-distante-flamengo-muda-foco-para-jogador-de-tim-da-europa","status":"publish","type":"post","link":"https:\/\/www.gaveanews.com\/index.php\/2023\/06\/28\/com-de-la-cruz-mais-distante-flamengo-muda-foco-para-jogador-de-tim-da-europa\/","title":{"rendered":"Com De La Cruz mais distante, Flamengo muda foco para jogador de time da Europa"},"content":{"rendered":"\n<p>Classificado para os mata-mata da Libertadores, o River Plate dificilmente negociar\u00e1 o uruguaio De La Cruz em 2023. Assim, o Flamengo mira outros jogadores no mercado, e a primeira op\u00e7\u00e3o \u00e9 Claudinho, vendido pelo Red Bull Bragantino ao Zenit em agosto de 2021.<\/p>\n\n\n\n<p>O neg\u00f3cio ainda est\u00e1 em est\u00e1gio inicial. O clube carioca pretende oferecer 12 milh\u00f5es de euros aos russos, ciente de que provavelmente ter\u00e1 que elevar a proposta, caso a negocia\u00e7\u00e3o avance. Ele foi negociado por 15 milh\u00f5es de euros e o time paulista manteve 20% dos direitos.<\/p>\n\n\n\n<p>O blog apurou que o atleta foi bem receptivo diante da possibilidade de voltar ao Brasil e defender o campe\u00e3o da Libertadores. Claudinho tem 26 anos, completados em 28 de janeiro. No Campeonato Russo, fez 24 das 30 partidas do Zenit, campe\u00e3o antecipado, sendo titular em 19, com cinco gols e nove assist\u00eancias.<\/p>\n\n\n\n<p>Retirado de: Uol<\/p>\n","protected":false},"excerpt":{"rendered":"<p>Classificado para os mata-mata da Libertadores, o River Plate dificilmente negociar\u00e1 o uruguaio De La Cruz em 2023. Assim, o Flamengo mira outros jogadores no mercado, e a primeira op\u00e7\u00e3o \u00e9 Claudinho, vendido pelo Red Bull Bragantino ao Zenit em agosto de 2021. O neg\u00f3cio ainda est\u00e1 em est\u00e1gio inicial. O clube carioca pretende oferecer [&hellip;]<\/p>\n","protected":false},"author":6,"featured_media":90253,"comment_status":"open","ping_status":"closed","sticky":false,"template":"","format":"standard","meta":{"footnotes":""},"categories":[48],"tags":[180],"class_list":["post-101380","post","type-post","status-publish","format-standard","has-post-thumbnail","hentry","category-negociacoes","tag-diego-nicolas-de-la-cruz-arcosa"],"yoast_head":"<!-- This site is optimized with the Yoast SEO Premium plugin v24.2 (Yoast SEO v26.9) - https:\/\/yoast.com\/product\/yoast-seo-premium-wordpress\/ -->\n<title>Com De La Cruz mais distante, Flamengo muda foco para jogador de time da Europa<\/title>\n<meta name=\"robots\" content=\"index, follow, max-snippet:-1, max-image-preview:large, max-video-preview:-1\" \/>\n<link rel=\"canonical\" href=\"https:\/\/www.gaveanews.com\/index.php\/2023\/06\/28\/com-de-la-cruz-mais-distante-flamengo-muda-foco-para-jogador-de-tim-da-europa\/\" \/>\n<meta property=\"og:locale\" content=\"pt_BR\" \/>\n<meta property=\"og:type\" content=\"article\" \/>\n<meta property=\"og:title\" content=\"Com De La Cruz mais distante, Flamengo muda foco para jogador de time da Europa\" \/>\n<meta property=\"og:description\" content=\"Classificado para os mata-mata da Libertadores, o River Plate dificilmente negociar\u00e1 o uruguaio De La Cruz em 2023. Assim, o Flamengo mira outros jogadores no mercado, e a primeira op\u00e7\u00e3o \u00e9 Claudinho, vendido pelo Red Bull Bragantino ao Zenit em agosto de 2021. O neg\u00f3cio ainda est\u00e1 em est\u00e1gio inicial. O clube carioca pretende oferecer [&hellip;]\" \/>\n<meta property=\"og:url\" content=\"https:\/\/www.gaveanews.com\/index.php\/2023\/06\/28\/com-de-la-cruz-mais-distante-flamengo-muda-foco-para-jogador-de-tim-da-europa\/\" \/>\n<meta property=\"og:site_name\" content=\"G\u00e1vea News\" \/>\n<meta property=\"article:publisher\" content=\"https:\/\/facebook.com\/gaveaNews\/\" \/>\n<meta property=\"article:published_time\" content=\"2023-06-28T10:30:00+00:00\" \/>\n<meta property=\"article:modified_time\" content=\"2024-04-07T12:36:37+00:00\" \/>\n<meta property=\"og:image\" content=\"https:\/\/www.gaveanews.com\/wp-content\/uploads\/claudinho-zenit.webp\" \/>\n\t<meta property=\"og:image:width\" content=\"984\" \/>\n\t<meta property=\"og:image:height\" content=\"656\" \/>\n\t<meta property=\"og:image:type\" content=\"image\/webp\" \/>\n<meta name=\"author\" content=\"Leonardo Ant\u00f4nio\" \/>\n<meta name=\"twitter:card\" content=\"summary_large_image\" \/>\n<meta name=\"twitter:label1\" content=\"Escrito por\" \/>\n\t<meta name=\"twitter:data1\" content=\"Leonardo Ant\u00f4nio\" \/>\n\t<meta name=\"twitter:label2\" content=\"Est. tempo de leitura\" \/>\n\t<meta name=\"twitter:data2\" content=\"1 minuto\" \/>\n<script type=\"application\/ld+json\" class=\"yoast-schema-graph\">{\"@context\":\"https:\/\/schema.org\",\"@graph\":[{\"@type\":\"NewsArticle\",\"@id\":\"https:\/\/www.gaveanews.com\/index.php\/2023\/06\/28\/com-de-la-cruz-mais-distante-flamengo-muda-foco-para-jogador-de-tim-da-europa\/#article\",\"isPartOf\":{\"@id\":\"https:\/\/www.gaveanews.com\/index.php\/2023\/06\/28\/com-de-la-cruz-mais-distante-flamengo-muda-foco-para-jogador-de-tim-da-europa\/\"},\"author\":{\"name\":\"Leonardo Ant\u00f4nio\",\"@id\":\"https:\/\/www.gaveanews.com\/#\/schema\/person\/2d29802e96a726e735077717fb5c6f20\"},\"headline\":\"Com De La Cruz mais distante, Flamengo muda foco para jogador de time da Europa\",\"datePublished\":\"2023-06-28T10:30:00+00:00\",\"dateModified\":\"2024-04-07T12:36:37+00:00\",\"mainEntityOfPage\":{\"@id\":\"https:\/\/www.gaveanews.com\/index.php\/2023\/06\/28\/com-de-la-cruz-mais-distante-flamengo-muda-foco-para-jogador-de-tim-da-europa\/\"},\"wordCount\":159,\"commentCount\":0,\"image\":{\"@id\":\"https:\/\/www.gaveanews.com\/index.php\/2023\/06\/28\/com-de-la-cruz-mais-distante-flamengo-muda-foco-para-jogador-de-tim-da-europa\/#primaryimage\"},\"thumbnailUrl\":\"https:\/\/www.gaveanews.com\/wp-content\/uploads\/claudinho-zenit.webp\",\"keywords\":[\"Diego Nicol\u00e1s de la Cruz Arcosa\"],\"articleSection\":[\"Negocia\u00e7\u00f5es\"],\"inLanguage\":\"pt-BR\",\"potentialAction\":[{\"@type\":\"CommentAction\",\"name\":\"Comment\",\"target\":[\"https:\/\/www.gaveanews.com\/index.php\/2023\/06\/28\/com-de-la-cruz-mais-distante-flamengo-muda-foco-para-jogador-de-tim-da-europa\/#respond\"]}],\"copyrightYear\":\"2023\",\"copyrightHolder\":{\"@id\":\"https:\/\/www.gaveanews.com\/#organization\"}},{\"@type\":\"WebPage\",\"@id\":\"https:\/\/www.gaveanews.com\/index.php\/2023\/06\/28\/com-de-la-cruz-mais-distante-flamengo-muda-foco-para-jogador-de-tim-da-europa\/\",\"url\":\"https:\/\/www.gaveanews.com\/index.php\/2023\/06\/28\/com-de-la-cruz-mais-distante-flamengo-muda-foco-para-jogador-de-tim-da-europa\/\",\"name\":\"Com De La Cruz mais distante, Flamengo muda foco para jogador de time da Europa\",\"isPartOf\":{\"@id\":\"https:\/\/www.gaveanews.com\/#website\"},\"primaryImageOfPage\":{\"@id\":\"https:\/\/www.gaveanews.com\/index.php\/2023\/06\/28\/com-de-la-cruz-mais-distante-flamengo-muda-foco-para-jogador-de-tim-da-europa\/#primaryimage\"},\"image\":{\"@id\":\"https:\/\/www.gaveanews.com\/index.php\/2023\/06\/28\/com-de-la-cruz-mais-distante-flamengo-muda-foco-para-jogador-de-tim-da-europa\/#primaryimage\"},\"thumbnailUrl\":\"https:\/\/www.gaveanews.com\/wp-content\/uploads\/claudinho-zenit.webp\",\"datePublished\":\"2023-06-28T10:30:00+00:00\",\"dateModified\":\"2024-04-07T12:36:37+00:00\",\"author\":{\"@id\":\"https:\/\/www.gaveanews.com\/#\/schema\/person\/2d29802e96a726e735077717fb5c6f20\"},\"breadcrumb\":{\"@id\":\"https:\/\/www.gaveanews.com\/index.php\/2023\/06\/28\/com-de-la-cruz-mais-distante-flamengo-muda-foco-para-jogador-de-tim-da-europa\/#breadcrumb\"},\"inLanguage\":\"pt-BR\",\"potentialAction\":[{\"@type\":\"ReadAction\",\"target\":[\"https:\/\/www.gaveanews.com\/index.php\/2023\/06\/28\/com-de-la-cruz-mais-distante-flamengo-muda-foco-para-jogador-de-tim-da-europa\/\"]}]},{\"@type\":\"ImageObject\",\"inLanguage\":\"pt-BR\",\"@id\":\"https:\/\/www.gaveanews.com\/index.php\/2023\/06\/28\/com-de-la-cruz-mais-distante-flamengo-muda-foco-para-jogador-de-tim-da-europa\/#primaryimage\",\"url\":\"https:\/\/www.gaveanews.com\/wp-content\/uploads\/claudinho-zenit.webp\",\"contentUrl\":\"https:\/\/www.gaveanews.com\/wp-content\/uploads\/claudinho-zenit.webp\",\"width\":984,\"height\":656,\"caption\":\"Claudinho, meia do Zenit (Foto: Igor Russak\/Anadolu Agency via Getty Images)\"},{\"@type\":\"BreadcrumbList\",\"@id\":\"https:\/\/www.gaveanews.com\/index.php\/2023\/06\/28\/com-de-la-cruz-mais-distante-flamengo-muda-foco-para-jogador-de-tim-da-europa\/#breadcrumb\",\"itemListElement\":[{\"@type\":\"ListItem\",\"position\":1,\"name\":\"Home\",\"item\":\"https:\/\/www.gaveanews.com\/\"},{\"@type\":\"ListItem\",\"position\":2,\"name\":\"Com De La Cruz mais distante, Flamengo muda foco para jogador de time da Europa\"}]},{\"@type\":\"WebSite\",\"@id\":\"https:\/\/www.gaveanews.com\/#website\",\"url\":\"https:\/\/www.gaveanews.com\/\",\"name\":\"G\u00e1vea News\",\"description\":\"Veja todas as not\u00edcias sobre o Flamengo: Contrata\u00e7\u00f5es, categorias de base, resultados das partidas, tabela de classifica\u00e7\u00e3o, pr\u00f3ximos jogos!\",\"potentialAction\":[{\"@type\":\"SearchAction\",\"target\":{\"@type\":\"EntryPoint\",\"urlTemplate\":\"https:\/\/www.gaveanews.com\/?s={search_term_string}\"},\"query-input\":{\"@type\":\"PropertyValueSpecification\",\"valueRequired\":true,\"valueName\":\"search_term_string\"}}],\"inLanguage\":\"pt-BR\"},{\"@type\":\"Person\",\"@id\":\"https:\/\/www.gaveanews.com\/#\/schema\/person\/2d29802e96a726e735077717fb5c6f20\",\"name\":\"Leonardo Ant\u00f4nio\",\"image\":{\"@type\":\"ImageObject\",\"inLanguage\":\"pt-BR\",\"@id\":\"https:\/\/www.gaveanews.com\/#\/schema\/person\/image\/\",\"url\":\"https:\/\/secure.gravatar.com\/avatar\/b9ffc9ff64af5c915e7cb1824991ab1b4aa29b902a6a9a83be9d1c8ba449fce8?s=96&d=mm&r=g\",\"contentUrl\":\"https:\/\/secure.gravatar.com\/avatar\/b9ffc9ff64af5c915e7cb1824991ab1b4aa29b902a6a9a83be9d1c8ba449fce8?s=96&d=mm&r=g\",\"caption\":\"Leonardo Ant\u00f4nio\"}}]}<\/script>\n<!-- \/ Yoast SEO Premium plugin. -->","yoast_head_json":{"title":"Com De La Cruz mais distante, Flamengo muda foco para jogador de time da Europa","robots":{"index":"index","follow":"follow","max-snippet":"max-snippet:-1","max-image-preview":"max-image-preview:large","max-video-preview":"max-video-preview:-1"},"canonical":"https:\/\/www.gaveanews.com\/index.php\/2023\/06\/28\/com-de-la-cruz-mais-distante-flamengo-muda-foco-para-jogador-de-tim-da-europa\/","og_locale":"pt_BR","og_type":"article","og_title":"Com De La Cruz mais distante, Flamengo muda foco para jogador de time da Europa","og_description":"Classificado para os mata-mata da Libertadores, o River Plate dificilmente negociar\u00e1 o uruguaio De La Cruz em 2023. Assim, o Flamengo mira outros jogadores no mercado, e a primeira op\u00e7\u00e3o \u00e9 Claudinho, vendido pelo Red Bull Bragantino ao Zenit em agosto de 2021. O neg\u00f3cio ainda est\u00e1 em est\u00e1gio inicial. O clube carioca pretende oferecer [&hellip;]","og_url":"https:\/\/www.gaveanews.com\/index.php\/2023\/06\/28\/com-de-la-cruz-mais-distante-flamengo-muda-foco-para-jogador-de-tim-da-europa\/","og_site_name":"G\u00e1vea News","article_publisher":"https:\/\/facebook.com\/gaveaNews\/","article_published_time":"2023-06-28T10:30:00+00:00","article_modified_time":"2024-04-07T12:36:37+00:00","og_image":[{"width":984,"height":656,"url":"https:\/\/www.gaveanews.com\/wp-content\/uploads\/claudinho-zenit.webp","type":"image\/webp"}],"author":"Leonardo Ant\u00f4nio","twitter_card":"summary_large_image","twitter_misc":{"Escrito por":"Leonardo Ant\u00f4nio","Est. tempo de leitura":"1 minuto"},"schema":{"@context":"https:\/\/schema.org","@graph":[{"@type":"NewsArticle","@id":"https:\/\/www.gaveanews.com\/index.php\/2023\/06\/28\/com-de-la-cruz-mais-distante-flamengo-muda-foco-para-jogador-de-tim-da-europa\/#article","isPartOf":{"@id":"https:\/\/www.gaveanews.com\/index.php\/2023\/06\/28\/com-de-la-cruz-mais-distante-flamengo-muda-foco-para-jogador-de-tim-da-europa\/"},"author":{"name":"Leonardo Ant\u00f4nio","@id":"https:\/\/www.gaveanews.com\/#\/schema\/person\/2d29802e96a726e735077717fb5c6f20"},"headline":"Com De La Cruz mais distante, Flamengo muda foco para jogador de time da Europa","datePublished":"2023-06-28T10:30:00+00:00","dateModified":"2024-04-07T12:36:37+00:00","mainEntityOfPage":{"@id":"https:\/\/www.gaveanews.com\/index.php\/2023\/06\/28\/com-de-la-cruz-mais-distante-flamengo-muda-foco-para-jogador-de-tim-da-europa\/"},"wordCount":159,"commentCount":0,"image":{"@id":"https:\/\/www.gaveanews.com\/index.php\/2023\/06\/28\/com-de-la-cruz-mais-distante-flamengo-muda-foco-para-jogador-de-tim-da-europa\/#primaryimage"},"thumbnailUrl":"https:\/\/www.gaveanews.com\/wp-content\/uploads\/claudinho-zenit.webp","keywords":["Diego Nicol\u00e1s de la Cruz Arcosa"],"articleSection":["Negocia\u00e7\u00f5es"],"inLanguage":"pt-BR","potentialAction":[{"@type":"CommentAction","name":"Comment","target":["https:\/\/www.gaveanews.com\/index.php\/2023\/06\/28\/com-de-la-cruz-mais-distante-flamengo-muda-foco-para-jogador-de-tim-da-europa\/#respond"]}],"copyrightYear":"2023","copyrightHolder":{"@id":"https:\/\/www.gaveanews.com\/#organization"}},{"@type":"WebPage","@id":"https:\/\/www.gaveanews.com\/index.php\/2023\/06\/28\/com-de-la-cruz-mais-distante-flamengo-muda-foco-para-jogador-de-tim-da-europa\/","url":"https:\/\/www.gaveanews.com\/index.php\/2023\/06\/28\/com-de-la-cruz-mais-distante-flamengo-muda-foco-para-jogador-de-tim-da-europa\/","name":"Com De La Cruz mais distante, Flamengo muda foco para jogador de time da Europa","isPartOf":{"@id":"https:\/\/www.gaveanews.com\/#website"},"primaryImageOfPage":{"@id":"https:\/\/www.gaveanews.com\/index.php\/2023\/06\/28\/com-de-la-cruz-mais-distante-flamengo-muda-foco-para-jogador-de-tim-da-europa\/#primaryimage"},"image":{"@id":"https:\/\/www.gaveanews.com\/index.php\/2023\/06\/28\/com-de-la-cruz-mais-distante-flamengo-muda-foco-para-jogador-de-tim-da-europa\/#primaryimage"},"thumbnailUrl":"https:\/\/www.gaveanews.com\/wp-content\/uploads\/claudinho-zenit.webp","datePublished":"2023-06-28T10:30:00+00:00","dateModified":"2024-04-07T12:36:37+00:00","author":{"@id":"https:\/\/www.gaveanews.com\/#\/schema\/person\/2d29802e96a726e735077717fb5c6f20"},"breadcrumb":{"@id":"https:\/\/www.gaveanews.com\/index.php\/2023\/06\/28\/com-de-la-cruz-mais-distante-flamengo-muda-foco-para-jogador-de-tim-da-europa\/#breadcrumb"},"inLanguage":"pt-BR","potentialAction":[{"@type":"ReadAction","target":["https:\/\/www.gaveanews.com\/index.php\/2023\/06\/28\/com-de-la-cruz-mais-distante-flamengo-muda-foco-para-jogador-de-tim-da-europa\/"]}]},{"@type":"ImageObject","inLanguage":"pt-BR","@id":"https:\/\/www.gaveanews.com\/index.php\/2023\/06\/28\/com-de-la-cruz-mais-distante-flamengo-muda-foco-para-jogador-de-tim-da-europa\/#primaryimage","url":"https:\/\/www.gaveanews.com\/wp-content\/uploads\/claudinho-zenit.webp","contentUrl":"https:\/\/www.gaveanews.com\/wp-content\/uploads\/claudinho-zenit.webp","width":984,"height":656,"caption":"Claudinho, meia do Zenit (Foto: Igor Russak\/Anadolu Agency via Getty Images)"},{"@type":"BreadcrumbList","@id":"https:\/\/www.gaveanews.com\/index.php\/2023\/06\/28\/com-de-la-cruz-mais-distante-flamengo-muda-foco-para-jogador-de-tim-da-europa\/#breadcrumb","itemListElement":[{"@type":"ListItem","position":1,"name":"Home","item":"https:\/\/www.gaveanews.com\/"},{"@type":"ListItem","position":2,"name":"Com De La Cruz mais distante, Flamengo muda foco para jogador de time da Europa"}]},{"@type":"WebSite","@id":"https:\/\/www.gaveanews.com\/#website","url":"https:\/\/www.gaveanews.com\/","name":"G\u00e1vea News","description":"Veja todas as not\u00edcias sobre o Flamengo: Contrata\u00e7\u00f5es, categorias de base, resultados das partidas, tabela de classifica\u00e7\u00e3o, pr\u00f3ximos jogos!","potentialAction":[{"@type":"SearchAction","target":{"@type":"EntryPoint","urlTemplate":"https:\/\/www.gaveanews.com\/?s={search_term_string}"},"query-input":{"@type":"PropertyValueSpecification","valueRequired":true,"valueName":"search_term_string"}}],"inLanguage":"pt-BR"},{"@type":"Person","@id":"https:\/\/www.gaveanews.com\/#\/schema\/person\/2d29802e96a726e735077717fb5c6f20","name":"Leonardo Ant\u00f4nio","image":{"@type":"ImageObject","inLanguage":"pt-BR","@id":"https:\/\/www.gaveanews.com\/#\/schema\/person\/image\/","url":"https:\/\/secure.gravatar.com\/avatar\/b9ffc9ff64af5c915e7cb1824991ab1b4aa29b902a6a9a83be9d1c8ba449fce8?s=96&d=mm&r=g","contentUrl":"https:\/\/secure.gravatar.com\/avatar\/b9ffc9ff64af5c915e7cb1824991ab1b4aa29b902a6a9a83be9d1c8ba449fce8?s=96&d=mm&r=g","caption":"Leonardo Ant\u00f4nio"}}]}},"_links":{"self":[{"href":"https:\/\/www.gaveanews.com\/index.php\/wp-json\/wp\/v2\/posts\/101380","targetHints":{"allow":["GET"]}}],"collection":[{"href":"https:\/\/www.gaveanews.com\/index.php\/wp-json\/wp\/v2\/posts"}],"about":[{"href":"https:\/\/www.gaveanews.com\/index.php\/wp-json\/wp\/v2\/types\/post"}],"author":[{"embeddable":true,"href":"https:\/\/www.gaveanews.com\/index.php\/wp-json\/wp\/v2\/users\/6"}],"replies":[{"embeddable":true,"href":"https:\/\/www.gaveanews.com\/index.php\/wp-json\/wp\/v2\/comments?post=101380"}],"version-history":[{"count":1,"href":"https:\/\/www.gaveanews.com\/index.php\/wp-json\/wp\/v2\/posts\/101380\/revisions"}],"predecessor-version":[{"id":137077,"href":"https:\/\/www.gaveanews.com\/index.php\/wp-json\/wp\/v2\/posts\/101380\/revisions\/137077"}],"wp:featuredmedia":[{"embeddable":true,"href":"https:\/\/www.gaveanews.com\/index.php\/wp-json\/wp\/v2\/media\/90253"}],"wp:attachment":[{"href":"https:\/\/www.gaveanews.com\/index.php\/wp-json\/wp\/v2\/media?parent=101380"}],"wp:term":[{"taxonomy":"category","embeddable":true,"href":"https:\/\/www.gaveanews.com\/index.php\/wp-json\/wp\/v2\/categories?post=101380"},{"taxonomy":"post_tag","embeddable":true,"href":"https:\/\/www.gaveanews.com\/index.php\/wp-json\/wp\/v2\/tags?post=101380"}],"curies":[{"name":"wp","href":"https:\/\/api.w.org\/{rel}","templated":true}]}}