{"id":101396,"date":"2023-06-28T10:30:08","date_gmt":"2023-06-28T13:30:08","guid":{"rendered":"https:\/\/www.gaveanews.com\/?p=101396"},"modified":"2023-06-28T10:30:11","modified_gmt":"2023-06-28T13:30:11","slug":"flamengo-enfrenta-o-aucas-com-2-jogadores-pendurados","status":"publish","type":"post","link":"https:\/\/www.gaveanews.com\/index.php\/2023\/06\/28\/flamengo-enfrenta-o-aucas-com-2-jogadores-pendurados\/","title":{"rendered":"Flamengo enfrenta o Aucas com 2 jogadores pendurados"},"content":{"rendered":"\n<p>A rodada final do Grupo A acontece nesta quarta-feira (28). \u00c0s 21h30 (hor\u00e1rio de Bras\u00edlia), Flamengo x Aucas e Racing x \u00d1ublense definir\u00e3o os classificados para as oitavas de final da Libertadores.<\/p>\n\n\n\n<p>Para este compromisso, o Mais Querido ter\u00e1 apenas dois desfalques. Matheuzinho e Matheus Fran\u00e7a est\u00e3o em fase de transi\u00e7\u00e3o ap\u00f3s les\u00e3o e ainda n\u00e3o est\u00e3o em condi\u00e7\u00f5es de jogo.<\/p>\n\n\n\n<p>Embora n\u00e3o hajam muitas baixas, o time precisar\u00e1 ficar atento para que n\u00e3o tenha desfalques no jogo de ida das oitavas de final do torneio. Vidal e Wesley entram em campo pendurados e ter\u00e3o que atuar com cautela para n\u00e3o receberem mais nenhum cart\u00e3o amarelo.<\/p>\n\n\n\n<p>Vale lembrar que em breve o saldo de cart\u00f5es ser\u00e1 zerado. No entanto, as suspens\u00f5es ainda assim ser\u00e3o v\u00e1lidas, o que pode significar na aus\u00eancia da dupla na sequ\u00eancia do time na Libertadores.<\/p>\n","protected":false},"excerpt":{"rendered":"<p>A rodada final do Grupo A acontece nesta quarta-feira (28). \u00c0s 21h30 (hor\u00e1rio de Bras\u00edlia), Flamengo x Aucas e Racing x \u00d1ublense definir\u00e3o os classificados para as oitavas de final da Libertadores. Para este compromisso, o Mais Querido ter\u00e1 apenas dois desfalques. Matheuzinho e Matheus Fran\u00e7a est\u00e3o em fase de transi\u00e7\u00e3o ap\u00f3s les\u00e3o e ainda [&hellip;]<\/p>\n","protected":false},"author":4,"featured_media":88659,"comment_status":"open","ping_status":"closed","sticky":false,"template":"","format":"standard","meta":{"footnotes":""},"categories":[1],"tags":[],"class_list":["post-101396","post","type-post","status-publish","format-standard","has-post-thumbnail","hentry","category-flamengo"],"yoast_head":"<!-- This site is optimized with the Yoast SEO Premium plugin v24.2 (Yoast SEO v26.9) - https:\/\/yoast.com\/product\/yoast-seo-premium-wordpress\/ -->\n<title>Flamengo enfrenta o Aucas com 2 jogadores pendurados<\/title>\n<meta name=\"robots\" content=\"index, follow, max-snippet:-1, max-image-preview:large, max-video-preview:-1\" \/>\n<link rel=\"canonical\" href=\"https:\/\/www.gaveanews.com\/index.php\/2023\/06\/28\/flamengo-enfrenta-o-aucas-com-2-jogadores-pendurados\/\" \/>\n<meta property=\"og:locale\" content=\"pt_BR\" \/>\n<meta property=\"og:type\" content=\"article\" \/>\n<meta property=\"og:title\" content=\"Flamengo enfrenta o Aucas com 2 jogadores pendurados\" \/>\n<meta property=\"og:description\" content=\"A rodada final do Grupo A acontece nesta quarta-feira (28). \u00c0s 21h30 (hor\u00e1rio de Bras\u00edlia), Flamengo x Aucas e Racing x \u00d1ublense definir\u00e3o os classificados para as oitavas de final da Libertadores. Para este compromisso, o Mais Querido ter\u00e1 apenas dois desfalques. Matheuzinho e Matheus Fran\u00e7a est\u00e3o em fase de transi\u00e7\u00e3o ap\u00f3s les\u00e3o e ainda [&hellip;]\" \/>\n<meta property=\"og:url\" content=\"https:\/\/www.gaveanews.com\/index.php\/2023\/06\/28\/flamengo-enfrenta-o-aucas-com-2-jogadores-pendurados\/\" \/>\n<meta property=\"og:site_name\" content=\"G\u00e1vea News\" \/>\n<meta property=\"article:publisher\" content=\"https:\/\/facebook.com\/gaveaNews\/\" \/>\n<meta property=\"article:published_time\" content=\"2023-06-28T13:30:08+00:00\" \/>\n<meta property=\"article:modified_time\" content=\"2023-06-28T13:30:11+00:00\" \/>\n<meta property=\"og:image\" content=\"https:\/\/www.gaveanews.com\/wp-content\/uploads\/Arturo-Vidal-em-jogo-do-Flamengo-contra-o-Internacional.webp\" \/>\n\t<meta property=\"og:image:width\" content=\"800\" \/>\n\t<meta property=\"og:image:height\" content=\"534\" \/>\n\t<meta property=\"og:image:type\" content=\"image\/jpeg\" \/>\n<meta name=\"author\" content=\"Let\u00edcia Gerheim\" \/>\n<meta name=\"twitter:card\" content=\"summary_large_image\" \/>\n<meta name=\"twitter:label1\" content=\"Escrito por\" \/>\n\t<meta name=\"twitter:data1\" content=\"Let\u00edcia Gerheim\" \/>\n\t<meta name=\"twitter:label2\" content=\"Est. tempo de leitura\" \/>\n\t<meta name=\"twitter:data2\" content=\"1 minuto\" \/>\n<script type=\"application\/ld+json\" class=\"yoast-schema-graph\">{\"@context\":\"https:\/\/schema.org\",\"@graph\":[{\"@type\":\"NewsArticle\",\"@id\":\"https:\/\/www.gaveanews.com\/index.php\/2023\/06\/28\/flamengo-enfrenta-o-aucas-com-2-jogadores-pendurados\/#article\",\"isPartOf\":{\"@id\":\"https:\/\/www.gaveanews.com\/index.php\/2023\/06\/28\/flamengo-enfrenta-o-aucas-com-2-jogadores-pendurados\/\"},\"author\":{\"name\":\"Let\u00edcia Gerheim\",\"@id\":\"https:\/\/www.gaveanews.com\/#\/schema\/person\/714c67050b836198af2450ba1c142a67\"},\"headline\":\"Flamengo enfrenta o Aucas com 2 jogadores pendurados\",\"datePublished\":\"2023-06-28T13:30:08+00:00\",\"dateModified\":\"2023-06-28T13:30:11+00:00\",\"mainEntityOfPage\":{\"@id\":\"https:\/\/www.gaveanews.com\/index.php\/2023\/06\/28\/flamengo-enfrenta-o-aucas-com-2-jogadores-pendurados\/\"},\"wordCount\":167,\"commentCount\":0,\"image\":{\"@id\":\"https:\/\/www.gaveanews.com\/index.php\/2023\/06\/28\/flamengo-enfrenta-o-aucas-com-2-jogadores-pendurados\/#primaryimage\"},\"thumbnailUrl\":\"https:\/\/www.gaveanews.com\/wp-content\/uploads\/Arturo-Vidal-em-jogo-do-Flamengo-contra-o-Internacional.webp\",\"articleSection\":[\"Flamengo\"],\"inLanguage\":\"pt-BR\",\"potentialAction\":[{\"@type\":\"CommentAction\",\"name\":\"Comment\",\"target\":[\"https:\/\/www.gaveanews.com\/index.php\/2023\/06\/28\/flamengo-enfrenta-o-aucas-com-2-jogadores-pendurados\/#respond\"]}],\"copyrightYear\":\"2023\",\"copyrightHolder\":{\"@id\":\"https:\/\/www.gaveanews.com\/#organization\"}},{\"@type\":\"WebPage\",\"@id\":\"https:\/\/www.gaveanews.com\/index.php\/2023\/06\/28\/flamengo-enfrenta-o-aucas-com-2-jogadores-pendurados\/\",\"url\":\"https:\/\/www.gaveanews.com\/index.php\/2023\/06\/28\/flamengo-enfrenta-o-aucas-com-2-jogadores-pendurados\/\",\"name\":\"Flamengo enfrenta o Aucas com 2 jogadores pendurados\",\"isPartOf\":{\"@id\":\"https:\/\/www.gaveanews.com\/#website\"},\"primaryImageOfPage\":{\"@id\":\"https:\/\/www.gaveanews.com\/index.php\/2023\/06\/28\/flamengo-enfrenta-o-aucas-com-2-jogadores-pendurados\/#primaryimage\"},\"image\":{\"@id\":\"https:\/\/www.gaveanews.com\/index.php\/2023\/06\/28\/flamengo-enfrenta-o-aucas-com-2-jogadores-pendurados\/#primaryimage\"},\"thumbnailUrl\":\"https:\/\/www.gaveanews.com\/wp-content\/uploads\/Arturo-Vidal-em-jogo-do-Flamengo-contra-o-Internacional.webp\",\"datePublished\":\"2023-06-28T13:30:08+00:00\",\"dateModified\":\"2023-06-28T13:30:11+00:00\",\"author\":{\"@id\":\"https:\/\/www.gaveanews.com\/#\/schema\/person\/714c67050b836198af2450ba1c142a67\"},\"breadcrumb\":{\"@id\":\"https:\/\/www.gaveanews.com\/index.php\/2023\/06\/28\/flamengo-enfrenta-o-aucas-com-2-jogadores-pendurados\/#breadcrumb\"},\"inLanguage\":\"pt-BR\",\"potentialAction\":[{\"@type\":\"ReadAction\",\"target\":[\"https:\/\/www.gaveanews.com\/index.php\/2023\/06\/28\/flamengo-enfrenta-o-aucas-com-2-jogadores-pendurados\/\"]}]},{\"@type\":\"ImageObject\",\"inLanguage\":\"pt-BR\",\"@id\":\"https:\/\/www.gaveanews.com\/index.php\/2023\/06\/28\/flamengo-enfrenta-o-aucas-com-2-jogadores-pendurados\/#primaryimage\",\"url\":\"https:\/\/www.gaveanews.com\/wp-content\/uploads\/Arturo-Vidal-em-jogo-do-Flamengo-contra-o-Internacional.webp\",\"contentUrl\":\"https:\/\/www.gaveanews.com\/wp-content\/uploads\/Arturo-Vidal-em-jogo-do-Flamengo-contra-o-Internacional.webp\",\"width\":800,\"height\":534,\"caption\":\"Arturo Vidal em jogo do Flamengo contra o Internacional (Foto: Marcelo Cortes\/Flamengo)\"},{\"@type\":\"BreadcrumbList\",\"@id\":\"https:\/\/www.gaveanews.com\/index.php\/2023\/06\/28\/flamengo-enfrenta-o-aucas-com-2-jogadores-pendurados\/#breadcrumb\",\"itemListElement\":[{\"@type\":\"ListItem\",\"position\":1,\"name\":\"Home\",\"item\":\"https:\/\/www.gaveanews.com\/\"},{\"@type\":\"ListItem\",\"position\":2,\"name\":\"Flamengo enfrenta o Aucas com 2 jogadores pendurados\"}]},{\"@type\":\"WebSite\",\"@id\":\"https:\/\/www.gaveanews.com\/#website\",\"url\":\"https:\/\/www.gaveanews.com\/\",\"name\":\"G\u00e1vea News\",\"description\":\"Veja todas as not\u00edcias sobre o Flamengo: Contrata\u00e7\u00f5es, categorias de base, resultados das partidas, tabela de classifica\u00e7\u00e3o, pr\u00f3ximos jogos!\",\"potentialAction\":[{\"@type\":\"SearchAction\",\"target\":{\"@type\":\"EntryPoint\",\"urlTemplate\":\"https:\/\/www.gaveanews.com\/?s={search_term_string}\"},\"query-input\":{\"@type\":\"PropertyValueSpecification\",\"valueRequired\":true,\"valueName\":\"search_term_string\"}}],\"inLanguage\":\"pt-BR\"},{\"@type\":\"Person\",\"@id\":\"https:\/\/www.gaveanews.com\/#\/schema\/person\/714c67050b836198af2450ba1c142a67\",\"name\":\"Let\u00edcia Gerheim\",\"image\":{\"@type\":\"ImageObject\",\"inLanguage\":\"pt-BR\",\"@id\":\"https:\/\/www.gaveanews.com\/#\/schema\/person\/image\/\",\"url\":\"https:\/\/secure.gravatar.com\/avatar\/60734739c50fcebfbac509e2a826ccd0ff405c019bc73aab9354f19ecad1dcb4?s=96&d=mm&r=g\",\"contentUrl\":\"https:\/\/secure.gravatar.com\/avatar\/60734739c50fcebfbac509e2a826ccd0ff405c019bc73aab9354f19ecad1dcb4?s=96&d=mm&r=g\",\"caption\":\"Let\u00edcia Gerheim\"}}]}<\/script>\n<!-- \/ Yoast SEO Premium plugin. -->","yoast_head_json":{"title":"Flamengo enfrenta o Aucas com 2 jogadores pendurados","robots":{"index":"index","follow":"follow","max-snippet":"max-snippet:-1","max-image-preview":"max-image-preview:large","max-video-preview":"max-video-preview:-1"},"canonical":"https:\/\/www.gaveanews.com\/index.php\/2023\/06\/28\/flamengo-enfrenta-o-aucas-com-2-jogadores-pendurados\/","og_locale":"pt_BR","og_type":"article","og_title":"Flamengo enfrenta o Aucas com 2 jogadores pendurados","og_description":"A rodada final do Grupo A acontece nesta quarta-feira (28). \u00c0s 21h30 (hor\u00e1rio de Bras\u00edlia), Flamengo x Aucas e Racing x \u00d1ublense definir\u00e3o os classificados para as oitavas de final da Libertadores. Para este compromisso, o Mais Querido ter\u00e1 apenas dois desfalques. Matheuzinho e Matheus Fran\u00e7a est\u00e3o em fase de transi\u00e7\u00e3o ap\u00f3s les\u00e3o e ainda [&hellip;]","og_url":"https:\/\/www.gaveanews.com\/index.php\/2023\/06\/28\/flamengo-enfrenta-o-aucas-com-2-jogadores-pendurados\/","og_site_name":"G\u00e1vea News","article_publisher":"https:\/\/facebook.com\/gaveaNews\/","article_published_time":"2023-06-28T13:30:08+00:00","article_modified_time":"2023-06-28T13:30:11+00:00","og_image":[{"width":800,"height":534,"url":"https:\/\/www.gaveanews.com\/wp-content\/uploads\/Arturo-Vidal-em-jogo-do-Flamengo-contra-o-Internacional.webp","type":"image\/jpeg"}],"author":"Let\u00edcia Gerheim","twitter_card":"summary_large_image","twitter_misc":{"Escrito por":"Let\u00edcia Gerheim","Est. tempo de leitura":"1 minuto"},"schema":{"@context":"https:\/\/schema.org","@graph":[{"@type":"NewsArticle","@id":"https:\/\/www.gaveanews.com\/index.php\/2023\/06\/28\/flamengo-enfrenta-o-aucas-com-2-jogadores-pendurados\/#article","isPartOf":{"@id":"https:\/\/www.gaveanews.com\/index.php\/2023\/06\/28\/flamengo-enfrenta-o-aucas-com-2-jogadores-pendurados\/"},"author":{"name":"Let\u00edcia Gerheim","@id":"https:\/\/www.gaveanews.com\/#\/schema\/person\/714c67050b836198af2450ba1c142a67"},"headline":"Flamengo enfrenta o Aucas com 2 jogadores pendurados","datePublished":"2023-06-28T13:30:08+00:00","dateModified":"2023-06-28T13:30:11+00:00","mainEntityOfPage":{"@id":"https:\/\/www.gaveanews.com\/index.php\/2023\/06\/28\/flamengo-enfrenta-o-aucas-com-2-jogadores-pendurados\/"},"wordCount":167,"commentCount":0,"image":{"@id":"https:\/\/www.gaveanews.com\/index.php\/2023\/06\/28\/flamengo-enfrenta-o-aucas-com-2-jogadores-pendurados\/#primaryimage"},"thumbnailUrl":"https:\/\/www.gaveanews.com\/wp-content\/uploads\/Arturo-Vidal-em-jogo-do-Flamengo-contra-o-Internacional.webp","articleSection":["Flamengo"],"inLanguage":"pt-BR","potentialAction":[{"@type":"CommentAction","name":"Comment","target":["https:\/\/www.gaveanews.com\/index.php\/2023\/06\/28\/flamengo-enfrenta-o-aucas-com-2-jogadores-pendurados\/#respond"]}],"copyrightYear":"2023","copyrightHolder":{"@id":"https:\/\/www.gaveanews.com\/#organization"}},{"@type":"WebPage","@id":"https:\/\/www.gaveanews.com\/index.php\/2023\/06\/28\/flamengo-enfrenta-o-aucas-com-2-jogadores-pendurados\/","url":"https:\/\/www.gaveanews.com\/index.php\/2023\/06\/28\/flamengo-enfrenta-o-aucas-com-2-jogadores-pendurados\/","name":"Flamengo enfrenta o Aucas com 2 jogadores pendurados","isPartOf":{"@id":"https:\/\/www.gaveanews.com\/#website"},"primaryImageOfPage":{"@id":"https:\/\/www.gaveanews.com\/index.php\/2023\/06\/28\/flamengo-enfrenta-o-aucas-com-2-jogadores-pendurados\/#primaryimage"},"image":{"@id":"https:\/\/www.gaveanews.com\/index.php\/2023\/06\/28\/flamengo-enfrenta-o-aucas-com-2-jogadores-pendurados\/#primaryimage"},"thumbnailUrl":"https:\/\/www.gaveanews.com\/wp-content\/uploads\/Arturo-Vidal-em-jogo-do-Flamengo-contra-o-Internacional.webp","datePublished":"2023-06-28T13:30:08+00:00","dateModified":"2023-06-28T13:30:11+00:00","author":{"@id":"https:\/\/www.gaveanews.com\/#\/schema\/person\/714c67050b836198af2450ba1c142a67"},"breadcrumb":{"@id":"https:\/\/www.gaveanews.com\/index.php\/2023\/06\/28\/flamengo-enfrenta-o-aucas-com-2-jogadores-pendurados\/#breadcrumb"},"inLanguage":"pt-BR","potentialAction":[{"@type":"ReadAction","target":["https:\/\/www.gaveanews.com\/index.php\/2023\/06\/28\/flamengo-enfrenta-o-aucas-com-2-jogadores-pendurados\/"]}]},{"@type":"ImageObject","inLanguage":"pt-BR","@id":"https:\/\/www.gaveanews.com\/index.php\/2023\/06\/28\/flamengo-enfrenta-o-aucas-com-2-jogadores-pendurados\/#primaryimage","url":"https:\/\/www.gaveanews.com\/wp-content\/uploads\/Arturo-Vidal-em-jogo-do-Flamengo-contra-o-Internacional.webp","contentUrl":"https:\/\/www.gaveanews.com\/wp-content\/uploads\/Arturo-Vidal-em-jogo-do-Flamengo-contra-o-Internacional.webp","width":800,"height":534,"caption":"Arturo Vidal em jogo do Flamengo contra o Internacional (Foto: Marcelo Cortes\/Flamengo)"},{"@type":"BreadcrumbList","@id":"https:\/\/www.gaveanews.com\/index.php\/2023\/06\/28\/flamengo-enfrenta-o-aucas-com-2-jogadores-pendurados\/#breadcrumb","itemListElement":[{"@type":"ListItem","position":1,"name":"Home","item":"https:\/\/www.gaveanews.com\/"},{"@type":"ListItem","position":2,"name":"Flamengo enfrenta o Aucas com 2 jogadores pendurados"}]},{"@type":"WebSite","@id":"https:\/\/www.gaveanews.com\/#website","url":"https:\/\/www.gaveanews.com\/","name":"G\u00e1vea News","description":"Veja todas as not\u00edcias sobre o Flamengo: Contrata\u00e7\u00f5es, categorias de base, resultados das partidas, tabela de classifica\u00e7\u00e3o, pr\u00f3ximos jogos!","potentialAction":[{"@type":"SearchAction","target":{"@type":"EntryPoint","urlTemplate":"https:\/\/www.gaveanews.com\/?s={search_term_string}"},"query-input":{"@type":"PropertyValueSpecification","valueRequired":true,"valueName":"search_term_string"}}],"inLanguage":"pt-BR"},{"@type":"Person","@id":"https:\/\/www.gaveanews.com\/#\/schema\/person\/714c67050b836198af2450ba1c142a67","name":"Let\u00edcia Gerheim","image":{"@type":"ImageObject","inLanguage":"pt-BR","@id":"https:\/\/www.gaveanews.com\/#\/schema\/person\/image\/","url":"https:\/\/secure.gravatar.com\/avatar\/60734739c50fcebfbac509e2a826ccd0ff405c019bc73aab9354f19ecad1dcb4?s=96&d=mm&r=g","contentUrl":"https:\/\/secure.gravatar.com\/avatar\/60734739c50fcebfbac509e2a826ccd0ff405c019bc73aab9354f19ecad1dcb4?s=96&d=mm&r=g","caption":"Let\u00edcia Gerheim"}}]}},"_links":{"self":[{"href":"https:\/\/www.gaveanews.com\/index.php\/wp-json\/wp\/v2\/posts\/101396","targetHints":{"allow":["GET"]}}],"collection":[{"href":"https:\/\/www.gaveanews.com\/index.php\/wp-json\/wp\/v2\/posts"}],"about":[{"href":"https:\/\/www.gaveanews.com\/index.php\/wp-json\/wp\/v2\/types\/post"}],"author":[{"embeddable":true,"href":"https:\/\/www.gaveanews.com\/index.php\/wp-json\/wp\/v2\/users\/4"}],"replies":[{"embeddable":true,"href":"https:\/\/www.gaveanews.com\/index.php\/wp-json\/wp\/v2\/comments?post=101396"}],"version-history":[{"count":0,"href":"https:\/\/www.gaveanews.com\/index.php\/wp-json\/wp\/v2\/posts\/101396\/revisions"}],"wp:featuredmedia":[{"embeddable":true,"href":"https:\/\/www.gaveanews.com\/index.php\/wp-json\/wp\/v2\/media\/88659"}],"wp:attachment":[{"href":"https:\/\/www.gaveanews.com\/index.php\/wp-json\/wp\/v2\/media?parent=101396"}],"wp:term":[{"taxonomy":"category","embeddable":true,"href":"https:\/\/www.gaveanews.com\/index.php\/wp-json\/wp\/v2\/categories?post=101396"},{"taxonomy":"post_tag","embeddable":true,"href":"https:\/\/www.gaveanews.com\/index.php\/wp-json\/wp\/v2\/tags?post=101396"}],"curies":[{"name":"wp","href":"https:\/\/api.w.org\/{rel}","templated":true}]}}