{"id":101482,"date":"2023-06-29T06:59:10","date_gmt":"2023-06-29T09:59:10","guid":{"rendered":"https:\/\/www.gaveanews.com\/?p=101482"},"modified":"2024-04-06T23:05:48","modified_gmt":"2024-04-07T02:05:48","slug":"bruno-henrique-dispara-contra-mauro-cesar-em-entrevista-coletiva-mauro-cesar-tem-que-tomar-cuidado-com-o-que-fala","status":"publish","type":"post","link":"https:\/\/www.gaveanews.com\/index.php\/2023\/06\/29\/bruno-henrique-dispara-contra-mauro-cesar-em-entrevista-coletiva-mauro-cesar-tem-que-tomar-cuidado-com-o-que-fala\/","title":{"rendered":"Bruno Henrique dispara contra Mauro Cesar em entrevista coletiva: &#8220;Mauro Cesar tem que tomar cuidado com o que fala&#8221;"},"content":{"rendered":"<p>Ap\u00f3s o jogo entre Flamengo e Aucas pela Libertadores, Bruno Henrique por ter sido eleito o melhor em campo, esteve junto a Sampaoli na coletiva p\u00f3s-jogo e disparou contra o comentarista Mauro Cesar Pereira.<\/p>\n<p>Ao ser questionado se o time escolhe jogo para se empenhar, ele foi direto e n\u00e3o poupou palavras para criticar as <a href=\"https:\/\/www.gaveanews.com\/index.php\/2023\/06\/27\/mauro-cezar-pereira-aponta-atrito-entre-jogadores-do-flamengo-e-jorge-sampaoli\/\">declara\u00e7\u00f5es do comentarista.<\/a><\/p>\n<p><em>\u2014 Esse epis\u00f3dio que aconteceu durante a semana \u00e9 lament\u00e1vel, Mauro Cesar tem que tomar cuidado com o que fala.<\/em><\/p>\n<p><em>\u2014 N\u00f3s somos funcion\u00e1rios do clube e estamos ali para fazer o que o clube determina, o que o Sampaoli determina e uma fala que ele colocou durante a semana, tem que tomar cuidado. A gente \u00e9 pai de fam\u00edlia, somos trabalhadores, estamos no melhor clube do pa\u00eds, tem o privil\u00e9gio de estar vestindo essa camisa, e uma fala dessa pode insinuar viol\u00eancia.<\/em><\/p>\n<p>Bruno Henrique ainda lembrou do ocorrido durante o jogo entre Santos e Corinthians, na \u00faltima semana na Vila Belmiro, para exemplificar o que pode ocorrer com falsas falas sobre os jogadores nos treinos.<\/p>\n<p><em>\u2014 Tivemos epis\u00f3dios no Santos, no Corinthians, tendo situa\u00e7\u00f5es (de viol\u00eancia), e ele insinuar uma coisa dessas \u00e9 grave. Ficamos tristes, os torcedores acham que \u00e9 verdade. Mas a gente n\u00e3o est\u00e1 para brincadeira, estamos para fazer o que o clube e o treinador determinam. A gente s\u00f3 pede o cuidado para poder falar as coisas. A gente n\u00e3o fez nada disso.<\/em><\/p>\n<h2>Assista:<\/h2>\n<blockquote class=\"twitter-tweet\" data-width=\"550\" data-dnt=\"true\">\n<p lang=\"pt\" dir=\"ltr\">Bruno Henrique foi questionado se o time do Flamengo escolhe jogo! <a href=\"https:\/\/t.co\/OszyfG9P1h\">pic.twitter.com\/OszyfG9P1h<\/a><\/p>\n<p>&mdash; Raisa Simplicio (@simpraisa) <a href=\"https:\/\/twitter.com\/simpraisa\/status\/1674256051481333760?ref_src=twsrc%5Etfw\">June 29, 2023<\/a><\/p><\/blockquote>\n<p><script async src=\"https:\/\/platform.twitter.com\/widgets.js\" charset=\"utf-8\"><\/script><\/p>\n<p>Em campo como titular pela primeira vez ap\u00f3s a grave les\u00e3o sofrida no ano passado, o atacante fez um grande partida, marcando um gol e tendo participa\u00e7\u00e3o direta em outro. A vit\u00f3ria garantiu a vaga do time nas oitavas de final da Copa Libertadores.<\/p>\n<p>O Flamengo aguarda agora o advers\u00e1rio que vir\u00e1 do sorteio da Conmebol, no dia 05 de julho. O Rubro-Negro ter\u00e1 pela frente algum primeiro colocado, visto que finalizou a fase de grupos em segundo e consequentemente estar\u00e1 presente no pote 2 do sorteio.<\/p>\n<p>O pr\u00f3ximo confronto ser\u00e1 contra o Fortaleza no s\u00e1bado (01), \u00e0s 18h30 (hor\u00e1rio de Bras\u00edlia), pela 13\u00aa rodada do Brasileir\u00e3o, no Maracan\u00e3.<\/p>\n","protected":false},"excerpt":{"rendered":"<p>Ap\u00f3s o jogo entre Flamengo e Aucas pela Libertadores, Bruno Henrique por ter sido eleito o melhor em campo, esteve junto a Sampaoli na coletiva p\u00f3s-jogo e disparou contra o comentarista Mauro Cesar Pereira. Ao ser questionado se o time escolhe jogo para se empenhar, ele foi direto e n\u00e3o poupou palavras para criticar as [&hellip;]<\/p>\n","protected":false},"author":6,"featured_media":100816,"comment_status":"open","ping_status":"closed","sticky":false,"template":"","format":"standard","meta":{"footnotes":""},"categories":[40],"tags":[170],"class_list":["post-101482","post","type-post","status-publish","format-standard","has-post-thumbnail","hentry","category-video","tag-mauro-cezar-pereira"],"yoast_head":"<!-- This site is optimized with the Yoast SEO Premium plugin v24.2 (Yoast SEO v26.9) - https:\/\/yoast.com\/product\/yoast-seo-premium-wordpress\/ -->\n<title>Bruno Henrique dispara contra Mauro Cesar em entrevista coletiva: &quot;Mauro Cesar tem que tomar cuidado com o que fala&quot;<\/title>\n<meta name=\"robots\" content=\"index, follow, max-snippet:-1, max-image-preview:large, max-video-preview:-1\" \/>\n<link rel=\"canonical\" href=\"https:\/\/www.gaveanews.com\/index.php\/2023\/06\/29\/bruno-henrique-dispara-contra-mauro-cesar-em-entrevista-coletiva-mauro-cesar-tem-que-tomar-cuidado-com-o-que-fala\/\" \/>\n<meta property=\"og:locale\" content=\"pt_BR\" \/>\n<meta property=\"og:type\" content=\"article\" \/>\n<meta property=\"og:title\" content=\"Bruno Henrique dispara contra Mauro Cesar em entrevista coletiva: &quot;Mauro Cesar tem que tomar cuidado com o que fala&quot;\" \/>\n<meta property=\"og:description\" content=\"Ap\u00f3s o jogo entre Flamengo e Aucas pela Libertadores, Bruno Henrique por ter sido eleito o melhor em campo, esteve junto a Sampaoli na coletiva p\u00f3s-jogo e disparou contra o comentarista Mauro Cesar Pereira. Ao ser questionado se o time escolhe jogo para se empenhar, ele foi direto e n\u00e3o poupou palavras para criticar as [&hellip;]\" \/>\n<meta property=\"og:url\" content=\"https:\/\/www.gaveanews.com\/index.php\/2023\/06\/29\/bruno-henrique-dispara-contra-mauro-cesar-em-entrevista-coletiva-mauro-cesar-tem-que-tomar-cuidado-com-o-que-fala\/\" \/>\n<meta property=\"og:site_name\" content=\"G\u00e1vea News\" \/>\n<meta property=\"article:publisher\" content=\"https:\/\/facebook.com\/gaveaNews\/\" \/>\n<meta property=\"article:published_time\" content=\"2023-06-29T09:59:10+00:00\" \/>\n<meta property=\"article:modified_time\" content=\"2024-04-07T02:05:48+00:00\" \/>\n<meta property=\"og:image\" content=\"https:\/\/www.gaveanews.com\/wp-content\/uploads\/bruno-henrique.webp\" \/>\n\t<meta property=\"og:image:width\" content=\"984\" \/>\n\t<meta property=\"og:image:height\" content=\"656\" \/>\n\t<meta property=\"og:image:type\" content=\"image\/webp\" \/>\n<meta name=\"author\" content=\"Leonardo Ant\u00f4nio\" \/>\n<meta name=\"twitter:card\" content=\"summary_large_image\" \/>\n<meta name=\"twitter:label1\" content=\"Escrito por\" \/>\n\t<meta name=\"twitter:data1\" content=\"Leonardo Ant\u00f4nio\" \/>\n\t<meta name=\"twitter:label2\" content=\"Est. tempo de leitura\" \/>\n\t<meta name=\"twitter:data2\" content=\"2 minutos\" \/>\n<script type=\"application\/ld+json\" class=\"yoast-schema-graph\">{\"@context\":\"https:\/\/schema.org\",\"@graph\":[{\"@type\":\"NewsArticle\",\"@id\":\"https:\/\/www.gaveanews.com\/index.php\/2023\/06\/29\/bruno-henrique-dispara-contra-mauro-cesar-em-entrevista-coletiva-mauro-cesar-tem-que-tomar-cuidado-com-o-que-fala\/#article\",\"isPartOf\":{\"@id\":\"https:\/\/www.gaveanews.com\/index.php\/2023\/06\/29\/bruno-henrique-dispara-contra-mauro-cesar-em-entrevista-coletiva-mauro-cesar-tem-que-tomar-cuidado-com-o-que-fala\/\"},\"author\":{\"name\":\"Leonardo Ant\u00f4nio\",\"@id\":\"https:\/\/www.gaveanews.com\/#\/schema\/person\/2d29802e96a726e735077717fb5c6f20\"},\"headline\":\"Bruno Henrique dispara contra Mauro Cesar em entrevista coletiva: &#8220;Mauro Cesar tem que tomar cuidado com o que fala&#8221;\",\"datePublished\":\"2023-06-29T09:59:10+00:00\",\"dateModified\":\"2024-04-07T02:05:48+00:00\",\"mainEntityOfPage\":{\"@id\":\"https:\/\/www.gaveanews.com\/index.php\/2023\/06\/29\/bruno-henrique-dispara-contra-mauro-cesar-em-entrevista-coletiva-mauro-cesar-tem-que-tomar-cuidado-com-o-que-fala\/\"},\"wordCount\":387,\"commentCount\":0,\"image\":{\"@id\":\"https:\/\/www.gaveanews.com\/index.php\/2023\/06\/29\/bruno-henrique-dispara-contra-mauro-cesar-em-entrevista-coletiva-mauro-cesar-tem-que-tomar-cuidado-com-o-que-fala\/#primaryimage\"},\"thumbnailUrl\":\"https:\/\/www.gaveanews.com\/wp-content\/uploads\/bruno-henrique.webp\",\"keywords\":[\"Mauro Cezar Pereira\"],\"articleSection\":[\"V\u00eddeos\"],\"inLanguage\":\"pt-BR\",\"potentialAction\":[{\"@type\":\"CommentAction\",\"name\":\"Comment\",\"target\":[\"https:\/\/www.gaveanews.com\/index.php\/2023\/06\/29\/bruno-henrique-dispara-contra-mauro-cesar-em-entrevista-coletiva-mauro-cesar-tem-que-tomar-cuidado-com-o-que-fala\/#respond\"]}],\"copyrightYear\":\"2023\",\"copyrightHolder\":{\"@id\":\"https:\/\/www.gaveanews.com\/#organization\"}},{\"@type\":\"WebPage\",\"@id\":\"https:\/\/www.gaveanews.com\/index.php\/2023\/06\/29\/bruno-henrique-dispara-contra-mauro-cesar-em-entrevista-coletiva-mauro-cesar-tem-que-tomar-cuidado-com-o-que-fala\/\",\"url\":\"https:\/\/www.gaveanews.com\/index.php\/2023\/06\/29\/bruno-henrique-dispara-contra-mauro-cesar-em-entrevista-coletiva-mauro-cesar-tem-que-tomar-cuidado-com-o-que-fala\/\",\"name\":\"Bruno Henrique dispara contra Mauro Cesar em entrevista coletiva: \\\"Mauro Cesar tem que tomar cuidado com o que fala\\\"\",\"isPartOf\":{\"@id\":\"https:\/\/www.gaveanews.com\/#website\"},\"primaryImageOfPage\":{\"@id\":\"https:\/\/www.gaveanews.com\/index.php\/2023\/06\/29\/bruno-henrique-dispara-contra-mauro-cesar-em-entrevista-coletiva-mauro-cesar-tem-que-tomar-cuidado-com-o-que-fala\/#primaryimage\"},\"image\":{\"@id\":\"https:\/\/www.gaveanews.com\/index.php\/2023\/06\/29\/bruno-henrique-dispara-contra-mauro-cesar-em-entrevista-coletiva-mauro-cesar-tem-que-tomar-cuidado-com-o-que-fala\/#primaryimage\"},\"thumbnailUrl\":\"https:\/\/www.gaveanews.com\/wp-content\/uploads\/bruno-henrique.webp\",\"datePublished\":\"2023-06-29T09:59:10+00:00\",\"dateModified\":\"2024-04-07T02:05:48+00:00\",\"author\":{\"@id\":\"https:\/\/www.gaveanews.com\/#\/schema\/person\/2d29802e96a726e735077717fb5c6f20\"},\"breadcrumb\":{\"@id\":\"https:\/\/www.gaveanews.com\/index.php\/2023\/06\/29\/bruno-henrique-dispara-contra-mauro-cesar-em-entrevista-coletiva-mauro-cesar-tem-que-tomar-cuidado-com-o-que-fala\/#breadcrumb\"},\"inLanguage\":\"pt-BR\",\"potentialAction\":[{\"@type\":\"ReadAction\",\"target\":[\"https:\/\/www.gaveanews.com\/index.php\/2023\/06\/29\/bruno-henrique-dispara-contra-mauro-cesar-em-entrevista-coletiva-mauro-cesar-tem-que-tomar-cuidado-com-o-que-fala\/\"]}]},{\"@type\":\"ImageObject\",\"inLanguage\":\"pt-BR\",\"@id\":\"https:\/\/www.gaveanews.com\/index.php\/2023\/06\/29\/bruno-henrique-dispara-contra-mauro-cesar-em-entrevista-coletiva-mauro-cesar-tem-que-tomar-cuidado-com-o-que-fala\/#primaryimage\",\"url\":\"https:\/\/www.gaveanews.com\/wp-content\/uploads\/bruno-henrique.webp\",\"contentUrl\":\"https:\/\/www.gaveanews.com\/wp-content\/uploads\/bruno-henrique.webp\",\"width\":984,\"height\":656},{\"@type\":\"BreadcrumbList\",\"@id\":\"https:\/\/www.gaveanews.com\/index.php\/2023\/06\/29\/bruno-henrique-dispara-contra-mauro-cesar-em-entrevista-coletiva-mauro-cesar-tem-que-tomar-cuidado-com-o-que-fala\/#breadcrumb\",\"itemListElement\":[{\"@type\":\"ListItem\",\"position\":1,\"name\":\"Home\",\"item\":\"https:\/\/www.gaveanews.com\/\"},{\"@type\":\"ListItem\",\"position\":2,\"name\":\"Bruno Henrique dispara contra Mauro Cesar em entrevista coletiva: &#8220;Mauro Cesar tem que tomar cuidado com o que fala&#8221;\"}]},{\"@type\":\"WebSite\",\"@id\":\"https:\/\/www.gaveanews.com\/#website\",\"url\":\"https:\/\/www.gaveanews.com\/\",\"name\":\"G\u00e1vea News\",\"description\":\"Veja todas as not\u00edcias sobre o Flamengo: Contrata\u00e7\u00f5es, categorias de base, resultados das partidas, tabela de classifica\u00e7\u00e3o, pr\u00f3ximos jogos!\",\"potentialAction\":[{\"@type\":\"SearchAction\",\"target\":{\"@type\":\"EntryPoint\",\"urlTemplate\":\"https:\/\/www.gaveanews.com\/?s={search_term_string}\"},\"query-input\":{\"@type\":\"PropertyValueSpecification\",\"valueRequired\":true,\"valueName\":\"search_term_string\"}}],\"inLanguage\":\"pt-BR\"},{\"@type\":\"Person\",\"@id\":\"https:\/\/www.gaveanews.com\/#\/schema\/person\/2d29802e96a726e735077717fb5c6f20\",\"name\":\"Leonardo Ant\u00f4nio\",\"image\":{\"@type\":\"ImageObject\",\"inLanguage\":\"pt-BR\",\"@id\":\"https:\/\/www.gaveanews.com\/#\/schema\/person\/image\/\",\"url\":\"https:\/\/secure.gravatar.com\/avatar\/b9ffc9ff64af5c915e7cb1824991ab1b4aa29b902a6a9a83be9d1c8ba449fce8?s=96&d=mm&r=g\",\"contentUrl\":\"https:\/\/secure.gravatar.com\/avatar\/b9ffc9ff64af5c915e7cb1824991ab1b4aa29b902a6a9a83be9d1c8ba449fce8?s=96&d=mm&r=g\",\"caption\":\"Leonardo Ant\u00f4nio\"}}]}<\/script>\n<!-- \/ Yoast SEO Premium plugin. -->","yoast_head_json":{"title":"Bruno Henrique dispara contra Mauro Cesar em entrevista coletiva: \"Mauro Cesar tem que tomar cuidado com o que fala\"","robots":{"index":"index","follow":"follow","max-snippet":"max-snippet:-1","max-image-preview":"max-image-preview:large","max-video-preview":"max-video-preview:-1"},"canonical":"https:\/\/www.gaveanews.com\/index.php\/2023\/06\/29\/bruno-henrique-dispara-contra-mauro-cesar-em-entrevista-coletiva-mauro-cesar-tem-que-tomar-cuidado-com-o-que-fala\/","og_locale":"pt_BR","og_type":"article","og_title":"Bruno Henrique dispara contra Mauro Cesar em entrevista coletiva: \"Mauro Cesar tem que tomar cuidado com o que fala\"","og_description":"Ap\u00f3s o jogo entre Flamengo e Aucas pela Libertadores, Bruno Henrique por ter sido eleito o melhor em campo, esteve junto a Sampaoli na coletiva p\u00f3s-jogo e disparou contra o comentarista Mauro Cesar Pereira. Ao ser questionado se o time escolhe jogo para se empenhar, ele foi direto e n\u00e3o poupou palavras para criticar as [&hellip;]","og_url":"https:\/\/www.gaveanews.com\/index.php\/2023\/06\/29\/bruno-henrique-dispara-contra-mauro-cesar-em-entrevista-coletiva-mauro-cesar-tem-que-tomar-cuidado-com-o-que-fala\/","og_site_name":"G\u00e1vea News","article_publisher":"https:\/\/facebook.com\/gaveaNews\/","article_published_time":"2023-06-29T09:59:10+00:00","article_modified_time":"2024-04-07T02:05:48+00:00","og_image":[{"width":984,"height":656,"url":"https:\/\/www.gaveanews.com\/wp-content\/uploads\/bruno-henrique.webp","type":"image\/webp"}],"author":"Leonardo Ant\u00f4nio","twitter_card":"summary_large_image","twitter_misc":{"Escrito por":"Leonardo Ant\u00f4nio","Est. tempo de leitura":"2 minutos"},"schema":{"@context":"https:\/\/schema.org","@graph":[{"@type":"NewsArticle","@id":"https:\/\/www.gaveanews.com\/index.php\/2023\/06\/29\/bruno-henrique-dispara-contra-mauro-cesar-em-entrevista-coletiva-mauro-cesar-tem-que-tomar-cuidado-com-o-que-fala\/#article","isPartOf":{"@id":"https:\/\/www.gaveanews.com\/index.php\/2023\/06\/29\/bruno-henrique-dispara-contra-mauro-cesar-em-entrevista-coletiva-mauro-cesar-tem-que-tomar-cuidado-com-o-que-fala\/"},"author":{"name":"Leonardo Ant\u00f4nio","@id":"https:\/\/www.gaveanews.com\/#\/schema\/person\/2d29802e96a726e735077717fb5c6f20"},"headline":"Bruno Henrique dispara contra Mauro Cesar em entrevista coletiva: &#8220;Mauro Cesar tem que tomar cuidado com o que fala&#8221;","datePublished":"2023-06-29T09:59:10+00:00","dateModified":"2024-04-07T02:05:48+00:00","mainEntityOfPage":{"@id":"https:\/\/www.gaveanews.com\/index.php\/2023\/06\/29\/bruno-henrique-dispara-contra-mauro-cesar-em-entrevista-coletiva-mauro-cesar-tem-que-tomar-cuidado-com-o-que-fala\/"},"wordCount":387,"commentCount":0,"image":{"@id":"https:\/\/www.gaveanews.com\/index.php\/2023\/06\/29\/bruno-henrique-dispara-contra-mauro-cesar-em-entrevista-coletiva-mauro-cesar-tem-que-tomar-cuidado-com-o-que-fala\/#primaryimage"},"thumbnailUrl":"https:\/\/www.gaveanews.com\/wp-content\/uploads\/bruno-henrique.webp","keywords":["Mauro Cezar Pereira"],"articleSection":["V\u00eddeos"],"inLanguage":"pt-BR","potentialAction":[{"@type":"CommentAction","name":"Comment","target":["https:\/\/www.gaveanews.com\/index.php\/2023\/06\/29\/bruno-henrique-dispara-contra-mauro-cesar-em-entrevista-coletiva-mauro-cesar-tem-que-tomar-cuidado-com-o-que-fala\/#respond"]}],"copyrightYear":"2023","copyrightHolder":{"@id":"https:\/\/www.gaveanews.com\/#organization"}},{"@type":"WebPage","@id":"https:\/\/www.gaveanews.com\/index.php\/2023\/06\/29\/bruno-henrique-dispara-contra-mauro-cesar-em-entrevista-coletiva-mauro-cesar-tem-que-tomar-cuidado-com-o-que-fala\/","url":"https:\/\/www.gaveanews.com\/index.php\/2023\/06\/29\/bruno-henrique-dispara-contra-mauro-cesar-em-entrevista-coletiva-mauro-cesar-tem-que-tomar-cuidado-com-o-que-fala\/","name":"Bruno Henrique dispara contra Mauro Cesar em entrevista coletiva: \"Mauro Cesar tem que tomar cuidado com o que fala\"","isPartOf":{"@id":"https:\/\/www.gaveanews.com\/#website"},"primaryImageOfPage":{"@id":"https:\/\/www.gaveanews.com\/index.php\/2023\/06\/29\/bruno-henrique-dispara-contra-mauro-cesar-em-entrevista-coletiva-mauro-cesar-tem-que-tomar-cuidado-com-o-que-fala\/#primaryimage"},"image":{"@id":"https:\/\/www.gaveanews.com\/index.php\/2023\/06\/29\/bruno-henrique-dispara-contra-mauro-cesar-em-entrevista-coletiva-mauro-cesar-tem-que-tomar-cuidado-com-o-que-fala\/#primaryimage"},"thumbnailUrl":"https:\/\/www.gaveanews.com\/wp-content\/uploads\/bruno-henrique.webp","datePublished":"2023-06-29T09:59:10+00:00","dateModified":"2024-04-07T02:05:48+00:00","author":{"@id":"https:\/\/www.gaveanews.com\/#\/schema\/person\/2d29802e96a726e735077717fb5c6f20"},"breadcrumb":{"@id":"https:\/\/www.gaveanews.com\/index.php\/2023\/06\/29\/bruno-henrique-dispara-contra-mauro-cesar-em-entrevista-coletiva-mauro-cesar-tem-que-tomar-cuidado-com-o-que-fala\/#breadcrumb"},"inLanguage":"pt-BR","potentialAction":[{"@type":"ReadAction","target":["https:\/\/www.gaveanews.com\/index.php\/2023\/06\/29\/bruno-henrique-dispara-contra-mauro-cesar-em-entrevista-coletiva-mauro-cesar-tem-que-tomar-cuidado-com-o-que-fala\/"]}]},{"@type":"ImageObject","inLanguage":"pt-BR","@id":"https:\/\/www.gaveanews.com\/index.php\/2023\/06\/29\/bruno-henrique-dispara-contra-mauro-cesar-em-entrevista-coletiva-mauro-cesar-tem-que-tomar-cuidado-com-o-que-fala\/#primaryimage","url":"https:\/\/www.gaveanews.com\/wp-content\/uploads\/bruno-henrique.webp","contentUrl":"https:\/\/www.gaveanews.com\/wp-content\/uploads\/bruno-henrique.webp","width":984,"height":656},{"@type":"BreadcrumbList","@id":"https:\/\/www.gaveanews.com\/index.php\/2023\/06\/29\/bruno-henrique-dispara-contra-mauro-cesar-em-entrevista-coletiva-mauro-cesar-tem-que-tomar-cuidado-com-o-que-fala\/#breadcrumb","itemListElement":[{"@type":"ListItem","position":1,"name":"Home","item":"https:\/\/www.gaveanews.com\/"},{"@type":"ListItem","position":2,"name":"Bruno Henrique dispara contra Mauro Cesar em entrevista coletiva: &#8220;Mauro Cesar tem que tomar cuidado com o que fala&#8221;"}]},{"@type":"WebSite","@id":"https:\/\/www.gaveanews.com\/#website","url":"https:\/\/www.gaveanews.com\/","name":"G\u00e1vea News","description":"Veja todas as not\u00edcias sobre o Flamengo: Contrata\u00e7\u00f5es, categorias de base, resultados das partidas, tabela de classifica\u00e7\u00e3o, pr\u00f3ximos jogos!","potentialAction":[{"@type":"SearchAction","target":{"@type":"EntryPoint","urlTemplate":"https:\/\/www.gaveanews.com\/?s={search_term_string}"},"query-input":{"@type":"PropertyValueSpecification","valueRequired":true,"valueName":"search_term_string"}}],"inLanguage":"pt-BR"},{"@type":"Person","@id":"https:\/\/www.gaveanews.com\/#\/schema\/person\/2d29802e96a726e735077717fb5c6f20","name":"Leonardo Ant\u00f4nio","image":{"@type":"ImageObject","inLanguage":"pt-BR","@id":"https:\/\/www.gaveanews.com\/#\/schema\/person\/image\/","url":"https:\/\/secure.gravatar.com\/avatar\/b9ffc9ff64af5c915e7cb1824991ab1b4aa29b902a6a9a83be9d1c8ba449fce8?s=96&d=mm&r=g","contentUrl":"https:\/\/secure.gravatar.com\/avatar\/b9ffc9ff64af5c915e7cb1824991ab1b4aa29b902a6a9a83be9d1c8ba449fce8?s=96&d=mm&r=g","caption":"Leonardo Ant\u00f4nio"}}]}},"_links":{"self":[{"href":"https:\/\/www.gaveanews.com\/index.php\/wp-json\/wp\/v2\/posts\/101482","targetHints":{"allow":["GET"]}}],"collection":[{"href":"https:\/\/www.gaveanews.com\/index.php\/wp-json\/wp\/v2\/posts"}],"about":[{"href":"https:\/\/www.gaveanews.com\/index.php\/wp-json\/wp\/v2\/types\/post"}],"author":[{"embeddable":true,"href":"https:\/\/www.gaveanews.com\/index.php\/wp-json\/wp\/v2\/users\/6"}],"replies":[{"embeddable":true,"href":"https:\/\/www.gaveanews.com\/index.php\/wp-json\/wp\/v2\/comments?post=101482"}],"version-history":[{"count":1,"href":"https:\/\/www.gaveanews.com\/index.php\/wp-json\/wp\/v2\/posts\/101482\/revisions"}],"predecessor-version":[{"id":134643,"href":"https:\/\/www.gaveanews.com\/index.php\/wp-json\/wp\/v2\/posts\/101482\/revisions\/134643"}],"wp:featuredmedia":[{"embeddable":true,"href":"https:\/\/www.gaveanews.com\/index.php\/wp-json\/wp\/v2\/media\/100816"}],"wp:attachment":[{"href":"https:\/\/www.gaveanews.com\/index.php\/wp-json\/wp\/v2\/media?parent=101482"}],"wp:term":[{"taxonomy":"category","embeddable":true,"href":"https:\/\/www.gaveanews.com\/index.php\/wp-json\/wp\/v2\/categories?post=101482"},{"taxonomy":"post_tag","embeddable":true,"href":"https:\/\/www.gaveanews.com\/index.php\/wp-json\/wp\/v2\/tags?post=101482"}],"curies":[{"name":"wp","href":"https:\/\/api.w.org\/{rel}","templated":true}]}}