{"id":101531,"date":"2023-06-29T18:30:00","date_gmt":"2023-06-29T21:30:00","guid":{"rendered":"https:\/\/www.gaveanews.com\/?p=101531"},"modified":"2023-06-29T16:26:05","modified_gmt":"2023-06-29T19:26:05","slug":"vale-a-pena-benfica-define-valor-para-vender-lucas-verissimo-ao-flamengo","status":"publish","type":"post","link":"https:\/\/www.gaveanews.com\/index.php\/2023\/06\/29\/vale-a-pena-benfica-define-valor-para-vender-lucas-verissimo-ao-flamengo\/","title":{"rendered":"Vale a pena? Benfica define valor para vender Lucas Ver\u00edssimo ao Flamengo"},"content":{"rendered":"\n<p>Decidido a negociar Lucas Ver\u00edssimo na pr\u00f3xima temporada, o Benfica j\u00e1 estipulou um valor m\u00ednimo para avan\u00e7ar com a transfer\u00eancia em definitivo nos pr\u00f3ximos dias: 10 milh\u00f5es de euros (R$ 53 milh\u00f5es).<\/p>\n\n\n\n<p>Neste momento, o ex-zagueiro do Santos tem alguns interessados no Brasil, especialmente o Flamengo, que, inclusive, fez uma primeira abordagem, mas sem oficializar at\u00e9 agora qualquer oferta.<\/p>\n\n\n\n<p>Com a renova\u00e7\u00e3o do argentino Nicol\u00e1s Otamendi e a volta de empr\u00e9stimo do compatriota e ex-corintiano Jo\u00e3o Victor, que estava cedido ao Nantes, Ver\u00edssimo acabou por ser colocado como o defensor para sair neste mercado de ver\u00e3o europeu.<\/p>\n\n\n\n<p>Com contrato v\u00e1lido at\u00e9 junho de 2026, Lucas Ver\u00edssimo foi contratado pelo clube portugu\u00eas por 6,5 milh\u00f5es de euros. Rapidamente ganhou destaque, chegou \u00e0 sele\u00e7\u00e3o brasileira, mas sofreu uma grave les\u00e3o e precisou ficar um ano parado.<\/p>\n\n\n\n<p>Retirado de: UOL<\/p>\n","protected":false},"excerpt":{"rendered":"<p>Decidido a negociar Lucas Ver\u00edssimo na pr\u00f3xima temporada, o Benfica j\u00e1 estipulou um valor m\u00ednimo para avan\u00e7ar com a transfer\u00eancia em definitivo nos pr\u00f3ximos dias: 10 milh\u00f5es de euros (R$ 53 milh\u00f5es). Neste momento, o ex-zagueiro do Santos tem alguns interessados no Brasil, especialmente o Flamengo, que, inclusive, fez uma primeira abordagem, mas sem oficializar [&hellip;]<\/p>\n","protected":false},"author":1,"featured_media":95634,"comment_status":"open","ping_status":"closed","sticky":false,"template":"","format":"standard","meta":{"footnotes":""},"categories":[48],"tags":[],"class_list":["post-101531","post","type-post","status-publish","format-standard","has-post-thumbnail","hentry","category-negociacoes"],"yoast_head":"<!-- This site is optimized with the Yoast SEO Premium plugin v24.2 (Yoast SEO v26.9) - https:\/\/yoast.com\/product\/yoast-seo-premium-wordpress\/ -->\n<title>Vale a pena? Benfica define valor para vender Lucas Ver\u00edssimo ao Flamengo<\/title>\n<meta name=\"robots\" content=\"index, follow, max-snippet:-1, max-image-preview:large, max-video-preview:-1\" \/>\n<link rel=\"canonical\" href=\"https:\/\/www.gaveanews.com\/index.php\/2023\/06\/29\/vale-a-pena-benfica-define-valor-para-vender-lucas-verissimo-ao-flamengo\/\" \/>\n<meta property=\"og:locale\" content=\"pt_BR\" \/>\n<meta property=\"og:type\" content=\"article\" \/>\n<meta property=\"og:title\" content=\"Vale a pena? Benfica define valor para vender Lucas Ver\u00edssimo ao Flamengo\" \/>\n<meta property=\"og:description\" content=\"Decidido a negociar Lucas Ver\u00edssimo na pr\u00f3xima temporada, o Benfica j\u00e1 estipulou um valor m\u00ednimo para avan\u00e7ar com a transfer\u00eancia em definitivo nos pr\u00f3ximos dias: 10 milh\u00f5es de euros (R$ 53 milh\u00f5es). Neste momento, o ex-zagueiro do Santos tem alguns interessados no Brasil, especialmente o Flamengo, que, inclusive, fez uma primeira abordagem, mas sem oficializar [&hellip;]\" \/>\n<meta property=\"og:url\" content=\"https:\/\/www.gaveanews.com\/index.php\/2023\/06\/29\/vale-a-pena-benfica-define-valor-para-vender-lucas-verissimo-ao-flamengo\/\" \/>\n<meta property=\"og:site_name\" content=\"G\u00e1vea News\" \/>\n<meta property=\"article:publisher\" content=\"https:\/\/facebook.com\/gaveaNews\/\" \/>\n<meta property=\"article:published_time\" content=\"2023-06-29T21:30:00+00:00\" \/>\n<meta property=\"og:image\" content=\"https:\/\/www.gaveanews.com\/wp-content\/uploads\/Lucas-Verissimo-em-acao-pelo-Brasil.webp\" \/>\n\t<meta property=\"og:image:width\" content=\"2048\" \/>\n\t<meta property=\"og:image:height\" content=\"1365\" \/>\n\t<meta property=\"og:image:type\" content=\"image\/jpeg\" \/>\n<meta name=\"author\" content=\"Equipe G\u00e1vea News\" \/>\n<meta name=\"twitter:card\" content=\"summary_large_image\" \/>\n<meta name=\"twitter:label1\" content=\"Escrito por\" \/>\n\t<meta name=\"twitter:data1\" content=\"Equipe G\u00e1vea News\" \/>\n\t<meta name=\"twitter:label2\" content=\"Est. tempo de leitura\" \/>\n\t<meta name=\"twitter:data2\" content=\"1 minuto\" \/>\n<script type=\"application\/ld+json\" class=\"yoast-schema-graph\">{\"@context\":\"https:\/\/schema.org\",\"@graph\":[{\"@type\":\"NewsArticle\",\"@id\":\"https:\/\/www.gaveanews.com\/index.php\/2023\/06\/29\/vale-a-pena-benfica-define-valor-para-vender-lucas-verissimo-ao-flamengo\/#article\",\"isPartOf\":{\"@id\":\"https:\/\/www.gaveanews.com\/index.php\/2023\/06\/29\/vale-a-pena-benfica-define-valor-para-vender-lucas-verissimo-ao-flamengo\/\"},\"author\":{\"name\":\"Equipe G\u00e1vea News\",\"@id\":\"https:\/\/www.gaveanews.com\/#\/schema\/person\/2ec14f73fb96be2caf28f91afb14749d\"},\"headline\":\"Vale a pena? Benfica define valor para vender Lucas Ver\u00edssimo ao Flamengo\",\"datePublished\":\"2023-06-29T21:30:00+00:00\",\"mainEntityOfPage\":{\"@id\":\"https:\/\/www.gaveanews.com\/index.php\/2023\/06\/29\/vale-a-pena-benfica-define-valor-para-vender-lucas-verissimo-ao-flamengo\/\"},\"wordCount\":165,\"commentCount\":0,\"image\":{\"@id\":\"https:\/\/www.gaveanews.com\/index.php\/2023\/06\/29\/vale-a-pena-benfica-define-valor-para-vender-lucas-verissimo-ao-flamengo\/#primaryimage\"},\"thumbnailUrl\":\"https:\/\/www.gaveanews.com\/wp-content\/uploads\/Lucas-Verissimo-em-acao-pelo-Brasil.webp\",\"articleSection\":[\"Negocia\u00e7\u00f5es\"],\"inLanguage\":\"pt-BR\",\"potentialAction\":[{\"@type\":\"CommentAction\",\"name\":\"Comment\",\"target\":[\"https:\/\/www.gaveanews.com\/index.php\/2023\/06\/29\/vale-a-pena-benfica-define-valor-para-vender-lucas-verissimo-ao-flamengo\/#respond\"]}],\"copyrightYear\":\"2023\",\"copyrightHolder\":{\"@id\":\"https:\/\/www.gaveanews.com\/#organization\"}},{\"@type\":\"WebPage\",\"@id\":\"https:\/\/www.gaveanews.com\/index.php\/2023\/06\/29\/vale-a-pena-benfica-define-valor-para-vender-lucas-verissimo-ao-flamengo\/\",\"url\":\"https:\/\/www.gaveanews.com\/index.php\/2023\/06\/29\/vale-a-pena-benfica-define-valor-para-vender-lucas-verissimo-ao-flamengo\/\",\"name\":\"Vale a pena? Benfica define valor para vender Lucas Ver\u00edssimo ao Flamengo\",\"isPartOf\":{\"@id\":\"https:\/\/www.gaveanews.com\/#website\"},\"primaryImageOfPage\":{\"@id\":\"https:\/\/www.gaveanews.com\/index.php\/2023\/06\/29\/vale-a-pena-benfica-define-valor-para-vender-lucas-verissimo-ao-flamengo\/#primaryimage\"},\"image\":{\"@id\":\"https:\/\/www.gaveanews.com\/index.php\/2023\/06\/29\/vale-a-pena-benfica-define-valor-para-vender-lucas-verissimo-ao-flamengo\/#primaryimage\"},\"thumbnailUrl\":\"https:\/\/www.gaveanews.com\/wp-content\/uploads\/Lucas-Verissimo-em-acao-pelo-Brasil.webp\",\"datePublished\":\"2023-06-29T21:30:00+00:00\",\"author\":{\"@id\":\"https:\/\/www.gaveanews.com\/#\/schema\/person\/2ec14f73fb96be2caf28f91afb14749d\"},\"breadcrumb\":{\"@id\":\"https:\/\/www.gaveanews.com\/index.php\/2023\/06\/29\/vale-a-pena-benfica-define-valor-para-vender-lucas-verissimo-ao-flamengo\/#breadcrumb\"},\"inLanguage\":\"pt-BR\",\"potentialAction\":[{\"@type\":\"ReadAction\",\"target\":[\"https:\/\/www.gaveanews.com\/index.php\/2023\/06\/29\/vale-a-pena-benfica-define-valor-para-vender-lucas-verissimo-ao-flamengo\/\"]}]},{\"@type\":\"ImageObject\",\"inLanguage\":\"pt-BR\",\"@id\":\"https:\/\/www.gaveanews.com\/index.php\/2023\/06\/29\/vale-a-pena-benfica-define-valor-para-vender-lucas-verissimo-ao-flamengo\/#primaryimage\",\"url\":\"https:\/\/www.gaveanews.com\/wp-content\/uploads\/Lucas-Verissimo-em-acao-pelo-Brasil.webp\",\"contentUrl\":\"https:\/\/www.gaveanews.com\/wp-content\/uploads\/Lucas-Verissimo-em-acao-pelo-Brasil.webp\",\"width\":2048,\"height\":1365,\"caption\":\"Lucas Ver\u00edssimo em a\u00e7\u00e3o pelo Brasil (Foto: Lucas Figueiredo\/CBF)\"},{\"@type\":\"BreadcrumbList\",\"@id\":\"https:\/\/www.gaveanews.com\/index.php\/2023\/06\/29\/vale-a-pena-benfica-define-valor-para-vender-lucas-verissimo-ao-flamengo\/#breadcrumb\",\"itemListElement\":[{\"@type\":\"ListItem\",\"position\":1,\"name\":\"Home\",\"item\":\"https:\/\/www.gaveanews.com\/\"},{\"@type\":\"ListItem\",\"position\":2,\"name\":\"Vale a pena? Benfica define valor para vender Lucas Ver\u00edssimo ao Flamengo\"}]},{\"@type\":\"WebSite\",\"@id\":\"https:\/\/www.gaveanews.com\/#website\",\"url\":\"https:\/\/www.gaveanews.com\/\",\"name\":\"G\u00e1vea News\",\"description\":\"Veja todas as not\u00edcias sobre o Flamengo: Contrata\u00e7\u00f5es, categorias de base, resultados das partidas, tabela de classifica\u00e7\u00e3o, pr\u00f3ximos jogos!\",\"potentialAction\":[{\"@type\":\"SearchAction\",\"target\":{\"@type\":\"EntryPoint\",\"urlTemplate\":\"https:\/\/www.gaveanews.com\/?s={search_term_string}\"},\"query-input\":{\"@type\":\"PropertyValueSpecification\",\"valueRequired\":true,\"valueName\":\"search_term_string\"}}],\"inLanguage\":\"pt-BR\"},{\"@type\":\"Person\",\"@id\":\"https:\/\/www.gaveanews.com\/#\/schema\/person\/2ec14f73fb96be2caf28f91afb14749d\",\"name\":\"Equipe G\u00e1vea News\",\"image\":{\"@type\":\"ImageObject\",\"inLanguage\":\"pt-BR\",\"@id\":\"https:\/\/www.gaveanews.com\/#\/schema\/person\/image\/\",\"url\":\"https:\/\/secure.gravatar.com\/avatar\/1e1956f1facbffd3f8fa53a326721950116b3b9dc9bd44939c01180fd4a745a9?s=96&d=mm&r=g\",\"contentUrl\":\"https:\/\/secure.gravatar.com\/avatar\/1e1956f1facbffd3f8fa53a326721950116b3b9dc9bd44939c01180fd4a745a9?s=96&d=mm&r=g\",\"caption\":\"Equipe G\u00e1vea News\"}}]}<\/script>\n<!-- \/ Yoast SEO Premium plugin. -->","yoast_head_json":{"title":"Vale a pena? Benfica define valor para vender Lucas Ver\u00edssimo ao Flamengo","robots":{"index":"index","follow":"follow","max-snippet":"max-snippet:-1","max-image-preview":"max-image-preview:large","max-video-preview":"max-video-preview:-1"},"canonical":"https:\/\/www.gaveanews.com\/index.php\/2023\/06\/29\/vale-a-pena-benfica-define-valor-para-vender-lucas-verissimo-ao-flamengo\/","og_locale":"pt_BR","og_type":"article","og_title":"Vale a pena? Benfica define valor para vender Lucas Ver\u00edssimo ao Flamengo","og_description":"Decidido a negociar Lucas Ver\u00edssimo na pr\u00f3xima temporada, o Benfica j\u00e1 estipulou um valor m\u00ednimo para avan\u00e7ar com a transfer\u00eancia em definitivo nos pr\u00f3ximos dias: 10 milh\u00f5es de euros (R$ 53 milh\u00f5es). Neste momento, o ex-zagueiro do Santos tem alguns interessados no Brasil, especialmente o Flamengo, que, inclusive, fez uma primeira abordagem, mas sem oficializar [&hellip;]","og_url":"https:\/\/www.gaveanews.com\/index.php\/2023\/06\/29\/vale-a-pena-benfica-define-valor-para-vender-lucas-verissimo-ao-flamengo\/","og_site_name":"G\u00e1vea News","article_publisher":"https:\/\/facebook.com\/gaveaNews\/","article_published_time":"2023-06-29T21:30:00+00:00","og_image":[{"width":2048,"height":1365,"url":"https:\/\/www.gaveanews.com\/wp-content\/uploads\/Lucas-Verissimo-em-acao-pelo-Brasil.webp","type":"image\/jpeg"}],"author":"Equipe G\u00e1vea News","twitter_card":"summary_large_image","twitter_misc":{"Escrito por":"Equipe G\u00e1vea News","Est. tempo de leitura":"1 minuto"},"schema":{"@context":"https:\/\/schema.org","@graph":[{"@type":"NewsArticle","@id":"https:\/\/www.gaveanews.com\/index.php\/2023\/06\/29\/vale-a-pena-benfica-define-valor-para-vender-lucas-verissimo-ao-flamengo\/#article","isPartOf":{"@id":"https:\/\/www.gaveanews.com\/index.php\/2023\/06\/29\/vale-a-pena-benfica-define-valor-para-vender-lucas-verissimo-ao-flamengo\/"},"author":{"name":"Equipe G\u00e1vea News","@id":"https:\/\/www.gaveanews.com\/#\/schema\/person\/2ec14f73fb96be2caf28f91afb14749d"},"headline":"Vale a pena? Benfica define valor para vender Lucas Ver\u00edssimo ao Flamengo","datePublished":"2023-06-29T21:30:00+00:00","mainEntityOfPage":{"@id":"https:\/\/www.gaveanews.com\/index.php\/2023\/06\/29\/vale-a-pena-benfica-define-valor-para-vender-lucas-verissimo-ao-flamengo\/"},"wordCount":165,"commentCount":0,"image":{"@id":"https:\/\/www.gaveanews.com\/index.php\/2023\/06\/29\/vale-a-pena-benfica-define-valor-para-vender-lucas-verissimo-ao-flamengo\/#primaryimage"},"thumbnailUrl":"https:\/\/www.gaveanews.com\/wp-content\/uploads\/Lucas-Verissimo-em-acao-pelo-Brasil.webp","articleSection":["Negocia\u00e7\u00f5es"],"inLanguage":"pt-BR","potentialAction":[{"@type":"CommentAction","name":"Comment","target":["https:\/\/www.gaveanews.com\/index.php\/2023\/06\/29\/vale-a-pena-benfica-define-valor-para-vender-lucas-verissimo-ao-flamengo\/#respond"]}],"copyrightYear":"2023","copyrightHolder":{"@id":"https:\/\/www.gaveanews.com\/#organization"}},{"@type":"WebPage","@id":"https:\/\/www.gaveanews.com\/index.php\/2023\/06\/29\/vale-a-pena-benfica-define-valor-para-vender-lucas-verissimo-ao-flamengo\/","url":"https:\/\/www.gaveanews.com\/index.php\/2023\/06\/29\/vale-a-pena-benfica-define-valor-para-vender-lucas-verissimo-ao-flamengo\/","name":"Vale a pena? Benfica define valor para vender Lucas Ver\u00edssimo ao Flamengo","isPartOf":{"@id":"https:\/\/www.gaveanews.com\/#website"},"primaryImageOfPage":{"@id":"https:\/\/www.gaveanews.com\/index.php\/2023\/06\/29\/vale-a-pena-benfica-define-valor-para-vender-lucas-verissimo-ao-flamengo\/#primaryimage"},"image":{"@id":"https:\/\/www.gaveanews.com\/index.php\/2023\/06\/29\/vale-a-pena-benfica-define-valor-para-vender-lucas-verissimo-ao-flamengo\/#primaryimage"},"thumbnailUrl":"https:\/\/www.gaveanews.com\/wp-content\/uploads\/Lucas-Verissimo-em-acao-pelo-Brasil.webp","datePublished":"2023-06-29T21:30:00+00:00","author":{"@id":"https:\/\/www.gaveanews.com\/#\/schema\/person\/2ec14f73fb96be2caf28f91afb14749d"},"breadcrumb":{"@id":"https:\/\/www.gaveanews.com\/index.php\/2023\/06\/29\/vale-a-pena-benfica-define-valor-para-vender-lucas-verissimo-ao-flamengo\/#breadcrumb"},"inLanguage":"pt-BR","potentialAction":[{"@type":"ReadAction","target":["https:\/\/www.gaveanews.com\/index.php\/2023\/06\/29\/vale-a-pena-benfica-define-valor-para-vender-lucas-verissimo-ao-flamengo\/"]}]},{"@type":"ImageObject","inLanguage":"pt-BR","@id":"https:\/\/www.gaveanews.com\/index.php\/2023\/06\/29\/vale-a-pena-benfica-define-valor-para-vender-lucas-verissimo-ao-flamengo\/#primaryimage","url":"https:\/\/www.gaveanews.com\/wp-content\/uploads\/Lucas-Verissimo-em-acao-pelo-Brasil.webp","contentUrl":"https:\/\/www.gaveanews.com\/wp-content\/uploads\/Lucas-Verissimo-em-acao-pelo-Brasil.webp","width":2048,"height":1365,"caption":"Lucas Ver\u00edssimo em a\u00e7\u00e3o pelo Brasil (Foto: Lucas Figueiredo\/CBF)"},{"@type":"BreadcrumbList","@id":"https:\/\/www.gaveanews.com\/index.php\/2023\/06\/29\/vale-a-pena-benfica-define-valor-para-vender-lucas-verissimo-ao-flamengo\/#breadcrumb","itemListElement":[{"@type":"ListItem","position":1,"name":"Home","item":"https:\/\/www.gaveanews.com\/"},{"@type":"ListItem","position":2,"name":"Vale a pena? Benfica define valor para vender Lucas Ver\u00edssimo ao Flamengo"}]},{"@type":"WebSite","@id":"https:\/\/www.gaveanews.com\/#website","url":"https:\/\/www.gaveanews.com\/","name":"G\u00e1vea News","description":"Veja todas as not\u00edcias sobre o Flamengo: Contrata\u00e7\u00f5es, categorias de base, resultados das partidas, tabela de classifica\u00e7\u00e3o, pr\u00f3ximos jogos!","potentialAction":[{"@type":"SearchAction","target":{"@type":"EntryPoint","urlTemplate":"https:\/\/www.gaveanews.com\/?s={search_term_string}"},"query-input":{"@type":"PropertyValueSpecification","valueRequired":true,"valueName":"search_term_string"}}],"inLanguage":"pt-BR"},{"@type":"Person","@id":"https:\/\/www.gaveanews.com\/#\/schema\/person\/2ec14f73fb96be2caf28f91afb14749d","name":"Equipe G\u00e1vea News","image":{"@type":"ImageObject","inLanguage":"pt-BR","@id":"https:\/\/www.gaveanews.com\/#\/schema\/person\/image\/","url":"https:\/\/secure.gravatar.com\/avatar\/1e1956f1facbffd3f8fa53a326721950116b3b9dc9bd44939c01180fd4a745a9?s=96&d=mm&r=g","contentUrl":"https:\/\/secure.gravatar.com\/avatar\/1e1956f1facbffd3f8fa53a326721950116b3b9dc9bd44939c01180fd4a745a9?s=96&d=mm&r=g","caption":"Equipe G\u00e1vea News"}}]}},"_links":{"self":[{"href":"https:\/\/www.gaveanews.com\/index.php\/wp-json\/wp\/v2\/posts\/101531","targetHints":{"allow":["GET"]}}],"collection":[{"href":"https:\/\/www.gaveanews.com\/index.php\/wp-json\/wp\/v2\/posts"}],"about":[{"href":"https:\/\/www.gaveanews.com\/index.php\/wp-json\/wp\/v2\/types\/post"}],"author":[{"embeddable":true,"href":"https:\/\/www.gaveanews.com\/index.php\/wp-json\/wp\/v2\/users\/1"}],"replies":[{"embeddable":true,"href":"https:\/\/www.gaveanews.com\/index.php\/wp-json\/wp\/v2\/comments?post=101531"}],"version-history":[{"count":0,"href":"https:\/\/www.gaveanews.com\/index.php\/wp-json\/wp\/v2\/posts\/101531\/revisions"}],"wp:featuredmedia":[{"embeddable":true,"href":"https:\/\/www.gaveanews.com\/index.php\/wp-json\/wp\/v2\/media\/95634"}],"wp:attachment":[{"href":"https:\/\/www.gaveanews.com\/index.php\/wp-json\/wp\/v2\/media?parent=101531"}],"wp:term":[{"taxonomy":"category","embeddable":true,"href":"https:\/\/www.gaveanews.com\/index.php\/wp-json\/wp\/v2\/categories?post=101531"},{"taxonomy":"post_tag","embeddable":true,"href":"https:\/\/www.gaveanews.com\/index.php\/wp-json\/wp\/v2\/tags?post=101531"}],"curies":[{"name":"wp","href":"https:\/\/api.w.org\/{rel}","templated":true}]}}