{"id":101778,"date":"2023-07-03T07:05:51","date_gmt":"2023-07-03T10:05:51","guid":{"rendered":"https:\/\/www.gaveanews.com\/?p=101778"},"modified":"2023-07-03T07:05:54","modified_gmt":"2023-07-03T10:05:54","slug":"rodrigo-caetano-diretor-de-futebol-do-atletico-explica-saida-de-allan-para-flamengo","status":"publish","type":"post","link":"https:\/\/www.gaveanews.com\/index.php\/2023\/07\/03\/rodrigo-caetano-diretor-de-futebol-do-atletico-explica-saida-de-allan-para-flamengo\/","title":{"rendered":"Rodrigo Caetano diretor de futebol do Atl\u00e9tico, explica sa\u00edda de Allan para Flamengo"},"content":{"rendered":"\n<p>Rodrigo Caetano, diretor do Atl\u00e9tico-MG, explicou em entrevista coletiva o processo de venda do meio-campista Allan ao Flamengo.<\/p>\n\n\n\n<p>Por que a negocia\u00e7\u00e3o aconteceu? &#8220;As negocia\u00e7\u00f5es s\u00f3 avan\u00e7aram por um pedido do atleta. Claro que isso n\u00e3o \u00e9 determinante porque ele tinha contrato conosco, mas isso aconteceu por meados de fevereiro, quando surgiram possibilidades. Nunca tivemos outra proposta. N\u00e3o tivemos proposta alguma de nenhum outro clube que n\u00e3o fosse o Flamengo.&#8221;<\/p>\n\n\n\n<p>Les\u00e3o atrapalhou negocia\u00e7\u00e3o. &#8220;Depois disto, tentamos uma extens\u00e3o do v\u00ednculo dele com uma majora\u00e7\u00e3o do seu sal\u00e1rio, mas ele manteve a posi\u00e7\u00e3o de que n\u00e3o era a solu\u00e7\u00e3o que ele desejava. O per\u00edodo passou, lamentavelmente ele teve a les\u00e3o e chegou-se na outra janela, e novamente, atrav\u00e9s de seus agentes, tivemos uma proposta oficial.&#8221;<\/p>\n\n\n\n<p><a href=\"https:\/\/www.gaveanews.com\/index.php\/2023\/07\/02\/atletico-mg-emite-nota-oficial-e-revela-quanto-o-flamengo-realmente-pagou-por-allan\/\">+ Atl\u00e9tico-MG emite nota oficial e revela quanto o Flamengo realmente pagou por Allan<\/a><\/p>\n\n\n\n<p>Bastidores das conversas. &#8220;A partir deste momento, come\u00e7amos a analisar de que forma poder\u00edamos tornar essa negocia\u00e7\u00e3o melhor para o Galo financeiramente. Foi dessa forma que isso se arrastou at\u00e9 o dia de ontem. Todas as partes, que n\u00e3o o Galo, se sacrificaram para que isso acontecesse. Comprovado est\u00e1 que, tanto agentes quanto atleta e o Liverpool (outra equipe que tem direitos econ\u00f4micos), participaram em reduzir seus direitos para que o Galo tivesse alguma vantagem financeira com isso.&#8221;<\/p>\n\n\n\n<figure class=\"wp-block-image size-large\"><img loading=\"lazy\" decoding=\"async\" width=\"1024\" height=\"576\" src=\"https:\/\/www.gaveanews.com\/wp-content\/uploads\/Allan-1024x576.webp\" alt=\"\" class=\"wp-image-100845\" srcset=\"https:\/\/www.gaveanews.com\/wp-content\/uploads\/Allan-1024x576.webp 1024w, https:\/\/www.gaveanews.com\/wp-content\/uploads\/Allan-300x169.webp 300w, https:\/\/www.gaveanews.com\/wp-content\/uploads\/Allan-768x432.webp 768w, https:\/\/www.gaveanews.com\/wp-content\/uploads\/Allan-747x420.webp 747w, https:\/\/www.gaveanews.com\/wp-content\/uploads\/Allan-640x360.webp 640w, https:\/\/www.gaveanews.com\/wp-content\/uploads\/Allan-681x383.webp 681w, https:\/\/www.gaveanews.com\/wp-content\/uploads\/Allan-100x56.webp 100w, https:\/\/www.gaveanews.com\/wp-content\/uploads\/Allan.webp 1200w\" sizes=\"auto, (max-width: 1024px) 100vw, 1024px\" \/><figcaption class=\"wp-element-caption\">Allan durante jogo do Atl\u00e9tico MG<\/figcaption><\/figure>\n\n\n\n<p>Futuro sem Allan. &#8220;A gente agradece pelo per\u00edodo que ele esteve conosco. \u00c9 um atleta que marcou a hist\u00f3ria do clube com grandes conquistas, mas temos que olhar para frente. Todos voc\u00eas sabem da situa\u00e7\u00e3o do clube, que vem fazendo uma transi\u00e7\u00e3o para solucionar seus problemas: d\u00edvidas e juros. Estamos engajados nisso.&#8221;<\/p>\n\n\n\n<h2 class=\"wp-block-heading\" id=\"h-detalhes-do-negocio\">Detalhes do neg\u00f3cio<\/h2>\n\n\n\n<p><strong>O Flamengo pagar\u00e1 8,2 milh\u00f5es de euros (R$ 43,1 milh\u00f5es) para adquirir 100% dos direitos econ\u00f4micos do atleta<\/strong>. Ele aguardava um acerto do Fla com o Galo sobre o mecanismo de solidariedade para viajar ao Rio.<\/p>\n\n\n\n<p><strong>O Atl\u00e9tico-MG, ex-clube de Allan, anunciou que o pagamento ser\u00e1 feito em tr\u00eas parcelas<\/strong>: entrada de 3,5 milh\u00f5es de euros, uma fatia em janeiro de 2024 de 2,7 milh\u00f5es e a \u00faltima em julho de 2024 com o restante dos 2 milh\u00f5es. O Galo tamb\u00e9m afirmou que n\u00e3o h\u00e1 qualquer cl\u00e1usula de desempenho ou performance.<\/p>\n\n\n\n<p><strong>O Galo detinha 70% dos direitos de Allan<\/strong>. Os outros 30% estavam divididos entre o jogador e seus agentes, e o Liverpool, da Inglaterra<\/p>\n\n\n\n<p><strong>Allan chegou ao Rio de Janeiro no s\u00e1bado (1\u00b0)<\/strong>, pouco depois da vit\u00f3ria do Flamengo sobre o Fortaleza, por 2 a 0, pelo Campeonato Brasileiro.<\/p>\n\n\n\n<p>Retirado de: Uol<\/p>\n","protected":false},"excerpt":{"rendered":"<p>Rodrigo Caetano, diretor do Atl\u00e9tico-MG, explicou em entrevista coletiva o processo de venda do meio-campista Allan ao Flamengo. Por que a negocia\u00e7\u00e3o aconteceu? &#8220;As negocia\u00e7\u00f5es s\u00f3 avan\u00e7aram por um pedido do atleta. Claro que isso n\u00e3o \u00e9 determinante porque ele tinha contrato conosco, mas isso aconteceu por meados de fevereiro, quando surgiram possibilidades. Nunca tivemos [&hellip;]<\/p>\n","protected":false},"author":6,"featured_media":101781,"comment_status":"open","ping_status":"closed","sticky":false,"template":"","format":"standard","meta":{"footnotes":""},"categories":[1],"tags":[],"class_list":["post-101778","post","type-post","status-publish","format-standard","has-post-thumbnail","hentry","category-flamengo"],"yoast_head":"<!-- This site is optimized with the Yoast SEO Premium plugin v24.2 (Yoast SEO v26.9) - https:\/\/yoast.com\/product\/yoast-seo-premium-wordpress\/ -->\n<title>Rodrigo Caetano diretor de futebol do Atl\u00e9tico, explica sa\u00edda de Allan para Flamengo<\/title>\n<meta name=\"robots\" content=\"index, follow, max-snippet:-1, max-image-preview:large, max-video-preview:-1\" \/>\n<link rel=\"canonical\" href=\"https:\/\/www.gaveanews.com\/index.php\/2023\/07\/03\/rodrigo-caetano-diretor-de-futebol-do-atletico-explica-saida-de-allan-para-flamengo\/\" \/>\n<meta property=\"og:locale\" content=\"pt_BR\" \/>\n<meta property=\"og:type\" content=\"article\" \/>\n<meta property=\"og:title\" content=\"Rodrigo Caetano diretor de futebol do Atl\u00e9tico, explica sa\u00edda de Allan para Flamengo\" \/>\n<meta property=\"og:description\" content=\"Rodrigo Caetano, diretor do Atl\u00e9tico-MG, explicou em entrevista coletiva o processo de venda do meio-campista Allan ao Flamengo. Por que a negocia\u00e7\u00e3o aconteceu? &#8220;As negocia\u00e7\u00f5es s\u00f3 avan\u00e7aram por um pedido do atleta. Claro que isso n\u00e3o \u00e9 determinante porque ele tinha contrato conosco, mas isso aconteceu por meados de fevereiro, quando surgiram possibilidades. Nunca tivemos [&hellip;]\" \/>\n<meta property=\"og:url\" content=\"https:\/\/www.gaveanews.com\/index.php\/2023\/07\/03\/rodrigo-caetano-diretor-de-futebol-do-atletico-explica-saida-de-allan-para-flamengo\/\" \/>\n<meta property=\"og:site_name\" content=\"G\u00e1vea News\" \/>\n<meta property=\"article:publisher\" content=\"https:\/\/facebook.com\/gaveaNews\/\" \/>\n<meta property=\"article:published_time\" content=\"2023-07-03T10:05:51+00:00\" \/>\n<meta property=\"article:modified_time\" content=\"2023-07-03T10:05:54+00:00\" \/>\n<meta property=\"og:image\" content=\"https:\/\/www.gaveanews.com\/wp-content\/uploads\/Rodrigo-Caetano.webp\" \/>\n\t<meta property=\"og:image:width\" content=\"1280\" \/>\n\t<meta property=\"og:image:height\" content=\"720\" \/>\n\t<meta property=\"og:image:type\" content=\"image\/webp\" \/>\n<meta name=\"author\" content=\"Leonardo Ant\u00f4nio\" \/>\n<meta name=\"twitter:card\" content=\"summary_large_image\" \/>\n<meta name=\"twitter:label1\" content=\"Escrito por\" \/>\n\t<meta name=\"twitter:data1\" content=\"Leonardo Ant\u00f4nio\" \/>\n\t<meta name=\"twitter:label2\" content=\"Est. tempo de leitura\" \/>\n\t<meta name=\"twitter:data2\" content=\"3 minutos\" \/>\n<script type=\"application\/ld+json\" class=\"yoast-schema-graph\">{\"@context\":\"https:\/\/schema.org\",\"@graph\":[{\"@type\":\"NewsArticle\",\"@id\":\"https:\/\/www.gaveanews.com\/index.php\/2023\/07\/03\/rodrigo-caetano-diretor-de-futebol-do-atletico-explica-saida-de-allan-para-flamengo\/#article\",\"isPartOf\":{\"@id\":\"https:\/\/www.gaveanews.com\/index.php\/2023\/07\/03\/rodrigo-caetano-diretor-de-futebol-do-atletico-explica-saida-de-allan-para-flamengo\/\"},\"author\":{\"name\":\"Leonardo Ant\u00f4nio\",\"@id\":\"https:\/\/www.gaveanews.com\/#\/schema\/person\/2d29802e96a726e735077717fb5c6f20\"},\"headline\":\"Rodrigo Caetano diretor de futebol do Atl\u00e9tico, explica sa\u00edda de Allan para Flamengo\",\"datePublished\":\"2023-07-03T10:05:51+00:00\",\"dateModified\":\"2023-07-03T10:05:54+00:00\",\"mainEntityOfPage\":{\"@id\":\"https:\/\/www.gaveanews.com\/index.php\/2023\/07\/03\/rodrigo-caetano-diretor-de-futebol-do-atletico-explica-saida-de-allan-para-flamengo\/\"},\"wordCount\":465,\"commentCount\":0,\"image\":{\"@id\":\"https:\/\/www.gaveanews.com\/index.php\/2023\/07\/03\/rodrigo-caetano-diretor-de-futebol-do-atletico-explica-saida-de-allan-para-flamengo\/#primaryimage\"},\"thumbnailUrl\":\"https:\/\/www.gaveanews.com\/wp-content\/uploads\/Rodrigo-Caetano.webp\",\"articleSection\":[\"Flamengo\"],\"inLanguage\":\"pt-BR\",\"potentialAction\":[{\"@type\":\"CommentAction\",\"name\":\"Comment\",\"target\":[\"https:\/\/www.gaveanews.com\/index.php\/2023\/07\/03\/rodrigo-caetano-diretor-de-futebol-do-atletico-explica-saida-de-allan-para-flamengo\/#respond\"]}],\"copyrightYear\":\"2023\",\"copyrightHolder\":{\"@id\":\"https:\/\/www.gaveanews.com\/#organization\"}},{\"@type\":\"WebPage\",\"@id\":\"https:\/\/www.gaveanews.com\/index.php\/2023\/07\/03\/rodrigo-caetano-diretor-de-futebol-do-atletico-explica-saida-de-allan-para-flamengo\/\",\"url\":\"https:\/\/www.gaveanews.com\/index.php\/2023\/07\/03\/rodrigo-caetano-diretor-de-futebol-do-atletico-explica-saida-de-allan-para-flamengo\/\",\"name\":\"Rodrigo Caetano diretor de futebol do Atl\u00e9tico, explica sa\u00edda de Allan para Flamengo\",\"isPartOf\":{\"@id\":\"https:\/\/www.gaveanews.com\/#website\"},\"primaryImageOfPage\":{\"@id\":\"https:\/\/www.gaveanews.com\/index.php\/2023\/07\/03\/rodrigo-caetano-diretor-de-futebol-do-atletico-explica-saida-de-allan-para-flamengo\/#primaryimage\"},\"image\":{\"@id\":\"https:\/\/www.gaveanews.com\/index.php\/2023\/07\/03\/rodrigo-caetano-diretor-de-futebol-do-atletico-explica-saida-de-allan-para-flamengo\/#primaryimage\"},\"thumbnailUrl\":\"https:\/\/www.gaveanews.com\/wp-content\/uploads\/Rodrigo-Caetano.webp\",\"datePublished\":\"2023-07-03T10:05:51+00:00\",\"dateModified\":\"2023-07-03T10:05:54+00:00\",\"author\":{\"@id\":\"https:\/\/www.gaveanews.com\/#\/schema\/person\/2d29802e96a726e735077717fb5c6f20\"},\"breadcrumb\":{\"@id\":\"https:\/\/www.gaveanews.com\/index.php\/2023\/07\/03\/rodrigo-caetano-diretor-de-futebol-do-atletico-explica-saida-de-allan-para-flamengo\/#breadcrumb\"},\"inLanguage\":\"pt-BR\",\"potentialAction\":[{\"@type\":\"ReadAction\",\"target\":[\"https:\/\/www.gaveanews.com\/index.php\/2023\/07\/03\/rodrigo-caetano-diretor-de-futebol-do-atletico-explica-saida-de-allan-para-flamengo\/\"]}]},{\"@type\":\"ImageObject\",\"inLanguage\":\"pt-BR\",\"@id\":\"https:\/\/www.gaveanews.com\/index.php\/2023\/07\/03\/rodrigo-caetano-diretor-de-futebol-do-atletico-explica-saida-de-allan-para-flamengo\/#primaryimage\",\"url\":\"https:\/\/www.gaveanews.com\/wp-content\/uploads\/Rodrigo-Caetano.webp\",\"contentUrl\":\"https:\/\/www.gaveanews.com\/wp-content\/uploads\/Rodrigo-Caetano.webp\",\"width\":1280,\"height\":720,\"caption\":\"Rodrigo Caetano em entrevista pelo Atl\u00e9tico MG\"},{\"@type\":\"BreadcrumbList\",\"@id\":\"https:\/\/www.gaveanews.com\/index.php\/2023\/07\/03\/rodrigo-caetano-diretor-de-futebol-do-atletico-explica-saida-de-allan-para-flamengo\/#breadcrumb\",\"itemListElement\":[{\"@type\":\"ListItem\",\"position\":1,\"name\":\"Home\",\"item\":\"https:\/\/www.gaveanews.com\/\"},{\"@type\":\"ListItem\",\"position\":2,\"name\":\"Rodrigo Caetano diretor de futebol do Atl\u00e9tico, explica sa\u00edda de Allan para Flamengo\"}]},{\"@type\":\"WebSite\",\"@id\":\"https:\/\/www.gaveanews.com\/#website\",\"url\":\"https:\/\/www.gaveanews.com\/\",\"name\":\"G\u00e1vea News\",\"description\":\"Veja todas as not\u00edcias sobre o Flamengo: Contrata\u00e7\u00f5es, categorias de base, resultados das partidas, tabela de classifica\u00e7\u00e3o, pr\u00f3ximos jogos!\",\"potentialAction\":[{\"@type\":\"SearchAction\",\"target\":{\"@type\":\"EntryPoint\",\"urlTemplate\":\"https:\/\/www.gaveanews.com\/?s={search_term_string}\"},\"query-input\":{\"@type\":\"PropertyValueSpecification\",\"valueRequired\":true,\"valueName\":\"search_term_string\"}}],\"inLanguage\":\"pt-BR\"},{\"@type\":\"Person\",\"@id\":\"https:\/\/www.gaveanews.com\/#\/schema\/person\/2d29802e96a726e735077717fb5c6f20\",\"name\":\"Leonardo Ant\u00f4nio\",\"image\":{\"@type\":\"ImageObject\",\"inLanguage\":\"pt-BR\",\"@id\":\"https:\/\/www.gaveanews.com\/#\/schema\/person\/image\/\",\"url\":\"https:\/\/secure.gravatar.com\/avatar\/b9ffc9ff64af5c915e7cb1824991ab1b4aa29b902a6a9a83be9d1c8ba449fce8?s=96&d=mm&r=g\",\"contentUrl\":\"https:\/\/secure.gravatar.com\/avatar\/b9ffc9ff64af5c915e7cb1824991ab1b4aa29b902a6a9a83be9d1c8ba449fce8?s=96&d=mm&r=g\",\"caption\":\"Leonardo Ant\u00f4nio\"}}]}<\/script>\n<!-- \/ Yoast SEO Premium plugin. -->","yoast_head_json":{"title":"Rodrigo Caetano diretor de futebol do Atl\u00e9tico, explica sa\u00edda de Allan para Flamengo","robots":{"index":"index","follow":"follow","max-snippet":"max-snippet:-1","max-image-preview":"max-image-preview:large","max-video-preview":"max-video-preview:-1"},"canonical":"https:\/\/www.gaveanews.com\/index.php\/2023\/07\/03\/rodrigo-caetano-diretor-de-futebol-do-atletico-explica-saida-de-allan-para-flamengo\/","og_locale":"pt_BR","og_type":"article","og_title":"Rodrigo Caetano diretor de futebol do Atl\u00e9tico, explica sa\u00edda de Allan para Flamengo","og_description":"Rodrigo Caetano, diretor do Atl\u00e9tico-MG, explicou em entrevista coletiva o processo de venda do meio-campista Allan ao Flamengo. Por que a negocia\u00e7\u00e3o aconteceu? &#8220;As negocia\u00e7\u00f5es s\u00f3 avan\u00e7aram por um pedido do atleta. Claro que isso n\u00e3o \u00e9 determinante porque ele tinha contrato conosco, mas isso aconteceu por meados de fevereiro, quando surgiram possibilidades. Nunca tivemos [&hellip;]","og_url":"https:\/\/www.gaveanews.com\/index.php\/2023\/07\/03\/rodrigo-caetano-diretor-de-futebol-do-atletico-explica-saida-de-allan-para-flamengo\/","og_site_name":"G\u00e1vea News","article_publisher":"https:\/\/facebook.com\/gaveaNews\/","article_published_time":"2023-07-03T10:05:51+00:00","article_modified_time":"2023-07-03T10:05:54+00:00","og_image":[{"width":1280,"height":720,"url":"https:\/\/www.gaveanews.com\/wp-content\/uploads\/Rodrigo-Caetano.webp","type":"image\/webp"}],"author":"Leonardo Ant\u00f4nio","twitter_card":"summary_large_image","twitter_misc":{"Escrito por":"Leonardo Ant\u00f4nio","Est. tempo de leitura":"3 minutos"},"schema":{"@context":"https:\/\/schema.org","@graph":[{"@type":"NewsArticle","@id":"https:\/\/www.gaveanews.com\/index.php\/2023\/07\/03\/rodrigo-caetano-diretor-de-futebol-do-atletico-explica-saida-de-allan-para-flamengo\/#article","isPartOf":{"@id":"https:\/\/www.gaveanews.com\/index.php\/2023\/07\/03\/rodrigo-caetano-diretor-de-futebol-do-atletico-explica-saida-de-allan-para-flamengo\/"},"author":{"name":"Leonardo Ant\u00f4nio","@id":"https:\/\/www.gaveanews.com\/#\/schema\/person\/2d29802e96a726e735077717fb5c6f20"},"headline":"Rodrigo Caetano diretor de futebol do Atl\u00e9tico, explica sa\u00edda de Allan para Flamengo","datePublished":"2023-07-03T10:05:51+00:00","dateModified":"2023-07-03T10:05:54+00:00","mainEntityOfPage":{"@id":"https:\/\/www.gaveanews.com\/index.php\/2023\/07\/03\/rodrigo-caetano-diretor-de-futebol-do-atletico-explica-saida-de-allan-para-flamengo\/"},"wordCount":465,"commentCount":0,"image":{"@id":"https:\/\/www.gaveanews.com\/index.php\/2023\/07\/03\/rodrigo-caetano-diretor-de-futebol-do-atletico-explica-saida-de-allan-para-flamengo\/#primaryimage"},"thumbnailUrl":"https:\/\/www.gaveanews.com\/wp-content\/uploads\/Rodrigo-Caetano.webp","articleSection":["Flamengo"],"inLanguage":"pt-BR","potentialAction":[{"@type":"CommentAction","name":"Comment","target":["https:\/\/www.gaveanews.com\/index.php\/2023\/07\/03\/rodrigo-caetano-diretor-de-futebol-do-atletico-explica-saida-de-allan-para-flamengo\/#respond"]}],"copyrightYear":"2023","copyrightHolder":{"@id":"https:\/\/www.gaveanews.com\/#organization"}},{"@type":"WebPage","@id":"https:\/\/www.gaveanews.com\/index.php\/2023\/07\/03\/rodrigo-caetano-diretor-de-futebol-do-atletico-explica-saida-de-allan-para-flamengo\/","url":"https:\/\/www.gaveanews.com\/index.php\/2023\/07\/03\/rodrigo-caetano-diretor-de-futebol-do-atletico-explica-saida-de-allan-para-flamengo\/","name":"Rodrigo Caetano diretor de futebol do Atl\u00e9tico, explica sa\u00edda de Allan para Flamengo","isPartOf":{"@id":"https:\/\/www.gaveanews.com\/#website"},"primaryImageOfPage":{"@id":"https:\/\/www.gaveanews.com\/index.php\/2023\/07\/03\/rodrigo-caetano-diretor-de-futebol-do-atletico-explica-saida-de-allan-para-flamengo\/#primaryimage"},"image":{"@id":"https:\/\/www.gaveanews.com\/index.php\/2023\/07\/03\/rodrigo-caetano-diretor-de-futebol-do-atletico-explica-saida-de-allan-para-flamengo\/#primaryimage"},"thumbnailUrl":"https:\/\/www.gaveanews.com\/wp-content\/uploads\/Rodrigo-Caetano.webp","datePublished":"2023-07-03T10:05:51+00:00","dateModified":"2023-07-03T10:05:54+00:00","author":{"@id":"https:\/\/www.gaveanews.com\/#\/schema\/person\/2d29802e96a726e735077717fb5c6f20"},"breadcrumb":{"@id":"https:\/\/www.gaveanews.com\/index.php\/2023\/07\/03\/rodrigo-caetano-diretor-de-futebol-do-atletico-explica-saida-de-allan-para-flamengo\/#breadcrumb"},"inLanguage":"pt-BR","potentialAction":[{"@type":"ReadAction","target":["https:\/\/www.gaveanews.com\/index.php\/2023\/07\/03\/rodrigo-caetano-diretor-de-futebol-do-atletico-explica-saida-de-allan-para-flamengo\/"]}]},{"@type":"ImageObject","inLanguage":"pt-BR","@id":"https:\/\/www.gaveanews.com\/index.php\/2023\/07\/03\/rodrigo-caetano-diretor-de-futebol-do-atletico-explica-saida-de-allan-para-flamengo\/#primaryimage","url":"https:\/\/www.gaveanews.com\/wp-content\/uploads\/Rodrigo-Caetano.webp","contentUrl":"https:\/\/www.gaveanews.com\/wp-content\/uploads\/Rodrigo-Caetano.webp","width":1280,"height":720,"caption":"Rodrigo Caetano em entrevista pelo Atl\u00e9tico MG"},{"@type":"BreadcrumbList","@id":"https:\/\/www.gaveanews.com\/index.php\/2023\/07\/03\/rodrigo-caetano-diretor-de-futebol-do-atletico-explica-saida-de-allan-para-flamengo\/#breadcrumb","itemListElement":[{"@type":"ListItem","position":1,"name":"Home","item":"https:\/\/www.gaveanews.com\/"},{"@type":"ListItem","position":2,"name":"Rodrigo Caetano diretor de futebol do Atl\u00e9tico, explica sa\u00edda de Allan para Flamengo"}]},{"@type":"WebSite","@id":"https:\/\/www.gaveanews.com\/#website","url":"https:\/\/www.gaveanews.com\/","name":"G\u00e1vea News","description":"Veja todas as not\u00edcias sobre o Flamengo: Contrata\u00e7\u00f5es, categorias de base, resultados das partidas, tabela de classifica\u00e7\u00e3o, pr\u00f3ximos jogos!","potentialAction":[{"@type":"SearchAction","target":{"@type":"EntryPoint","urlTemplate":"https:\/\/www.gaveanews.com\/?s={search_term_string}"},"query-input":{"@type":"PropertyValueSpecification","valueRequired":true,"valueName":"search_term_string"}}],"inLanguage":"pt-BR"},{"@type":"Person","@id":"https:\/\/www.gaveanews.com\/#\/schema\/person\/2d29802e96a726e735077717fb5c6f20","name":"Leonardo Ant\u00f4nio","image":{"@type":"ImageObject","inLanguage":"pt-BR","@id":"https:\/\/www.gaveanews.com\/#\/schema\/person\/image\/","url":"https:\/\/secure.gravatar.com\/avatar\/b9ffc9ff64af5c915e7cb1824991ab1b4aa29b902a6a9a83be9d1c8ba449fce8?s=96&d=mm&r=g","contentUrl":"https:\/\/secure.gravatar.com\/avatar\/b9ffc9ff64af5c915e7cb1824991ab1b4aa29b902a6a9a83be9d1c8ba449fce8?s=96&d=mm&r=g","caption":"Leonardo Ant\u00f4nio"}}]}},"_links":{"self":[{"href":"https:\/\/www.gaveanews.com\/index.php\/wp-json\/wp\/v2\/posts\/101778","targetHints":{"allow":["GET"]}}],"collection":[{"href":"https:\/\/www.gaveanews.com\/index.php\/wp-json\/wp\/v2\/posts"}],"about":[{"href":"https:\/\/www.gaveanews.com\/index.php\/wp-json\/wp\/v2\/types\/post"}],"author":[{"embeddable":true,"href":"https:\/\/www.gaveanews.com\/index.php\/wp-json\/wp\/v2\/users\/6"}],"replies":[{"embeddable":true,"href":"https:\/\/www.gaveanews.com\/index.php\/wp-json\/wp\/v2\/comments?post=101778"}],"version-history":[{"count":0,"href":"https:\/\/www.gaveanews.com\/index.php\/wp-json\/wp\/v2\/posts\/101778\/revisions"}],"wp:featuredmedia":[{"embeddable":true,"href":"https:\/\/www.gaveanews.com\/index.php\/wp-json\/wp\/v2\/media\/101781"}],"wp:attachment":[{"href":"https:\/\/www.gaveanews.com\/index.php\/wp-json\/wp\/v2\/media?parent=101778"}],"wp:term":[{"taxonomy":"category","embeddable":true,"href":"https:\/\/www.gaveanews.com\/index.php\/wp-json\/wp\/v2\/categories?post=101778"},{"taxonomy":"post_tag","embeddable":true,"href":"https:\/\/www.gaveanews.com\/index.php\/wp-json\/wp\/v2\/tags?post=101778"}],"curies":[{"name":"wp","href":"https:\/\/api.w.org\/{rel}","templated":true}]}}