{"id":101783,"date":"2023-07-03T08:00:00","date_gmt":"2023-07-03T11:00:00","guid":{"rendered":"https:\/\/www.gaveanews.com\/?p=101783"},"modified":"2023-07-03T07:24:19","modified_gmt":"2023-07-03T10:24:19","slug":"copa-do-brasil-o-que-aconteceu-nos-8-times-ainda-vivos-desde-a-parada-da-copa-do-brasil","status":"publish","type":"post","link":"https:\/\/www.gaveanews.com\/index.php\/2023\/07\/03\/copa-do-brasil-o-que-aconteceu-nos-8-times-ainda-vivos-desde-a-parada-da-copa-do-brasil\/","title":{"rendered":"Copa do Brasil: o que aconteceu nos 8 times ainda vivos desde a parada da Copa do Brasil?"},"content":{"rendered":"\n<p>Pouco mais de um m\u00eas ap\u00f3s as oitavas de final, a Copa do Brasil chega \u00e0 fase seguinte com confrontos eletrizantes, que contam com cl\u00e1ssicos regionais e expectativa de grandes partidas na busca pelo t\u00edtulo.<\/p>\n\n\n\n<p>Neste per\u00edodo, os oito classificados \u00e0s quartas de final passaram por transforma\u00e7\u00f5es e importantes fatos que ajudaram a construir os momentos atuais de cada um na temporada.<\/p>\n\n\n\n<figure class=\"wp-block-image size-full is-resized\"><img loading=\"lazy\" decoding=\"async\" src=\"https:\/\/www.gaveanews.com\/wp-content\/uploads\/sorteio-copa-do-brasil.webp\" alt=\"\" class=\"wp-image-96234\" width=\"839\" height=\"524\" srcset=\"https:\/\/www.gaveanews.com\/wp-content\/uploads\/sorteio-copa-do-brasil.webp 640w, https:\/\/www.gaveanews.com\/wp-content\/uploads\/sorteio-copa-do-brasil-300x188.webp 300w, https:\/\/www.gaveanews.com\/wp-content\/uploads\/sorteio-copa-do-brasil-100x63.webp 100w\" sizes=\"auto, (max-width: 839px) 100vw, 839px\" \/><figcaption class=\"wp-element-caption\">Sorteio da Copa do Brasil (Foto: Lucas Figueiredo\/CBF)<\/figcaption><\/figure>\n\n\n\n<p>Veja abaixo o que ocorreu de mais importante com cada time que disputar\u00e1 o mata-mata da Copa do Brasil.<\/p>\n\n\n\n<p><strong>Flamengo<\/strong><br>O Flamengo viveu um per\u00edodo de altos e baixos em campo desde a classifica\u00e7\u00e3o em cima do arquirrival Fluminense nas oitavas de final da Copa do Brasil.<\/p>\n\n\n\n<p>Sob o comando de Sampaoli, o Rubro-Negro atropelou o Vasco, pelo Brasileir\u00e3o, por 4 a 1, no Maracan\u00e3. Mas, dias depois, sofreu um 4 a 0 para o Red Bull Bragantino, em Bragan\u00e7a Paulista.<\/p>\n\n\n\n<p>Uma grande not\u00edcia aos rubro-negros foi a volta do atacante Bruno Henrique, que tem brilhado nas \u00faltimas partidas. Al\u00e9m disso, o clube oficializou as chegadas do goleiro Agust\u00edn Rossi, do volante Allan e do atacante Luiz Ara\u00fajo.<\/p>\n\n\n\n<p>Na Libertadores, a equipe conseguiu a classifica\u00e7\u00e3o \u00e0s oitavas de final, mas ficou com o segundo lugar da chave. Desta forma, \u00e9 grande a chance de o Flamengo encarar uma \u2018pedreira\u2019 nas oitavas de final.<\/p>\n\n\n\n<p><a href=\"https:\/\/www.gaveanews.com\/index.php\/2023\/06\/30\/cbf-define-arbitro-para-flamengo-x-athletico-jogo-de-ida-das-quartas-de-final-da-copa-do-brasil\/\">+ CBF define \u00e1rbitro para Flamengo x Athletico, jogo de ida das quartas de final da Copa do Brasil<\/a><\/p>\n\n\n\n<p><strong>Am\u00e9rica-MG<\/strong><br>Desde a classifica\u00e7\u00e3o garantida diante do Internacional, em Porto Alegre, o Am\u00e9rica-MG tem tido dias movimentados tranquilos na temporada 2023.<\/p>\n\n\n\n<p>O time dirigido por Vagner Mancini conseguiu uma das vagas nos playoffs da CONMEBOL Sul-Americana ao terminar a fase de grupos em segundo lugar no Grupo F em uma vit\u00f3ria heroica sobre o Pe\u00f1arol, fora de casa, na \u00faltima rodada. No Brasileir\u00e3o, por outro lado, a equipe at\u00e9 mostrou poder de rea\u00e7\u00e3o, ao buscar o empate com o Atl\u00e9tico-MG ap\u00f3s estar perdendo por 2 a 0, mas, com nove pontos, segue dentro da zona de rebaixamento.<\/p>\n\n\n\n<p>Para o duelo diante do Corinthians, nesta quarta-feira (5), \u00e0s 21h30, em Belo Horizonte, o Coelho espera repetir o bom futebol mostrado contra o pr\u00f3prio Alvinegro pelo Brasileir\u00e3o, quando venceu por 2 a 0, em confronto realizado no dia 3 de junho, logo ap\u00f3s eliminar o Inter.<\/p>\n\n\n\n<p><strong>Athletico-PR<\/strong><br>O Athletico-PR passou por grandes transforma\u00e7\u00f5es desde que eliminou o Botafogo da Copa do Brasil. Nas \u00faltimas semanas, o clube viu Luiz Felipe Scolari aceitar uma oferta do Atl\u00e9tico-MG e deixar Curitiba. De quebra, o Furac\u00e3o anunciou a sa\u00edda do t\u00e9cnico Paulo Turra, que assumiu o Santos.<\/p>\n\n\n\n<p>Quem est\u00e1 \u00e0 frente do Athletico neste momento \u00e9 Wesley Carvalho. Al\u00e9m das mudan\u00e7as no comando, quem tem brilhado e parece viver seus \u00faltimos momentos com a camisa do clube \u00e9 V\u00edtor Roque. A joia tem negocia\u00e7\u00f5es avan\u00e7adas com o Barcelona e dever\u00e1 ser negociada por 40 milh\u00f5es de euros (R$ 210 milh\u00f5es).<\/p>\n\n\n\n<p>No Brasileir\u00e3o, a equipe faz campanha de meio de tabela, atualmente na 9\u00aa coloca\u00e7\u00e3o, ap\u00f3s buscar empate em 2 a 2 com o Palmeiras, mas segue brilhando mesmo \u00e9 na CONMEBOL Libertadores, competi\u00e7\u00e3o na qual avan\u00e7ou \u00e0s oitavas em primeiro lugar do Grupo G com 13 pontos.<\/p>\n\n\n\n<p><strong>Bahia<\/strong><br>O Tricolor da Fonte Nova ter\u00e1 o Gr\u00eamio pela frente nas quartas da Copa do Brasil, mas aposta no bom momento em campo para largar com o p\u00e9 direito no mata-mata.<\/p>\n\n\n\n<p>Desde que eliminou o Santos, o time de Renato Paiva foi o respons\u00e1vel por tirar a invencibilidade do Palmeiras no Campeonato Brasileiro, com vit\u00f3ria por 1 a 0, em Salvador, al\u00e9m de ter perdido apenas duas partidas neste per\u00edodo sem Copa do Brasil.<\/p>\n\n\n\n<p>Um deles, por\u00e9m, foi justamente para o Gr\u00eamio, dentro de casa, por 2 a 1. A esperan\u00e7a baiana \u00e9 que na competi\u00e7\u00e3o de mata-mata seja diferente.<\/p>\n\n\n\n<p><strong>Corinthians<\/strong><br>Ap\u00f3s duas classifica\u00e7\u00f5es emocionantes na Copa do Brasil contra Remo e Atl\u00e9tico-MG, o Corinthians se despediu da Libertadores ainda na primeira fase, mas conseguiu ao menos uma ida aos playoffs da Sul-Americana, competi\u00e7\u00e3o na qual enfrentar\u00e1 o Universitario, do Peru.<\/p>\n\n\n\n<p>A equipe conseguiu tamb\u00e9m deixar a zona de rebaixamento do Campeonato Brasileiro, mas segue pr\u00f3ximo ao Z-4 e n\u00e3o consegue engrenar sob o comando de Luxemburgo. Neste domingo, dentro de uma Neo Qu\u00edmica Arena lotada, o time perdeu para o Red Bull Bragantino por 1 a 0.<\/p>\n\n\n\n<p>A se elogiar do trabalho do veterano treinador \u00e9 a aposta que ele tem feito em joias da base em algumas partidas da equipe.<\/p>\n\n\n\n<p>Por falar nisso, o clube oficializou a venda do garoto Pedro, ao Zenit, da R\u00fassia. Os europeus desembolsaram 9 milh\u00f5es de euros (R$ 45 milh\u00f5es) por 50% dos direitos econ\u00f4micos do atleta. A grana ajudar\u00e1 o clube, que, segundo o presidente Duilio Monteiro Alves, em entrevista \u00e0 ESPN, alcan\u00e7am os R$ 900 milh\u00f5es.<\/p>\n\n\n\n<p><strong>Gr\u00eamio<\/strong><br>Desde que se classificou em cima do Cruzeiro, na Arena Independ\u00eancia, o Gr\u00eamio segue firme no Campeonato Brasileiro ao ocupar atualmente a 2\u00aa coloca\u00e7\u00e3o. A equipe sofreu apenas uma derrota no per\u00edodo, sendo esta para o Flamengo, por 3 a 0, no Est\u00e1dio do Maracan\u00e3. Depois disso, o time emendou uma sequ\u00eancia com tr\u00eas vit\u00f3rias seguidas, a \u00faltima delas justamente sobre o Bahia, rival tamb\u00e9m na Copa do Brasil.<\/p>\n\n\n\n<p>Fora de campo, o Imortal viveu semanas agitadas com not\u00edcias a respeito de uma suposta aposentadoria de Luis Su\u00e1rez por conta de problemas no joelho. O atleta, que segue com dores na regi\u00e3o, estuda at\u00e9 um tratamento fora do pa\u00eds para seguir atuando pelo Gr\u00eamio.<\/p>\n\n\n\n<p>Al\u00e9m disso, o experiente Diego Souza anunciou sua sa\u00edda do clube ap\u00f3s tr\u00eas anos, e o diretor Paulo Caleffi, ent\u00e3o vice-presidente de futebol, foi demitido do cargo.<\/p>\n\n\n\n<p><strong>Palmeiras<\/strong><br>O Palmeiras viveu um per\u00edodo de leve turbul\u00eancia na temporada ao acumular duas derrotas seguidas, para Bahia e Botafogo. No entanto, a equipe de Abel Ferreira conseguiu a melhor campanha de toda a primeira fase da Libertadores e, apesar de tr\u00eas trope\u00e7os seguidos no Brasileir\u00e3o, segue entre os primeiros colocados no Nacional.<\/p>\n\n\n\n<p>Fora de campo, a compra de um avi\u00e3o por parte da presidente Leila Pereira gerou protestos de parte da torcida, que segue pedindo refor\u00e7os ao clube para a temporada. Desde o come\u00e7o do ano, o Palmeiras contratou apenas o atacante Artur e o meio-campista Richard R\u00edos.<\/p>\n\n\n\n<p>Al\u00e9m disso, o clube acertou a venda do garoto Giovani ao Al-Sadd, do Qatar, e o t\u00e9cnico Abel Ferreira recusou investidas do futebol da Ar\u00e1bia Saudita para permanecer no Palmeiras.<\/p>\n\n\n\n<p><strong>S\u00e3o Paulo<\/strong><br>O Tricolor do Morumbi respira fundo na temporada 2023 ap\u00f3s a agonizante classifica\u00e7\u00e3o em cima do Sport na Copa do Brasil. O time garantiu classifica\u00e7\u00e3o ao mata-mata da Sul-Americana ao fechar a primeira fase com 16 pontos, sendo o melhor time entre todos os classificados.<\/p>\n\n\n\n<p>No Brasileir\u00e3o, a vit\u00f3ria por 1 a 0 sobre o Fluminense conquistada nos minutos finais confirmou a for\u00e7a do S\u00e3o Paulo dentro do Morumbi, enquanto fora de casa o retrospecto \u00e9 bastante negativo<\/p>\n\n\n\n<p>Fora de campo, o time anunciou o retorno de Alexandre Pato, mas viu o zagueiro Beraldo sofrer les\u00e3o, al\u00e9m do atacante Jonathan Calleri n\u00e3o se recuperar completamente de uma pancada nas costas. Os dois se juntam a outros v\u00e1rios atletas que est\u00e3o no departamento m\u00e9dico.<\/p>\n\n\n\n<p><a href=\"https:\/\/www.gaveanews.com\/index.php\/2023\/07\/02\/proximo-jogo-do-flamengo-jorge-sampaoli-pode-perder-dois-titulares-para-o-duelo-contra-o-athletico-na-copa-do-brasil\/\">+ Pr\u00f3ximo jogo do Flamengo: Jorge Sampaoli pode perder dois titulares para o duelo contra o Athletico na Copa do Brasil<\/a><\/p>\n\n\n\n<h2 class=\"wp-block-heading\" id=\"h-veja-os-confrontos-da-copa-do-brasil\">Veja os confrontos da Copa do Brasil:<\/h2>\n\n\n\n<p><strong>Bahia x Gr\u00eamio<\/strong><br>Ida: 04\/07, 21h (Fonte Nova, Salvador)<\/p>\n\n\n\n<p>Volta: 12\/07, 19h (Arena do Gr\u00eamio, Porto Alegre)<\/p>\n\n\n\n<p><strong>S\u00e3o Paulo x Palmeiras<\/strong><br>Ida: 05\/07, 19h30 (Morumbi, S\u00e3o Paulo)<\/p>\n\n\n\n<p>Volta: 13\/07, 20h (Allianz Parque, S\u00e3o Paulo)<\/p>\n\n\n\n<p><strong>Am\u00e9rica-MG x Corinthians<\/strong><br>Ida: 05\/07, 21h30 (Independ\u00eancia, Belo Horizonte)<\/p>\n\n\n\n<p>Volta: 12\/07, 21h30 (Neo Qu\u00edmica Arena, S\u00e3o Paulo)<\/p>\n\n\n\n<p><strong>Flamengo x Athletico-PR<\/strong><br>Ida: 05\/07, 21h30 (Maracan\u00e3, Rio de Janeiro)<\/p>\n\n\n\n<p>Volta: 12\/07, 21h30 (Arena da Baixada, Curitiba)<\/p>\n\n\n\n<p>Retirado de: ESPN<\/p>\n","protected":false},"excerpt":{"rendered":"<p>Pouco mais de um m\u00eas ap\u00f3s as oitavas de final, a Copa do Brasil chega \u00e0 fase seguinte com confrontos eletrizantes, que contam com cl\u00e1ssicos regionais e expectativa de grandes partidas na busca pelo t\u00edtulo. Neste per\u00edodo, os oito classificados \u00e0s quartas de final passaram por transforma\u00e7\u00f5es e importantes fatos que ajudaram a construir os [&hellip;]<\/p>\n","protected":false},"author":6,"featured_media":89335,"comment_status":"open","ping_status":"closed","sticky":false,"template":"","format":"standard","meta":{"footnotes":""},"categories":[1],"tags":[],"class_list":["post-101783","post","type-post","status-publish","format-standard","has-post-thumbnail","hentry","category-flamengo"],"yoast_head":"<!-- This site is optimized with the Yoast SEO Premium plugin v24.2 (Yoast SEO v26.9) - https:\/\/yoast.com\/product\/yoast-seo-premium-wordpress\/ -->\n<title>Copa do Brasil: o que aconteceu nos 8 times ainda vivos desde a parada da Copa do Brasil?<\/title>\n<meta name=\"robots\" content=\"index, follow, max-snippet:-1, max-image-preview:large, max-video-preview:-1\" \/>\n<link rel=\"canonical\" href=\"https:\/\/www.gaveanews.com\/index.php\/2023\/07\/03\/copa-do-brasil-o-que-aconteceu-nos-8-times-ainda-vivos-desde-a-parada-da-copa-do-brasil\/\" \/>\n<meta property=\"og:locale\" content=\"pt_BR\" \/>\n<meta property=\"og:type\" content=\"article\" \/>\n<meta property=\"og:title\" content=\"Copa do Brasil: o que aconteceu nos 8 times ainda vivos desde a parada da Copa do Brasil?\" \/>\n<meta property=\"og:description\" content=\"Pouco mais de um m\u00eas ap\u00f3s as oitavas de final, a Copa do Brasil chega \u00e0 fase seguinte com confrontos eletrizantes, que contam com cl\u00e1ssicos regionais e expectativa de grandes partidas na busca pelo t\u00edtulo. Neste per\u00edodo, os oito classificados \u00e0s quartas de final passaram por transforma\u00e7\u00f5es e importantes fatos que ajudaram a construir os [&hellip;]\" \/>\n<meta property=\"og:url\" content=\"https:\/\/www.gaveanews.com\/index.php\/2023\/07\/03\/copa-do-brasil-o-que-aconteceu-nos-8-times-ainda-vivos-desde-a-parada-da-copa-do-brasil\/\" \/>\n<meta property=\"og:site_name\" content=\"G\u00e1vea News\" \/>\n<meta property=\"article:publisher\" content=\"https:\/\/facebook.com\/gaveaNews\/\" \/>\n<meta property=\"article:published_time\" content=\"2023-07-03T11:00:00+00:00\" \/>\n<meta property=\"og:image\" content=\"https:\/\/www.gaveanews.com\/wp-content\/uploads\/Taca-da-Copa-do-Brasil-1.webp\" \/>\n\t<meta property=\"og:image:width\" content=\"799\" \/>\n\t<meta property=\"og:image:height\" content=\"534\" \/>\n\t<meta property=\"og:image:type\" content=\"image\/jpeg\" \/>\n<meta name=\"author\" content=\"Leonardo Ant\u00f4nio\" \/>\n<meta name=\"twitter:card\" content=\"summary_large_image\" \/>\n<meta name=\"twitter:label1\" content=\"Escrito por\" \/>\n\t<meta name=\"twitter:data1\" content=\"Leonardo Ant\u00f4nio\" \/>\n\t<meta name=\"twitter:label2\" content=\"Est. tempo de leitura\" \/>\n\t<meta name=\"twitter:data2\" content=\"8 minutos\" \/>\n<script type=\"application\/ld+json\" class=\"yoast-schema-graph\">{\"@context\":\"https:\/\/schema.org\",\"@graph\":[{\"@type\":\"NewsArticle\",\"@id\":\"https:\/\/www.gaveanews.com\/index.php\/2023\/07\/03\/copa-do-brasil-o-que-aconteceu-nos-8-times-ainda-vivos-desde-a-parada-da-copa-do-brasil\/#article\",\"isPartOf\":{\"@id\":\"https:\/\/www.gaveanews.com\/index.php\/2023\/07\/03\/copa-do-brasil-o-que-aconteceu-nos-8-times-ainda-vivos-desde-a-parada-da-copa-do-brasil\/\"},\"author\":{\"name\":\"Leonardo Ant\u00f4nio\",\"@id\":\"https:\/\/www.gaveanews.com\/#\/schema\/person\/2d29802e96a726e735077717fb5c6f20\"},\"headline\":\"Copa do Brasil: o que aconteceu nos 8 times ainda vivos desde a parada da Copa do Brasil?\",\"datePublished\":\"2023-07-03T11:00:00+00:00\",\"mainEntityOfPage\":{\"@id\":\"https:\/\/www.gaveanews.com\/index.php\/2023\/07\/03\/copa-do-brasil-o-que-aconteceu-nos-8-times-ainda-vivos-desde-a-parada-da-copa-do-brasil\/\"},\"wordCount\":1382,\"commentCount\":0,\"image\":{\"@id\":\"https:\/\/www.gaveanews.com\/index.php\/2023\/07\/03\/copa-do-brasil-o-que-aconteceu-nos-8-times-ainda-vivos-desde-a-parada-da-copa-do-brasil\/#primaryimage\"},\"thumbnailUrl\":\"https:\/\/www.gaveanews.com\/wp-content\/uploads\/Taca-da-Copa-do-Brasil-1.webp\",\"articleSection\":[\"Flamengo\"],\"inLanguage\":\"pt-BR\",\"potentialAction\":[{\"@type\":\"CommentAction\",\"name\":\"Comment\",\"target\":[\"https:\/\/www.gaveanews.com\/index.php\/2023\/07\/03\/copa-do-brasil-o-que-aconteceu-nos-8-times-ainda-vivos-desde-a-parada-da-copa-do-brasil\/#respond\"]}],\"copyrightYear\":\"2023\",\"copyrightHolder\":{\"@id\":\"https:\/\/www.gaveanews.com\/#organization\"}},{\"@type\":\"WebPage\",\"@id\":\"https:\/\/www.gaveanews.com\/index.php\/2023\/07\/03\/copa-do-brasil-o-que-aconteceu-nos-8-times-ainda-vivos-desde-a-parada-da-copa-do-brasil\/\",\"url\":\"https:\/\/www.gaveanews.com\/index.php\/2023\/07\/03\/copa-do-brasil-o-que-aconteceu-nos-8-times-ainda-vivos-desde-a-parada-da-copa-do-brasil\/\",\"name\":\"Copa do Brasil: o que aconteceu nos 8 times ainda vivos desde a parada da Copa do Brasil?\",\"isPartOf\":{\"@id\":\"https:\/\/www.gaveanews.com\/#website\"},\"primaryImageOfPage\":{\"@id\":\"https:\/\/www.gaveanews.com\/index.php\/2023\/07\/03\/copa-do-brasil-o-que-aconteceu-nos-8-times-ainda-vivos-desde-a-parada-da-copa-do-brasil\/#primaryimage\"},\"image\":{\"@id\":\"https:\/\/www.gaveanews.com\/index.php\/2023\/07\/03\/copa-do-brasil-o-que-aconteceu-nos-8-times-ainda-vivos-desde-a-parada-da-copa-do-brasil\/#primaryimage\"},\"thumbnailUrl\":\"https:\/\/www.gaveanews.com\/wp-content\/uploads\/Taca-da-Copa-do-Brasil-1.webp\",\"datePublished\":\"2023-07-03T11:00:00+00:00\",\"author\":{\"@id\":\"https:\/\/www.gaveanews.com\/#\/schema\/person\/2d29802e96a726e735077717fb5c6f20\"},\"breadcrumb\":{\"@id\":\"https:\/\/www.gaveanews.com\/index.php\/2023\/07\/03\/copa-do-brasil-o-que-aconteceu-nos-8-times-ainda-vivos-desde-a-parada-da-copa-do-brasil\/#breadcrumb\"},\"inLanguage\":\"pt-BR\",\"potentialAction\":[{\"@type\":\"ReadAction\",\"target\":[\"https:\/\/www.gaveanews.com\/index.php\/2023\/07\/03\/copa-do-brasil-o-que-aconteceu-nos-8-times-ainda-vivos-desde-a-parada-da-copa-do-brasil\/\"]}]},{\"@type\":\"ImageObject\",\"inLanguage\":\"pt-BR\",\"@id\":\"https:\/\/www.gaveanews.com\/index.php\/2023\/07\/03\/copa-do-brasil-o-que-aconteceu-nos-8-times-ainda-vivos-desde-a-parada-da-copa-do-brasil\/#primaryimage\",\"url\":\"https:\/\/www.gaveanews.com\/wp-content\/uploads\/Taca-da-Copa-do-Brasil-1.webp\",\"contentUrl\":\"https:\/\/www.gaveanews.com\/wp-content\/uploads\/Taca-da-Copa-do-Brasil-1.webp\",\"width\":799,\"height\":534,\"caption\":\"Ta\u00e7a da Copa do Brasil (Foto: Paula Reis\/Flamengo)\"},{\"@type\":\"BreadcrumbList\",\"@id\":\"https:\/\/www.gaveanews.com\/index.php\/2023\/07\/03\/copa-do-brasil-o-que-aconteceu-nos-8-times-ainda-vivos-desde-a-parada-da-copa-do-brasil\/#breadcrumb\",\"itemListElement\":[{\"@type\":\"ListItem\",\"position\":1,\"name\":\"Home\",\"item\":\"https:\/\/www.gaveanews.com\/\"},{\"@type\":\"ListItem\",\"position\":2,\"name\":\"Copa do Brasil: o que aconteceu nos 8 times ainda vivos desde a parada da Copa do Brasil?\"}]},{\"@type\":\"WebSite\",\"@id\":\"https:\/\/www.gaveanews.com\/#website\",\"url\":\"https:\/\/www.gaveanews.com\/\",\"name\":\"G\u00e1vea News\",\"description\":\"Veja todas as not\u00edcias sobre o Flamengo: Contrata\u00e7\u00f5es, categorias de base, resultados das partidas, tabela de classifica\u00e7\u00e3o, pr\u00f3ximos jogos!\",\"potentialAction\":[{\"@type\":\"SearchAction\",\"target\":{\"@type\":\"EntryPoint\",\"urlTemplate\":\"https:\/\/www.gaveanews.com\/?s={search_term_string}\"},\"query-input\":{\"@type\":\"PropertyValueSpecification\",\"valueRequired\":true,\"valueName\":\"search_term_string\"}}],\"inLanguage\":\"pt-BR\"},{\"@type\":\"Person\",\"@id\":\"https:\/\/www.gaveanews.com\/#\/schema\/person\/2d29802e96a726e735077717fb5c6f20\",\"name\":\"Leonardo Ant\u00f4nio\",\"image\":{\"@type\":\"ImageObject\",\"inLanguage\":\"pt-BR\",\"@id\":\"https:\/\/www.gaveanews.com\/#\/schema\/person\/image\/\",\"url\":\"https:\/\/secure.gravatar.com\/avatar\/b9ffc9ff64af5c915e7cb1824991ab1b4aa29b902a6a9a83be9d1c8ba449fce8?s=96&d=mm&r=g\",\"contentUrl\":\"https:\/\/secure.gravatar.com\/avatar\/b9ffc9ff64af5c915e7cb1824991ab1b4aa29b902a6a9a83be9d1c8ba449fce8?s=96&d=mm&r=g\",\"caption\":\"Leonardo Ant\u00f4nio\"}}]}<\/script>\n<!-- \/ Yoast SEO Premium plugin. -->","yoast_head_json":{"title":"Copa do Brasil: o que aconteceu nos 8 times ainda vivos desde a parada da Copa do Brasil?","robots":{"index":"index","follow":"follow","max-snippet":"max-snippet:-1","max-image-preview":"max-image-preview:large","max-video-preview":"max-video-preview:-1"},"canonical":"https:\/\/www.gaveanews.com\/index.php\/2023\/07\/03\/copa-do-brasil-o-que-aconteceu-nos-8-times-ainda-vivos-desde-a-parada-da-copa-do-brasil\/","og_locale":"pt_BR","og_type":"article","og_title":"Copa do Brasil: o que aconteceu nos 8 times ainda vivos desde a parada da Copa do Brasil?","og_description":"Pouco mais de um m\u00eas ap\u00f3s as oitavas de final, a Copa do Brasil chega \u00e0 fase seguinte com confrontos eletrizantes, que contam com cl\u00e1ssicos regionais e expectativa de grandes partidas na busca pelo t\u00edtulo. Neste per\u00edodo, os oito classificados \u00e0s quartas de final passaram por transforma\u00e7\u00f5es e importantes fatos que ajudaram a construir os [&hellip;]","og_url":"https:\/\/www.gaveanews.com\/index.php\/2023\/07\/03\/copa-do-brasil-o-que-aconteceu-nos-8-times-ainda-vivos-desde-a-parada-da-copa-do-brasil\/","og_site_name":"G\u00e1vea News","article_publisher":"https:\/\/facebook.com\/gaveaNews\/","article_published_time":"2023-07-03T11:00:00+00:00","og_image":[{"width":799,"height":534,"url":"https:\/\/www.gaveanews.com\/wp-content\/uploads\/Taca-da-Copa-do-Brasil-1.webp","type":"image\/jpeg"}],"author":"Leonardo Ant\u00f4nio","twitter_card":"summary_large_image","twitter_misc":{"Escrito por":"Leonardo Ant\u00f4nio","Est. tempo de leitura":"8 minutos"},"schema":{"@context":"https:\/\/schema.org","@graph":[{"@type":"NewsArticle","@id":"https:\/\/www.gaveanews.com\/index.php\/2023\/07\/03\/copa-do-brasil-o-que-aconteceu-nos-8-times-ainda-vivos-desde-a-parada-da-copa-do-brasil\/#article","isPartOf":{"@id":"https:\/\/www.gaveanews.com\/index.php\/2023\/07\/03\/copa-do-brasil-o-que-aconteceu-nos-8-times-ainda-vivos-desde-a-parada-da-copa-do-brasil\/"},"author":{"name":"Leonardo Ant\u00f4nio","@id":"https:\/\/www.gaveanews.com\/#\/schema\/person\/2d29802e96a726e735077717fb5c6f20"},"headline":"Copa do Brasil: o que aconteceu nos 8 times ainda vivos desde a parada da Copa do Brasil?","datePublished":"2023-07-03T11:00:00+00:00","mainEntityOfPage":{"@id":"https:\/\/www.gaveanews.com\/index.php\/2023\/07\/03\/copa-do-brasil-o-que-aconteceu-nos-8-times-ainda-vivos-desde-a-parada-da-copa-do-brasil\/"},"wordCount":1382,"commentCount":0,"image":{"@id":"https:\/\/www.gaveanews.com\/index.php\/2023\/07\/03\/copa-do-brasil-o-que-aconteceu-nos-8-times-ainda-vivos-desde-a-parada-da-copa-do-brasil\/#primaryimage"},"thumbnailUrl":"https:\/\/www.gaveanews.com\/wp-content\/uploads\/Taca-da-Copa-do-Brasil-1.webp","articleSection":["Flamengo"],"inLanguage":"pt-BR","potentialAction":[{"@type":"CommentAction","name":"Comment","target":["https:\/\/www.gaveanews.com\/index.php\/2023\/07\/03\/copa-do-brasil-o-que-aconteceu-nos-8-times-ainda-vivos-desde-a-parada-da-copa-do-brasil\/#respond"]}],"copyrightYear":"2023","copyrightHolder":{"@id":"https:\/\/www.gaveanews.com\/#organization"}},{"@type":"WebPage","@id":"https:\/\/www.gaveanews.com\/index.php\/2023\/07\/03\/copa-do-brasil-o-que-aconteceu-nos-8-times-ainda-vivos-desde-a-parada-da-copa-do-brasil\/","url":"https:\/\/www.gaveanews.com\/index.php\/2023\/07\/03\/copa-do-brasil-o-que-aconteceu-nos-8-times-ainda-vivos-desde-a-parada-da-copa-do-brasil\/","name":"Copa do Brasil: o que aconteceu nos 8 times ainda vivos desde a parada da Copa do Brasil?","isPartOf":{"@id":"https:\/\/www.gaveanews.com\/#website"},"primaryImageOfPage":{"@id":"https:\/\/www.gaveanews.com\/index.php\/2023\/07\/03\/copa-do-brasil-o-que-aconteceu-nos-8-times-ainda-vivos-desde-a-parada-da-copa-do-brasil\/#primaryimage"},"image":{"@id":"https:\/\/www.gaveanews.com\/index.php\/2023\/07\/03\/copa-do-brasil-o-que-aconteceu-nos-8-times-ainda-vivos-desde-a-parada-da-copa-do-brasil\/#primaryimage"},"thumbnailUrl":"https:\/\/www.gaveanews.com\/wp-content\/uploads\/Taca-da-Copa-do-Brasil-1.webp","datePublished":"2023-07-03T11:00:00+00:00","author":{"@id":"https:\/\/www.gaveanews.com\/#\/schema\/person\/2d29802e96a726e735077717fb5c6f20"},"breadcrumb":{"@id":"https:\/\/www.gaveanews.com\/index.php\/2023\/07\/03\/copa-do-brasil-o-que-aconteceu-nos-8-times-ainda-vivos-desde-a-parada-da-copa-do-brasil\/#breadcrumb"},"inLanguage":"pt-BR","potentialAction":[{"@type":"ReadAction","target":["https:\/\/www.gaveanews.com\/index.php\/2023\/07\/03\/copa-do-brasil-o-que-aconteceu-nos-8-times-ainda-vivos-desde-a-parada-da-copa-do-brasil\/"]}]},{"@type":"ImageObject","inLanguage":"pt-BR","@id":"https:\/\/www.gaveanews.com\/index.php\/2023\/07\/03\/copa-do-brasil-o-que-aconteceu-nos-8-times-ainda-vivos-desde-a-parada-da-copa-do-brasil\/#primaryimage","url":"https:\/\/www.gaveanews.com\/wp-content\/uploads\/Taca-da-Copa-do-Brasil-1.webp","contentUrl":"https:\/\/www.gaveanews.com\/wp-content\/uploads\/Taca-da-Copa-do-Brasil-1.webp","width":799,"height":534,"caption":"Ta\u00e7a da Copa do Brasil (Foto: Paula Reis\/Flamengo)"},{"@type":"BreadcrumbList","@id":"https:\/\/www.gaveanews.com\/index.php\/2023\/07\/03\/copa-do-brasil-o-que-aconteceu-nos-8-times-ainda-vivos-desde-a-parada-da-copa-do-brasil\/#breadcrumb","itemListElement":[{"@type":"ListItem","position":1,"name":"Home","item":"https:\/\/www.gaveanews.com\/"},{"@type":"ListItem","position":2,"name":"Copa do Brasil: o que aconteceu nos 8 times ainda vivos desde a parada da Copa do Brasil?"}]},{"@type":"WebSite","@id":"https:\/\/www.gaveanews.com\/#website","url":"https:\/\/www.gaveanews.com\/","name":"G\u00e1vea News","description":"Veja todas as not\u00edcias sobre o Flamengo: Contrata\u00e7\u00f5es, categorias de base, resultados das partidas, tabela de classifica\u00e7\u00e3o, pr\u00f3ximos jogos!","potentialAction":[{"@type":"SearchAction","target":{"@type":"EntryPoint","urlTemplate":"https:\/\/www.gaveanews.com\/?s={search_term_string}"},"query-input":{"@type":"PropertyValueSpecification","valueRequired":true,"valueName":"search_term_string"}}],"inLanguage":"pt-BR"},{"@type":"Person","@id":"https:\/\/www.gaveanews.com\/#\/schema\/person\/2d29802e96a726e735077717fb5c6f20","name":"Leonardo Ant\u00f4nio","image":{"@type":"ImageObject","inLanguage":"pt-BR","@id":"https:\/\/www.gaveanews.com\/#\/schema\/person\/image\/","url":"https:\/\/secure.gravatar.com\/avatar\/b9ffc9ff64af5c915e7cb1824991ab1b4aa29b902a6a9a83be9d1c8ba449fce8?s=96&d=mm&r=g","contentUrl":"https:\/\/secure.gravatar.com\/avatar\/b9ffc9ff64af5c915e7cb1824991ab1b4aa29b902a6a9a83be9d1c8ba449fce8?s=96&d=mm&r=g","caption":"Leonardo Ant\u00f4nio"}}]}},"_links":{"self":[{"href":"https:\/\/www.gaveanews.com\/index.php\/wp-json\/wp\/v2\/posts\/101783","targetHints":{"allow":["GET"]}}],"collection":[{"href":"https:\/\/www.gaveanews.com\/index.php\/wp-json\/wp\/v2\/posts"}],"about":[{"href":"https:\/\/www.gaveanews.com\/index.php\/wp-json\/wp\/v2\/types\/post"}],"author":[{"embeddable":true,"href":"https:\/\/www.gaveanews.com\/index.php\/wp-json\/wp\/v2\/users\/6"}],"replies":[{"embeddable":true,"href":"https:\/\/www.gaveanews.com\/index.php\/wp-json\/wp\/v2\/comments?post=101783"}],"version-history":[{"count":0,"href":"https:\/\/www.gaveanews.com\/index.php\/wp-json\/wp\/v2\/posts\/101783\/revisions"}],"wp:featuredmedia":[{"embeddable":true,"href":"https:\/\/www.gaveanews.com\/index.php\/wp-json\/wp\/v2\/media\/89335"}],"wp:attachment":[{"href":"https:\/\/www.gaveanews.com\/index.php\/wp-json\/wp\/v2\/media?parent=101783"}],"wp:term":[{"taxonomy":"category","embeddable":true,"href":"https:\/\/www.gaveanews.com\/index.php\/wp-json\/wp\/v2\/categories?post=101783"},{"taxonomy":"post_tag","embeddable":true,"href":"https:\/\/www.gaveanews.com\/index.php\/wp-json\/wp\/v2\/tags?post=101783"}],"curies":[{"name":"wp","href":"https:\/\/api.w.org\/{rel}","templated":true}]}}