{"id":101785,"date":"2023-07-03T08:30:00","date_gmt":"2023-07-03T11:30:00","guid":{"rendered":"https:\/\/www.gaveanews.com\/?p=101785"},"modified":"2023-07-03T07:53:27","modified_gmt":"2023-07-03T10:53:27","slug":"no-meio-campo-como-filipe-luis-do-flamengo-fez-sampaoli-abrir-o-leque-e-o-que-palmeiras-tem-a-ver-com-isso","status":"publish","type":"post","link":"https:\/\/www.gaveanews.com\/index.php\/2023\/07\/03\/no-meio-campo-como-filipe-luis-do-flamengo-fez-sampaoli-abrir-o-leque-e-o-que-palmeiras-tem-a-ver-com-isso\/","title":{"rendered":"No meio campo? Como Filipe Lu\u00eds do Flamengo fez Sampaoli &#8216;abrir o leque&#8217; e o que Palmeiras tem a ver com isso"},"content":{"rendered":"\n<p>O volante Filipe Lu\u00eds. \u00c9 assim que o experiente lateral-esquerdo do Flamengo pode ser chamado a partir de agora sob o comando de Jorge Sampaoli.<\/p>\n\n\n\n<p>Assim como aconteceu na vit\u00f3ria sobre o Aucas, na \u00faltima quarta-feira (28), o camisa 16 foi acionado longe da lateral. Na segunda etapa diante do Fortaleza, ele entrou na vaga de Thiago Maia.<\/p>\n\n\n\n<p>Durante a entrevista coletiva, o Sampaoli explicou a utiliza\u00e7\u00e3o do lateral como volante. Segundo ele, a suspens\u00e3o de Pulgar, que n\u00e3o encara o Palmeiras, o fez abrir o leque mais uma vez com a improvisa\u00e7\u00e3o.<\/p>\n\n\n\n<p>&#8220;Para o jogo contra o Palmeiras , o Pulgar est\u00e1 fora e ficar\u00edamos sem nenhum na conten\u00e7\u00e3o. Por isso o Filipe nos ajudou nessa posi\u00e7\u00e3o que n\u00e3o \u00e9 habitual para ele, mas ele como \u00e9 um bom jogador, pode jogar&#8221;, contou.<\/p>\n\n\n\n<p>Vale lembrar que o Flamengo tem apenas mais um &#8216;primeiro volante&#8217; no elenco: o jovem Igor Jesus, que pouco atuou com Sampaoli. Gerson, Vidal e Victor Hugo atuam mais como segundo homem. Allan, que est\u00e1 pr\u00f3ximo de ser oficializado, chega para dar fim \u00e0 car\u00eancia.<\/p>\n\n\n\n<p><a href=\"https:\/\/www.gaveanews.com\/index.php\/2023\/07\/02\/gabigol-abre-negociacoes-para-deixar-o-flamengo\/\">+ Gabigol abre negocia\u00e7\u00f5es para deixar o Flamengo<\/a><\/p>\n\n\n\n<p><a href=\"https:\/\/www.gaveanews.com\/index.php\/2023\/07\/03\/de-saida-do-flamengo-empresario-de-gabigol-se-manifesta\/\">+ De sa\u00edda do Flamengo? Empres\u00e1rio de Gabigol se manifesta<\/a><\/p>\n\n\n\n<h2 class=\"wp-block-heading\" id=\"h-como-foi-o-jogo-de-filipe-luis-de-volante-no-flamengo\">Como foi o jogo de Filipe Lu\u00eds de volante no Flamengo?<\/h2>\n\n\n\n<p>Dono de um posicionamento \u00edmpar, Filipe se adaptou facilmente \u00e0 nova fun\u00e7\u00e3o determinada pelo argentino. O controle de bola do jogador tamb\u00e9m chamou aten\u00e7\u00e3o, assim como na partida anterior.<\/p>\n\n\n\n<p>Aos 37 anos, o experiente jogador n\u00e3o tem mais o mesmo vigor de outros anos. Al\u00e9m disso, v\u00ea Ayrton Lucas &#8216;voando&#8217; e apresentando um futebol totalmente diferente daquele que tem a oferecer. S\u00f3 que mesmo assim Filipe segue sendo \u00fatil ao Flamengo.<\/p>\n\n\n\n<p>Em campo, ele ainda exerceu a tradicional lideran\u00e7a que j\u00e1 tem dentro do elenco. E uma imagem foi clara: quando Ayrton Lucas fez grande jogada e finalizou mal, estava ali Filipe Lu\u00eds para apoiar o dono da posi\u00e7\u00e3o.<\/p>\n\n\n\n<p>Filipe Lu\u00eds tem contrato at\u00e9 o fim do ano e deve se aposentar em dezembro. Ele tem o sonho de ser treinador. At\u00e9 l\u00e1, o lateral e agora volante tem mais seis meses para desfilar o seu futebol e ajudar o Flamengo a conquistar os principais t\u00edtulos da temporada. Seja na defesa ou no meio-campo.<\/p>\n\n\n\n<p>Pr\u00f3ximos jogos do Flamengo:<br>Athletico-PR (C) &#8211; 05\/07, 21h30 &#8211; Copa do Brasil<\/p>\n\n\n\n<p>Palmeiras (F) &#8211; 08\/07, 21h &#8211; Brasileir\u00e3o<\/p>\n\n\n\n<p>Athletico-PR (F) &#8211; 12\/07, 21h30 &#8211; Copa do Brasil<\/p>\n\n\n\n<p>Retirado de: ESPN<\/p>\n","protected":false},"excerpt":{"rendered":"<p>O volante Filipe Lu\u00eds. \u00c9 assim que o experiente lateral-esquerdo do Flamengo pode ser chamado a partir de agora sob o comando de Jorge Sampaoli. Assim como aconteceu na vit\u00f3ria sobre o Aucas, na \u00faltima quarta-feira (28), o camisa 16 foi acionado longe da lateral. Na segunda etapa diante do Fortaleza, ele entrou na vaga [&hellip;]<\/p>\n","protected":false},"author":6,"featured_media":101521,"comment_status":"open","ping_status":"closed","sticky":false,"template":"","format":"standard","meta":{"footnotes":""},"categories":[1],"tags":[],"class_list":["post-101785","post","type-post","status-publish","format-standard","has-post-thumbnail","hentry","category-flamengo"],"yoast_head":"<!-- This site is optimized with the Yoast SEO Premium plugin v24.2 (Yoast SEO v26.9) - https:\/\/yoast.com\/product\/yoast-seo-premium-wordpress\/ -->\n<title>No meio campo? Como Filipe Lu\u00eds do Flamengo fez Sampaoli &#039;abrir o leque&#039; e o que Palmeiras tem a ver com isso<\/title>\n<meta name=\"robots\" content=\"index, follow, max-snippet:-1, max-image-preview:large, max-video-preview:-1\" \/>\n<link rel=\"canonical\" href=\"https:\/\/www.gaveanews.com\/index.php\/2023\/07\/03\/no-meio-campo-como-filipe-luis-do-flamengo-fez-sampaoli-abrir-o-leque-e-o-que-palmeiras-tem-a-ver-com-isso\/\" \/>\n<meta property=\"og:locale\" content=\"pt_BR\" \/>\n<meta property=\"og:type\" content=\"article\" \/>\n<meta property=\"og:title\" content=\"No meio campo? Como Filipe Lu\u00eds do Flamengo fez Sampaoli &#039;abrir o leque&#039; e o que Palmeiras tem a ver com isso\" \/>\n<meta property=\"og:description\" content=\"O volante Filipe Lu\u00eds. \u00c9 assim que o experiente lateral-esquerdo do Flamengo pode ser chamado a partir de agora sob o comando de Jorge Sampaoli. Assim como aconteceu na vit\u00f3ria sobre o Aucas, na \u00faltima quarta-feira (28), o camisa 16 foi acionado longe da lateral. Na segunda etapa diante do Fortaleza, ele entrou na vaga [&hellip;]\" \/>\n<meta property=\"og:url\" content=\"https:\/\/www.gaveanews.com\/index.php\/2023\/07\/03\/no-meio-campo-como-filipe-luis-do-flamengo-fez-sampaoli-abrir-o-leque-e-o-que-palmeiras-tem-a-ver-com-isso\/\" \/>\n<meta property=\"og:site_name\" content=\"G\u00e1vea News\" \/>\n<meta property=\"article:publisher\" content=\"https:\/\/facebook.com\/gaveaNews\/\" \/>\n<meta property=\"article:published_time\" content=\"2023-07-03T11:30:00+00:00\" \/>\n<meta property=\"og:image\" content=\"https:\/\/www.gaveanews.com\/wp-content\/uploads\/filipe-luis-flamengo-aucas.webp\" \/>\n\t<meta property=\"og:image:width\" content=\"900\" \/>\n\t<meta property=\"og:image:height\" content=\"599\" \/>\n\t<meta property=\"og:image:type\" content=\"image\/jpeg\" \/>\n<meta name=\"author\" content=\"Leonardo Ant\u00f4nio\" \/>\n<meta name=\"twitter:card\" content=\"summary_large_image\" \/>\n<meta name=\"twitter:label1\" content=\"Escrito por\" \/>\n\t<meta name=\"twitter:data1\" content=\"Leonardo Ant\u00f4nio\" \/>\n\t<meta name=\"twitter:label2\" content=\"Est. tempo de leitura\" \/>\n\t<meta name=\"twitter:data2\" content=\"3 minutos\" \/>\n<script type=\"application\/ld+json\" class=\"yoast-schema-graph\">{\"@context\":\"https:\/\/schema.org\",\"@graph\":[{\"@type\":\"NewsArticle\",\"@id\":\"https:\/\/www.gaveanews.com\/index.php\/2023\/07\/03\/no-meio-campo-como-filipe-luis-do-flamengo-fez-sampaoli-abrir-o-leque-e-o-que-palmeiras-tem-a-ver-com-isso\/#article\",\"isPartOf\":{\"@id\":\"https:\/\/www.gaveanews.com\/index.php\/2023\/07\/03\/no-meio-campo-como-filipe-luis-do-flamengo-fez-sampaoli-abrir-o-leque-e-o-que-palmeiras-tem-a-ver-com-isso\/\"},\"author\":{\"name\":\"Leonardo Ant\u00f4nio\",\"@id\":\"https:\/\/www.gaveanews.com\/#\/schema\/person\/2d29802e96a726e735077717fb5c6f20\"},\"headline\":\"No meio campo? Como Filipe Lu\u00eds do Flamengo fez Sampaoli &#8216;abrir o leque&#8217; e o que Palmeiras tem a ver com isso\",\"datePublished\":\"2023-07-03T11:30:00+00:00\",\"mainEntityOfPage\":{\"@id\":\"https:\/\/www.gaveanews.com\/index.php\/2023\/07\/03\/no-meio-campo-como-filipe-luis-do-flamengo-fez-sampaoli-abrir-o-leque-e-o-que-palmeiras-tem-a-ver-com-isso\/\"},\"wordCount\":441,\"commentCount\":0,\"image\":{\"@id\":\"https:\/\/www.gaveanews.com\/index.php\/2023\/07\/03\/no-meio-campo-como-filipe-luis-do-flamengo-fez-sampaoli-abrir-o-leque-e-o-que-palmeiras-tem-a-ver-com-isso\/#primaryimage\"},\"thumbnailUrl\":\"https:\/\/www.gaveanews.com\/wp-content\/uploads\/filipe-luis-flamengo-aucas.webp\",\"articleSection\":[\"Flamengo\"],\"inLanguage\":\"pt-BR\",\"potentialAction\":[{\"@type\":\"CommentAction\",\"name\":\"Comment\",\"target\":[\"https:\/\/www.gaveanews.com\/index.php\/2023\/07\/03\/no-meio-campo-como-filipe-luis-do-flamengo-fez-sampaoli-abrir-o-leque-e-o-que-palmeiras-tem-a-ver-com-isso\/#respond\"]}],\"copyrightYear\":\"2023\",\"copyrightHolder\":{\"@id\":\"https:\/\/www.gaveanews.com\/#organization\"}},{\"@type\":\"WebPage\",\"@id\":\"https:\/\/www.gaveanews.com\/index.php\/2023\/07\/03\/no-meio-campo-como-filipe-luis-do-flamengo-fez-sampaoli-abrir-o-leque-e-o-que-palmeiras-tem-a-ver-com-isso\/\",\"url\":\"https:\/\/www.gaveanews.com\/index.php\/2023\/07\/03\/no-meio-campo-como-filipe-luis-do-flamengo-fez-sampaoli-abrir-o-leque-e-o-que-palmeiras-tem-a-ver-com-isso\/\",\"name\":\"No meio campo? Como Filipe Lu\u00eds do Flamengo fez Sampaoli 'abrir o leque' e o que Palmeiras tem a ver com isso\",\"isPartOf\":{\"@id\":\"https:\/\/www.gaveanews.com\/#website\"},\"primaryImageOfPage\":{\"@id\":\"https:\/\/www.gaveanews.com\/index.php\/2023\/07\/03\/no-meio-campo-como-filipe-luis-do-flamengo-fez-sampaoli-abrir-o-leque-e-o-que-palmeiras-tem-a-ver-com-isso\/#primaryimage\"},\"image\":{\"@id\":\"https:\/\/www.gaveanews.com\/index.php\/2023\/07\/03\/no-meio-campo-como-filipe-luis-do-flamengo-fez-sampaoli-abrir-o-leque-e-o-que-palmeiras-tem-a-ver-com-isso\/#primaryimage\"},\"thumbnailUrl\":\"https:\/\/www.gaveanews.com\/wp-content\/uploads\/filipe-luis-flamengo-aucas.webp\",\"datePublished\":\"2023-07-03T11:30:00+00:00\",\"author\":{\"@id\":\"https:\/\/www.gaveanews.com\/#\/schema\/person\/2d29802e96a726e735077717fb5c6f20\"},\"breadcrumb\":{\"@id\":\"https:\/\/www.gaveanews.com\/index.php\/2023\/07\/03\/no-meio-campo-como-filipe-luis-do-flamengo-fez-sampaoli-abrir-o-leque-e-o-que-palmeiras-tem-a-ver-com-isso\/#breadcrumb\"},\"inLanguage\":\"pt-BR\",\"potentialAction\":[{\"@type\":\"ReadAction\",\"target\":[\"https:\/\/www.gaveanews.com\/index.php\/2023\/07\/03\/no-meio-campo-como-filipe-luis-do-flamengo-fez-sampaoli-abrir-o-leque-e-o-que-palmeiras-tem-a-ver-com-isso\/\"]}]},{\"@type\":\"ImageObject\",\"inLanguage\":\"pt-BR\",\"@id\":\"https:\/\/www.gaveanews.com\/index.php\/2023\/07\/03\/no-meio-campo-como-filipe-luis-do-flamengo-fez-sampaoli-abrir-o-leque-e-o-que-palmeiras-tem-a-ver-com-isso\/#primaryimage\",\"url\":\"https:\/\/www.gaveanews.com\/wp-content\/uploads\/filipe-luis-flamengo-aucas.webp\",\"contentUrl\":\"https:\/\/www.gaveanews.com\/wp-content\/uploads\/filipe-luis-flamengo-aucas.webp\",\"width\":900,\"height\":599,\"caption\":\"Filipe Lu\u00eds em a\u00e7\u00e3o pelo Flamengo no Maracan\u00e3 (Foto: Divulga\u00e7\u00e3o\/Flamengo)\"},{\"@type\":\"BreadcrumbList\",\"@id\":\"https:\/\/www.gaveanews.com\/index.php\/2023\/07\/03\/no-meio-campo-como-filipe-luis-do-flamengo-fez-sampaoli-abrir-o-leque-e-o-que-palmeiras-tem-a-ver-com-isso\/#breadcrumb\",\"itemListElement\":[{\"@type\":\"ListItem\",\"position\":1,\"name\":\"Home\",\"item\":\"https:\/\/www.gaveanews.com\/\"},{\"@type\":\"ListItem\",\"position\":2,\"name\":\"No meio campo? Como Filipe Lu\u00eds do Flamengo fez Sampaoli &#8216;abrir o leque&#8217; e o que Palmeiras tem a ver com isso\"}]},{\"@type\":\"WebSite\",\"@id\":\"https:\/\/www.gaveanews.com\/#website\",\"url\":\"https:\/\/www.gaveanews.com\/\",\"name\":\"G\u00e1vea News\",\"description\":\"Veja todas as not\u00edcias sobre o Flamengo: Contrata\u00e7\u00f5es, categorias de base, resultados das partidas, tabela de classifica\u00e7\u00e3o, pr\u00f3ximos jogos!\",\"potentialAction\":[{\"@type\":\"SearchAction\",\"target\":{\"@type\":\"EntryPoint\",\"urlTemplate\":\"https:\/\/www.gaveanews.com\/?s={search_term_string}\"},\"query-input\":{\"@type\":\"PropertyValueSpecification\",\"valueRequired\":true,\"valueName\":\"search_term_string\"}}],\"inLanguage\":\"pt-BR\"},{\"@type\":\"Person\",\"@id\":\"https:\/\/www.gaveanews.com\/#\/schema\/person\/2d29802e96a726e735077717fb5c6f20\",\"name\":\"Leonardo Ant\u00f4nio\",\"image\":{\"@type\":\"ImageObject\",\"inLanguage\":\"pt-BR\",\"@id\":\"https:\/\/www.gaveanews.com\/#\/schema\/person\/image\/\",\"url\":\"https:\/\/secure.gravatar.com\/avatar\/b9ffc9ff64af5c915e7cb1824991ab1b4aa29b902a6a9a83be9d1c8ba449fce8?s=96&d=mm&r=g\",\"contentUrl\":\"https:\/\/secure.gravatar.com\/avatar\/b9ffc9ff64af5c915e7cb1824991ab1b4aa29b902a6a9a83be9d1c8ba449fce8?s=96&d=mm&r=g\",\"caption\":\"Leonardo Ant\u00f4nio\"}}]}<\/script>\n<!-- \/ Yoast SEO Premium plugin. -->","yoast_head_json":{"title":"No meio campo? Como Filipe Lu\u00eds do Flamengo fez Sampaoli 'abrir o leque' e o que Palmeiras tem a ver com isso","robots":{"index":"index","follow":"follow","max-snippet":"max-snippet:-1","max-image-preview":"max-image-preview:large","max-video-preview":"max-video-preview:-1"},"canonical":"https:\/\/www.gaveanews.com\/index.php\/2023\/07\/03\/no-meio-campo-como-filipe-luis-do-flamengo-fez-sampaoli-abrir-o-leque-e-o-que-palmeiras-tem-a-ver-com-isso\/","og_locale":"pt_BR","og_type":"article","og_title":"No meio campo? Como Filipe Lu\u00eds do Flamengo fez Sampaoli 'abrir o leque' e o que Palmeiras tem a ver com isso","og_description":"O volante Filipe Lu\u00eds. \u00c9 assim que o experiente lateral-esquerdo do Flamengo pode ser chamado a partir de agora sob o comando de Jorge Sampaoli. Assim como aconteceu na vit\u00f3ria sobre o Aucas, na \u00faltima quarta-feira (28), o camisa 16 foi acionado longe da lateral. Na segunda etapa diante do Fortaleza, ele entrou na vaga [&hellip;]","og_url":"https:\/\/www.gaveanews.com\/index.php\/2023\/07\/03\/no-meio-campo-como-filipe-luis-do-flamengo-fez-sampaoli-abrir-o-leque-e-o-que-palmeiras-tem-a-ver-com-isso\/","og_site_name":"G\u00e1vea News","article_publisher":"https:\/\/facebook.com\/gaveaNews\/","article_published_time":"2023-07-03T11:30:00+00:00","og_image":[{"width":900,"height":599,"url":"https:\/\/www.gaveanews.com\/wp-content\/uploads\/filipe-luis-flamengo-aucas.webp","type":"image\/jpeg"}],"author":"Leonardo Ant\u00f4nio","twitter_card":"summary_large_image","twitter_misc":{"Escrito por":"Leonardo Ant\u00f4nio","Est. tempo de leitura":"3 minutos"},"schema":{"@context":"https:\/\/schema.org","@graph":[{"@type":"NewsArticle","@id":"https:\/\/www.gaveanews.com\/index.php\/2023\/07\/03\/no-meio-campo-como-filipe-luis-do-flamengo-fez-sampaoli-abrir-o-leque-e-o-que-palmeiras-tem-a-ver-com-isso\/#article","isPartOf":{"@id":"https:\/\/www.gaveanews.com\/index.php\/2023\/07\/03\/no-meio-campo-como-filipe-luis-do-flamengo-fez-sampaoli-abrir-o-leque-e-o-que-palmeiras-tem-a-ver-com-isso\/"},"author":{"name":"Leonardo Ant\u00f4nio","@id":"https:\/\/www.gaveanews.com\/#\/schema\/person\/2d29802e96a726e735077717fb5c6f20"},"headline":"No meio campo? Como Filipe Lu\u00eds do Flamengo fez Sampaoli &#8216;abrir o leque&#8217; e o que Palmeiras tem a ver com isso","datePublished":"2023-07-03T11:30:00+00:00","mainEntityOfPage":{"@id":"https:\/\/www.gaveanews.com\/index.php\/2023\/07\/03\/no-meio-campo-como-filipe-luis-do-flamengo-fez-sampaoli-abrir-o-leque-e-o-que-palmeiras-tem-a-ver-com-isso\/"},"wordCount":441,"commentCount":0,"image":{"@id":"https:\/\/www.gaveanews.com\/index.php\/2023\/07\/03\/no-meio-campo-como-filipe-luis-do-flamengo-fez-sampaoli-abrir-o-leque-e-o-que-palmeiras-tem-a-ver-com-isso\/#primaryimage"},"thumbnailUrl":"https:\/\/www.gaveanews.com\/wp-content\/uploads\/filipe-luis-flamengo-aucas.webp","articleSection":["Flamengo"],"inLanguage":"pt-BR","potentialAction":[{"@type":"CommentAction","name":"Comment","target":["https:\/\/www.gaveanews.com\/index.php\/2023\/07\/03\/no-meio-campo-como-filipe-luis-do-flamengo-fez-sampaoli-abrir-o-leque-e-o-que-palmeiras-tem-a-ver-com-isso\/#respond"]}],"copyrightYear":"2023","copyrightHolder":{"@id":"https:\/\/www.gaveanews.com\/#organization"}},{"@type":"WebPage","@id":"https:\/\/www.gaveanews.com\/index.php\/2023\/07\/03\/no-meio-campo-como-filipe-luis-do-flamengo-fez-sampaoli-abrir-o-leque-e-o-que-palmeiras-tem-a-ver-com-isso\/","url":"https:\/\/www.gaveanews.com\/index.php\/2023\/07\/03\/no-meio-campo-como-filipe-luis-do-flamengo-fez-sampaoli-abrir-o-leque-e-o-que-palmeiras-tem-a-ver-com-isso\/","name":"No meio campo? Como Filipe Lu\u00eds do Flamengo fez Sampaoli 'abrir o leque' e o que Palmeiras tem a ver com isso","isPartOf":{"@id":"https:\/\/www.gaveanews.com\/#website"},"primaryImageOfPage":{"@id":"https:\/\/www.gaveanews.com\/index.php\/2023\/07\/03\/no-meio-campo-como-filipe-luis-do-flamengo-fez-sampaoli-abrir-o-leque-e-o-que-palmeiras-tem-a-ver-com-isso\/#primaryimage"},"image":{"@id":"https:\/\/www.gaveanews.com\/index.php\/2023\/07\/03\/no-meio-campo-como-filipe-luis-do-flamengo-fez-sampaoli-abrir-o-leque-e-o-que-palmeiras-tem-a-ver-com-isso\/#primaryimage"},"thumbnailUrl":"https:\/\/www.gaveanews.com\/wp-content\/uploads\/filipe-luis-flamengo-aucas.webp","datePublished":"2023-07-03T11:30:00+00:00","author":{"@id":"https:\/\/www.gaveanews.com\/#\/schema\/person\/2d29802e96a726e735077717fb5c6f20"},"breadcrumb":{"@id":"https:\/\/www.gaveanews.com\/index.php\/2023\/07\/03\/no-meio-campo-como-filipe-luis-do-flamengo-fez-sampaoli-abrir-o-leque-e-o-que-palmeiras-tem-a-ver-com-isso\/#breadcrumb"},"inLanguage":"pt-BR","potentialAction":[{"@type":"ReadAction","target":["https:\/\/www.gaveanews.com\/index.php\/2023\/07\/03\/no-meio-campo-como-filipe-luis-do-flamengo-fez-sampaoli-abrir-o-leque-e-o-que-palmeiras-tem-a-ver-com-isso\/"]}]},{"@type":"ImageObject","inLanguage":"pt-BR","@id":"https:\/\/www.gaveanews.com\/index.php\/2023\/07\/03\/no-meio-campo-como-filipe-luis-do-flamengo-fez-sampaoli-abrir-o-leque-e-o-que-palmeiras-tem-a-ver-com-isso\/#primaryimage","url":"https:\/\/www.gaveanews.com\/wp-content\/uploads\/filipe-luis-flamengo-aucas.webp","contentUrl":"https:\/\/www.gaveanews.com\/wp-content\/uploads\/filipe-luis-flamengo-aucas.webp","width":900,"height":599,"caption":"Filipe Lu\u00eds em a\u00e7\u00e3o pelo Flamengo no Maracan\u00e3 (Foto: Divulga\u00e7\u00e3o\/Flamengo)"},{"@type":"BreadcrumbList","@id":"https:\/\/www.gaveanews.com\/index.php\/2023\/07\/03\/no-meio-campo-como-filipe-luis-do-flamengo-fez-sampaoli-abrir-o-leque-e-o-que-palmeiras-tem-a-ver-com-isso\/#breadcrumb","itemListElement":[{"@type":"ListItem","position":1,"name":"Home","item":"https:\/\/www.gaveanews.com\/"},{"@type":"ListItem","position":2,"name":"No meio campo? Como Filipe Lu\u00eds do Flamengo fez Sampaoli &#8216;abrir o leque&#8217; e o que Palmeiras tem a ver com isso"}]},{"@type":"WebSite","@id":"https:\/\/www.gaveanews.com\/#website","url":"https:\/\/www.gaveanews.com\/","name":"G\u00e1vea News","description":"Veja todas as not\u00edcias sobre o Flamengo: Contrata\u00e7\u00f5es, categorias de base, resultados das partidas, tabela de classifica\u00e7\u00e3o, pr\u00f3ximos jogos!","potentialAction":[{"@type":"SearchAction","target":{"@type":"EntryPoint","urlTemplate":"https:\/\/www.gaveanews.com\/?s={search_term_string}"},"query-input":{"@type":"PropertyValueSpecification","valueRequired":true,"valueName":"search_term_string"}}],"inLanguage":"pt-BR"},{"@type":"Person","@id":"https:\/\/www.gaveanews.com\/#\/schema\/person\/2d29802e96a726e735077717fb5c6f20","name":"Leonardo Ant\u00f4nio","image":{"@type":"ImageObject","inLanguage":"pt-BR","@id":"https:\/\/www.gaveanews.com\/#\/schema\/person\/image\/","url":"https:\/\/secure.gravatar.com\/avatar\/b9ffc9ff64af5c915e7cb1824991ab1b4aa29b902a6a9a83be9d1c8ba449fce8?s=96&d=mm&r=g","contentUrl":"https:\/\/secure.gravatar.com\/avatar\/b9ffc9ff64af5c915e7cb1824991ab1b4aa29b902a6a9a83be9d1c8ba449fce8?s=96&d=mm&r=g","caption":"Leonardo Ant\u00f4nio"}}]}},"_links":{"self":[{"href":"https:\/\/www.gaveanews.com\/index.php\/wp-json\/wp\/v2\/posts\/101785","targetHints":{"allow":["GET"]}}],"collection":[{"href":"https:\/\/www.gaveanews.com\/index.php\/wp-json\/wp\/v2\/posts"}],"about":[{"href":"https:\/\/www.gaveanews.com\/index.php\/wp-json\/wp\/v2\/types\/post"}],"author":[{"embeddable":true,"href":"https:\/\/www.gaveanews.com\/index.php\/wp-json\/wp\/v2\/users\/6"}],"replies":[{"embeddable":true,"href":"https:\/\/www.gaveanews.com\/index.php\/wp-json\/wp\/v2\/comments?post=101785"}],"version-history":[{"count":0,"href":"https:\/\/www.gaveanews.com\/index.php\/wp-json\/wp\/v2\/posts\/101785\/revisions"}],"wp:featuredmedia":[{"embeddable":true,"href":"https:\/\/www.gaveanews.com\/index.php\/wp-json\/wp\/v2\/media\/101521"}],"wp:attachment":[{"href":"https:\/\/www.gaveanews.com\/index.php\/wp-json\/wp\/v2\/media?parent=101785"}],"wp:term":[{"taxonomy":"category","embeddable":true,"href":"https:\/\/www.gaveanews.com\/index.php\/wp-json\/wp\/v2\/categories?post=101785"},{"taxonomy":"post_tag","embeddable":true,"href":"https:\/\/www.gaveanews.com\/index.php\/wp-json\/wp\/v2\/tags?post=101785"}],"curies":[{"name":"wp","href":"https:\/\/api.w.org\/{rel}","templated":true}]}}