{"id":102030,"date":"2023-07-06T12:20:00","date_gmt":"2023-07-06T15:20:00","guid":{"rendered":"https:\/\/www.gaveanews.com\/?p=102030"},"modified":"2023-07-06T11:22:57","modified_gmt":"2023-07-06T14:22:57","slug":"ao-vivo-assista-a-coletiva-de-apresentacao-de-agustin-rossi-no-flamengo","status":"publish","type":"post","link":"https:\/\/www.gaveanews.com\/index.php\/2023\/07\/06\/ao-vivo-assista-a-coletiva-de-apresentacao-de-agustin-rossi-no-flamengo\/","title":{"rendered":"AO VIVO! Assista a coletiva de apresenta\u00e7\u00e3o de Agust\u00edn Rossi no Flamengo"},"content":{"rendered":"\n<p>Por: Let\u00edcia Gerheim<br><br>Ap\u00f3s vencer o Athletico-PR por 2 a 1 no Maracan\u00e3, o Flamengo realiza mais uma coletiva de apresenta\u00e7\u00e3o nesta quinta-feira (06). No come\u00e7o da semana, Luiz Ara\u00fajo foi apresentado. O atacante, inclusive, estreou com o Manto Sagrado na partida de ontem.<\/p>\n\n\n\n<p>Desta vez, o destaque ser\u00e1 Agust\u00edn Rossi. O goleiro argentino firmou um pr\u00e9-contrato com o Mais Querido no come\u00e7o do ano, se apresentou nos \u00faltimos dias e j\u00e1 treina com o grupo no Ninho do Urubu.<\/p>\n\n\n\n<p>Rossi chega no Meng\u00e3o para disputar a titularidade com Matheus Cunha, principal op\u00e7\u00e3o de Sampaoli no atual elenco. O contrato entre o Flamengo e o defensor vai at\u00e9 dezembro de 2027.<\/p>\n\n\n\n<h2 class=\"wp-block-heading\" id=\"h-assista\">Assista:<\/h2>\n\n\n\n<figure class=\"wp-block-embed is-type-video is-provider-youtube wp-block-embed-youtube wp-embed-aspect-4-3 wp-has-aspect-ratio\"><div class=\"wp-block-embed__wrapper\">\n<iframe loading=\"lazy\" title=\"Apresenta\u00e7\u00e3o do Agust\u00edn Rossi\" width=\"640\" height=\"360\" src=\"https:\/\/www.youtube.com\/embed\/Bb-yRyOtW04?feature=oembed\" frameborder=\"0\" allow=\"accelerometer; autoplay; clipboard-write; encrypted-media; gyroscope; picture-in-picture; web-share\" referrerpolicy=\"strict-origin-when-cross-origin\" allowfullscreen><\/iframe>\n<\/div><\/figure>\n","protected":false},"excerpt":{"rendered":"<p>Por: Let\u00edcia Gerheim Ap\u00f3s vencer o Athletico-PR por 2 a 1 no Maracan\u00e3, o Flamengo realiza mais uma coletiva de apresenta\u00e7\u00e3o nesta quinta-feira (06). No come\u00e7o da semana, Luiz Ara\u00fajo foi apresentado. O atacante, inclusive, estreou com o Manto Sagrado na partida de ontem. Desta vez, o destaque ser\u00e1 Agust\u00edn Rossi. O goleiro argentino firmou [&hellip;]<\/p>\n","protected":false},"author":4,"featured_media":102026,"comment_status":"open","ping_status":"closed","sticky":false,"template":"","format":"standard","meta":{"footnotes":""},"categories":[40],"tags":[],"class_list":["post-102030","post","type-post","status-publish","format-standard","has-post-thumbnail","hentry","category-video"],"yoast_head":"<!-- This site is optimized with the Yoast SEO Premium plugin v24.2 (Yoast SEO v26.9) - https:\/\/yoast.com\/product\/yoast-seo-premium-wordpress\/ -->\n<title>AO VIVO! Assista a coletiva de apresenta\u00e7\u00e3o de Agust\u00edn Rossi no Flamengo<\/title>\n<meta name=\"robots\" content=\"index, follow, max-snippet:-1, max-image-preview:large, max-video-preview:-1\" \/>\n<link rel=\"canonical\" href=\"https:\/\/www.gaveanews.com\/index.php\/2023\/07\/06\/ao-vivo-assista-a-coletiva-de-apresentacao-de-agustin-rossi-no-flamengo\/\" \/>\n<meta property=\"og:locale\" content=\"pt_BR\" \/>\n<meta property=\"og:type\" content=\"article\" \/>\n<meta property=\"og:title\" content=\"AO VIVO! Assista a coletiva de apresenta\u00e7\u00e3o de Agust\u00edn Rossi no Flamengo\" \/>\n<meta property=\"og:description\" content=\"Por: Let\u00edcia Gerheim Ap\u00f3s vencer o Athletico-PR por 2 a 1 no Maracan\u00e3, o Flamengo realiza mais uma coletiva de apresenta\u00e7\u00e3o nesta quinta-feira (06). No come\u00e7o da semana, Luiz Ara\u00fajo foi apresentado. O atacante, inclusive, estreou com o Manto Sagrado na partida de ontem. Desta vez, o destaque ser\u00e1 Agust\u00edn Rossi. O goleiro argentino firmou [&hellip;]\" \/>\n<meta property=\"og:url\" content=\"https:\/\/www.gaveanews.com\/index.php\/2023\/07\/06\/ao-vivo-assista-a-coletiva-de-apresentacao-de-agustin-rossi-no-flamengo\/\" \/>\n<meta property=\"og:site_name\" content=\"G\u00e1vea News\" \/>\n<meta property=\"article:publisher\" content=\"https:\/\/facebook.com\/gaveaNews\/\" \/>\n<meta property=\"article:published_time\" content=\"2023-07-06T15:20:00+00:00\" \/>\n<meta property=\"og:image\" content=\"https:\/\/www.gaveanews.com\/wp-content\/uploads\/agustin-rossi-goleiro-flamengo.webp\" \/>\n\t<meta property=\"og:image:width\" content=\"1448\" \/>\n\t<meta property=\"og:image:height\" content=\"1920\" \/>\n\t<meta property=\"og:image:type\" content=\"image\/webp\" \/>\n<meta name=\"author\" content=\"Let\u00edcia Gerheim\" \/>\n<meta name=\"twitter:card\" content=\"summary_large_image\" \/>\n<meta name=\"twitter:label1\" content=\"Escrito por\" \/>\n\t<meta name=\"twitter:data1\" content=\"Let\u00edcia Gerheim\" \/>\n\t<meta name=\"twitter:label2\" content=\"Est. tempo de leitura\" \/>\n\t<meta name=\"twitter:data2\" content=\"1 minuto\" \/>\n<script type=\"application\/ld+json\" class=\"yoast-schema-graph\">{\"@context\":\"https:\/\/schema.org\",\"@graph\":[{\"@type\":\"NewsArticle\",\"@id\":\"https:\/\/www.gaveanews.com\/index.php\/2023\/07\/06\/ao-vivo-assista-a-coletiva-de-apresentacao-de-agustin-rossi-no-flamengo\/#article\",\"isPartOf\":{\"@id\":\"https:\/\/www.gaveanews.com\/index.php\/2023\/07\/06\/ao-vivo-assista-a-coletiva-de-apresentacao-de-agustin-rossi-no-flamengo\/\"},\"author\":{\"name\":\"Let\u00edcia Gerheim\",\"@id\":\"https:\/\/www.gaveanews.com\/#\/schema\/person\/714c67050b836198af2450ba1c142a67\"},\"headline\":\"AO VIVO! Assista a coletiva de apresenta\u00e7\u00e3o de Agust\u00edn Rossi no Flamengo\",\"datePublished\":\"2023-07-06T15:20:00+00:00\",\"mainEntityOfPage\":{\"@id\":\"https:\/\/www.gaveanews.com\/index.php\/2023\/07\/06\/ao-vivo-assista-a-coletiva-de-apresentacao-de-agustin-rossi-no-flamengo\/\"},\"wordCount\":140,\"commentCount\":0,\"image\":{\"@id\":\"https:\/\/www.gaveanews.com\/index.php\/2023\/07\/06\/ao-vivo-assista-a-coletiva-de-apresentacao-de-agustin-rossi-no-flamengo\/#primaryimage\"},\"thumbnailUrl\":\"https:\/\/www.gaveanews.com\/wp-content\/uploads\/agustin-rossi-goleiro-flamengo.webp\",\"articleSection\":[\"V\u00eddeos\"],\"inLanguage\":\"pt-BR\",\"potentialAction\":[{\"@type\":\"CommentAction\",\"name\":\"Comment\",\"target\":[\"https:\/\/www.gaveanews.com\/index.php\/2023\/07\/06\/ao-vivo-assista-a-coletiva-de-apresentacao-de-agustin-rossi-no-flamengo\/#respond\"]}],\"copyrightYear\":\"2023\",\"copyrightHolder\":{\"@id\":\"https:\/\/www.gaveanews.com\/#organization\"}},{\"@type\":\"WebPage\",\"@id\":\"https:\/\/www.gaveanews.com\/index.php\/2023\/07\/06\/ao-vivo-assista-a-coletiva-de-apresentacao-de-agustin-rossi-no-flamengo\/\",\"url\":\"https:\/\/www.gaveanews.com\/index.php\/2023\/07\/06\/ao-vivo-assista-a-coletiva-de-apresentacao-de-agustin-rossi-no-flamengo\/\",\"name\":\"AO VIVO! Assista a coletiva de apresenta\u00e7\u00e3o de Agust\u00edn Rossi no Flamengo\",\"isPartOf\":{\"@id\":\"https:\/\/www.gaveanews.com\/#website\"},\"primaryImageOfPage\":{\"@id\":\"https:\/\/www.gaveanews.com\/index.php\/2023\/07\/06\/ao-vivo-assista-a-coletiva-de-apresentacao-de-agustin-rossi-no-flamengo\/#primaryimage\"},\"image\":{\"@id\":\"https:\/\/www.gaveanews.com\/index.php\/2023\/07\/06\/ao-vivo-assista-a-coletiva-de-apresentacao-de-agustin-rossi-no-flamengo\/#primaryimage\"},\"thumbnailUrl\":\"https:\/\/www.gaveanews.com\/wp-content\/uploads\/agustin-rossi-goleiro-flamengo.webp\",\"datePublished\":\"2023-07-06T15:20:00+00:00\",\"author\":{\"@id\":\"https:\/\/www.gaveanews.com\/#\/schema\/person\/714c67050b836198af2450ba1c142a67\"},\"breadcrumb\":{\"@id\":\"https:\/\/www.gaveanews.com\/index.php\/2023\/07\/06\/ao-vivo-assista-a-coletiva-de-apresentacao-de-agustin-rossi-no-flamengo\/#breadcrumb\"},\"inLanguage\":\"pt-BR\",\"potentialAction\":[{\"@type\":\"ReadAction\",\"target\":[\"https:\/\/www.gaveanews.com\/index.php\/2023\/07\/06\/ao-vivo-assista-a-coletiva-de-apresentacao-de-agustin-rossi-no-flamengo\/\"]}]},{\"@type\":\"ImageObject\",\"inLanguage\":\"pt-BR\",\"@id\":\"https:\/\/www.gaveanews.com\/index.php\/2023\/07\/06\/ao-vivo-assista-a-coletiva-de-apresentacao-de-agustin-rossi-no-flamengo\/#primaryimage\",\"url\":\"https:\/\/www.gaveanews.com\/wp-content\/uploads\/agustin-rossi-goleiro-flamengo.webp\",\"contentUrl\":\"https:\/\/www.gaveanews.com\/wp-content\/uploads\/agustin-rossi-goleiro-flamengo.webp\",\"width\":1448,\"height\":1920,\"caption\":\"Agust\u00edn Rossi, novo goleiro do Flamengo (Foto: Divulga\u00e7\u00e3o\/Flamengo)\"},{\"@type\":\"BreadcrumbList\",\"@id\":\"https:\/\/www.gaveanews.com\/index.php\/2023\/07\/06\/ao-vivo-assista-a-coletiva-de-apresentacao-de-agustin-rossi-no-flamengo\/#breadcrumb\",\"itemListElement\":[{\"@type\":\"ListItem\",\"position\":1,\"name\":\"Home\",\"item\":\"https:\/\/www.gaveanews.com\/\"},{\"@type\":\"ListItem\",\"position\":2,\"name\":\"AO VIVO! Assista a coletiva de apresenta\u00e7\u00e3o de Agust\u00edn Rossi no Flamengo\"}]},{\"@type\":\"WebSite\",\"@id\":\"https:\/\/www.gaveanews.com\/#website\",\"url\":\"https:\/\/www.gaveanews.com\/\",\"name\":\"G\u00e1vea News\",\"description\":\"Veja todas as not\u00edcias sobre o Flamengo: Contrata\u00e7\u00f5es, categorias de base, resultados das partidas, tabela de classifica\u00e7\u00e3o, pr\u00f3ximos jogos!\",\"potentialAction\":[{\"@type\":\"SearchAction\",\"target\":{\"@type\":\"EntryPoint\",\"urlTemplate\":\"https:\/\/www.gaveanews.com\/?s={search_term_string}\"},\"query-input\":{\"@type\":\"PropertyValueSpecification\",\"valueRequired\":true,\"valueName\":\"search_term_string\"}}],\"inLanguage\":\"pt-BR\"},{\"@type\":\"Person\",\"@id\":\"https:\/\/www.gaveanews.com\/#\/schema\/person\/714c67050b836198af2450ba1c142a67\",\"name\":\"Let\u00edcia Gerheim\",\"image\":{\"@type\":\"ImageObject\",\"inLanguage\":\"pt-BR\",\"@id\":\"https:\/\/www.gaveanews.com\/#\/schema\/person\/image\/\",\"url\":\"https:\/\/secure.gravatar.com\/avatar\/60734739c50fcebfbac509e2a826ccd0ff405c019bc73aab9354f19ecad1dcb4?s=96&d=mm&r=g\",\"contentUrl\":\"https:\/\/secure.gravatar.com\/avatar\/60734739c50fcebfbac509e2a826ccd0ff405c019bc73aab9354f19ecad1dcb4?s=96&d=mm&r=g\",\"caption\":\"Let\u00edcia Gerheim\"}}]}<\/script>\n<!-- \/ Yoast SEO Premium plugin. -->","yoast_head_json":{"title":"AO VIVO! Assista a coletiva de apresenta\u00e7\u00e3o de Agust\u00edn Rossi no Flamengo","robots":{"index":"index","follow":"follow","max-snippet":"max-snippet:-1","max-image-preview":"max-image-preview:large","max-video-preview":"max-video-preview:-1"},"canonical":"https:\/\/www.gaveanews.com\/index.php\/2023\/07\/06\/ao-vivo-assista-a-coletiva-de-apresentacao-de-agustin-rossi-no-flamengo\/","og_locale":"pt_BR","og_type":"article","og_title":"AO VIVO! Assista a coletiva de apresenta\u00e7\u00e3o de Agust\u00edn Rossi no Flamengo","og_description":"Por: Let\u00edcia Gerheim Ap\u00f3s vencer o Athletico-PR por 2 a 1 no Maracan\u00e3, o Flamengo realiza mais uma coletiva de apresenta\u00e7\u00e3o nesta quinta-feira (06). No come\u00e7o da semana, Luiz Ara\u00fajo foi apresentado. O atacante, inclusive, estreou com o Manto Sagrado na partida de ontem. Desta vez, o destaque ser\u00e1 Agust\u00edn Rossi. O goleiro argentino firmou [&hellip;]","og_url":"https:\/\/www.gaveanews.com\/index.php\/2023\/07\/06\/ao-vivo-assista-a-coletiva-de-apresentacao-de-agustin-rossi-no-flamengo\/","og_site_name":"G\u00e1vea News","article_publisher":"https:\/\/facebook.com\/gaveaNews\/","article_published_time":"2023-07-06T15:20:00+00:00","og_image":[{"width":1448,"height":1920,"url":"https:\/\/www.gaveanews.com\/wp-content\/uploads\/agustin-rossi-goleiro-flamengo.webp","type":"image\/webp"}],"author":"Let\u00edcia Gerheim","twitter_card":"summary_large_image","twitter_misc":{"Escrito por":"Let\u00edcia Gerheim","Est. tempo de leitura":"1 minuto"},"schema":{"@context":"https:\/\/schema.org","@graph":[{"@type":"NewsArticle","@id":"https:\/\/www.gaveanews.com\/index.php\/2023\/07\/06\/ao-vivo-assista-a-coletiva-de-apresentacao-de-agustin-rossi-no-flamengo\/#article","isPartOf":{"@id":"https:\/\/www.gaveanews.com\/index.php\/2023\/07\/06\/ao-vivo-assista-a-coletiva-de-apresentacao-de-agustin-rossi-no-flamengo\/"},"author":{"name":"Let\u00edcia Gerheim","@id":"https:\/\/www.gaveanews.com\/#\/schema\/person\/714c67050b836198af2450ba1c142a67"},"headline":"AO VIVO! Assista a coletiva de apresenta\u00e7\u00e3o de Agust\u00edn Rossi no Flamengo","datePublished":"2023-07-06T15:20:00+00:00","mainEntityOfPage":{"@id":"https:\/\/www.gaveanews.com\/index.php\/2023\/07\/06\/ao-vivo-assista-a-coletiva-de-apresentacao-de-agustin-rossi-no-flamengo\/"},"wordCount":140,"commentCount":0,"image":{"@id":"https:\/\/www.gaveanews.com\/index.php\/2023\/07\/06\/ao-vivo-assista-a-coletiva-de-apresentacao-de-agustin-rossi-no-flamengo\/#primaryimage"},"thumbnailUrl":"https:\/\/www.gaveanews.com\/wp-content\/uploads\/agustin-rossi-goleiro-flamengo.webp","articleSection":["V\u00eddeos"],"inLanguage":"pt-BR","potentialAction":[{"@type":"CommentAction","name":"Comment","target":["https:\/\/www.gaveanews.com\/index.php\/2023\/07\/06\/ao-vivo-assista-a-coletiva-de-apresentacao-de-agustin-rossi-no-flamengo\/#respond"]}],"copyrightYear":"2023","copyrightHolder":{"@id":"https:\/\/www.gaveanews.com\/#organization"}},{"@type":"WebPage","@id":"https:\/\/www.gaveanews.com\/index.php\/2023\/07\/06\/ao-vivo-assista-a-coletiva-de-apresentacao-de-agustin-rossi-no-flamengo\/","url":"https:\/\/www.gaveanews.com\/index.php\/2023\/07\/06\/ao-vivo-assista-a-coletiva-de-apresentacao-de-agustin-rossi-no-flamengo\/","name":"AO VIVO! Assista a coletiva de apresenta\u00e7\u00e3o de Agust\u00edn Rossi no Flamengo","isPartOf":{"@id":"https:\/\/www.gaveanews.com\/#website"},"primaryImageOfPage":{"@id":"https:\/\/www.gaveanews.com\/index.php\/2023\/07\/06\/ao-vivo-assista-a-coletiva-de-apresentacao-de-agustin-rossi-no-flamengo\/#primaryimage"},"image":{"@id":"https:\/\/www.gaveanews.com\/index.php\/2023\/07\/06\/ao-vivo-assista-a-coletiva-de-apresentacao-de-agustin-rossi-no-flamengo\/#primaryimage"},"thumbnailUrl":"https:\/\/www.gaveanews.com\/wp-content\/uploads\/agustin-rossi-goleiro-flamengo.webp","datePublished":"2023-07-06T15:20:00+00:00","author":{"@id":"https:\/\/www.gaveanews.com\/#\/schema\/person\/714c67050b836198af2450ba1c142a67"},"breadcrumb":{"@id":"https:\/\/www.gaveanews.com\/index.php\/2023\/07\/06\/ao-vivo-assista-a-coletiva-de-apresentacao-de-agustin-rossi-no-flamengo\/#breadcrumb"},"inLanguage":"pt-BR","potentialAction":[{"@type":"ReadAction","target":["https:\/\/www.gaveanews.com\/index.php\/2023\/07\/06\/ao-vivo-assista-a-coletiva-de-apresentacao-de-agustin-rossi-no-flamengo\/"]}]},{"@type":"ImageObject","inLanguage":"pt-BR","@id":"https:\/\/www.gaveanews.com\/index.php\/2023\/07\/06\/ao-vivo-assista-a-coletiva-de-apresentacao-de-agustin-rossi-no-flamengo\/#primaryimage","url":"https:\/\/www.gaveanews.com\/wp-content\/uploads\/agustin-rossi-goleiro-flamengo.webp","contentUrl":"https:\/\/www.gaveanews.com\/wp-content\/uploads\/agustin-rossi-goleiro-flamengo.webp","width":1448,"height":1920,"caption":"Agust\u00edn Rossi, novo goleiro do Flamengo (Foto: Divulga\u00e7\u00e3o\/Flamengo)"},{"@type":"BreadcrumbList","@id":"https:\/\/www.gaveanews.com\/index.php\/2023\/07\/06\/ao-vivo-assista-a-coletiva-de-apresentacao-de-agustin-rossi-no-flamengo\/#breadcrumb","itemListElement":[{"@type":"ListItem","position":1,"name":"Home","item":"https:\/\/www.gaveanews.com\/"},{"@type":"ListItem","position":2,"name":"AO VIVO! Assista a coletiva de apresenta\u00e7\u00e3o de Agust\u00edn Rossi no Flamengo"}]},{"@type":"WebSite","@id":"https:\/\/www.gaveanews.com\/#website","url":"https:\/\/www.gaveanews.com\/","name":"G\u00e1vea News","description":"Veja todas as not\u00edcias sobre o Flamengo: Contrata\u00e7\u00f5es, categorias de base, resultados das partidas, tabela de classifica\u00e7\u00e3o, pr\u00f3ximos jogos!","potentialAction":[{"@type":"SearchAction","target":{"@type":"EntryPoint","urlTemplate":"https:\/\/www.gaveanews.com\/?s={search_term_string}"},"query-input":{"@type":"PropertyValueSpecification","valueRequired":true,"valueName":"search_term_string"}}],"inLanguage":"pt-BR"},{"@type":"Person","@id":"https:\/\/www.gaveanews.com\/#\/schema\/person\/714c67050b836198af2450ba1c142a67","name":"Let\u00edcia Gerheim","image":{"@type":"ImageObject","inLanguage":"pt-BR","@id":"https:\/\/www.gaveanews.com\/#\/schema\/person\/image\/","url":"https:\/\/secure.gravatar.com\/avatar\/60734739c50fcebfbac509e2a826ccd0ff405c019bc73aab9354f19ecad1dcb4?s=96&d=mm&r=g","contentUrl":"https:\/\/secure.gravatar.com\/avatar\/60734739c50fcebfbac509e2a826ccd0ff405c019bc73aab9354f19ecad1dcb4?s=96&d=mm&r=g","caption":"Let\u00edcia Gerheim"}}]}},"_links":{"self":[{"href":"https:\/\/www.gaveanews.com\/index.php\/wp-json\/wp\/v2\/posts\/102030","targetHints":{"allow":["GET"]}}],"collection":[{"href":"https:\/\/www.gaveanews.com\/index.php\/wp-json\/wp\/v2\/posts"}],"about":[{"href":"https:\/\/www.gaveanews.com\/index.php\/wp-json\/wp\/v2\/types\/post"}],"author":[{"embeddable":true,"href":"https:\/\/www.gaveanews.com\/index.php\/wp-json\/wp\/v2\/users\/4"}],"replies":[{"embeddable":true,"href":"https:\/\/www.gaveanews.com\/index.php\/wp-json\/wp\/v2\/comments?post=102030"}],"version-history":[{"count":0,"href":"https:\/\/www.gaveanews.com\/index.php\/wp-json\/wp\/v2\/posts\/102030\/revisions"}],"wp:featuredmedia":[{"embeddable":true,"href":"https:\/\/www.gaveanews.com\/index.php\/wp-json\/wp\/v2\/media\/102026"}],"wp:attachment":[{"href":"https:\/\/www.gaveanews.com\/index.php\/wp-json\/wp\/v2\/media?parent=102030"}],"wp:term":[{"taxonomy":"category","embeddable":true,"href":"https:\/\/www.gaveanews.com\/index.php\/wp-json\/wp\/v2\/categories?post=102030"},{"taxonomy":"post_tag","embeddable":true,"href":"https:\/\/www.gaveanews.com\/index.php\/wp-json\/wp\/v2\/tags?post=102030"}],"curies":[{"name":"wp","href":"https:\/\/api.w.org\/{rel}","templated":true}]}}