{"id":102045,"date":"2023-07-06T14:08:13","date_gmt":"2023-07-06T17:08:13","guid":{"rendered":"https:\/\/www.gaveanews.com\/?p=102045"},"modified":"2023-07-06T14:08:16","modified_gmt":"2023-07-06T17:08:16","slug":"em-apresentacao-agustin-rossi-mostra-conhecimento-pela-historia-do-flamengo-e-expectativa-por-oportunidades","status":"publish","type":"post","link":"https:\/\/www.gaveanews.com\/index.php\/2023\/07\/06\/em-apresentacao-agustin-rossi-mostra-conhecimento-pela-historia-do-flamengo-e-expectativa-por-oportunidades\/","title":{"rendered":"Em apresenta\u00e7\u00e3o, Agust\u00edn Rossi mostra conhecimento pela hist\u00f3ria do Flamengo e expectativa por oportunidades"},"content":{"rendered":"\n<p>Por: Let\u00edcia Gerheim<br><br>O Flamengo venceu o Athletico-PR na \u00faltima noite e logo em seguida realizou mais uma apresenta\u00e7\u00e3o no Ninho do Urubu. Agust\u00edn Rossi participou da tradicional entrevista coletiva nesta quinta-feira (06) e respondeu aos jornalistas presentes sobre suas expectativas ao chegar no clube carioca.<\/p>\n\n\n\n<p>O goleiro mostrou conhecimento da hist\u00f3ria do Flamengo e citou Fillol, \u00faltimo arqueiro estrangeiro a defender o Manto Sagrado. Al\u00e9m disso, Rossi tamb\u00e9m disse ter grande expectativa em estrear e defender o maior clube do Brasil.<\/p>\n\n\n\n<p><em>\u2014 Cumpro um sonho de chegar ao maior clube do Brasil, um dos maiores do ano. Ser o goleiro estrangeiro do clube desde Fillol \u00e9 algo muito emocionante para mim, porque \u00e9 um dos goleiros mais importantes da Argentina. Espero fazer minha pr\u00f3pria hist\u00f3ria, ganhar t\u00edtulos e ser feliz.<\/em><\/p>\n\n\n\n<p><em>\u2014 \u00a0O Fillol \u00e9 um goleiro muito grande na Argentina, foi campe\u00e3o do mundo e tem uma hist\u00f3ria linda. Chego n\u00e3o com press\u00e3o, mas com expectativa de ter uma boa hist\u00f3ria no\u00a0Flamengo, assim como a dele.<\/em><\/p>\n\n\n\n<p>Rossi tamb\u00e9m falou sobre o processo de vinda ao Flamengo e revelou ter sofrido uma grande press\u00e3o por parte do Boca Juniors e da torcida argentina neste per\u00edodo. O atleta contou que precisou manter a tranquilidade e esperar o contrato com o Boca terminar para enfim poder se apresentar ao Mais Querido.<\/p>\n\n\n\n<p><em>\u2014 O\u00a0Flamengo\u00a0fez uma oferta na janela de julho, mas o Boca tentou a renova\u00e7\u00e3o. Eu tinha expectativa de chegar ao Brasil, conversamos durante todo o ano passado. Em janeiro, tomamos a decis\u00e3o de assinar contrato com o\u00a0Flamengo. A press\u00e3o era da torcida do Boca, dos dirigentes&#8230; Mas eu sempre fiquei tranquilo, joguei e fiz o meu trabalho. Cumpri o que tive que comprar e aguardei.<\/em><\/p>\n","protected":false},"excerpt":{"rendered":"<p>Por: Let\u00edcia Gerheim O Flamengo venceu o Athletico-PR na \u00faltima noite e logo em seguida realizou mais uma apresenta\u00e7\u00e3o no Ninho do Urubu. Agust\u00edn Rossi participou da tradicional entrevista coletiva nesta quinta-feira (06) e respondeu aos jornalistas presentes sobre suas expectativas ao chegar no clube carioca. O goleiro mostrou conhecimento da hist\u00f3ria do Flamengo e [&hellip;]<\/p>\n","protected":false},"author":4,"featured_media":102046,"comment_status":"open","ping_status":"closed","sticky":false,"template":"","format":"standard","meta":{"footnotes":""},"categories":[1],"tags":[],"class_list":["post-102045","post","type-post","status-publish","format-standard","has-post-thumbnail","hentry","category-flamengo"],"yoast_head":"<!-- This site is optimized with the Yoast SEO Premium plugin v24.2 (Yoast SEO v26.9) - https:\/\/yoast.com\/product\/yoast-seo-premium-wordpress\/ -->\n<title>Em apresenta\u00e7\u00e3o, Agust\u00edn Rossi mostra conhecimento pela hist\u00f3ria do Flamengo e expectativa por oportunidades<\/title>\n<meta name=\"robots\" content=\"index, follow, max-snippet:-1, max-image-preview:large, max-video-preview:-1\" \/>\n<link rel=\"canonical\" href=\"https:\/\/www.gaveanews.com\/index.php\/2023\/07\/06\/em-apresentacao-agustin-rossi-mostra-conhecimento-pela-historia-do-flamengo-e-expectativa-por-oportunidades\/\" \/>\n<meta property=\"og:locale\" content=\"pt_BR\" \/>\n<meta property=\"og:type\" content=\"article\" \/>\n<meta property=\"og:title\" content=\"Em apresenta\u00e7\u00e3o, Agust\u00edn Rossi mostra conhecimento pela hist\u00f3ria do Flamengo e expectativa por oportunidades\" \/>\n<meta property=\"og:description\" content=\"Por: Let\u00edcia Gerheim O Flamengo venceu o Athletico-PR na \u00faltima noite e logo em seguida realizou mais uma apresenta\u00e7\u00e3o no Ninho do Urubu. Agust\u00edn Rossi participou da tradicional entrevista coletiva nesta quinta-feira (06) e respondeu aos jornalistas presentes sobre suas expectativas ao chegar no clube carioca. O goleiro mostrou conhecimento da hist\u00f3ria do Flamengo e [&hellip;]\" \/>\n<meta property=\"og:url\" content=\"https:\/\/www.gaveanews.com\/index.php\/2023\/07\/06\/em-apresentacao-agustin-rossi-mostra-conhecimento-pela-historia-do-flamengo-e-expectativa-por-oportunidades\/\" \/>\n<meta property=\"og:site_name\" content=\"G\u00e1vea News\" \/>\n<meta property=\"article:publisher\" content=\"https:\/\/facebook.com\/gaveaNews\/\" \/>\n<meta property=\"article:published_time\" content=\"2023-07-06T17:08:13+00:00\" \/>\n<meta property=\"article:modified_time\" content=\"2023-07-06T17:08:16+00:00\" \/>\n<meta property=\"og:image\" content=\"https:\/\/www.gaveanews.com\/wp-content\/uploads\/agustin-rossi-coletiva-apresentacao-flamengo.webp\" \/>\n\t<meta property=\"og:image:width\" content=\"984\" \/>\n\t<meta property=\"og:image:height\" content=\"675\" \/>\n\t<meta property=\"og:image:type\" content=\"image\/webp\" \/>\n<meta name=\"author\" content=\"Let\u00edcia Gerheim\" \/>\n<meta name=\"twitter:card\" content=\"summary_large_image\" \/>\n<meta name=\"twitter:label1\" content=\"Escrito por\" \/>\n\t<meta name=\"twitter:data1\" content=\"Let\u00edcia Gerheim\" \/>\n\t<meta name=\"twitter:label2\" content=\"Est. tempo de leitura\" \/>\n\t<meta name=\"twitter:data2\" content=\"2 minutos\" \/>\n<script type=\"application\/ld+json\" class=\"yoast-schema-graph\">{\"@context\":\"https:\/\/schema.org\",\"@graph\":[{\"@type\":\"NewsArticle\",\"@id\":\"https:\/\/www.gaveanews.com\/index.php\/2023\/07\/06\/em-apresentacao-agustin-rossi-mostra-conhecimento-pela-historia-do-flamengo-e-expectativa-por-oportunidades\/#article\",\"isPartOf\":{\"@id\":\"https:\/\/www.gaveanews.com\/index.php\/2023\/07\/06\/em-apresentacao-agustin-rossi-mostra-conhecimento-pela-historia-do-flamengo-e-expectativa-por-oportunidades\/\"},\"author\":{\"name\":\"Let\u00edcia Gerheim\",\"@id\":\"https:\/\/www.gaveanews.com\/#\/schema\/person\/714c67050b836198af2450ba1c142a67\"},\"headline\":\"Em apresenta\u00e7\u00e3o, Agust\u00edn Rossi mostra conhecimento pela hist\u00f3ria do Flamengo e expectativa por oportunidades\",\"datePublished\":\"2023-07-06T17:08:13+00:00\",\"dateModified\":\"2023-07-06T17:08:16+00:00\",\"mainEntityOfPage\":{\"@id\":\"https:\/\/www.gaveanews.com\/index.php\/2023\/07\/06\/em-apresentacao-agustin-rossi-mostra-conhecimento-pela-historia-do-flamengo-e-expectativa-por-oportunidades\/\"},\"wordCount\":318,\"commentCount\":0,\"image\":{\"@id\":\"https:\/\/www.gaveanews.com\/index.php\/2023\/07\/06\/em-apresentacao-agustin-rossi-mostra-conhecimento-pela-historia-do-flamengo-e-expectativa-por-oportunidades\/#primaryimage\"},\"thumbnailUrl\":\"https:\/\/www.gaveanews.com\/wp-content\/uploads\/agustin-rossi-coletiva-apresentacao-flamengo.webp\",\"articleSection\":[\"Flamengo\"],\"inLanguage\":\"pt-BR\",\"potentialAction\":[{\"@type\":\"CommentAction\",\"name\":\"Comment\",\"target\":[\"https:\/\/www.gaveanews.com\/index.php\/2023\/07\/06\/em-apresentacao-agustin-rossi-mostra-conhecimento-pela-historia-do-flamengo-e-expectativa-por-oportunidades\/#respond\"]}],\"copyrightYear\":\"2023\",\"copyrightHolder\":{\"@id\":\"https:\/\/www.gaveanews.com\/#organization\"}},{\"@type\":\"WebPage\",\"@id\":\"https:\/\/www.gaveanews.com\/index.php\/2023\/07\/06\/em-apresentacao-agustin-rossi-mostra-conhecimento-pela-historia-do-flamengo-e-expectativa-por-oportunidades\/\",\"url\":\"https:\/\/www.gaveanews.com\/index.php\/2023\/07\/06\/em-apresentacao-agustin-rossi-mostra-conhecimento-pela-historia-do-flamengo-e-expectativa-por-oportunidades\/\",\"name\":\"Em apresenta\u00e7\u00e3o, Agust\u00edn Rossi mostra conhecimento pela hist\u00f3ria do Flamengo e expectativa por oportunidades\",\"isPartOf\":{\"@id\":\"https:\/\/www.gaveanews.com\/#website\"},\"primaryImageOfPage\":{\"@id\":\"https:\/\/www.gaveanews.com\/index.php\/2023\/07\/06\/em-apresentacao-agustin-rossi-mostra-conhecimento-pela-historia-do-flamengo-e-expectativa-por-oportunidades\/#primaryimage\"},\"image\":{\"@id\":\"https:\/\/www.gaveanews.com\/index.php\/2023\/07\/06\/em-apresentacao-agustin-rossi-mostra-conhecimento-pela-historia-do-flamengo-e-expectativa-por-oportunidades\/#primaryimage\"},\"thumbnailUrl\":\"https:\/\/www.gaveanews.com\/wp-content\/uploads\/agustin-rossi-coletiva-apresentacao-flamengo.webp\",\"datePublished\":\"2023-07-06T17:08:13+00:00\",\"dateModified\":\"2023-07-06T17:08:16+00:00\",\"author\":{\"@id\":\"https:\/\/www.gaveanews.com\/#\/schema\/person\/714c67050b836198af2450ba1c142a67\"},\"breadcrumb\":{\"@id\":\"https:\/\/www.gaveanews.com\/index.php\/2023\/07\/06\/em-apresentacao-agustin-rossi-mostra-conhecimento-pela-historia-do-flamengo-e-expectativa-por-oportunidades\/#breadcrumb\"},\"inLanguage\":\"pt-BR\",\"potentialAction\":[{\"@type\":\"ReadAction\",\"target\":[\"https:\/\/www.gaveanews.com\/index.php\/2023\/07\/06\/em-apresentacao-agustin-rossi-mostra-conhecimento-pela-historia-do-flamengo-e-expectativa-por-oportunidades\/\"]}]},{\"@type\":\"ImageObject\",\"inLanguage\":\"pt-BR\",\"@id\":\"https:\/\/www.gaveanews.com\/index.php\/2023\/07\/06\/em-apresentacao-agustin-rossi-mostra-conhecimento-pela-historia-do-flamengo-e-expectativa-por-oportunidades\/#primaryimage\",\"url\":\"https:\/\/www.gaveanews.com\/wp-content\/uploads\/agustin-rossi-coletiva-apresentacao-flamengo.webp\",\"contentUrl\":\"https:\/\/www.gaveanews.com\/wp-content\/uploads\/agustin-rossi-coletiva-apresentacao-flamengo.webp\",\"width\":984,\"height\":675,\"caption\":\"Agust\u00edn Rossi em coletiva de apresenta\u00e7\u00e3o pelo Flamengo (Foto: Bruno Murito)\"},{\"@type\":\"BreadcrumbList\",\"@id\":\"https:\/\/www.gaveanews.com\/index.php\/2023\/07\/06\/em-apresentacao-agustin-rossi-mostra-conhecimento-pela-historia-do-flamengo-e-expectativa-por-oportunidades\/#breadcrumb\",\"itemListElement\":[{\"@type\":\"ListItem\",\"position\":1,\"name\":\"Home\",\"item\":\"https:\/\/www.gaveanews.com\/\"},{\"@type\":\"ListItem\",\"position\":2,\"name\":\"Em apresenta\u00e7\u00e3o, Agust\u00edn Rossi mostra conhecimento pela hist\u00f3ria do Flamengo e expectativa por oportunidades\"}]},{\"@type\":\"WebSite\",\"@id\":\"https:\/\/www.gaveanews.com\/#website\",\"url\":\"https:\/\/www.gaveanews.com\/\",\"name\":\"G\u00e1vea News\",\"description\":\"Veja todas as not\u00edcias sobre o Flamengo: Contrata\u00e7\u00f5es, categorias de base, resultados das partidas, tabela de classifica\u00e7\u00e3o, pr\u00f3ximos jogos!\",\"potentialAction\":[{\"@type\":\"SearchAction\",\"target\":{\"@type\":\"EntryPoint\",\"urlTemplate\":\"https:\/\/www.gaveanews.com\/?s={search_term_string}\"},\"query-input\":{\"@type\":\"PropertyValueSpecification\",\"valueRequired\":true,\"valueName\":\"search_term_string\"}}],\"inLanguage\":\"pt-BR\"},{\"@type\":\"Person\",\"@id\":\"https:\/\/www.gaveanews.com\/#\/schema\/person\/714c67050b836198af2450ba1c142a67\",\"name\":\"Let\u00edcia Gerheim\",\"image\":{\"@type\":\"ImageObject\",\"inLanguage\":\"pt-BR\",\"@id\":\"https:\/\/www.gaveanews.com\/#\/schema\/person\/image\/\",\"url\":\"https:\/\/secure.gravatar.com\/avatar\/60734739c50fcebfbac509e2a826ccd0ff405c019bc73aab9354f19ecad1dcb4?s=96&d=mm&r=g\",\"contentUrl\":\"https:\/\/secure.gravatar.com\/avatar\/60734739c50fcebfbac509e2a826ccd0ff405c019bc73aab9354f19ecad1dcb4?s=96&d=mm&r=g\",\"caption\":\"Let\u00edcia Gerheim\"}}]}<\/script>\n<!-- \/ Yoast SEO Premium plugin. -->","yoast_head_json":{"title":"Em apresenta\u00e7\u00e3o, Agust\u00edn Rossi mostra conhecimento pela hist\u00f3ria do Flamengo e expectativa por oportunidades","robots":{"index":"index","follow":"follow","max-snippet":"max-snippet:-1","max-image-preview":"max-image-preview:large","max-video-preview":"max-video-preview:-1"},"canonical":"https:\/\/www.gaveanews.com\/index.php\/2023\/07\/06\/em-apresentacao-agustin-rossi-mostra-conhecimento-pela-historia-do-flamengo-e-expectativa-por-oportunidades\/","og_locale":"pt_BR","og_type":"article","og_title":"Em apresenta\u00e7\u00e3o, Agust\u00edn Rossi mostra conhecimento pela hist\u00f3ria do Flamengo e expectativa por oportunidades","og_description":"Por: Let\u00edcia Gerheim O Flamengo venceu o Athletico-PR na \u00faltima noite e logo em seguida realizou mais uma apresenta\u00e7\u00e3o no Ninho do Urubu. Agust\u00edn Rossi participou da tradicional entrevista coletiva nesta quinta-feira (06) e respondeu aos jornalistas presentes sobre suas expectativas ao chegar no clube carioca. O goleiro mostrou conhecimento da hist\u00f3ria do Flamengo e [&hellip;]","og_url":"https:\/\/www.gaveanews.com\/index.php\/2023\/07\/06\/em-apresentacao-agustin-rossi-mostra-conhecimento-pela-historia-do-flamengo-e-expectativa-por-oportunidades\/","og_site_name":"G\u00e1vea News","article_publisher":"https:\/\/facebook.com\/gaveaNews\/","article_published_time":"2023-07-06T17:08:13+00:00","article_modified_time":"2023-07-06T17:08:16+00:00","og_image":[{"width":984,"height":675,"url":"https:\/\/www.gaveanews.com\/wp-content\/uploads\/agustin-rossi-coletiva-apresentacao-flamengo.webp","type":"image\/webp"}],"author":"Let\u00edcia Gerheim","twitter_card":"summary_large_image","twitter_misc":{"Escrito por":"Let\u00edcia Gerheim","Est. tempo de leitura":"2 minutos"},"schema":{"@context":"https:\/\/schema.org","@graph":[{"@type":"NewsArticle","@id":"https:\/\/www.gaveanews.com\/index.php\/2023\/07\/06\/em-apresentacao-agustin-rossi-mostra-conhecimento-pela-historia-do-flamengo-e-expectativa-por-oportunidades\/#article","isPartOf":{"@id":"https:\/\/www.gaveanews.com\/index.php\/2023\/07\/06\/em-apresentacao-agustin-rossi-mostra-conhecimento-pela-historia-do-flamengo-e-expectativa-por-oportunidades\/"},"author":{"name":"Let\u00edcia Gerheim","@id":"https:\/\/www.gaveanews.com\/#\/schema\/person\/714c67050b836198af2450ba1c142a67"},"headline":"Em apresenta\u00e7\u00e3o, Agust\u00edn Rossi mostra conhecimento pela hist\u00f3ria do Flamengo e expectativa por oportunidades","datePublished":"2023-07-06T17:08:13+00:00","dateModified":"2023-07-06T17:08:16+00:00","mainEntityOfPage":{"@id":"https:\/\/www.gaveanews.com\/index.php\/2023\/07\/06\/em-apresentacao-agustin-rossi-mostra-conhecimento-pela-historia-do-flamengo-e-expectativa-por-oportunidades\/"},"wordCount":318,"commentCount":0,"image":{"@id":"https:\/\/www.gaveanews.com\/index.php\/2023\/07\/06\/em-apresentacao-agustin-rossi-mostra-conhecimento-pela-historia-do-flamengo-e-expectativa-por-oportunidades\/#primaryimage"},"thumbnailUrl":"https:\/\/www.gaveanews.com\/wp-content\/uploads\/agustin-rossi-coletiva-apresentacao-flamengo.webp","articleSection":["Flamengo"],"inLanguage":"pt-BR","potentialAction":[{"@type":"CommentAction","name":"Comment","target":["https:\/\/www.gaveanews.com\/index.php\/2023\/07\/06\/em-apresentacao-agustin-rossi-mostra-conhecimento-pela-historia-do-flamengo-e-expectativa-por-oportunidades\/#respond"]}],"copyrightYear":"2023","copyrightHolder":{"@id":"https:\/\/www.gaveanews.com\/#organization"}},{"@type":"WebPage","@id":"https:\/\/www.gaveanews.com\/index.php\/2023\/07\/06\/em-apresentacao-agustin-rossi-mostra-conhecimento-pela-historia-do-flamengo-e-expectativa-por-oportunidades\/","url":"https:\/\/www.gaveanews.com\/index.php\/2023\/07\/06\/em-apresentacao-agustin-rossi-mostra-conhecimento-pela-historia-do-flamengo-e-expectativa-por-oportunidades\/","name":"Em apresenta\u00e7\u00e3o, Agust\u00edn Rossi mostra conhecimento pela hist\u00f3ria do Flamengo e expectativa por oportunidades","isPartOf":{"@id":"https:\/\/www.gaveanews.com\/#website"},"primaryImageOfPage":{"@id":"https:\/\/www.gaveanews.com\/index.php\/2023\/07\/06\/em-apresentacao-agustin-rossi-mostra-conhecimento-pela-historia-do-flamengo-e-expectativa-por-oportunidades\/#primaryimage"},"image":{"@id":"https:\/\/www.gaveanews.com\/index.php\/2023\/07\/06\/em-apresentacao-agustin-rossi-mostra-conhecimento-pela-historia-do-flamengo-e-expectativa-por-oportunidades\/#primaryimage"},"thumbnailUrl":"https:\/\/www.gaveanews.com\/wp-content\/uploads\/agustin-rossi-coletiva-apresentacao-flamengo.webp","datePublished":"2023-07-06T17:08:13+00:00","dateModified":"2023-07-06T17:08:16+00:00","author":{"@id":"https:\/\/www.gaveanews.com\/#\/schema\/person\/714c67050b836198af2450ba1c142a67"},"breadcrumb":{"@id":"https:\/\/www.gaveanews.com\/index.php\/2023\/07\/06\/em-apresentacao-agustin-rossi-mostra-conhecimento-pela-historia-do-flamengo-e-expectativa-por-oportunidades\/#breadcrumb"},"inLanguage":"pt-BR","potentialAction":[{"@type":"ReadAction","target":["https:\/\/www.gaveanews.com\/index.php\/2023\/07\/06\/em-apresentacao-agustin-rossi-mostra-conhecimento-pela-historia-do-flamengo-e-expectativa-por-oportunidades\/"]}]},{"@type":"ImageObject","inLanguage":"pt-BR","@id":"https:\/\/www.gaveanews.com\/index.php\/2023\/07\/06\/em-apresentacao-agustin-rossi-mostra-conhecimento-pela-historia-do-flamengo-e-expectativa-por-oportunidades\/#primaryimage","url":"https:\/\/www.gaveanews.com\/wp-content\/uploads\/agustin-rossi-coletiva-apresentacao-flamengo.webp","contentUrl":"https:\/\/www.gaveanews.com\/wp-content\/uploads\/agustin-rossi-coletiva-apresentacao-flamengo.webp","width":984,"height":675,"caption":"Agust\u00edn Rossi em coletiva de apresenta\u00e7\u00e3o pelo Flamengo (Foto: Bruno Murito)"},{"@type":"BreadcrumbList","@id":"https:\/\/www.gaveanews.com\/index.php\/2023\/07\/06\/em-apresentacao-agustin-rossi-mostra-conhecimento-pela-historia-do-flamengo-e-expectativa-por-oportunidades\/#breadcrumb","itemListElement":[{"@type":"ListItem","position":1,"name":"Home","item":"https:\/\/www.gaveanews.com\/"},{"@type":"ListItem","position":2,"name":"Em apresenta\u00e7\u00e3o, Agust\u00edn Rossi mostra conhecimento pela hist\u00f3ria do Flamengo e expectativa por oportunidades"}]},{"@type":"WebSite","@id":"https:\/\/www.gaveanews.com\/#website","url":"https:\/\/www.gaveanews.com\/","name":"G\u00e1vea News","description":"Veja todas as not\u00edcias sobre o Flamengo: Contrata\u00e7\u00f5es, categorias de base, resultados das partidas, tabela de classifica\u00e7\u00e3o, pr\u00f3ximos jogos!","potentialAction":[{"@type":"SearchAction","target":{"@type":"EntryPoint","urlTemplate":"https:\/\/www.gaveanews.com\/?s={search_term_string}"},"query-input":{"@type":"PropertyValueSpecification","valueRequired":true,"valueName":"search_term_string"}}],"inLanguage":"pt-BR"},{"@type":"Person","@id":"https:\/\/www.gaveanews.com\/#\/schema\/person\/714c67050b836198af2450ba1c142a67","name":"Let\u00edcia Gerheim","image":{"@type":"ImageObject","inLanguage":"pt-BR","@id":"https:\/\/www.gaveanews.com\/#\/schema\/person\/image\/","url":"https:\/\/secure.gravatar.com\/avatar\/60734739c50fcebfbac509e2a826ccd0ff405c019bc73aab9354f19ecad1dcb4?s=96&d=mm&r=g","contentUrl":"https:\/\/secure.gravatar.com\/avatar\/60734739c50fcebfbac509e2a826ccd0ff405c019bc73aab9354f19ecad1dcb4?s=96&d=mm&r=g","caption":"Let\u00edcia Gerheim"}}]}},"_links":{"self":[{"href":"https:\/\/www.gaveanews.com\/index.php\/wp-json\/wp\/v2\/posts\/102045","targetHints":{"allow":["GET"]}}],"collection":[{"href":"https:\/\/www.gaveanews.com\/index.php\/wp-json\/wp\/v2\/posts"}],"about":[{"href":"https:\/\/www.gaveanews.com\/index.php\/wp-json\/wp\/v2\/types\/post"}],"author":[{"embeddable":true,"href":"https:\/\/www.gaveanews.com\/index.php\/wp-json\/wp\/v2\/users\/4"}],"replies":[{"embeddable":true,"href":"https:\/\/www.gaveanews.com\/index.php\/wp-json\/wp\/v2\/comments?post=102045"}],"version-history":[{"count":0,"href":"https:\/\/www.gaveanews.com\/index.php\/wp-json\/wp\/v2\/posts\/102045\/revisions"}],"wp:featuredmedia":[{"embeddable":true,"href":"https:\/\/www.gaveanews.com\/index.php\/wp-json\/wp\/v2\/media\/102046"}],"wp:attachment":[{"href":"https:\/\/www.gaveanews.com\/index.php\/wp-json\/wp\/v2\/media?parent=102045"}],"wp:term":[{"taxonomy":"category","embeddable":true,"href":"https:\/\/www.gaveanews.com\/index.php\/wp-json\/wp\/v2\/categories?post=102045"},{"taxonomy":"post_tag","embeddable":true,"href":"https:\/\/www.gaveanews.com\/index.php\/wp-json\/wp\/v2\/tags?post=102045"}],"curies":[{"name":"wp","href":"https:\/\/api.w.org\/{rel}","templated":true}]}}