{"id":102060,"date":"2023-07-06T15:43:21","date_gmt":"2023-07-06T18:43:21","guid":{"rendered":"https:\/\/www.gaveanews.com\/?p=102060"},"modified":"2023-07-14T07:21:49","modified_gmt":"2023-07-14T10:21:49","slug":"video-assista-a-reacao-de-allan-apos-o-gol-do-flamengo-contra-o-athletico-pela-copa-do-brasil","status":"publish","type":"post","link":"https:\/\/www.gaveanews.com\/index.php\/2023\/07\/06\/video-assista-a-reacao-de-allan-apos-o-gol-do-flamengo-contra-o-athletico-pela-copa-do-brasil\/","title":{"rendered":"V\u00eddeo: assista a rea\u00e7\u00e3o de Allan ap\u00f3s o gol do Flamengo, contra o Athletico, pela Copa do Brasil"},"content":{"rendered":"\n<p>Por: Kayo Silva<br><br>Contratado como refor\u00e7o de peso, Allan comemorou o gol do Flamengo marcado diante do Athletico Paranaense.<\/p>\n\n\n\n<p>Em v\u00eddeo publicado pelo zagueiro L\u00e9o Pereira, o volante aparece sorridente e comemorando junto com a na\u00e7\u00e3o, desde a sua chegada ao Rio o novo contratado do Flamengo se mostra muito feliz e com o sorriso no rosto.<\/p>\n\n\n\n<figure class=\"wp-block-embed is-type-rich is-provider-twitter wp-block-embed-twitter\"><div class=\"wp-block-embed__wrapper\">\n<blockquote class=\"twitter-tweet\" data-width=\"550\" data-dnt=\"true\"><p lang=\"pt\" dir=\"ltr\">Allan \ud83d\ude01\ud83d\ude01\ud83d\ude01 comemorando o gol do Pedro junto com L\u00e9o Pereira e Matheuzinho \ud83d\ude01\ud83d\ude01\ud83d\ude01 Feliz como de costume \ud83d\ude01\ud83d\ude01\ud83d\ude01 <a href=\"https:\/\/twitter.com\/hashtag\/lanceFLA?src=hash&amp;ref_src=twsrc%5Etfw\">#lanceFLA<\/a> <a href=\"https:\/\/t.co\/LaYj4g0si2\">pic.twitter.com\/LaYj4g0si2<\/a><\/p>&mdash; Paula Mattos (@_mattosp) <a href=\"https:\/\/twitter.com\/_mattosp\/status\/1676803100672131072?ref_src=twsrc%5Etfw\">July 6, 2023<\/a><\/blockquote><script async src=\"https:\/\/platform.twitter.com\/widgets.js\" charset=\"utf-8\"><\/script>\n<\/div><\/figure>\n\n\n\n<p>No v\u00eddeo em que L\u00e9o Pereira grava, tamb\u00e9m aparecem o lateral Matheuzinho, que est\u00e1 em fim de recupera\u00e7\u00e3o da fratura na t\u00edbia e Gabigol que ficou de fora por conta de uma entorse no tornozelo.<\/p>\n\n\n\n<p>O refor\u00e7o estaria liberado para jogar j\u00e1 que teve seu nome publicado no BID, por\u00e9m o que impediu sua estreia foram as suas condi\u00e7\u00f5es f\u00edsicas. Allan ficou um per\u00edodo ausente por conta de uma les\u00e3o na lombar que o deixou afastado dos gramados por 3 meses.<\/p>\n\n\n\n<p>O Departamento M\u00e9dico do Flamengo vem fazendo uma prepara\u00e7\u00e3o especial com o meio-campista pois o que falta para ele jogar seria apenas a condi\u00e7\u00e3o f\u00edsica. Conforme informa\u00e7\u00f5es do GE, o jogador realiza trabalhos em dois turnos no Ninho do Urubu para acelerar o processo e ficar cada dia mais perto do retorno aos gramados.<\/p>\n\n\n\n<p>Allan sofreu a les\u00e3o ainda na pr\u00e9-Libertadores atuando contra a equipe do Millionarios, na ocasi\u00e3o ele recebeu uma pancada e caiu do gramado com muitas dores. O Atl\u00e9tico, seu ex-clube, informou sobre a les\u00e3o e que ele n\u00e3o precisaria passar por cirurgia, mas sim, de um tempo maior para recuperar, atrav\u00e9s de um tratamento mais conservador.<\/p>\n\n\n\n<p>J\u00e1 contratado pelo Flamengo, Allan j\u00e1 est\u00e1 100% recuperado e o seu retorno aos gramados est\u00e1 pr\u00f3xima de acontecer. E assim como o volante, o goleiro Rossi, tamb\u00e9m refor\u00e7o na janela do meio do ano, segue a todo vapor em dois turnos para entrar em forma.<\/p>\n","protected":false},"excerpt":{"rendered":"<p>Por: Kayo Silva Contratado como refor\u00e7o de peso, Allan comemorou o gol do Flamengo marcado diante do Athletico Paranaense. Em v\u00eddeo publicado pelo zagueiro L\u00e9o Pereira, o volante aparece sorridente e comemorando junto com a na\u00e7\u00e3o, desde a sua chegada ao Rio o novo contratado do Flamengo se mostra muito feliz e com o sorriso [&hellip;]<\/p>\n","protected":false},"author":10,"featured_media":89336,"comment_status":"open","ping_status":"closed","sticky":false,"template":"","format":"standard","meta":{"footnotes":""},"categories":[40],"tags":[],"class_list":["post-102060","post","type-post","status-publish","format-standard","has-post-thumbnail","hentry","category-video"],"yoast_head":"<!-- This site is optimized with the Yoast SEO Premium plugin v24.2 (Yoast SEO v26.9) - https:\/\/yoast.com\/product\/yoast-seo-premium-wordpress\/ -->\n<title>V\u00eddeo: assista a rea\u00e7\u00e3o de Allan ap\u00f3s o gol do Flamengo, contra o Athletico, pela Copa do Brasil<\/title>\n<meta name=\"robots\" content=\"index, follow, max-snippet:-1, max-image-preview:large, max-video-preview:-1\" \/>\n<link rel=\"canonical\" href=\"https:\/\/www.gaveanews.com\/index.php\/2023\/07\/06\/video-assista-a-reacao-de-allan-apos-o-gol-do-flamengo-contra-o-athletico-pela-copa-do-brasil\/\" \/>\n<meta property=\"og:locale\" content=\"pt_BR\" \/>\n<meta property=\"og:type\" content=\"article\" \/>\n<meta property=\"og:title\" content=\"V\u00eddeo: assista a rea\u00e7\u00e3o de Allan ap\u00f3s o gol do Flamengo, contra o Athletico, pela Copa do Brasil\" \/>\n<meta property=\"og:description\" content=\"Por: Kayo Silva Contratado como refor\u00e7o de peso, Allan comemorou o gol do Flamengo marcado diante do Athletico Paranaense. Em v\u00eddeo publicado pelo zagueiro L\u00e9o Pereira, o volante aparece sorridente e comemorando junto com a na\u00e7\u00e3o, desde a sua chegada ao Rio o novo contratado do Flamengo se mostra muito feliz e com o sorriso [&hellip;]\" \/>\n<meta property=\"og:url\" content=\"https:\/\/www.gaveanews.com\/index.php\/2023\/07\/06\/video-assista-a-reacao-de-allan-apos-o-gol-do-flamengo-contra-o-athletico-pela-copa-do-brasil\/\" \/>\n<meta property=\"og:site_name\" content=\"G\u00e1vea News\" \/>\n<meta property=\"article:publisher\" content=\"https:\/\/facebook.com\/gaveaNews\/\" \/>\n<meta property=\"article:published_time\" content=\"2023-07-06T18:43:21+00:00\" \/>\n<meta property=\"article:modified_time\" content=\"2023-07-14T10:21:49+00:00\" \/>\n<meta property=\"og:image\" content=\"https:\/\/www.gaveanews.com\/wp-content\/uploads\/Flamengo-conquista-a-Copa-do-Brasil-em-2022.webp\" \/>\n\t<meta property=\"og:image:width\" content=\"800\" \/>\n\t<meta property=\"og:image:height\" content=\"533\" \/>\n\t<meta property=\"og:image:type\" content=\"image\/jpeg\" \/>\n<meta name=\"author\" content=\"Kayo Silva\" \/>\n<meta name=\"twitter:card\" content=\"summary_large_image\" \/>\n<meta name=\"twitter:label1\" content=\"Escrito por\" \/>\n\t<meta name=\"twitter:data1\" content=\"Kayo Silva\" \/>\n\t<meta name=\"twitter:label2\" content=\"Est. tempo de leitura\" \/>\n\t<meta name=\"twitter:data2\" content=\"2 minutos\" \/>\n<script type=\"application\/ld+json\" class=\"yoast-schema-graph\">{\"@context\":\"https:\/\/schema.org\",\"@graph\":[{\"@type\":\"NewsArticle\",\"@id\":\"https:\/\/www.gaveanews.com\/index.php\/2023\/07\/06\/video-assista-a-reacao-de-allan-apos-o-gol-do-flamengo-contra-o-athletico-pela-copa-do-brasil\/#article\",\"isPartOf\":{\"@id\":\"https:\/\/www.gaveanews.com\/index.php\/2023\/07\/06\/video-assista-a-reacao-de-allan-apos-o-gol-do-flamengo-contra-o-athletico-pela-copa-do-brasil\/\"},\"author\":{\"name\":\"Kayo Silva\",\"@id\":\"https:\/\/www.gaveanews.com\/#\/schema\/person\/51b3ba6a493cf9e7af9ce2c6d0d4ff1c\"},\"headline\":\"V\u00eddeo: assista a rea\u00e7\u00e3o de Allan ap\u00f3s o gol do Flamengo, contra o Athletico, pela Copa do Brasil\",\"datePublished\":\"2023-07-06T18:43:21+00:00\",\"dateModified\":\"2023-07-14T10:21:49+00:00\",\"mainEntityOfPage\":{\"@id\":\"https:\/\/www.gaveanews.com\/index.php\/2023\/07\/06\/video-assista-a-reacao-de-allan-apos-o-gol-do-flamengo-contra-o-athletico-pela-copa-do-brasil\/\"},\"wordCount\":348,\"commentCount\":0,\"image\":{\"@id\":\"https:\/\/www.gaveanews.com\/index.php\/2023\/07\/06\/video-assista-a-reacao-de-allan-apos-o-gol-do-flamengo-contra-o-athletico-pela-copa-do-brasil\/#primaryimage\"},\"thumbnailUrl\":\"https:\/\/www.gaveanews.com\/wp-content\/uploads\/Flamengo-conquista-a-Copa-do-Brasil-em-2022.webp\",\"articleSection\":[\"V\u00eddeos\"],\"inLanguage\":\"pt-BR\",\"potentialAction\":[{\"@type\":\"CommentAction\",\"name\":\"Comment\",\"target\":[\"https:\/\/www.gaveanews.com\/index.php\/2023\/07\/06\/video-assista-a-reacao-de-allan-apos-o-gol-do-flamengo-contra-o-athletico-pela-copa-do-brasil\/#respond\"]}],\"copyrightYear\":\"2023\",\"copyrightHolder\":{\"@id\":\"https:\/\/www.gaveanews.com\/#organization\"}},{\"@type\":\"WebPage\",\"@id\":\"https:\/\/www.gaveanews.com\/index.php\/2023\/07\/06\/video-assista-a-reacao-de-allan-apos-o-gol-do-flamengo-contra-o-athletico-pela-copa-do-brasil\/\",\"url\":\"https:\/\/www.gaveanews.com\/index.php\/2023\/07\/06\/video-assista-a-reacao-de-allan-apos-o-gol-do-flamengo-contra-o-athletico-pela-copa-do-brasil\/\",\"name\":\"V\u00eddeo: assista a rea\u00e7\u00e3o de Allan ap\u00f3s o gol do Flamengo, contra o Athletico, pela Copa do Brasil\",\"isPartOf\":{\"@id\":\"https:\/\/www.gaveanews.com\/#website\"},\"primaryImageOfPage\":{\"@id\":\"https:\/\/www.gaveanews.com\/index.php\/2023\/07\/06\/video-assista-a-reacao-de-allan-apos-o-gol-do-flamengo-contra-o-athletico-pela-copa-do-brasil\/#primaryimage\"},\"image\":{\"@id\":\"https:\/\/www.gaveanews.com\/index.php\/2023\/07\/06\/video-assista-a-reacao-de-allan-apos-o-gol-do-flamengo-contra-o-athletico-pela-copa-do-brasil\/#primaryimage\"},\"thumbnailUrl\":\"https:\/\/www.gaveanews.com\/wp-content\/uploads\/Flamengo-conquista-a-Copa-do-Brasil-em-2022.webp\",\"datePublished\":\"2023-07-06T18:43:21+00:00\",\"dateModified\":\"2023-07-14T10:21:49+00:00\",\"author\":{\"@id\":\"https:\/\/www.gaveanews.com\/#\/schema\/person\/51b3ba6a493cf9e7af9ce2c6d0d4ff1c\"},\"breadcrumb\":{\"@id\":\"https:\/\/www.gaveanews.com\/index.php\/2023\/07\/06\/video-assista-a-reacao-de-allan-apos-o-gol-do-flamengo-contra-o-athletico-pela-copa-do-brasil\/#breadcrumb\"},\"inLanguage\":\"pt-BR\",\"potentialAction\":[{\"@type\":\"ReadAction\",\"target\":[\"https:\/\/www.gaveanews.com\/index.php\/2023\/07\/06\/video-assista-a-reacao-de-allan-apos-o-gol-do-flamengo-contra-o-athletico-pela-copa-do-brasil\/\"]}]},{\"@type\":\"ImageObject\",\"inLanguage\":\"pt-BR\",\"@id\":\"https:\/\/www.gaveanews.com\/index.php\/2023\/07\/06\/video-assista-a-reacao-de-allan-apos-o-gol-do-flamengo-contra-o-athletico-pela-copa-do-brasil\/#primaryimage\",\"url\":\"https:\/\/www.gaveanews.com\/wp-content\/uploads\/Flamengo-conquista-a-Copa-do-Brasil-em-2022.webp\",\"contentUrl\":\"https:\/\/www.gaveanews.com\/wp-content\/uploads\/Flamengo-conquista-a-Copa-do-Brasil-em-2022.webp\",\"width\":800,\"height\":533,\"caption\":\"Flamengo conquista a Copa do Brasil em 2022 (Foto: Marcelo Cortes\/Flamengo)\"},{\"@type\":\"BreadcrumbList\",\"@id\":\"https:\/\/www.gaveanews.com\/index.php\/2023\/07\/06\/video-assista-a-reacao-de-allan-apos-o-gol-do-flamengo-contra-o-athletico-pela-copa-do-brasil\/#breadcrumb\",\"itemListElement\":[{\"@type\":\"ListItem\",\"position\":1,\"name\":\"Home\",\"item\":\"https:\/\/www.gaveanews.com\/\"},{\"@type\":\"ListItem\",\"position\":2,\"name\":\"V\u00eddeo: assista a rea\u00e7\u00e3o de Allan ap\u00f3s o gol do Flamengo, contra o Athletico, pela Copa do Brasil\"}]},{\"@type\":\"WebSite\",\"@id\":\"https:\/\/www.gaveanews.com\/#website\",\"url\":\"https:\/\/www.gaveanews.com\/\",\"name\":\"G\u00e1vea News\",\"description\":\"Veja todas as not\u00edcias sobre o Flamengo: Contrata\u00e7\u00f5es, categorias de base, resultados das partidas, tabela de classifica\u00e7\u00e3o, pr\u00f3ximos jogos!\",\"potentialAction\":[{\"@type\":\"SearchAction\",\"target\":{\"@type\":\"EntryPoint\",\"urlTemplate\":\"https:\/\/www.gaveanews.com\/?s={search_term_string}\"},\"query-input\":{\"@type\":\"PropertyValueSpecification\",\"valueRequired\":true,\"valueName\":\"search_term_string\"}}],\"inLanguage\":\"pt-BR\"},{\"@type\":\"Person\",\"@id\":\"https:\/\/www.gaveanews.com\/#\/schema\/person\/51b3ba6a493cf9e7af9ce2c6d0d4ff1c\",\"name\":\"Kayo Silva\",\"image\":{\"@type\":\"ImageObject\",\"inLanguage\":\"pt-BR\",\"@id\":\"https:\/\/www.gaveanews.com\/#\/schema\/person\/image\/\",\"url\":\"https:\/\/secure.gravatar.com\/avatar\/af6d65cafc646a65c39c5fcb2a1ef51b863a81461770cfff553ec2fdd931c68c?s=96&d=mm&r=g\",\"contentUrl\":\"https:\/\/secure.gravatar.com\/avatar\/af6d65cafc646a65c39c5fcb2a1ef51b863a81461770cfff553ec2fdd931c68c?s=96&d=mm&r=g\",\"caption\":\"Kayo Silva\"}}]}<\/script>\n<!-- \/ Yoast SEO Premium plugin. -->","yoast_head_json":{"title":"V\u00eddeo: assista a rea\u00e7\u00e3o de Allan ap\u00f3s o gol do Flamengo, contra o Athletico, pela Copa do Brasil","robots":{"index":"index","follow":"follow","max-snippet":"max-snippet:-1","max-image-preview":"max-image-preview:large","max-video-preview":"max-video-preview:-1"},"canonical":"https:\/\/www.gaveanews.com\/index.php\/2023\/07\/06\/video-assista-a-reacao-de-allan-apos-o-gol-do-flamengo-contra-o-athletico-pela-copa-do-brasil\/","og_locale":"pt_BR","og_type":"article","og_title":"V\u00eddeo: assista a rea\u00e7\u00e3o de Allan ap\u00f3s o gol do Flamengo, contra o Athletico, pela Copa do Brasil","og_description":"Por: Kayo Silva Contratado como refor\u00e7o de peso, Allan comemorou o gol do Flamengo marcado diante do Athletico Paranaense. Em v\u00eddeo publicado pelo zagueiro L\u00e9o Pereira, o volante aparece sorridente e comemorando junto com a na\u00e7\u00e3o, desde a sua chegada ao Rio o novo contratado do Flamengo se mostra muito feliz e com o sorriso [&hellip;]","og_url":"https:\/\/www.gaveanews.com\/index.php\/2023\/07\/06\/video-assista-a-reacao-de-allan-apos-o-gol-do-flamengo-contra-o-athletico-pela-copa-do-brasil\/","og_site_name":"G\u00e1vea News","article_publisher":"https:\/\/facebook.com\/gaveaNews\/","article_published_time":"2023-07-06T18:43:21+00:00","article_modified_time":"2023-07-14T10:21:49+00:00","og_image":[{"width":800,"height":533,"url":"https:\/\/www.gaveanews.com\/wp-content\/uploads\/Flamengo-conquista-a-Copa-do-Brasil-em-2022.webp","type":"image\/jpeg"}],"author":"Kayo Silva","twitter_card":"summary_large_image","twitter_misc":{"Escrito por":"Kayo Silva","Est. tempo de leitura":"2 minutos"},"schema":{"@context":"https:\/\/schema.org","@graph":[{"@type":"NewsArticle","@id":"https:\/\/www.gaveanews.com\/index.php\/2023\/07\/06\/video-assista-a-reacao-de-allan-apos-o-gol-do-flamengo-contra-o-athletico-pela-copa-do-brasil\/#article","isPartOf":{"@id":"https:\/\/www.gaveanews.com\/index.php\/2023\/07\/06\/video-assista-a-reacao-de-allan-apos-o-gol-do-flamengo-contra-o-athletico-pela-copa-do-brasil\/"},"author":{"name":"Kayo Silva","@id":"https:\/\/www.gaveanews.com\/#\/schema\/person\/51b3ba6a493cf9e7af9ce2c6d0d4ff1c"},"headline":"V\u00eddeo: assista a rea\u00e7\u00e3o de Allan ap\u00f3s o gol do Flamengo, contra o Athletico, pela Copa do Brasil","datePublished":"2023-07-06T18:43:21+00:00","dateModified":"2023-07-14T10:21:49+00:00","mainEntityOfPage":{"@id":"https:\/\/www.gaveanews.com\/index.php\/2023\/07\/06\/video-assista-a-reacao-de-allan-apos-o-gol-do-flamengo-contra-o-athletico-pela-copa-do-brasil\/"},"wordCount":348,"commentCount":0,"image":{"@id":"https:\/\/www.gaveanews.com\/index.php\/2023\/07\/06\/video-assista-a-reacao-de-allan-apos-o-gol-do-flamengo-contra-o-athletico-pela-copa-do-brasil\/#primaryimage"},"thumbnailUrl":"https:\/\/www.gaveanews.com\/wp-content\/uploads\/Flamengo-conquista-a-Copa-do-Brasil-em-2022.webp","articleSection":["V\u00eddeos"],"inLanguage":"pt-BR","potentialAction":[{"@type":"CommentAction","name":"Comment","target":["https:\/\/www.gaveanews.com\/index.php\/2023\/07\/06\/video-assista-a-reacao-de-allan-apos-o-gol-do-flamengo-contra-o-athletico-pela-copa-do-brasil\/#respond"]}],"copyrightYear":"2023","copyrightHolder":{"@id":"https:\/\/www.gaveanews.com\/#organization"}},{"@type":"WebPage","@id":"https:\/\/www.gaveanews.com\/index.php\/2023\/07\/06\/video-assista-a-reacao-de-allan-apos-o-gol-do-flamengo-contra-o-athletico-pela-copa-do-brasil\/","url":"https:\/\/www.gaveanews.com\/index.php\/2023\/07\/06\/video-assista-a-reacao-de-allan-apos-o-gol-do-flamengo-contra-o-athletico-pela-copa-do-brasil\/","name":"V\u00eddeo: assista a rea\u00e7\u00e3o de Allan ap\u00f3s o gol do Flamengo, contra o Athletico, pela Copa do Brasil","isPartOf":{"@id":"https:\/\/www.gaveanews.com\/#website"},"primaryImageOfPage":{"@id":"https:\/\/www.gaveanews.com\/index.php\/2023\/07\/06\/video-assista-a-reacao-de-allan-apos-o-gol-do-flamengo-contra-o-athletico-pela-copa-do-brasil\/#primaryimage"},"image":{"@id":"https:\/\/www.gaveanews.com\/index.php\/2023\/07\/06\/video-assista-a-reacao-de-allan-apos-o-gol-do-flamengo-contra-o-athletico-pela-copa-do-brasil\/#primaryimage"},"thumbnailUrl":"https:\/\/www.gaveanews.com\/wp-content\/uploads\/Flamengo-conquista-a-Copa-do-Brasil-em-2022.webp","datePublished":"2023-07-06T18:43:21+00:00","dateModified":"2023-07-14T10:21:49+00:00","author":{"@id":"https:\/\/www.gaveanews.com\/#\/schema\/person\/51b3ba6a493cf9e7af9ce2c6d0d4ff1c"},"breadcrumb":{"@id":"https:\/\/www.gaveanews.com\/index.php\/2023\/07\/06\/video-assista-a-reacao-de-allan-apos-o-gol-do-flamengo-contra-o-athletico-pela-copa-do-brasil\/#breadcrumb"},"inLanguage":"pt-BR","potentialAction":[{"@type":"ReadAction","target":["https:\/\/www.gaveanews.com\/index.php\/2023\/07\/06\/video-assista-a-reacao-de-allan-apos-o-gol-do-flamengo-contra-o-athletico-pela-copa-do-brasil\/"]}]},{"@type":"ImageObject","inLanguage":"pt-BR","@id":"https:\/\/www.gaveanews.com\/index.php\/2023\/07\/06\/video-assista-a-reacao-de-allan-apos-o-gol-do-flamengo-contra-o-athletico-pela-copa-do-brasil\/#primaryimage","url":"https:\/\/www.gaveanews.com\/wp-content\/uploads\/Flamengo-conquista-a-Copa-do-Brasil-em-2022.webp","contentUrl":"https:\/\/www.gaveanews.com\/wp-content\/uploads\/Flamengo-conquista-a-Copa-do-Brasil-em-2022.webp","width":800,"height":533,"caption":"Flamengo conquista a Copa do Brasil em 2022 (Foto: Marcelo Cortes\/Flamengo)"},{"@type":"BreadcrumbList","@id":"https:\/\/www.gaveanews.com\/index.php\/2023\/07\/06\/video-assista-a-reacao-de-allan-apos-o-gol-do-flamengo-contra-o-athletico-pela-copa-do-brasil\/#breadcrumb","itemListElement":[{"@type":"ListItem","position":1,"name":"Home","item":"https:\/\/www.gaveanews.com\/"},{"@type":"ListItem","position":2,"name":"V\u00eddeo: assista a rea\u00e7\u00e3o de Allan ap\u00f3s o gol do Flamengo, contra o Athletico, pela Copa do Brasil"}]},{"@type":"WebSite","@id":"https:\/\/www.gaveanews.com\/#website","url":"https:\/\/www.gaveanews.com\/","name":"G\u00e1vea News","description":"Veja todas as not\u00edcias sobre o Flamengo: Contrata\u00e7\u00f5es, categorias de base, resultados das partidas, tabela de classifica\u00e7\u00e3o, pr\u00f3ximos jogos!","potentialAction":[{"@type":"SearchAction","target":{"@type":"EntryPoint","urlTemplate":"https:\/\/www.gaveanews.com\/?s={search_term_string}"},"query-input":{"@type":"PropertyValueSpecification","valueRequired":true,"valueName":"search_term_string"}}],"inLanguage":"pt-BR"},{"@type":"Person","@id":"https:\/\/www.gaveanews.com\/#\/schema\/person\/51b3ba6a493cf9e7af9ce2c6d0d4ff1c","name":"Kayo Silva","image":{"@type":"ImageObject","inLanguage":"pt-BR","@id":"https:\/\/www.gaveanews.com\/#\/schema\/person\/image\/","url":"https:\/\/secure.gravatar.com\/avatar\/af6d65cafc646a65c39c5fcb2a1ef51b863a81461770cfff553ec2fdd931c68c?s=96&d=mm&r=g","contentUrl":"https:\/\/secure.gravatar.com\/avatar\/af6d65cafc646a65c39c5fcb2a1ef51b863a81461770cfff553ec2fdd931c68c?s=96&d=mm&r=g","caption":"Kayo Silva"}}]}},"_links":{"self":[{"href":"https:\/\/www.gaveanews.com\/index.php\/wp-json\/wp\/v2\/posts\/102060","targetHints":{"allow":["GET"]}}],"collection":[{"href":"https:\/\/www.gaveanews.com\/index.php\/wp-json\/wp\/v2\/posts"}],"about":[{"href":"https:\/\/www.gaveanews.com\/index.php\/wp-json\/wp\/v2\/types\/post"}],"author":[{"embeddable":true,"href":"https:\/\/www.gaveanews.com\/index.php\/wp-json\/wp\/v2\/users\/10"}],"replies":[{"embeddable":true,"href":"https:\/\/www.gaveanews.com\/index.php\/wp-json\/wp\/v2\/comments?post=102060"}],"version-history":[{"count":0,"href":"https:\/\/www.gaveanews.com\/index.php\/wp-json\/wp\/v2\/posts\/102060\/revisions"}],"wp:featuredmedia":[{"embeddable":true,"href":"https:\/\/www.gaveanews.com\/index.php\/wp-json\/wp\/v2\/media\/89336"}],"wp:attachment":[{"href":"https:\/\/www.gaveanews.com\/index.php\/wp-json\/wp\/v2\/media?parent=102060"}],"wp:term":[{"taxonomy":"category","embeddable":true,"href":"https:\/\/www.gaveanews.com\/index.php\/wp-json\/wp\/v2\/categories?post=102060"},{"taxonomy":"post_tag","embeddable":true,"href":"https:\/\/www.gaveanews.com\/index.php\/wp-json\/wp\/v2\/tags?post=102060"}],"curies":[{"name":"wp","href":"https:\/\/api.w.org\/{rel}","templated":true}]}}