{"id":102067,"date":"2023-07-06T16:42:59","date_gmt":"2023-07-06T19:42:59","guid":{"rendered":"https:\/\/www.gaveanews.com\/?p=102067"},"modified":"2023-07-14T07:21:56","modified_gmt":"2023-07-14T10:21:56","slug":"apos-disputar-a-sua-primeira-partida-pelo-flamengo-luiz-araujo-manda-recado-para-a-imprensa","status":"publish","type":"post","link":"https:\/\/www.gaveanews.com\/index.php\/2023\/07\/06\/apos-disputar-a-sua-primeira-partida-pelo-flamengo-luiz-araujo-manda-recado-para-a-imprensa\/","title":{"rendered":"Ap\u00f3s disputar a sua primeira partida pelo Flamengo, Luiz Ara\u00fajo manda recado para a imprensa"},"content":{"rendered":"\n<p>Por: Kayo Silva<br><br>Ap\u00f3s o fim da partida das quartas de finais da Copa do Brasil, o atacante Luiz Ara\u00fajo deixa um recado para a imprensa. <\/p>\n\n\n\n<p>No p\u00f3s-jogo da grande vit\u00f3ria de virada do Flamengo, o estreante Luiz Ara\u00fajo parou para conversar com \u00e0 imprensa na zona mista do Maracan\u00e3, o jogador falou sobre as cr\u00edticas que recebeu por conta de suas caracter\u00edsticas em campo. E ao ser perguntado se o que ele faria de melhor era apenas \u201ccorrer\u201d, Luiz foi firme.<\/p>\n\n\n\n<p><em>\u2014 A cr\u00edtica faz parte. Serve para que a gente evolua. Estou muito feliz por esse momento que estou vivendo aqui. Pude fazer uma grande jogada, mas infelizmente n\u00e3o foi gol. Mas \u00e9 como eu falei, vou seguir trabalhando, sempre caladinho, pouca m\u00eddia e muito futebol<\/em>, disse o novo refor\u00e7o do Meng\u00e3o.<\/p>\n\n\n\n<p>O ponta completou que foi chamado por Jorge Sampaoli para que entrasse no lugar de \u00c9verton Ribeiro na parte final do segundo tempo na vit\u00f3ria por 2 a 1 contra a equipe do Athletico Paranaense. Em outro momento da entrevista o atacante revelou que a chegada dele ao clube foi um pedido especial do t\u00e9cnico argentino: <\/p>\n\n\n\n<p><em>\u2014 O Sampaoli j\u00e1 me assistia em muitos jogos. Me pediu para ficar bastante aberto e o Wesley esperar um pouco mais atr\u00e1s para eu poder usar da minha qualidade. Ou seja, ter a velocidade e o um contra um. Foi mais ou menos isso<\/em>, acrescentou.<\/p>\n\n\n\n<p>O novo camisa 22 ainda contou sobre a sensa\u00e7\u00e3o de sentir a atmosfera da torcida do Flamengo.<\/p>\n\n\n\n<p><em>\u2014 Estou muito feliz. Na primeira parte fiquei ali olhando um pouco para a Na\u00e7\u00e3o, vendo a linda festa que estavam fazendo. Estava muito ansioso para poder entrar. Quando o Jorge Sampaoli me chamou, foi uma emo\u00e7\u00e3o muito grande. Estou muito feliz de ter estreado e mais feliz ainda pela vit\u00f3ria<\/em>, finalizou a entrevista.<\/p>\n","protected":false},"excerpt":{"rendered":"<p>Por: Kayo Silva Ap\u00f3s o fim da partida das quartas de finais da Copa do Brasil, o atacante Luiz Ara\u00fajo deixa um recado para a imprensa. No p\u00f3s-jogo da grande vit\u00f3ria de virada do Flamengo, o estreante Luiz Ara\u00fajo parou para conversar com \u00e0 imprensa na zona mista do Maracan\u00e3, o jogador falou sobre as [&hellip;]<\/p>\n","protected":false},"author":10,"featured_media":101795,"comment_status":"open","ping_status":"closed","sticky":false,"template":"","format":"standard","meta":{"footnotes":""},"categories":[1],"tags":[],"class_list":["post-102067","post","type-post","status-publish","format-standard","has-post-thumbnail","hentry","category-flamengo"],"yoast_head":"<!-- This site is optimized with the Yoast SEO Premium plugin v24.2 (Yoast SEO v26.9) - https:\/\/yoast.com\/product\/yoast-seo-premium-wordpress\/ -->\n<title>Ap\u00f3s disputar a sua primeira partida pelo Flamengo, Luiz Ara\u00fajo manda recado para a imprensa<\/title>\n<meta name=\"robots\" content=\"index, follow, max-snippet:-1, max-image-preview:large, max-video-preview:-1\" \/>\n<link rel=\"canonical\" href=\"https:\/\/www.gaveanews.com\/index.php\/2023\/07\/06\/apos-disputar-a-sua-primeira-partida-pelo-flamengo-luiz-araujo-manda-recado-para-a-imprensa\/\" \/>\n<meta property=\"og:locale\" content=\"pt_BR\" \/>\n<meta property=\"og:type\" content=\"article\" \/>\n<meta property=\"og:title\" content=\"Ap\u00f3s disputar a sua primeira partida pelo Flamengo, Luiz Ara\u00fajo manda recado para a imprensa\" \/>\n<meta property=\"og:description\" content=\"Por: Kayo Silva Ap\u00f3s o fim da partida das quartas de finais da Copa do Brasil, o atacante Luiz Ara\u00fajo deixa um recado para a imprensa. No p\u00f3s-jogo da grande vit\u00f3ria de virada do Flamengo, o estreante Luiz Ara\u00fajo parou para conversar com \u00e0 imprensa na zona mista do Maracan\u00e3, o jogador falou sobre as [&hellip;]\" \/>\n<meta property=\"og:url\" content=\"https:\/\/www.gaveanews.com\/index.php\/2023\/07\/06\/apos-disputar-a-sua-primeira-partida-pelo-flamengo-luiz-araujo-manda-recado-para-a-imprensa\/\" \/>\n<meta property=\"og:site_name\" content=\"G\u00e1vea News\" \/>\n<meta property=\"article:publisher\" content=\"https:\/\/facebook.com\/gaveaNews\/\" \/>\n<meta property=\"article:published_time\" content=\"2023-07-06T19:42:59+00:00\" \/>\n<meta property=\"article:modified_time\" content=\"2023-07-14T10:21:56+00:00\" \/>\n<meta property=\"og:image\" content=\"https:\/\/www.gaveanews.com\/wp-content\/uploads\/luiz-araujo-treino-flamengo.webp\" \/>\n\t<meta property=\"og:image:width\" content=\"900\" \/>\n\t<meta property=\"og:image:height\" content=\"599\" \/>\n\t<meta property=\"og:image:type\" content=\"image\/jpeg\" \/>\n<meta name=\"author\" content=\"Kayo Silva\" \/>\n<meta name=\"twitter:card\" content=\"summary_large_image\" \/>\n<meta name=\"twitter:label1\" content=\"Escrito por\" \/>\n\t<meta name=\"twitter:data1\" content=\"Kayo Silva\" \/>\n\t<meta name=\"twitter:label2\" content=\"Est. tempo de leitura\" \/>\n\t<meta name=\"twitter:data2\" content=\"2 minutos\" \/>\n<script type=\"application\/ld+json\" class=\"yoast-schema-graph\">{\"@context\":\"https:\/\/schema.org\",\"@graph\":[{\"@type\":\"NewsArticle\",\"@id\":\"https:\/\/www.gaveanews.com\/index.php\/2023\/07\/06\/apos-disputar-a-sua-primeira-partida-pelo-flamengo-luiz-araujo-manda-recado-para-a-imprensa\/#article\",\"isPartOf\":{\"@id\":\"https:\/\/www.gaveanews.com\/index.php\/2023\/07\/06\/apos-disputar-a-sua-primeira-partida-pelo-flamengo-luiz-araujo-manda-recado-para-a-imprensa\/\"},\"author\":{\"name\":\"Kayo Silva\",\"@id\":\"https:\/\/www.gaveanews.com\/#\/schema\/person\/51b3ba6a493cf9e7af9ce2c6d0d4ff1c\"},\"headline\":\"Ap\u00f3s disputar a sua primeira partida pelo Flamengo, Luiz Ara\u00fajo manda recado para a imprensa\",\"datePublished\":\"2023-07-06T19:42:59+00:00\",\"dateModified\":\"2023-07-14T10:21:56+00:00\",\"mainEntityOfPage\":{\"@id\":\"https:\/\/www.gaveanews.com\/index.php\/2023\/07\/06\/apos-disputar-a-sua-primeira-partida-pelo-flamengo-luiz-araujo-manda-recado-para-a-imprensa\/\"},\"wordCount\":335,\"commentCount\":0,\"image\":{\"@id\":\"https:\/\/www.gaveanews.com\/index.php\/2023\/07\/06\/apos-disputar-a-sua-primeira-partida-pelo-flamengo-luiz-araujo-manda-recado-para-a-imprensa\/#primaryimage\"},\"thumbnailUrl\":\"https:\/\/www.gaveanews.com\/wp-content\/uploads\/luiz-araujo-treino-flamengo.webp\",\"articleSection\":[\"Flamengo\"],\"inLanguage\":\"pt-BR\",\"potentialAction\":[{\"@type\":\"CommentAction\",\"name\":\"Comment\",\"target\":[\"https:\/\/www.gaveanews.com\/index.php\/2023\/07\/06\/apos-disputar-a-sua-primeira-partida-pelo-flamengo-luiz-araujo-manda-recado-para-a-imprensa\/#respond\"]}],\"copyrightYear\":\"2023\",\"copyrightHolder\":{\"@id\":\"https:\/\/www.gaveanews.com\/#organization\"}},{\"@type\":\"WebPage\",\"@id\":\"https:\/\/www.gaveanews.com\/index.php\/2023\/07\/06\/apos-disputar-a-sua-primeira-partida-pelo-flamengo-luiz-araujo-manda-recado-para-a-imprensa\/\",\"url\":\"https:\/\/www.gaveanews.com\/index.php\/2023\/07\/06\/apos-disputar-a-sua-primeira-partida-pelo-flamengo-luiz-araujo-manda-recado-para-a-imprensa\/\",\"name\":\"Ap\u00f3s disputar a sua primeira partida pelo Flamengo, Luiz Ara\u00fajo manda recado para a imprensa\",\"isPartOf\":{\"@id\":\"https:\/\/www.gaveanews.com\/#website\"},\"primaryImageOfPage\":{\"@id\":\"https:\/\/www.gaveanews.com\/index.php\/2023\/07\/06\/apos-disputar-a-sua-primeira-partida-pelo-flamengo-luiz-araujo-manda-recado-para-a-imprensa\/#primaryimage\"},\"image\":{\"@id\":\"https:\/\/www.gaveanews.com\/index.php\/2023\/07\/06\/apos-disputar-a-sua-primeira-partida-pelo-flamengo-luiz-araujo-manda-recado-para-a-imprensa\/#primaryimage\"},\"thumbnailUrl\":\"https:\/\/www.gaveanews.com\/wp-content\/uploads\/luiz-araujo-treino-flamengo.webp\",\"datePublished\":\"2023-07-06T19:42:59+00:00\",\"dateModified\":\"2023-07-14T10:21:56+00:00\",\"author\":{\"@id\":\"https:\/\/www.gaveanews.com\/#\/schema\/person\/51b3ba6a493cf9e7af9ce2c6d0d4ff1c\"},\"breadcrumb\":{\"@id\":\"https:\/\/www.gaveanews.com\/index.php\/2023\/07\/06\/apos-disputar-a-sua-primeira-partida-pelo-flamengo-luiz-araujo-manda-recado-para-a-imprensa\/#breadcrumb\"},\"inLanguage\":\"pt-BR\",\"potentialAction\":[{\"@type\":\"ReadAction\",\"target\":[\"https:\/\/www.gaveanews.com\/index.php\/2023\/07\/06\/apos-disputar-a-sua-primeira-partida-pelo-flamengo-luiz-araujo-manda-recado-para-a-imprensa\/\"]}]},{\"@type\":\"ImageObject\",\"inLanguage\":\"pt-BR\",\"@id\":\"https:\/\/www.gaveanews.com\/index.php\/2023\/07\/06\/apos-disputar-a-sua-primeira-partida-pelo-flamengo-luiz-araujo-manda-recado-para-a-imprensa\/#primaryimage\",\"url\":\"https:\/\/www.gaveanews.com\/wp-content\/uploads\/luiz-araujo-treino-flamengo.webp\",\"contentUrl\":\"https:\/\/www.gaveanews.com\/wp-content\/uploads\/luiz-araujo-treino-flamengo.webp\",\"width\":900,\"height\":599,\"caption\":\"Luiz Ara\u00fajo participa de treino do Flamengo (Foto: Marcelo Cortes\/Flamengo)\"},{\"@type\":\"BreadcrumbList\",\"@id\":\"https:\/\/www.gaveanews.com\/index.php\/2023\/07\/06\/apos-disputar-a-sua-primeira-partida-pelo-flamengo-luiz-araujo-manda-recado-para-a-imprensa\/#breadcrumb\",\"itemListElement\":[{\"@type\":\"ListItem\",\"position\":1,\"name\":\"Home\",\"item\":\"https:\/\/www.gaveanews.com\/\"},{\"@type\":\"ListItem\",\"position\":2,\"name\":\"Ap\u00f3s disputar a sua primeira partida pelo Flamengo, Luiz Ara\u00fajo manda recado para a imprensa\"}]},{\"@type\":\"WebSite\",\"@id\":\"https:\/\/www.gaveanews.com\/#website\",\"url\":\"https:\/\/www.gaveanews.com\/\",\"name\":\"G\u00e1vea News\",\"description\":\"Veja todas as not\u00edcias sobre o Flamengo: Contrata\u00e7\u00f5es, categorias de base, resultados das partidas, tabela de classifica\u00e7\u00e3o, pr\u00f3ximos jogos!\",\"potentialAction\":[{\"@type\":\"SearchAction\",\"target\":{\"@type\":\"EntryPoint\",\"urlTemplate\":\"https:\/\/www.gaveanews.com\/?s={search_term_string}\"},\"query-input\":{\"@type\":\"PropertyValueSpecification\",\"valueRequired\":true,\"valueName\":\"search_term_string\"}}],\"inLanguage\":\"pt-BR\"},{\"@type\":\"Person\",\"@id\":\"https:\/\/www.gaveanews.com\/#\/schema\/person\/51b3ba6a493cf9e7af9ce2c6d0d4ff1c\",\"name\":\"Kayo Silva\",\"image\":{\"@type\":\"ImageObject\",\"inLanguage\":\"pt-BR\",\"@id\":\"https:\/\/www.gaveanews.com\/#\/schema\/person\/image\/\",\"url\":\"https:\/\/secure.gravatar.com\/avatar\/af6d65cafc646a65c39c5fcb2a1ef51b863a81461770cfff553ec2fdd931c68c?s=96&d=mm&r=g\",\"contentUrl\":\"https:\/\/secure.gravatar.com\/avatar\/af6d65cafc646a65c39c5fcb2a1ef51b863a81461770cfff553ec2fdd931c68c?s=96&d=mm&r=g\",\"caption\":\"Kayo Silva\"}}]}<\/script>\n<!-- \/ Yoast SEO Premium plugin. -->","yoast_head_json":{"title":"Ap\u00f3s disputar a sua primeira partida pelo Flamengo, Luiz Ara\u00fajo manda recado para a imprensa","robots":{"index":"index","follow":"follow","max-snippet":"max-snippet:-1","max-image-preview":"max-image-preview:large","max-video-preview":"max-video-preview:-1"},"canonical":"https:\/\/www.gaveanews.com\/index.php\/2023\/07\/06\/apos-disputar-a-sua-primeira-partida-pelo-flamengo-luiz-araujo-manda-recado-para-a-imprensa\/","og_locale":"pt_BR","og_type":"article","og_title":"Ap\u00f3s disputar a sua primeira partida pelo Flamengo, Luiz Ara\u00fajo manda recado para a imprensa","og_description":"Por: Kayo Silva Ap\u00f3s o fim da partida das quartas de finais da Copa do Brasil, o atacante Luiz Ara\u00fajo deixa um recado para a imprensa. No p\u00f3s-jogo da grande vit\u00f3ria de virada do Flamengo, o estreante Luiz Ara\u00fajo parou para conversar com \u00e0 imprensa na zona mista do Maracan\u00e3, o jogador falou sobre as [&hellip;]","og_url":"https:\/\/www.gaveanews.com\/index.php\/2023\/07\/06\/apos-disputar-a-sua-primeira-partida-pelo-flamengo-luiz-araujo-manda-recado-para-a-imprensa\/","og_site_name":"G\u00e1vea News","article_publisher":"https:\/\/facebook.com\/gaveaNews\/","article_published_time":"2023-07-06T19:42:59+00:00","article_modified_time":"2023-07-14T10:21:56+00:00","og_image":[{"width":900,"height":599,"url":"https:\/\/www.gaveanews.com\/wp-content\/uploads\/luiz-araujo-treino-flamengo.webp","type":"image\/jpeg"}],"author":"Kayo Silva","twitter_card":"summary_large_image","twitter_misc":{"Escrito por":"Kayo Silva","Est. tempo de leitura":"2 minutos"},"schema":{"@context":"https:\/\/schema.org","@graph":[{"@type":"NewsArticle","@id":"https:\/\/www.gaveanews.com\/index.php\/2023\/07\/06\/apos-disputar-a-sua-primeira-partida-pelo-flamengo-luiz-araujo-manda-recado-para-a-imprensa\/#article","isPartOf":{"@id":"https:\/\/www.gaveanews.com\/index.php\/2023\/07\/06\/apos-disputar-a-sua-primeira-partida-pelo-flamengo-luiz-araujo-manda-recado-para-a-imprensa\/"},"author":{"name":"Kayo Silva","@id":"https:\/\/www.gaveanews.com\/#\/schema\/person\/51b3ba6a493cf9e7af9ce2c6d0d4ff1c"},"headline":"Ap\u00f3s disputar a sua primeira partida pelo Flamengo, Luiz Ara\u00fajo manda recado para a imprensa","datePublished":"2023-07-06T19:42:59+00:00","dateModified":"2023-07-14T10:21:56+00:00","mainEntityOfPage":{"@id":"https:\/\/www.gaveanews.com\/index.php\/2023\/07\/06\/apos-disputar-a-sua-primeira-partida-pelo-flamengo-luiz-araujo-manda-recado-para-a-imprensa\/"},"wordCount":335,"commentCount":0,"image":{"@id":"https:\/\/www.gaveanews.com\/index.php\/2023\/07\/06\/apos-disputar-a-sua-primeira-partida-pelo-flamengo-luiz-araujo-manda-recado-para-a-imprensa\/#primaryimage"},"thumbnailUrl":"https:\/\/www.gaveanews.com\/wp-content\/uploads\/luiz-araujo-treino-flamengo.webp","articleSection":["Flamengo"],"inLanguage":"pt-BR","potentialAction":[{"@type":"CommentAction","name":"Comment","target":["https:\/\/www.gaveanews.com\/index.php\/2023\/07\/06\/apos-disputar-a-sua-primeira-partida-pelo-flamengo-luiz-araujo-manda-recado-para-a-imprensa\/#respond"]}],"copyrightYear":"2023","copyrightHolder":{"@id":"https:\/\/www.gaveanews.com\/#organization"}},{"@type":"WebPage","@id":"https:\/\/www.gaveanews.com\/index.php\/2023\/07\/06\/apos-disputar-a-sua-primeira-partida-pelo-flamengo-luiz-araujo-manda-recado-para-a-imprensa\/","url":"https:\/\/www.gaveanews.com\/index.php\/2023\/07\/06\/apos-disputar-a-sua-primeira-partida-pelo-flamengo-luiz-araujo-manda-recado-para-a-imprensa\/","name":"Ap\u00f3s disputar a sua primeira partida pelo Flamengo, Luiz Ara\u00fajo manda recado para a imprensa","isPartOf":{"@id":"https:\/\/www.gaveanews.com\/#website"},"primaryImageOfPage":{"@id":"https:\/\/www.gaveanews.com\/index.php\/2023\/07\/06\/apos-disputar-a-sua-primeira-partida-pelo-flamengo-luiz-araujo-manda-recado-para-a-imprensa\/#primaryimage"},"image":{"@id":"https:\/\/www.gaveanews.com\/index.php\/2023\/07\/06\/apos-disputar-a-sua-primeira-partida-pelo-flamengo-luiz-araujo-manda-recado-para-a-imprensa\/#primaryimage"},"thumbnailUrl":"https:\/\/www.gaveanews.com\/wp-content\/uploads\/luiz-araujo-treino-flamengo.webp","datePublished":"2023-07-06T19:42:59+00:00","dateModified":"2023-07-14T10:21:56+00:00","author":{"@id":"https:\/\/www.gaveanews.com\/#\/schema\/person\/51b3ba6a493cf9e7af9ce2c6d0d4ff1c"},"breadcrumb":{"@id":"https:\/\/www.gaveanews.com\/index.php\/2023\/07\/06\/apos-disputar-a-sua-primeira-partida-pelo-flamengo-luiz-araujo-manda-recado-para-a-imprensa\/#breadcrumb"},"inLanguage":"pt-BR","potentialAction":[{"@type":"ReadAction","target":["https:\/\/www.gaveanews.com\/index.php\/2023\/07\/06\/apos-disputar-a-sua-primeira-partida-pelo-flamengo-luiz-araujo-manda-recado-para-a-imprensa\/"]}]},{"@type":"ImageObject","inLanguage":"pt-BR","@id":"https:\/\/www.gaveanews.com\/index.php\/2023\/07\/06\/apos-disputar-a-sua-primeira-partida-pelo-flamengo-luiz-araujo-manda-recado-para-a-imprensa\/#primaryimage","url":"https:\/\/www.gaveanews.com\/wp-content\/uploads\/luiz-araujo-treino-flamengo.webp","contentUrl":"https:\/\/www.gaveanews.com\/wp-content\/uploads\/luiz-araujo-treino-flamengo.webp","width":900,"height":599,"caption":"Luiz Ara\u00fajo participa de treino do Flamengo (Foto: Marcelo Cortes\/Flamengo)"},{"@type":"BreadcrumbList","@id":"https:\/\/www.gaveanews.com\/index.php\/2023\/07\/06\/apos-disputar-a-sua-primeira-partida-pelo-flamengo-luiz-araujo-manda-recado-para-a-imprensa\/#breadcrumb","itemListElement":[{"@type":"ListItem","position":1,"name":"Home","item":"https:\/\/www.gaveanews.com\/"},{"@type":"ListItem","position":2,"name":"Ap\u00f3s disputar a sua primeira partida pelo Flamengo, Luiz Ara\u00fajo manda recado para a imprensa"}]},{"@type":"WebSite","@id":"https:\/\/www.gaveanews.com\/#website","url":"https:\/\/www.gaveanews.com\/","name":"G\u00e1vea News","description":"Veja todas as not\u00edcias sobre o Flamengo: Contrata\u00e7\u00f5es, categorias de base, resultados das partidas, tabela de classifica\u00e7\u00e3o, pr\u00f3ximos jogos!","potentialAction":[{"@type":"SearchAction","target":{"@type":"EntryPoint","urlTemplate":"https:\/\/www.gaveanews.com\/?s={search_term_string}"},"query-input":{"@type":"PropertyValueSpecification","valueRequired":true,"valueName":"search_term_string"}}],"inLanguage":"pt-BR"},{"@type":"Person","@id":"https:\/\/www.gaveanews.com\/#\/schema\/person\/51b3ba6a493cf9e7af9ce2c6d0d4ff1c","name":"Kayo Silva","image":{"@type":"ImageObject","inLanguage":"pt-BR","@id":"https:\/\/www.gaveanews.com\/#\/schema\/person\/image\/","url":"https:\/\/secure.gravatar.com\/avatar\/af6d65cafc646a65c39c5fcb2a1ef51b863a81461770cfff553ec2fdd931c68c?s=96&d=mm&r=g","contentUrl":"https:\/\/secure.gravatar.com\/avatar\/af6d65cafc646a65c39c5fcb2a1ef51b863a81461770cfff553ec2fdd931c68c?s=96&d=mm&r=g","caption":"Kayo Silva"}}]}},"_links":{"self":[{"href":"https:\/\/www.gaveanews.com\/index.php\/wp-json\/wp\/v2\/posts\/102067","targetHints":{"allow":["GET"]}}],"collection":[{"href":"https:\/\/www.gaveanews.com\/index.php\/wp-json\/wp\/v2\/posts"}],"about":[{"href":"https:\/\/www.gaveanews.com\/index.php\/wp-json\/wp\/v2\/types\/post"}],"author":[{"embeddable":true,"href":"https:\/\/www.gaveanews.com\/index.php\/wp-json\/wp\/v2\/users\/10"}],"replies":[{"embeddable":true,"href":"https:\/\/www.gaveanews.com\/index.php\/wp-json\/wp\/v2\/comments?post=102067"}],"version-history":[{"count":0,"href":"https:\/\/www.gaveanews.com\/index.php\/wp-json\/wp\/v2\/posts\/102067\/revisions"}],"wp:featuredmedia":[{"embeddable":true,"href":"https:\/\/www.gaveanews.com\/index.php\/wp-json\/wp\/v2\/media\/101795"}],"wp:attachment":[{"href":"https:\/\/www.gaveanews.com\/index.php\/wp-json\/wp\/v2\/media?parent=102067"}],"wp:term":[{"taxonomy":"category","embeddable":true,"href":"https:\/\/www.gaveanews.com\/index.php\/wp-json\/wp\/v2\/categories?post=102067"},{"taxonomy":"post_tag","embeddable":true,"href":"https:\/\/www.gaveanews.com\/index.php\/wp-json\/wp\/v2\/tags?post=102067"}],"curies":[{"name":"wp","href":"https:\/\/api.w.org\/{rel}","templated":true}]}}