{"id":102075,"date":"2023-07-06T20:31:52","date_gmt":"2023-07-06T23:31:52","guid":{"rendered":"https:\/\/www.gaveanews.com\/?p=102075"},"modified":"2023-07-06T21:08:09","modified_gmt":"2023-07-07T00:08:09","slug":"florentino-perez-aceitar-emprestar-meio-campista-do-real-madrid-sem-custo-ao-flamengo","status":"publish","type":"post","link":"https:\/\/www.gaveanews.com\/index.php\/2023\/07\/06\/florentino-perez-aceitar-emprestar-meio-campista-do-real-madrid-sem-custo-ao-flamengo\/","title":{"rendered":"Florentino Perez aceitar emprestar meio-campista do Real Madrid sem custo ao Flamengo"},"content":{"rendered":"\n<p>O Flamengo est\u00e1 muito forte no mercado da bola e a dire\u00e7\u00e3o do departamento de futebol est\u00e1 conversando com os empres\u00e1rios mais renomados do futebol para obter sucesso nas tratativas que est\u00e3o em andamento. Com os cofres cheios, o Mais Querido entende que chegou o momento de gastar para buscar novamente todos os t\u00edtulos do segundo semestre.<\/p>\n\n\n\n<p>Os primeiros 5 meses do ano foram decepcionantes, mas isso virou passado. V\u00edtor Pereira deixou uma terra arrasada e Jorge Sampaoli precisou de muito sacrif\u00edcio para consertar muitos erros deixados pela antiga gest\u00e3o. Argentino tem gostado do trabalho que acontece no Ninho do Urubu, mas quer muito mais.<\/p>\n\n\n\n<p>Voltando a falar sobre contrata\u00e7\u00f5es, o Mengo est\u00e1 conversando com o Real Madrid para a chegada de um refor\u00e7o para o meio\/ataque. De acordo com o portal Fla Web, os rubro-negros decidiram buscar repatriar Reinier Jesus.<\/p>\n\n\n\n<p>Ainda de acordo com a reportagem, o Real Madrid aceita emprest\u00e1-lo ao Flamengo sem custo nenhum, ou seja, o CRF teria apenas que arcar com os vencimentos salariais do brasileiro de 21 anos. Reinier nunca conseguiu uma sequ\u00eancia no Real e j\u00e1 foi cedido para o Borussia Dortmund-Ale e Girona-ESP.<\/p>\n\n\n\n<h2 class=\"wp-block-heading\" id=\"h-flamengo-disputa-com-girona-a-contratacao-de-reinier\">Flamengo disputa com Girona a contrata\u00e7\u00e3o de Reinier<\/h2>\n\n\n\n<p>O Flamengo entende que pode\u00a0convencer\u00a0os representantes do atleta que a melhor decis\u00e3o \u00e9 um retorno ao futebol brasileiro, onde ele pode ganhar mais minutos em campo e desenvolver seu futebol. O Girona j\u00e1 fez\u00a0proposta\u00a0para\u00a0prorrogar\u00a0o empr\u00e9stimo e tudo depender\u00e1 da vontade do brasileiro: se vai lutar pelo espa\u00e7o no Velho Continente ou topar o desafio de jogar novamente no Clube Carioca.<\/p>\n\n\n\n<p>Retirado de: Bola Vip<\/p>\n","protected":false},"excerpt":{"rendered":"<p>O Flamengo est\u00e1 muito forte no mercado da bola e a dire\u00e7\u00e3o do departamento de futebol est\u00e1 conversando com os empres\u00e1rios mais renomados do futebol para obter sucesso nas tratativas que est\u00e3o em andamento. Com os cofres cheios, o Mais Querido entende que chegou o momento de gastar para buscar novamente todos os t\u00edtulos do [&hellip;]<\/p>\n","protected":false},"author":1,"featured_media":33162,"comment_status":"open","ping_status":"closed","sticky":false,"template":"","format":"standard","meta":{"footnotes":""},"categories":[48],"tags":[],"class_list":["post-102075","post","type-post","status-publish","format-standard","has-post-thumbnail","hentry","category-negociacoes"],"yoast_head":"<!-- This site is optimized with the Yoast SEO Premium plugin v24.2 (Yoast SEO v26.9) - https:\/\/yoast.com\/product\/yoast-seo-premium-wordpress\/ -->\n<title>Florentino Perez aceitar emprestar meio-campista do Real Madrid sem custo ao Flamengo<\/title>\n<meta name=\"robots\" content=\"index, follow, max-snippet:-1, max-image-preview:large, max-video-preview:-1\" \/>\n<link rel=\"canonical\" href=\"https:\/\/www.gaveanews.com\/index.php\/2023\/07\/06\/florentino-perez-aceitar-emprestar-meio-campista-do-real-madrid-sem-custo-ao-flamengo\/\" \/>\n<meta property=\"og:locale\" content=\"pt_BR\" \/>\n<meta property=\"og:type\" content=\"article\" \/>\n<meta property=\"og:title\" content=\"Florentino Perez aceitar emprestar meio-campista do Real Madrid sem custo ao Flamengo\" \/>\n<meta property=\"og:description\" content=\"O Flamengo est\u00e1 muito forte no mercado da bola e a dire\u00e7\u00e3o do departamento de futebol est\u00e1 conversando com os empres\u00e1rios mais renomados do futebol para obter sucesso nas tratativas que est\u00e3o em andamento. Com os cofres cheios, o Mais Querido entende que chegou o momento de gastar para buscar novamente todos os t\u00edtulos do [&hellip;]\" \/>\n<meta property=\"og:url\" content=\"https:\/\/www.gaveanews.com\/index.php\/2023\/07\/06\/florentino-perez-aceitar-emprestar-meio-campista-do-real-madrid-sem-custo-ao-flamengo\/\" \/>\n<meta property=\"og:site_name\" content=\"G\u00e1vea News\" \/>\n<meta property=\"article:publisher\" content=\"https:\/\/facebook.com\/gaveaNews\/\" \/>\n<meta property=\"article:published_time\" content=\"2023-07-06T23:31:52+00:00\" \/>\n<meta property=\"article:modified_time\" content=\"2023-07-07T00:08:09+00:00\" \/>\n<meta property=\"og:image\" content=\"https:\/\/www.gaveanews.com\/wp-content\/uploads\/reinier1-13717840.webp\" \/>\n\t<meta property=\"og:image:width\" content=\"1920\" \/>\n\t<meta property=\"og:image:height\" content=\"1277\" \/>\n\t<meta property=\"og:image:type\" content=\"image\/jpeg\" \/>\n<meta name=\"author\" content=\"Equipe G\u00e1vea News\" \/>\n<meta name=\"twitter:card\" content=\"summary_large_image\" \/>\n<meta name=\"twitter:label1\" content=\"Escrito por\" \/>\n\t<meta name=\"twitter:data1\" content=\"Equipe G\u00e1vea News\" \/>\n\t<meta name=\"twitter:label2\" content=\"Est. tempo de leitura\" \/>\n\t<meta name=\"twitter:data2\" content=\"2 minutos\" \/>\n<script type=\"application\/ld+json\" class=\"yoast-schema-graph\">{\"@context\":\"https:\/\/schema.org\",\"@graph\":[{\"@type\":\"NewsArticle\",\"@id\":\"https:\/\/www.gaveanews.com\/index.php\/2023\/07\/06\/florentino-perez-aceitar-emprestar-meio-campista-do-real-madrid-sem-custo-ao-flamengo\/#article\",\"isPartOf\":{\"@id\":\"https:\/\/www.gaveanews.com\/index.php\/2023\/07\/06\/florentino-perez-aceitar-emprestar-meio-campista-do-real-madrid-sem-custo-ao-flamengo\/\"},\"author\":{\"name\":\"Equipe G\u00e1vea News\",\"@id\":\"https:\/\/www.gaveanews.com\/#\/schema\/person\/2ec14f73fb96be2caf28f91afb14749d\"},\"headline\":\"Florentino Perez aceitar emprestar meio-campista do Real Madrid sem custo ao Flamengo\",\"datePublished\":\"2023-07-06T23:31:52+00:00\",\"dateModified\":\"2023-07-07T00:08:09+00:00\",\"mainEntityOfPage\":{\"@id\":\"https:\/\/www.gaveanews.com\/index.php\/2023\/07\/06\/florentino-perez-aceitar-emprestar-meio-campista-do-real-madrid-sem-custo-ao-flamengo\/\"},\"wordCount\":294,\"commentCount\":0,\"image\":{\"@id\":\"https:\/\/www.gaveanews.com\/index.php\/2023\/07\/06\/florentino-perez-aceitar-emprestar-meio-campista-do-real-madrid-sem-custo-ao-flamengo\/#primaryimage\"},\"thumbnailUrl\":\"https:\/\/www.gaveanews.com\/wp-content\/uploads\/reinier1-13717840.webp\",\"articleSection\":[\"Negocia\u00e7\u00f5es\"],\"inLanguage\":\"pt-BR\",\"potentialAction\":[{\"@type\":\"CommentAction\",\"name\":\"Comment\",\"target\":[\"https:\/\/www.gaveanews.com\/index.php\/2023\/07\/06\/florentino-perez-aceitar-emprestar-meio-campista-do-real-madrid-sem-custo-ao-flamengo\/#respond\"]}],\"copyrightYear\":\"2023\",\"copyrightHolder\":{\"@id\":\"https:\/\/www.gaveanews.com\/#organization\"}},{\"@type\":\"WebPage\",\"@id\":\"https:\/\/www.gaveanews.com\/index.php\/2023\/07\/06\/florentino-perez-aceitar-emprestar-meio-campista-do-real-madrid-sem-custo-ao-flamengo\/\",\"url\":\"https:\/\/www.gaveanews.com\/index.php\/2023\/07\/06\/florentino-perez-aceitar-emprestar-meio-campista-do-real-madrid-sem-custo-ao-flamengo\/\",\"name\":\"Florentino Perez aceitar emprestar meio-campista do Real Madrid sem custo ao Flamengo\",\"isPartOf\":{\"@id\":\"https:\/\/www.gaveanews.com\/#website\"},\"primaryImageOfPage\":{\"@id\":\"https:\/\/www.gaveanews.com\/index.php\/2023\/07\/06\/florentino-perez-aceitar-emprestar-meio-campista-do-real-madrid-sem-custo-ao-flamengo\/#primaryimage\"},\"image\":{\"@id\":\"https:\/\/www.gaveanews.com\/index.php\/2023\/07\/06\/florentino-perez-aceitar-emprestar-meio-campista-do-real-madrid-sem-custo-ao-flamengo\/#primaryimage\"},\"thumbnailUrl\":\"https:\/\/www.gaveanews.com\/wp-content\/uploads\/reinier1-13717840.webp\",\"datePublished\":\"2023-07-06T23:31:52+00:00\",\"dateModified\":\"2023-07-07T00:08:09+00:00\",\"author\":{\"@id\":\"https:\/\/www.gaveanews.com\/#\/schema\/person\/2ec14f73fb96be2caf28f91afb14749d\"},\"breadcrumb\":{\"@id\":\"https:\/\/www.gaveanews.com\/index.php\/2023\/07\/06\/florentino-perez-aceitar-emprestar-meio-campista-do-real-madrid-sem-custo-ao-flamengo\/#breadcrumb\"},\"inLanguage\":\"pt-BR\",\"potentialAction\":[{\"@type\":\"ReadAction\",\"target\":[\"https:\/\/www.gaveanews.com\/index.php\/2023\/07\/06\/florentino-perez-aceitar-emprestar-meio-campista-do-real-madrid-sem-custo-ao-flamengo\/\"]}]},{\"@type\":\"ImageObject\",\"inLanguage\":\"pt-BR\",\"@id\":\"https:\/\/www.gaveanews.com\/index.php\/2023\/07\/06\/florentino-perez-aceitar-emprestar-meio-campista-do-real-madrid-sem-custo-ao-flamengo\/#primaryimage\",\"url\":\"https:\/\/www.gaveanews.com\/wp-content\/uploads\/reinier1-13717840.webp\",\"contentUrl\":\"https:\/\/www.gaveanews.com\/wp-content\/uploads\/reinier1-13717840.webp\",\"width\":1920,\"height\":1277},{\"@type\":\"BreadcrumbList\",\"@id\":\"https:\/\/www.gaveanews.com\/index.php\/2023\/07\/06\/florentino-perez-aceitar-emprestar-meio-campista-do-real-madrid-sem-custo-ao-flamengo\/#breadcrumb\",\"itemListElement\":[{\"@type\":\"ListItem\",\"position\":1,\"name\":\"Home\",\"item\":\"https:\/\/www.gaveanews.com\/\"},{\"@type\":\"ListItem\",\"position\":2,\"name\":\"Florentino Perez aceitar emprestar meio-campista do Real Madrid sem custo ao Flamengo\"}]},{\"@type\":\"WebSite\",\"@id\":\"https:\/\/www.gaveanews.com\/#website\",\"url\":\"https:\/\/www.gaveanews.com\/\",\"name\":\"G\u00e1vea News\",\"description\":\"Veja todas as not\u00edcias sobre o Flamengo: Contrata\u00e7\u00f5es, categorias de base, resultados das partidas, tabela de classifica\u00e7\u00e3o, pr\u00f3ximos jogos!\",\"potentialAction\":[{\"@type\":\"SearchAction\",\"target\":{\"@type\":\"EntryPoint\",\"urlTemplate\":\"https:\/\/www.gaveanews.com\/?s={search_term_string}\"},\"query-input\":{\"@type\":\"PropertyValueSpecification\",\"valueRequired\":true,\"valueName\":\"search_term_string\"}}],\"inLanguage\":\"pt-BR\"},{\"@type\":\"Person\",\"@id\":\"https:\/\/www.gaveanews.com\/#\/schema\/person\/2ec14f73fb96be2caf28f91afb14749d\",\"name\":\"Equipe G\u00e1vea News\",\"image\":{\"@type\":\"ImageObject\",\"inLanguage\":\"pt-BR\",\"@id\":\"https:\/\/www.gaveanews.com\/#\/schema\/person\/image\/\",\"url\":\"https:\/\/secure.gravatar.com\/avatar\/1e1956f1facbffd3f8fa53a326721950116b3b9dc9bd44939c01180fd4a745a9?s=96&d=mm&r=g\",\"contentUrl\":\"https:\/\/secure.gravatar.com\/avatar\/1e1956f1facbffd3f8fa53a326721950116b3b9dc9bd44939c01180fd4a745a9?s=96&d=mm&r=g\",\"caption\":\"Equipe G\u00e1vea News\"}}]}<\/script>\n<!-- \/ Yoast SEO Premium plugin. -->","yoast_head_json":{"title":"Florentino Perez aceitar emprestar meio-campista do Real Madrid sem custo ao Flamengo","robots":{"index":"index","follow":"follow","max-snippet":"max-snippet:-1","max-image-preview":"max-image-preview:large","max-video-preview":"max-video-preview:-1"},"canonical":"https:\/\/www.gaveanews.com\/index.php\/2023\/07\/06\/florentino-perez-aceitar-emprestar-meio-campista-do-real-madrid-sem-custo-ao-flamengo\/","og_locale":"pt_BR","og_type":"article","og_title":"Florentino Perez aceitar emprestar meio-campista do Real Madrid sem custo ao Flamengo","og_description":"O Flamengo est\u00e1 muito forte no mercado da bola e a dire\u00e7\u00e3o do departamento de futebol est\u00e1 conversando com os empres\u00e1rios mais renomados do futebol para obter sucesso nas tratativas que est\u00e3o em andamento. Com os cofres cheios, o Mais Querido entende que chegou o momento de gastar para buscar novamente todos os t\u00edtulos do [&hellip;]","og_url":"https:\/\/www.gaveanews.com\/index.php\/2023\/07\/06\/florentino-perez-aceitar-emprestar-meio-campista-do-real-madrid-sem-custo-ao-flamengo\/","og_site_name":"G\u00e1vea News","article_publisher":"https:\/\/facebook.com\/gaveaNews\/","article_published_time":"2023-07-06T23:31:52+00:00","article_modified_time":"2023-07-07T00:08:09+00:00","og_image":[{"width":1920,"height":1277,"url":"https:\/\/www.gaveanews.com\/wp-content\/uploads\/reinier1-13717840.webp","type":"image\/jpeg"}],"author":"Equipe G\u00e1vea News","twitter_card":"summary_large_image","twitter_misc":{"Escrito por":"Equipe G\u00e1vea News","Est. tempo de leitura":"2 minutos"},"schema":{"@context":"https:\/\/schema.org","@graph":[{"@type":"NewsArticle","@id":"https:\/\/www.gaveanews.com\/index.php\/2023\/07\/06\/florentino-perez-aceitar-emprestar-meio-campista-do-real-madrid-sem-custo-ao-flamengo\/#article","isPartOf":{"@id":"https:\/\/www.gaveanews.com\/index.php\/2023\/07\/06\/florentino-perez-aceitar-emprestar-meio-campista-do-real-madrid-sem-custo-ao-flamengo\/"},"author":{"name":"Equipe G\u00e1vea News","@id":"https:\/\/www.gaveanews.com\/#\/schema\/person\/2ec14f73fb96be2caf28f91afb14749d"},"headline":"Florentino Perez aceitar emprestar meio-campista do Real Madrid sem custo ao Flamengo","datePublished":"2023-07-06T23:31:52+00:00","dateModified":"2023-07-07T00:08:09+00:00","mainEntityOfPage":{"@id":"https:\/\/www.gaveanews.com\/index.php\/2023\/07\/06\/florentino-perez-aceitar-emprestar-meio-campista-do-real-madrid-sem-custo-ao-flamengo\/"},"wordCount":294,"commentCount":0,"image":{"@id":"https:\/\/www.gaveanews.com\/index.php\/2023\/07\/06\/florentino-perez-aceitar-emprestar-meio-campista-do-real-madrid-sem-custo-ao-flamengo\/#primaryimage"},"thumbnailUrl":"https:\/\/www.gaveanews.com\/wp-content\/uploads\/reinier1-13717840.webp","articleSection":["Negocia\u00e7\u00f5es"],"inLanguage":"pt-BR","potentialAction":[{"@type":"CommentAction","name":"Comment","target":["https:\/\/www.gaveanews.com\/index.php\/2023\/07\/06\/florentino-perez-aceitar-emprestar-meio-campista-do-real-madrid-sem-custo-ao-flamengo\/#respond"]}],"copyrightYear":"2023","copyrightHolder":{"@id":"https:\/\/www.gaveanews.com\/#organization"}},{"@type":"WebPage","@id":"https:\/\/www.gaveanews.com\/index.php\/2023\/07\/06\/florentino-perez-aceitar-emprestar-meio-campista-do-real-madrid-sem-custo-ao-flamengo\/","url":"https:\/\/www.gaveanews.com\/index.php\/2023\/07\/06\/florentino-perez-aceitar-emprestar-meio-campista-do-real-madrid-sem-custo-ao-flamengo\/","name":"Florentino Perez aceitar emprestar meio-campista do Real Madrid sem custo ao Flamengo","isPartOf":{"@id":"https:\/\/www.gaveanews.com\/#website"},"primaryImageOfPage":{"@id":"https:\/\/www.gaveanews.com\/index.php\/2023\/07\/06\/florentino-perez-aceitar-emprestar-meio-campista-do-real-madrid-sem-custo-ao-flamengo\/#primaryimage"},"image":{"@id":"https:\/\/www.gaveanews.com\/index.php\/2023\/07\/06\/florentino-perez-aceitar-emprestar-meio-campista-do-real-madrid-sem-custo-ao-flamengo\/#primaryimage"},"thumbnailUrl":"https:\/\/www.gaveanews.com\/wp-content\/uploads\/reinier1-13717840.webp","datePublished":"2023-07-06T23:31:52+00:00","dateModified":"2023-07-07T00:08:09+00:00","author":{"@id":"https:\/\/www.gaveanews.com\/#\/schema\/person\/2ec14f73fb96be2caf28f91afb14749d"},"breadcrumb":{"@id":"https:\/\/www.gaveanews.com\/index.php\/2023\/07\/06\/florentino-perez-aceitar-emprestar-meio-campista-do-real-madrid-sem-custo-ao-flamengo\/#breadcrumb"},"inLanguage":"pt-BR","potentialAction":[{"@type":"ReadAction","target":["https:\/\/www.gaveanews.com\/index.php\/2023\/07\/06\/florentino-perez-aceitar-emprestar-meio-campista-do-real-madrid-sem-custo-ao-flamengo\/"]}]},{"@type":"ImageObject","inLanguage":"pt-BR","@id":"https:\/\/www.gaveanews.com\/index.php\/2023\/07\/06\/florentino-perez-aceitar-emprestar-meio-campista-do-real-madrid-sem-custo-ao-flamengo\/#primaryimage","url":"https:\/\/www.gaveanews.com\/wp-content\/uploads\/reinier1-13717840.webp","contentUrl":"https:\/\/www.gaveanews.com\/wp-content\/uploads\/reinier1-13717840.webp","width":1920,"height":1277},{"@type":"BreadcrumbList","@id":"https:\/\/www.gaveanews.com\/index.php\/2023\/07\/06\/florentino-perez-aceitar-emprestar-meio-campista-do-real-madrid-sem-custo-ao-flamengo\/#breadcrumb","itemListElement":[{"@type":"ListItem","position":1,"name":"Home","item":"https:\/\/www.gaveanews.com\/"},{"@type":"ListItem","position":2,"name":"Florentino Perez aceitar emprestar meio-campista do Real Madrid sem custo ao Flamengo"}]},{"@type":"WebSite","@id":"https:\/\/www.gaveanews.com\/#website","url":"https:\/\/www.gaveanews.com\/","name":"G\u00e1vea News","description":"Veja todas as not\u00edcias sobre o Flamengo: Contrata\u00e7\u00f5es, categorias de base, resultados das partidas, tabela de classifica\u00e7\u00e3o, pr\u00f3ximos jogos!","potentialAction":[{"@type":"SearchAction","target":{"@type":"EntryPoint","urlTemplate":"https:\/\/www.gaveanews.com\/?s={search_term_string}"},"query-input":{"@type":"PropertyValueSpecification","valueRequired":true,"valueName":"search_term_string"}}],"inLanguage":"pt-BR"},{"@type":"Person","@id":"https:\/\/www.gaveanews.com\/#\/schema\/person\/2ec14f73fb96be2caf28f91afb14749d","name":"Equipe G\u00e1vea News","image":{"@type":"ImageObject","inLanguage":"pt-BR","@id":"https:\/\/www.gaveanews.com\/#\/schema\/person\/image\/","url":"https:\/\/secure.gravatar.com\/avatar\/1e1956f1facbffd3f8fa53a326721950116b3b9dc9bd44939c01180fd4a745a9?s=96&d=mm&r=g","contentUrl":"https:\/\/secure.gravatar.com\/avatar\/1e1956f1facbffd3f8fa53a326721950116b3b9dc9bd44939c01180fd4a745a9?s=96&d=mm&r=g","caption":"Equipe G\u00e1vea News"}}]}},"_links":{"self":[{"href":"https:\/\/www.gaveanews.com\/index.php\/wp-json\/wp\/v2\/posts\/102075","targetHints":{"allow":["GET"]}}],"collection":[{"href":"https:\/\/www.gaveanews.com\/index.php\/wp-json\/wp\/v2\/posts"}],"about":[{"href":"https:\/\/www.gaveanews.com\/index.php\/wp-json\/wp\/v2\/types\/post"}],"author":[{"embeddable":true,"href":"https:\/\/www.gaveanews.com\/index.php\/wp-json\/wp\/v2\/users\/1"}],"replies":[{"embeddable":true,"href":"https:\/\/www.gaveanews.com\/index.php\/wp-json\/wp\/v2\/comments?post=102075"}],"version-history":[{"count":0,"href":"https:\/\/www.gaveanews.com\/index.php\/wp-json\/wp\/v2\/posts\/102075\/revisions"}],"wp:featuredmedia":[{"embeddable":true,"href":"https:\/\/www.gaveanews.com\/index.php\/wp-json\/wp\/v2\/media\/33162"}],"wp:attachment":[{"href":"https:\/\/www.gaveanews.com\/index.php\/wp-json\/wp\/v2\/media?parent=102075"}],"wp:term":[{"taxonomy":"category","embeddable":true,"href":"https:\/\/www.gaveanews.com\/index.php\/wp-json\/wp\/v2\/categories?post=102075"},{"taxonomy":"post_tag","embeddable":true,"href":"https:\/\/www.gaveanews.com\/index.php\/wp-json\/wp\/v2\/tags?post=102075"}],"curies":[{"name":"wp","href":"https:\/\/api.w.org\/{rel}","templated":true}]}}