{"id":102198,"date":"2023-07-08T15:34:00","date_gmt":"2023-07-08T18:34:00","guid":{"rendered":"https:\/\/www.gaveanews.com\/?p=102198"},"modified":"2024-04-07T09:36:28","modified_gmt":"2024-04-07T12:36:28","slug":"de-la-cruz-claudinho-e-lucas-verissimo-veja-como-estao-as-negociacoes-do-flamengo","status":"publish","type":"post","link":"https:\/\/www.gaveanews.com\/index.php\/2023\/07\/08\/de-la-cruz-claudinho-e-lucas-verissimo-veja-como-estao-as-negociacoes-do-flamengo\/","title":{"rendered":"De La Cruz, Claudinho e Lucas Ver\u00edssimo: veja como est\u00e3o as negocia\u00e7\u00f5es do Flamengo"},"content":{"rendered":"\n<p>Al\u00e9m das vit\u00f3rias sobre Fortaleza e Athletico-PR, o Flamengo teve semana agitada pelos refor\u00e7os. Luiz Ara\u00fajo e Rossi foram apresentados, e o primeiro inclusive estreou na vit\u00f3ria sobre o Furac\u00e3o. Allan, por sua vez, dar\u00e1 entrevista na pr\u00f3xima segunda-feira. Mas o clube para por a\u00ed? N\u00e3o. A prioridade ainda \u00e9 trazer mais um meio-campista.<\/p>\n\n\n\n<p>O desejo do Flamengo \u00e9 trazer um meia que possa fazer diferentes fun\u00e7\u00f5es no setor e tamb\u00e9m pelos lados do campo. Os dois grandes alvos s\u00e3o De La Cruz, do River Plate, e Claudinho, do Zenit. Os dois clubes n\u00e3o querem vender, mas os jogadores desejam, sim, defender o Rubro-Negro.<\/p>\n\n\n\n<p>Durante a coletiva de apresenta\u00e7\u00e3o de Rossi, na \u00faltima quinta-feira, Marcos Braz afirmou que o Flamengo continua interessado em Claudinho e que tamb\u00e9m n\u00e3o desistiu de De La Cruz. Em rela\u00e7\u00e3o ao atleta do Zenit, os russos ainda n\u00e3o o precificaram. O Fla pretende pagar 16 milh\u00f5es de euros (R$ 85 milh\u00f5es), mas sabe que a contraproposta deve superar bem tais cifras.<\/p>\n\n\n\n<p><em>\u2014 O jogador interessa ao Flamengo, o empres\u00e1rio sabe as condi\u00e7\u00f5es que o Flamengo pode chegar. Essa mat\u00e9ria est\u00e1 com eles agora. \u00c9 ter tranquilidade, vamos esperar. O River Plate classificou, era uma possibilidade muito pequena de acontecer (n\u00e3o classificar). Mas qualquer clube precisa vender em algum momento, at\u00e9 n\u00f3s precisamos. Certamente o River analisa o tamanho e a import\u00e2ncia do jogador para eles. A gente n\u00e3o vai sair da negocia\u00e7\u00e3o, o jogador nos interessa. Vamos procurando outros caminhos e ver se em algum determinado momento eles se interessam em negociar a multa <\/em>&#8211; afirmou.<\/p>\n\n\n\n<p>A obsess\u00e3o de Sampaoli segue sendo esse meia polivalente t\u00e3o desejado, mas um novo zagueiro segue em pauta. O Flamengo consultou o Benfica para tentar um empr\u00e9stimo de Lucas Ver\u00edssimo, mas a resposta dos portugueses n\u00e3o agradou num momento.<\/p>\n\n\n\n<p>Os encarnados propuseram um empr\u00e9stimo com obriga\u00e7\u00e3o de compra e direitos econ\u00f4micos fixados em 8 milh\u00f5es de euros (R$ 42,5 milh\u00f5es). A cl\u00e1usula que tornaria a compra obrigat\u00f3ria, por\u00e9m, n\u00e3o agradou ao Flamengo. Bastaria que Lucas cumprisse de 15 a 20 jogos, n\u00famero considerado baixo pela diretoria rubro-negra. Se as condi\u00e7\u00f5es n\u00e3o forem alterados, n\u00e3o haver\u00e1 neg\u00f3cio.<\/p>\n\n\n\n<p>Retirado de: Globo Esporte<\/p>\n","protected":false},"excerpt":{"rendered":"<p>Al\u00e9m das vit\u00f3rias sobre Fortaleza e Athletico-PR, o Flamengo teve semana agitada pelos refor\u00e7os. Luiz Ara\u00fajo e Rossi foram apresentados, e o primeiro inclusive estreou na vit\u00f3ria sobre o Furac\u00e3o. Allan, por sua vez, dar\u00e1 entrevista na pr\u00f3xima segunda-feira. Mas o clube para por a\u00ed? N\u00e3o. A prioridade ainda \u00e9 trazer mais um meio-campista. O [&hellip;]<\/p>\n","protected":false},"author":1,"featured_media":101510,"comment_status":"open","ping_status":"closed","sticky":false,"template":"","format":"standard","meta":{"footnotes":""},"categories":[1],"tags":[180],"class_list":["post-102198","post","type-post","status-publish","format-standard","has-post-thumbnail","hentry","category-flamengo","tag-diego-nicolas-de-la-cruz-arcosa"],"yoast_head":"<!-- This site is optimized with the Yoast SEO Premium plugin v24.2 (Yoast SEO v26.9) - https:\/\/yoast.com\/product\/yoast-seo-premium-wordpress\/ -->\n<title>De La Cruz, Claudinho e Lucas Ver\u00edssimo: veja como est\u00e3o as negocia\u00e7\u00f5es do Flamengo<\/title>\n<meta name=\"robots\" content=\"index, follow, max-snippet:-1, max-image-preview:large, max-video-preview:-1\" \/>\n<link rel=\"canonical\" href=\"https:\/\/www.gaveanews.com\/index.php\/2023\/07\/08\/de-la-cruz-claudinho-e-lucas-verissimo-veja-como-estao-as-negociacoes-do-flamengo\/\" \/>\n<meta property=\"og:locale\" content=\"pt_BR\" \/>\n<meta property=\"og:type\" content=\"article\" \/>\n<meta property=\"og:title\" content=\"De La Cruz, Claudinho e Lucas Ver\u00edssimo: veja como est\u00e3o as negocia\u00e7\u00f5es do Flamengo\" \/>\n<meta property=\"og:description\" content=\"Al\u00e9m das vit\u00f3rias sobre Fortaleza e Athletico-PR, o Flamengo teve semana agitada pelos refor\u00e7os. Luiz Ara\u00fajo e Rossi foram apresentados, e o primeiro inclusive estreou na vit\u00f3ria sobre o Furac\u00e3o. Allan, por sua vez, dar\u00e1 entrevista na pr\u00f3xima segunda-feira. Mas o clube para por a\u00ed? N\u00e3o. A prioridade ainda \u00e9 trazer mais um meio-campista. O [&hellip;]\" \/>\n<meta property=\"og:url\" content=\"https:\/\/www.gaveanews.com\/index.php\/2023\/07\/08\/de-la-cruz-claudinho-e-lucas-verissimo-veja-como-estao-as-negociacoes-do-flamengo\/\" \/>\n<meta property=\"og:site_name\" content=\"G\u00e1vea News\" \/>\n<meta property=\"article:publisher\" content=\"https:\/\/facebook.com\/gaveaNews\/\" \/>\n<meta property=\"article:published_time\" content=\"2023-07-08T18:34:00+00:00\" \/>\n<meta property=\"article:modified_time\" content=\"2024-04-07T12:36:28+00:00\" \/>\n<meta property=\"og:image\" content=\"https:\/\/www.gaveanews.com\/wp-content\/uploads\/Claudinho.webp\" \/>\n\t<meta property=\"og:image:width\" content=\"1200\" \/>\n\t<meta property=\"og:image:height\" content=\"740\" \/>\n\t<meta property=\"og:image:type\" content=\"image\/jpeg\" \/>\n<meta name=\"author\" content=\"Equipe G\u00e1vea News\" \/>\n<meta name=\"twitter:card\" content=\"summary_large_image\" \/>\n<meta name=\"twitter:label1\" content=\"Escrito por\" \/>\n\t<meta name=\"twitter:data1\" content=\"Equipe G\u00e1vea News\" \/>\n\t<meta name=\"twitter:label2\" content=\"Est. tempo de leitura\" \/>\n\t<meta name=\"twitter:data2\" content=\"2 minutos\" \/>\n<script type=\"application\/ld+json\" class=\"yoast-schema-graph\">{\"@context\":\"https:\/\/schema.org\",\"@graph\":[{\"@type\":\"NewsArticle\",\"@id\":\"https:\/\/www.gaveanews.com\/index.php\/2023\/07\/08\/de-la-cruz-claudinho-e-lucas-verissimo-veja-como-estao-as-negociacoes-do-flamengo\/#article\",\"isPartOf\":{\"@id\":\"https:\/\/www.gaveanews.com\/index.php\/2023\/07\/08\/de-la-cruz-claudinho-e-lucas-verissimo-veja-como-estao-as-negociacoes-do-flamengo\/\"},\"author\":{\"name\":\"Equipe G\u00e1vea News\",\"@id\":\"https:\/\/www.gaveanews.com\/#\/schema\/person\/2ec14f73fb96be2caf28f91afb14749d\"},\"headline\":\"De La Cruz, Claudinho e Lucas Ver\u00edssimo: veja como est\u00e3o as negocia\u00e7\u00f5es do Flamengo\",\"datePublished\":\"2023-07-08T18:34:00+00:00\",\"dateModified\":\"2024-04-07T12:36:28+00:00\",\"mainEntityOfPage\":{\"@id\":\"https:\/\/www.gaveanews.com\/index.php\/2023\/07\/08\/de-la-cruz-claudinho-e-lucas-verissimo-veja-como-estao-as-negociacoes-do-flamengo\/\"},\"wordCount\":414,\"commentCount\":0,\"image\":{\"@id\":\"https:\/\/www.gaveanews.com\/index.php\/2023\/07\/08\/de-la-cruz-claudinho-e-lucas-verissimo-veja-como-estao-as-negociacoes-do-flamengo\/#primaryimage\"},\"thumbnailUrl\":\"https:\/\/www.gaveanews.com\/wp-content\/uploads\/Claudinho.webp\",\"keywords\":[\"Diego Nicol\u00e1s de la Cruz Arcosa\"],\"articleSection\":[\"Flamengo\"],\"inLanguage\":\"pt-BR\",\"potentialAction\":[{\"@type\":\"CommentAction\",\"name\":\"Comment\",\"target\":[\"https:\/\/www.gaveanews.com\/index.php\/2023\/07\/08\/de-la-cruz-claudinho-e-lucas-verissimo-veja-como-estao-as-negociacoes-do-flamengo\/#respond\"]}],\"copyrightYear\":\"2023\",\"copyrightHolder\":{\"@id\":\"https:\/\/www.gaveanews.com\/#organization\"}},{\"@type\":\"WebPage\",\"@id\":\"https:\/\/www.gaveanews.com\/index.php\/2023\/07\/08\/de-la-cruz-claudinho-e-lucas-verissimo-veja-como-estao-as-negociacoes-do-flamengo\/\",\"url\":\"https:\/\/www.gaveanews.com\/index.php\/2023\/07\/08\/de-la-cruz-claudinho-e-lucas-verissimo-veja-como-estao-as-negociacoes-do-flamengo\/\",\"name\":\"De La Cruz, Claudinho e Lucas Ver\u00edssimo: veja como est\u00e3o as negocia\u00e7\u00f5es do Flamengo\",\"isPartOf\":{\"@id\":\"https:\/\/www.gaveanews.com\/#website\"},\"primaryImageOfPage\":{\"@id\":\"https:\/\/www.gaveanews.com\/index.php\/2023\/07\/08\/de-la-cruz-claudinho-e-lucas-verissimo-veja-como-estao-as-negociacoes-do-flamengo\/#primaryimage\"},\"image\":{\"@id\":\"https:\/\/www.gaveanews.com\/index.php\/2023\/07\/08\/de-la-cruz-claudinho-e-lucas-verissimo-veja-como-estao-as-negociacoes-do-flamengo\/#primaryimage\"},\"thumbnailUrl\":\"https:\/\/www.gaveanews.com\/wp-content\/uploads\/Claudinho.webp\",\"datePublished\":\"2023-07-08T18:34:00+00:00\",\"dateModified\":\"2024-04-07T12:36:28+00:00\",\"author\":{\"@id\":\"https:\/\/www.gaveanews.com\/#\/schema\/person\/2ec14f73fb96be2caf28f91afb14749d\"},\"breadcrumb\":{\"@id\":\"https:\/\/www.gaveanews.com\/index.php\/2023\/07\/08\/de-la-cruz-claudinho-e-lucas-verissimo-veja-como-estao-as-negociacoes-do-flamengo\/#breadcrumb\"},\"inLanguage\":\"pt-BR\",\"potentialAction\":[{\"@type\":\"ReadAction\",\"target\":[\"https:\/\/www.gaveanews.com\/index.php\/2023\/07\/08\/de-la-cruz-claudinho-e-lucas-verissimo-veja-como-estao-as-negociacoes-do-flamengo\/\"]}]},{\"@type\":\"ImageObject\",\"inLanguage\":\"pt-BR\",\"@id\":\"https:\/\/www.gaveanews.com\/index.php\/2023\/07\/08\/de-la-cruz-claudinho-e-lucas-verissimo-veja-como-estao-as-negociacoes-do-flamengo\/#primaryimage\",\"url\":\"https:\/\/www.gaveanews.com\/wp-content\/uploads\/Claudinho.webp\",\"contentUrl\":\"https:\/\/www.gaveanews.com\/wp-content\/uploads\/Claudinho.webp\",\"width\":1200,\"height\":740,\"caption\":\"Claudinho pela sele\u00e7\u00e3o brasileira nas Olimpiadas 2020\"},{\"@type\":\"BreadcrumbList\",\"@id\":\"https:\/\/www.gaveanews.com\/index.php\/2023\/07\/08\/de-la-cruz-claudinho-e-lucas-verissimo-veja-como-estao-as-negociacoes-do-flamengo\/#breadcrumb\",\"itemListElement\":[{\"@type\":\"ListItem\",\"position\":1,\"name\":\"Home\",\"item\":\"https:\/\/www.gaveanews.com\/\"},{\"@type\":\"ListItem\",\"position\":2,\"name\":\"De La Cruz, Claudinho e Lucas Ver\u00edssimo: veja como est\u00e3o as negocia\u00e7\u00f5es do Flamengo\"}]},{\"@type\":\"WebSite\",\"@id\":\"https:\/\/www.gaveanews.com\/#website\",\"url\":\"https:\/\/www.gaveanews.com\/\",\"name\":\"G\u00e1vea News\",\"description\":\"Veja todas as not\u00edcias sobre o Flamengo: Contrata\u00e7\u00f5es, categorias de base, resultados das partidas, tabela de classifica\u00e7\u00e3o, pr\u00f3ximos jogos!\",\"potentialAction\":[{\"@type\":\"SearchAction\",\"target\":{\"@type\":\"EntryPoint\",\"urlTemplate\":\"https:\/\/www.gaveanews.com\/?s={search_term_string}\"},\"query-input\":{\"@type\":\"PropertyValueSpecification\",\"valueRequired\":true,\"valueName\":\"search_term_string\"}}],\"inLanguage\":\"pt-BR\"},{\"@type\":\"Person\",\"@id\":\"https:\/\/www.gaveanews.com\/#\/schema\/person\/2ec14f73fb96be2caf28f91afb14749d\",\"name\":\"Equipe G\u00e1vea News\",\"image\":{\"@type\":\"ImageObject\",\"inLanguage\":\"pt-BR\",\"@id\":\"https:\/\/www.gaveanews.com\/#\/schema\/person\/image\/\",\"url\":\"https:\/\/secure.gravatar.com\/avatar\/1e1956f1facbffd3f8fa53a326721950116b3b9dc9bd44939c01180fd4a745a9?s=96&d=mm&r=g\",\"contentUrl\":\"https:\/\/secure.gravatar.com\/avatar\/1e1956f1facbffd3f8fa53a326721950116b3b9dc9bd44939c01180fd4a745a9?s=96&d=mm&r=g\",\"caption\":\"Equipe G\u00e1vea News\"}}]}<\/script>\n<!-- \/ Yoast SEO Premium plugin. -->","yoast_head_json":{"title":"De La Cruz, Claudinho e Lucas Ver\u00edssimo: veja como est\u00e3o as negocia\u00e7\u00f5es do Flamengo","robots":{"index":"index","follow":"follow","max-snippet":"max-snippet:-1","max-image-preview":"max-image-preview:large","max-video-preview":"max-video-preview:-1"},"canonical":"https:\/\/www.gaveanews.com\/index.php\/2023\/07\/08\/de-la-cruz-claudinho-e-lucas-verissimo-veja-como-estao-as-negociacoes-do-flamengo\/","og_locale":"pt_BR","og_type":"article","og_title":"De La Cruz, Claudinho e Lucas Ver\u00edssimo: veja como est\u00e3o as negocia\u00e7\u00f5es do Flamengo","og_description":"Al\u00e9m das vit\u00f3rias sobre Fortaleza e Athletico-PR, o Flamengo teve semana agitada pelos refor\u00e7os. Luiz Ara\u00fajo e Rossi foram apresentados, e o primeiro inclusive estreou na vit\u00f3ria sobre o Furac\u00e3o. Allan, por sua vez, dar\u00e1 entrevista na pr\u00f3xima segunda-feira. Mas o clube para por a\u00ed? N\u00e3o. A prioridade ainda \u00e9 trazer mais um meio-campista. O [&hellip;]","og_url":"https:\/\/www.gaveanews.com\/index.php\/2023\/07\/08\/de-la-cruz-claudinho-e-lucas-verissimo-veja-como-estao-as-negociacoes-do-flamengo\/","og_site_name":"G\u00e1vea News","article_publisher":"https:\/\/facebook.com\/gaveaNews\/","article_published_time":"2023-07-08T18:34:00+00:00","article_modified_time":"2024-04-07T12:36:28+00:00","og_image":[{"width":1200,"height":740,"url":"https:\/\/www.gaveanews.com\/wp-content\/uploads\/Claudinho.webp","type":"image\/jpeg"}],"author":"Equipe G\u00e1vea News","twitter_card":"summary_large_image","twitter_misc":{"Escrito por":"Equipe G\u00e1vea News","Est. tempo de leitura":"2 minutos"},"schema":{"@context":"https:\/\/schema.org","@graph":[{"@type":"NewsArticle","@id":"https:\/\/www.gaveanews.com\/index.php\/2023\/07\/08\/de-la-cruz-claudinho-e-lucas-verissimo-veja-como-estao-as-negociacoes-do-flamengo\/#article","isPartOf":{"@id":"https:\/\/www.gaveanews.com\/index.php\/2023\/07\/08\/de-la-cruz-claudinho-e-lucas-verissimo-veja-como-estao-as-negociacoes-do-flamengo\/"},"author":{"name":"Equipe G\u00e1vea News","@id":"https:\/\/www.gaveanews.com\/#\/schema\/person\/2ec14f73fb96be2caf28f91afb14749d"},"headline":"De La Cruz, Claudinho e Lucas Ver\u00edssimo: veja como est\u00e3o as negocia\u00e7\u00f5es do Flamengo","datePublished":"2023-07-08T18:34:00+00:00","dateModified":"2024-04-07T12:36:28+00:00","mainEntityOfPage":{"@id":"https:\/\/www.gaveanews.com\/index.php\/2023\/07\/08\/de-la-cruz-claudinho-e-lucas-verissimo-veja-como-estao-as-negociacoes-do-flamengo\/"},"wordCount":414,"commentCount":0,"image":{"@id":"https:\/\/www.gaveanews.com\/index.php\/2023\/07\/08\/de-la-cruz-claudinho-e-lucas-verissimo-veja-como-estao-as-negociacoes-do-flamengo\/#primaryimage"},"thumbnailUrl":"https:\/\/www.gaveanews.com\/wp-content\/uploads\/Claudinho.webp","keywords":["Diego Nicol\u00e1s de la Cruz Arcosa"],"articleSection":["Flamengo"],"inLanguage":"pt-BR","potentialAction":[{"@type":"CommentAction","name":"Comment","target":["https:\/\/www.gaveanews.com\/index.php\/2023\/07\/08\/de-la-cruz-claudinho-e-lucas-verissimo-veja-como-estao-as-negociacoes-do-flamengo\/#respond"]}],"copyrightYear":"2023","copyrightHolder":{"@id":"https:\/\/www.gaveanews.com\/#organization"}},{"@type":"WebPage","@id":"https:\/\/www.gaveanews.com\/index.php\/2023\/07\/08\/de-la-cruz-claudinho-e-lucas-verissimo-veja-como-estao-as-negociacoes-do-flamengo\/","url":"https:\/\/www.gaveanews.com\/index.php\/2023\/07\/08\/de-la-cruz-claudinho-e-lucas-verissimo-veja-como-estao-as-negociacoes-do-flamengo\/","name":"De La Cruz, Claudinho e Lucas Ver\u00edssimo: veja como est\u00e3o as negocia\u00e7\u00f5es do Flamengo","isPartOf":{"@id":"https:\/\/www.gaveanews.com\/#website"},"primaryImageOfPage":{"@id":"https:\/\/www.gaveanews.com\/index.php\/2023\/07\/08\/de-la-cruz-claudinho-e-lucas-verissimo-veja-como-estao-as-negociacoes-do-flamengo\/#primaryimage"},"image":{"@id":"https:\/\/www.gaveanews.com\/index.php\/2023\/07\/08\/de-la-cruz-claudinho-e-lucas-verissimo-veja-como-estao-as-negociacoes-do-flamengo\/#primaryimage"},"thumbnailUrl":"https:\/\/www.gaveanews.com\/wp-content\/uploads\/Claudinho.webp","datePublished":"2023-07-08T18:34:00+00:00","dateModified":"2024-04-07T12:36:28+00:00","author":{"@id":"https:\/\/www.gaveanews.com\/#\/schema\/person\/2ec14f73fb96be2caf28f91afb14749d"},"breadcrumb":{"@id":"https:\/\/www.gaveanews.com\/index.php\/2023\/07\/08\/de-la-cruz-claudinho-e-lucas-verissimo-veja-como-estao-as-negociacoes-do-flamengo\/#breadcrumb"},"inLanguage":"pt-BR","potentialAction":[{"@type":"ReadAction","target":["https:\/\/www.gaveanews.com\/index.php\/2023\/07\/08\/de-la-cruz-claudinho-e-lucas-verissimo-veja-como-estao-as-negociacoes-do-flamengo\/"]}]},{"@type":"ImageObject","inLanguage":"pt-BR","@id":"https:\/\/www.gaveanews.com\/index.php\/2023\/07\/08\/de-la-cruz-claudinho-e-lucas-verissimo-veja-como-estao-as-negociacoes-do-flamengo\/#primaryimage","url":"https:\/\/www.gaveanews.com\/wp-content\/uploads\/Claudinho.webp","contentUrl":"https:\/\/www.gaveanews.com\/wp-content\/uploads\/Claudinho.webp","width":1200,"height":740,"caption":"Claudinho pela sele\u00e7\u00e3o brasileira nas Olimpiadas 2020"},{"@type":"BreadcrumbList","@id":"https:\/\/www.gaveanews.com\/index.php\/2023\/07\/08\/de-la-cruz-claudinho-e-lucas-verissimo-veja-como-estao-as-negociacoes-do-flamengo\/#breadcrumb","itemListElement":[{"@type":"ListItem","position":1,"name":"Home","item":"https:\/\/www.gaveanews.com\/"},{"@type":"ListItem","position":2,"name":"De La Cruz, Claudinho e Lucas Ver\u00edssimo: veja como est\u00e3o as negocia\u00e7\u00f5es do Flamengo"}]},{"@type":"WebSite","@id":"https:\/\/www.gaveanews.com\/#website","url":"https:\/\/www.gaveanews.com\/","name":"G\u00e1vea News","description":"Veja todas as not\u00edcias sobre o Flamengo: Contrata\u00e7\u00f5es, categorias de base, resultados das partidas, tabela de classifica\u00e7\u00e3o, pr\u00f3ximos jogos!","potentialAction":[{"@type":"SearchAction","target":{"@type":"EntryPoint","urlTemplate":"https:\/\/www.gaveanews.com\/?s={search_term_string}"},"query-input":{"@type":"PropertyValueSpecification","valueRequired":true,"valueName":"search_term_string"}}],"inLanguage":"pt-BR"},{"@type":"Person","@id":"https:\/\/www.gaveanews.com\/#\/schema\/person\/2ec14f73fb96be2caf28f91afb14749d","name":"Equipe G\u00e1vea News","image":{"@type":"ImageObject","inLanguage":"pt-BR","@id":"https:\/\/www.gaveanews.com\/#\/schema\/person\/image\/","url":"https:\/\/secure.gravatar.com\/avatar\/1e1956f1facbffd3f8fa53a326721950116b3b9dc9bd44939c01180fd4a745a9?s=96&d=mm&r=g","contentUrl":"https:\/\/secure.gravatar.com\/avatar\/1e1956f1facbffd3f8fa53a326721950116b3b9dc9bd44939c01180fd4a745a9?s=96&d=mm&r=g","caption":"Equipe G\u00e1vea News"}}]}},"_links":{"self":[{"href":"https:\/\/www.gaveanews.com\/index.php\/wp-json\/wp\/v2\/posts\/102198","targetHints":{"allow":["GET"]}}],"collection":[{"href":"https:\/\/www.gaveanews.com\/index.php\/wp-json\/wp\/v2\/posts"}],"about":[{"href":"https:\/\/www.gaveanews.com\/index.php\/wp-json\/wp\/v2\/types\/post"}],"author":[{"embeddable":true,"href":"https:\/\/www.gaveanews.com\/index.php\/wp-json\/wp\/v2\/users\/1"}],"replies":[{"embeddable":true,"href":"https:\/\/www.gaveanews.com\/index.php\/wp-json\/wp\/v2\/comments?post=102198"}],"version-history":[{"count":1,"href":"https:\/\/www.gaveanews.com\/index.php\/wp-json\/wp\/v2\/posts\/102198\/revisions"}],"predecessor-version":[{"id":137072,"href":"https:\/\/www.gaveanews.com\/index.php\/wp-json\/wp\/v2\/posts\/102198\/revisions\/137072"}],"wp:featuredmedia":[{"embeddable":true,"href":"https:\/\/www.gaveanews.com\/index.php\/wp-json\/wp\/v2\/media\/101510"}],"wp:attachment":[{"href":"https:\/\/www.gaveanews.com\/index.php\/wp-json\/wp\/v2\/media?parent=102198"}],"wp:term":[{"taxonomy":"category","embeddable":true,"href":"https:\/\/www.gaveanews.com\/index.php\/wp-json\/wp\/v2\/categories?post=102198"},{"taxonomy":"post_tag","embeddable":true,"href":"https:\/\/www.gaveanews.com\/index.php\/wp-json\/wp\/v2\/tags?post=102198"}],"curies":[{"name":"wp","href":"https:\/\/api.w.org\/{rel}","templated":true}]}}