{"id":102209,"date":"2023-07-08T18:19:38","date_gmt":"2023-07-08T21:19:38","guid":{"rendered":"https:\/\/www.gaveanews.com\/?p=102209"},"modified":"2023-07-08T18:19:40","modified_gmt":"2023-07-08T21:19:40","slug":"foto-de-vinicius-junior-repercute-em-meio-a-torcida-do-flamengo","status":"publish","type":"post","link":"https:\/\/www.gaveanews.com\/index.php\/2023\/07\/08\/foto-de-vinicius-junior-repercute-em-meio-a-torcida-do-flamengo\/","title":{"rendered":"Foto de Vinicius J\u00fanior repercute em meio a torcida do Flamengo"},"content":{"rendered":"\n<p>Vinicius J\u00fanior, cria do Flamengo e atacante do Real Madrid (ESP), est\u00e1 desfrutando de suas f\u00e9rias no Brasil e aproveitando para cuidar da parte f\u00edsica. Neste s\u00e1bado (08), ele marcou presen\u00e7a no CT Ninho do Urubu, o centro de treinamento do Flamengo, onde realizou treinos para aprimorar seu condicionamento.<\/p>\n\n\n\n<p>Durante sua visita ao Ninho do Urubu, Vinicius J\u00fanior teve a oportunidade de posar para fotos com o uniforme rubro-negro, o que despertou grande entusiasmo entre os torcedores. O roupeiro do Flamengo, Moises Azevedo, compartilhou a imagem ao lado do jogador nas redes sociais, gerando ainda mais empolga\u00e7\u00e3o e fazendo com que os f\u00e3s pedissem pela volta do craque ao clube.<\/p>\n\n\n<div class=\"wp-block-image\">\n<figure class=\"aligncenter size-large\"><img decoding=\"async\" src=\"https:\/\/pbs.twimg.com\/media\/F0h42dEWYAI7Ig1?format=jpg\" alt=\"\"\/><\/figure>\n<\/div>\n\n\n<p>Al\u00e9m de marcar presen\u00e7a no CT, Vinicius J\u00fanior tamb\u00e9m aproveitou suas f\u00e9rias para prestigiar dois jogos do Flamengo no Est\u00e1dio Maracan\u00e3. No camarote do est\u00e1dio, ele testemunhou de perto duas vit\u00f3rias expressivas do Mais Querido. A primeira foi contra o Vasco, com uma vit\u00f3ria por 4 a 1 pelo Campeonato Brasileiro, e a segunda foi contra o Aucas (EQU), com uma goleada de 4 a 0 na \u00faltima rodada da fase de grupos da Libertadores.<\/p>\n\n\n\n<p>Enquanto Vinicius J\u00fanior se dedica aos treinos no Ninho do Urubu, o elenco do Flamengo se prepara para o pr\u00f3ximo compromisso na temporada. Neste s\u00e1bado (08), o Mengo enfrentar\u00e1 o Palmeiras \u00e0s 21h (hor\u00e1rio de Bras\u00edlia) no Allianz Parque. A partida ser\u00e1 v\u00e1lida pela 14\u00aa rodada do Campeonato Brasileiro.<\/p>\n\n\n\n<p>A presen\u00e7a de Vinicius J\u00fanior no CT e sua participa\u00e7\u00e3o nos jogos do Flamengo refor\u00e7am a conex\u00e3o do jogador com o clube que o revelou. Os torcedores est\u00e3o ansiosos para ver seu talento brilhar novamente no Mais Querido.<\/p>\n","protected":false},"excerpt":{"rendered":"<p>Vinicius J\u00fanior, cria do Flamengo e atacante do Real Madrid (ESP), est\u00e1 desfrutando de suas f\u00e9rias no Brasil e aproveitando para cuidar da parte f\u00edsica. Neste s\u00e1bado (08), ele marcou presen\u00e7a no CT Ninho do Urubu, o centro de treinamento do Flamengo, onde realizou treinos para aprimorar seu condicionamento. Durante sua visita ao Ninho do [&hellip;]<\/p>\n","protected":false},"author":1,"featured_media":96403,"comment_status":"open","ping_status":"closed","sticky":false,"template":"","format":"standard","meta":{"footnotes":""},"categories":[1],"tags":[],"class_list":["post-102209","post","type-post","status-publish","format-standard","has-post-thumbnail","hentry","category-flamengo"],"yoast_head":"<!-- This site is optimized with the Yoast SEO Premium plugin v24.2 (Yoast SEO v26.9) - https:\/\/yoast.com\/product\/yoast-seo-premium-wordpress\/ -->\n<title>Foto de Vinicius J\u00fanior repercute em meio a torcida do Flamengo<\/title>\n<meta name=\"robots\" content=\"index, follow, max-snippet:-1, max-image-preview:large, max-video-preview:-1\" \/>\n<link rel=\"canonical\" href=\"https:\/\/www.gaveanews.com\/index.php\/2023\/07\/08\/foto-de-vinicius-junior-repercute-em-meio-a-torcida-do-flamengo\/\" \/>\n<meta property=\"og:locale\" content=\"pt_BR\" \/>\n<meta property=\"og:type\" content=\"article\" \/>\n<meta property=\"og:title\" content=\"Foto de Vinicius J\u00fanior repercute em meio a torcida do Flamengo\" \/>\n<meta property=\"og:description\" content=\"Vinicius J\u00fanior, cria do Flamengo e atacante do Real Madrid (ESP), est\u00e1 desfrutando de suas f\u00e9rias no Brasil e aproveitando para cuidar da parte f\u00edsica. Neste s\u00e1bado (08), ele marcou presen\u00e7a no CT Ninho do Urubu, o centro de treinamento do Flamengo, onde realizou treinos para aprimorar seu condicionamento. Durante sua visita ao Ninho do [&hellip;]\" \/>\n<meta property=\"og:url\" content=\"https:\/\/www.gaveanews.com\/index.php\/2023\/07\/08\/foto-de-vinicius-junior-repercute-em-meio-a-torcida-do-flamengo\/\" \/>\n<meta property=\"og:site_name\" content=\"G\u00e1vea News\" \/>\n<meta property=\"article:publisher\" content=\"https:\/\/facebook.com\/gaveaNews\/\" \/>\n<meta property=\"article:published_time\" content=\"2023-07-08T21:19:38+00:00\" \/>\n<meta property=\"article:modified_time\" content=\"2023-07-08T21:19:40+00:00\" \/>\n<meta property=\"og:image\" content=\"https:\/\/www.gaveanews.com\/wp-content\/uploads\/De-forma-descontraida-Vinicius-Junior-danca-apos-marcar-um-gol-pelo-Real-Madrid.webp\" \/>\n\t<meta property=\"og:image:width\" content=\"1440\" \/>\n\t<meta property=\"og:image:height\" content=\"1798\" \/>\n\t<meta property=\"og:image:type\" content=\"image\/jpeg\" \/>\n<meta name=\"author\" content=\"Equipe G\u00e1vea News\" \/>\n<meta name=\"twitter:card\" content=\"summary_large_image\" \/>\n<meta name=\"twitter:label1\" content=\"Escrito por\" \/>\n\t<meta name=\"twitter:data1\" content=\"Equipe G\u00e1vea News\" \/>\n\t<meta name=\"twitter:label2\" content=\"Est. tempo de leitura\" \/>\n\t<meta name=\"twitter:data2\" content=\"2 minutos\" \/>\n<script type=\"application\/ld+json\" class=\"yoast-schema-graph\">{\"@context\":\"https:\/\/schema.org\",\"@graph\":[{\"@type\":\"NewsArticle\",\"@id\":\"https:\/\/www.gaveanews.com\/index.php\/2023\/07\/08\/foto-de-vinicius-junior-repercute-em-meio-a-torcida-do-flamengo\/#article\",\"isPartOf\":{\"@id\":\"https:\/\/www.gaveanews.com\/index.php\/2023\/07\/08\/foto-de-vinicius-junior-repercute-em-meio-a-torcida-do-flamengo\/\"},\"author\":{\"name\":\"Equipe G\u00e1vea News\",\"@id\":\"https:\/\/www.gaveanews.com\/#\/schema\/person\/2ec14f73fb96be2caf28f91afb14749d\"},\"headline\":\"Foto de Vinicius J\u00fanior repercute em meio a torcida do Flamengo\",\"datePublished\":\"2023-07-08T21:19:38+00:00\",\"dateModified\":\"2023-07-08T21:19:40+00:00\",\"mainEntityOfPage\":{\"@id\":\"https:\/\/www.gaveanews.com\/index.php\/2023\/07\/08\/foto-de-vinicius-junior-repercute-em-meio-a-torcida-do-flamengo\/\"},\"wordCount\":306,\"commentCount\":0,\"image\":{\"@id\":\"https:\/\/www.gaveanews.com\/index.php\/2023\/07\/08\/foto-de-vinicius-junior-repercute-em-meio-a-torcida-do-flamengo\/#primaryimage\"},\"thumbnailUrl\":\"https:\/\/www.gaveanews.com\/wp-content\/uploads\/De-forma-descontraida-Vinicius-Junior-danca-apos-marcar-um-gol-pelo-Real-Madrid.webp\",\"articleSection\":[\"Flamengo\"],\"inLanguage\":\"pt-BR\",\"potentialAction\":[{\"@type\":\"CommentAction\",\"name\":\"Comment\",\"target\":[\"https:\/\/www.gaveanews.com\/index.php\/2023\/07\/08\/foto-de-vinicius-junior-repercute-em-meio-a-torcida-do-flamengo\/#respond\"]}],\"copyrightYear\":\"2023\",\"copyrightHolder\":{\"@id\":\"https:\/\/www.gaveanews.com\/#organization\"}},{\"@type\":\"WebPage\",\"@id\":\"https:\/\/www.gaveanews.com\/index.php\/2023\/07\/08\/foto-de-vinicius-junior-repercute-em-meio-a-torcida-do-flamengo\/\",\"url\":\"https:\/\/www.gaveanews.com\/index.php\/2023\/07\/08\/foto-de-vinicius-junior-repercute-em-meio-a-torcida-do-flamengo\/\",\"name\":\"Foto de Vinicius J\u00fanior repercute em meio a torcida do Flamengo\",\"isPartOf\":{\"@id\":\"https:\/\/www.gaveanews.com\/#website\"},\"primaryImageOfPage\":{\"@id\":\"https:\/\/www.gaveanews.com\/index.php\/2023\/07\/08\/foto-de-vinicius-junior-repercute-em-meio-a-torcida-do-flamengo\/#primaryimage\"},\"image\":{\"@id\":\"https:\/\/www.gaveanews.com\/index.php\/2023\/07\/08\/foto-de-vinicius-junior-repercute-em-meio-a-torcida-do-flamengo\/#primaryimage\"},\"thumbnailUrl\":\"https:\/\/www.gaveanews.com\/wp-content\/uploads\/De-forma-descontraida-Vinicius-Junior-danca-apos-marcar-um-gol-pelo-Real-Madrid.webp\",\"datePublished\":\"2023-07-08T21:19:38+00:00\",\"dateModified\":\"2023-07-08T21:19:40+00:00\",\"author\":{\"@id\":\"https:\/\/www.gaveanews.com\/#\/schema\/person\/2ec14f73fb96be2caf28f91afb14749d\"},\"breadcrumb\":{\"@id\":\"https:\/\/www.gaveanews.com\/index.php\/2023\/07\/08\/foto-de-vinicius-junior-repercute-em-meio-a-torcida-do-flamengo\/#breadcrumb\"},\"inLanguage\":\"pt-BR\",\"potentialAction\":[{\"@type\":\"ReadAction\",\"target\":[\"https:\/\/www.gaveanews.com\/index.php\/2023\/07\/08\/foto-de-vinicius-junior-repercute-em-meio-a-torcida-do-flamengo\/\"]}]},{\"@type\":\"ImageObject\",\"inLanguage\":\"pt-BR\",\"@id\":\"https:\/\/www.gaveanews.com\/index.php\/2023\/07\/08\/foto-de-vinicius-junior-repercute-em-meio-a-torcida-do-flamengo\/#primaryimage\",\"url\":\"https:\/\/www.gaveanews.com\/wp-content\/uploads\/De-forma-descontraida-Vinicius-Junior-danca-apos-marcar-um-gol-pelo-Real-Madrid.webp\",\"contentUrl\":\"https:\/\/www.gaveanews.com\/wp-content\/uploads\/De-forma-descontraida-Vinicius-Junior-danca-apos-marcar-um-gol-pelo-Real-Madrid.webp\",\"width\":1440,\"height\":1798,\"caption\":\"De forma descontra\u00edda, Vinicius J\u00fanior dan\u00e7a ap\u00f3s marcar um gol pelo Real Madrid (Foto: Reprodu\u00e7\u00e3o\/Instagram)\"},{\"@type\":\"BreadcrumbList\",\"@id\":\"https:\/\/www.gaveanews.com\/index.php\/2023\/07\/08\/foto-de-vinicius-junior-repercute-em-meio-a-torcida-do-flamengo\/#breadcrumb\",\"itemListElement\":[{\"@type\":\"ListItem\",\"position\":1,\"name\":\"Home\",\"item\":\"https:\/\/www.gaveanews.com\/\"},{\"@type\":\"ListItem\",\"position\":2,\"name\":\"Foto de Vinicius J\u00fanior repercute em meio a torcida do Flamengo\"}]},{\"@type\":\"WebSite\",\"@id\":\"https:\/\/www.gaveanews.com\/#website\",\"url\":\"https:\/\/www.gaveanews.com\/\",\"name\":\"G\u00e1vea News\",\"description\":\"Veja todas as not\u00edcias sobre o Flamengo: Contrata\u00e7\u00f5es, categorias de base, resultados das partidas, tabela de classifica\u00e7\u00e3o, pr\u00f3ximos jogos!\",\"potentialAction\":[{\"@type\":\"SearchAction\",\"target\":{\"@type\":\"EntryPoint\",\"urlTemplate\":\"https:\/\/www.gaveanews.com\/?s={search_term_string}\"},\"query-input\":{\"@type\":\"PropertyValueSpecification\",\"valueRequired\":true,\"valueName\":\"search_term_string\"}}],\"inLanguage\":\"pt-BR\"},{\"@type\":\"Person\",\"@id\":\"https:\/\/www.gaveanews.com\/#\/schema\/person\/2ec14f73fb96be2caf28f91afb14749d\",\"name\":\"Equipe G\u00e1vea News\",\"image\":{\"@type\":\"ImageObject\",\"inLanguage\":\"pt-BR\",\"@id\":\"https:\/\/www.gaveanews.com\/#\/schema\/person\/image\/\",\"url\":\"https:\/\/secure.gravatar.com\/avatar\/1e1956f1facbffd3f8fa53a326721950116b3b9dc9bd44939c01180fd4a745a9?s=96&d=mm&r=g\",\"contentUrl\":\"https:\/\/secure.gravatar.com\/avatar\/1e1956f1facbffd3f8fa53a326721950116b3b9dc9bd44939c01180fd4a745a9?s=96&d=mm&r=g\",\"caption\":\"Equipe G\u00e1vea News\"}}]}<\/script>\n<!-- \/ Yoast SEO Premium plugin. -->","yoast_head_json":{"title":"Foto de Vinicius J\u00fanior repercute em meio a torcida do Flamengo","robots":{"index":"index","follow":"follow","max-snippet":"max-snippet:-1","max-image-preview":"max-image-preview:large","max-video-preview":"max-video-preview:-1"},"canonical":"https:\/\/www.gaveanews.com\/index.php\/2023\/07\/08\/foto-de-vinicius-junior-repercute-em-meio-a-torcida-do-flamengo\/","og_locale":"pt_BR","og_type":"article","og_title":"Foto de Vinicius J\u00fanior repercute em meio a torcida do Flamengo","og_description":"Vinicius J\u00fanior, cria do Flamengo e atacante do Real Madrid (ESP), est\u00e1 desfrutando de suas f\u00e9rias no Brasil e aproveitando para cuidar da parte f\u00edsica. Neste s\u00e1bado (08), ele marcou presen\u00e7a no CT Ninho do Urubu, o centro de treinamento do Flamengo, onde realizou treinos para aprimorar seu condicionamento. Durante sua visita ao Ninho do [&hellip;]","og_url":"https:\/\/www.gaveanews.com\/index.php\/2023\/07\/08\/foto-de-vinicius-junior-repercute-em-meio-a-torcida-do-flamengo\/","og_site_name":"G\u00e1vea News","article_publisher":"https:\/\/facebook.com\/gaveaNews\/","article_published_time":"2023-07-08T21:19:38+00:00","article_modified_time":"2023-07-08T21:19:40+00:00","og_image":[{"width":1440,"height":1798,"url":"https:\/\/www.gaveanews.com\/wp-content\/uploads\/De-forma-descontraida-Vinicius-Junior-danca-apos-marcar-um-gol-pelo-Real-Madrid.webp","type":"image\/jpeg"}],"author":"Equipe G\u00e1vea News","twitter_card":"summary_large_image","twitter_misc":{"Escrito por":"Equipe G\u00e1vea News","Est. tempo de leitura":"2 minutos"},"schema":{"@context":"https:\/\/schema.org","@graph":[{"@type":"NewsArticle","@id":"https:\/\/www.gaveanews.com\/index.php\/2023\/07\/08\/foto-de-vinicius-junior-repercute-em-meio-a-torcida-do-flamengo\/#article","isPartOf":{"@id":"https:\/\/www.gaveanews.com\/index.php\/2023\/07\/08\/foto-de-vinicius-junior-repercute-em-meio-a-torcida-do-flamengo\/"},"author":{"name":"Equipe G\u00e1vea News","@id":"https:\/\/www.gaveanews.com\/#\/schema\/person\/2ec14f73fb96be2caf28f91afb14749d"},"headline":"Foto de Vinicius J\u00fanior repercute em meio a torcida do Flamengo","datePublished":"2023-07-08T21:19:38+00:00","dateModified":"2023-07-08T21:19:40+00:00","mainEntityOfPage":{"@id":"https:\/\/www.gaveanews.com\/index.php\/2023\/07\/08\/foto-de-vinicius-junior-repercute-em-meio-a-torcida-do-flamengo\/"},"wordCount":306,"commentCount":0,"image":{"@id":"https:\/\/www.gaveanews.com\/index.php\/2023\/07\/08\/foto-de-vinicius-junior-repercute-em-meio-a-torcida-do-flamengo\/#primaryimage"},"thumbnailUrl":"https:\/\/www.gaveanews.com\/wp-content\/uploads\/De-forma-descontraida-Vinicius-Junior-danca-apos-marcar-um-gol-pelo-Real-Madrid.webp","articleSection":["Flamengo"],"inLanguage":"pt-BR","potentialAction":[{"@type":"CommentAction","name":"Comment","target":["https:\/\/www.gaveanews.com\/index.php\/2023\/07\/08\/foto-de-vinicius-junior-repercute-em-meio-a-torcida-do-flamengo\/#respond"]}],"copyrightYear":"2023","copyrightHolder":{"@id":"https:\/\/www.gaveanews.com\/#organization"}},{"@type":"WebPage","@id":"https:\/\/www.gaveanews.com\/index.php\/2023\/07\/08\/foto-de-vinicius-junior-repercute-em-meio-a-torcida-do-flamengo\/","url":"https:\/\/www.gaveanews.com\/index.php\/2023\/07\/08\/foto-de-vinicius-junior-repercute-em-meio-a-torcida-do-flamengo\/","name":"Foto de Vinicius J\u00fanior repercute em meio a torcida do Flamengo","isPartOf":{"@id":"https:\/\/www.gaveanews.com\/#website"},"primaryImageOfPage":{"@id":"https:\/\/www.gaveanews.com\/index.php\/2023\/07\/08\/foto-de-vinicius-junior-repercute-em-meio-a-torcida-do-flamengo\/#primaryimage"},"image":{"@id":"https:\/\/www.gaveanews.com\/index.php\/2023\/07\/08\/foto-de-vinicius-junior-repercute-em-meio-a-torcida-do-flamengo\/#primaryimage"},"thumbnailUrl":"https:\/\/www.gaveanews.com\/wp-content\/uploads\/De-forma-descontraida-Vinicius-Junior-danca-apos-marcar-um-gol-pelo-Real-Madrid.webp","datePublished":"2023-07-08T21:19:38+00:00","dateModified":"2023-07-08T21:19:40+00:00","author":{"@id":"https:\/\/www.gaveanews.com\/#\/schema\/person\/2ec14f73fb96be2caf28f91afb14749d"},"breadcrumb":{"@id":"https:\/\/www.gaveanews.com\/index.php\/2023\/07\/08\/foto-de-vinicius-junior-repercute-em-meio-a-torcida-do-flamengo\/#breadcrumb"},"inLanguage":"pt-BR","potentialAction":[{"@type":"ReadAction","target":["https:\/\/www.gaveanews.com\/index.php\/2023\/07\/08\/foto-de-vinicius-junior-repercute-em-meio-a-torcida-do-flamengo\/"]}]},{"@type":"ImageObject","inLanguage":"pt-BR","@id":"https:\/\/www.gaveanews.com\/index.php\/2023\/07\/08\/foto-de-vinicius-junior-repercute-em-meio-a-torcida-do-flamengo\/#primaryimage","url":"https:\/\/www.gaveanews.com\/wp-content\/uploads\/De-forma-descontraida-Vinicius-Junior-danca-apos-marcar-um-gol-pelo-Real-Madrid.webp","contentUrl":"https:\/\/www.gaveanews.com\/wp-content\/uploads\/De-forma-descontraida-Vinicius-Junior-danca-apos-marcar-um-gol-pelo-Real-Madrid.webp","width":1440,"height":1798,"caption":"De forma descontra\u00edda, Vinicius J\u00fanior dan\u00e7a ap\u00f3s marcar um gol pelo Real Madrid (Foto: Reprodu\u00e7\u00e3o\/Instagram)"},{"@type":"BreadcrumbList","@id":"https:\/\/www.gaveanews.com\/index.php\/2023\/07\/08\/foto-de-vinicius-junior-repercute-em-meio-a-torcida-do-flamengo\/#breadcrumb","itemListElement":[{"@type":"ListItem","position":1,"name":"Home","item":"https:\/\/www.gaveanews.com\/"},{"@type":"ListItem","position":2,"name":"Foto de Vinicius J\u00fanior repercute em meio a torcida do Flamengo"}]},{"@type":"WebSite","@id":"https:\/\/www.gaveanews.com\/#website","url":"https:\/\/www.gaveanews.com\/","name":"G\u00e1vea News","description":"Veja todas as not\u00edcias sobre o Flamengo: Contrata\u00e7\u00f5es, categorias de base, resultados das partidas, tabela de classifica\u00e7\u00e3o, pr\u00f3ximos jogos!","potentialAction":[{"@type":"SearchAction","target":{"@type":"EntryPoint","urlTemplate":"https:\/\/www.gaveanews.com\/?s={search_term_string}"},"query-input":{"@type":"PropertyValueSpecification","valueRequired":true,"valueName":"search_term_string"}}],"inLanguage":"pt-BR"},{"@type":"Person","@id":"https:\/\/www.gaveanews.com\/#\/schema\/person\/2ec14f73fb96be2caf28f91afb14749d","name":"Equipe G\u00e1vea News","image":{"@type":"ImageObject","inLanguage":"pt-BR","@id":"https:\/\/www.gaveanews.com\/#\/schema\/person\/image\/","url":"https:\/\/secure.gravatar.com\/avatar\/1e1956f1facbffd3f8fa53a326721950116b3b9dc9bd44939c01180fd4a745a9?s=96&d=mm&r=g","contentUrl":"https:\/\/secure.gravatar.com\/avatar\/1e1956f1facbffd3f8fa53a326721950116b3b9dc9bd44939c01180fd4a745a9?s=96&d=mm&r=g","caption":"Equipe G\u00e1vea News"}}]}},"_links":{"self":[{"href":"https:\/\/www.gaveanews.com\/index.php\/wp-json\/wp\/v2\/posts\/102209","targetHints":{"allow":["GET"]}}],"collection":[{"href":"https:\/\/www.gaveanews.com\/index.php\/wp-json\/wp\/v2\/posts"}],"about":[{"href":"https:\/\/www.gaveanews.com\/index.php\/wp-json\/wp\/v2\/types\/post"}],"author":[{"embeddable":true,"href":"https:\/\/www.gaveanews.com\/index.php\/wp-json\/wp\/v2\/users\/1"}],"replies":[{"embeddable":true,"href":"https:\/\/www.gaveanews.com\/index.php\/wp-json\/wp\/v2\/comments?post=102209"}],"version-history":[{"count":0,"href":"https:\/\/www.gaveanews.com\/index.php\/wp-json\/wp\/v2\/posts\/102209\/revisions"}],"wp:featuredmedia":[{"embeddable":true,"href":"https:\/\/www.gaveanews.com\/index.php\/wp-json\/wp\/v2\/media\/96403"}],"wp:attachment":[{"href":"https:\/\/www.gaveanews.com\/index.php\/wp-json\/wp\/v2\/media?parent=102209"}],"wp:term":[{"taxonomy":"category","embeddable":true,"href":"https:\/\/www.gaveanews.com\/index.php\/wp-json\/wp\/v2\/categories?post=102209"},{"taxonomy":"post_tag","embeddable":true,"href":"https:\/\/www.gaveanews.com\/index.php\/wp-json\/wp\/v2\/tags?post=102209"}],"curies":[{"name":"wp","href":"https:\/\/api.w.org\/{rel}","templated":true}]}}