{"id":102383,"date":"2023-07-11T00:50:09","date_gmt":"2023-07-11T03:50:09","guid":{"rendered":"https:\/\/www.gaveanews.com\/?p=102383"},"modified":"2024-04-07T00:04:44","modified_gmt":"2024-04-07T03:04:44","slug":"rodrigo-caio-e-pablo-de-saida-do-flamengo-marcos-braz-abre-o-jogo","status":"publish","type":"post","link":"https:\/\/www.gaveanews.com\/index.php\/2023\/07\/11\/rodrigo-caio-e-pablo-de-saida-do-flamengo-marcos-braz-abre-o-jogo\/","title":{"rendered":"Rodrigo Caio e Pablo de sa\u00edda do Flamengo? Marcos Braz abre o jogo"},"content":{"rendered":"\n<p>Se o Flamengo est\u00e1 no mercado em busca de novos atletas para refor\u00e7ar o elenco, h\u00e1 tamb\u00e9m a possibilidade de alguns nomes fazerem o caminho inverso e deixarem o clube.<\/p>\n\n\n\n<p>Em entrevista coletiva nesta segunda-feira (10), Marcos Braz tratou da situa\u00e7\u00e3o de Rodrigo Caio e Pablo, zagueiros que n\u00e3o t\u00eam sido aproveitados por Jorge Samapoli. No entanto, at\u00e9 o momento, n\u00e3o h\u00e1 propostas oficiais pela dupla.<\/p>\n\n\n\n<p><em>\u2014 O Flamengo n\u00e3o tem que se reunir para tratar de futuro nenhum. S\u00e3o atletas contratados, que est\u00e3o no elenco do Flamengo, n\u00e3o teve proposta oficial para o Flamengo, n\u00e3o sei se chegaram atrav\u00e9s de jogadores. Est\u00e3o de fato sendo pouco aproveitados, mais uma vez \u00e9 uma decis\u00e3o do t\u00e9cnico, sempre ser\u00e1. Num segundo momento, se a gente entender que tem boa proposta, ou atleta entender que deva tomar outro caminho, a gente vai procurar ajustar para que se possa resolver. Mas n\u00e3o teve proposta<\/em>, completou.<\/p>\n\n\n\n<p>Retirado de: ESPN<\/p>\n","protected":false},"excerpt":{"rendered":"<p>Se o Flamengo est\u00e1 no mercado em busca de novos atletas para refor\u00e7ar o elenco, h\u00e1 tamb\u00e9m a possibilidade de alguns nomes fazerem o caminho inverso e deixarem o clube. Em entrevista coletiva nesta segunda-feira (10), Marcos Braz tratou da situa\u00e7\u00e3o de Rodrigo Caio e Pablo, zagueiros que n\u00e3o t\u00eam sido aproveitados por Jorge Samapoli. [&hellip;]<\/p>\n","protected":false},"author":1,"featured_media":85562,"comment_status":"open","ping_status":"closed","sticky":false,"template":"","format":"standard","meta":{"footnotes":""},"categories":[48],"tags":[173],"class_list":["post-102383","post","type-post","status-publish","format-standard","has-post-thumbnail","hentry","category-negociacoes","tag-marcos-braz"],"yoast_head":"<!-- This site is optimized with the Yoast SEO Premium plugin v24.2 (Yoast SEO v26.9) - https:\/\/yoast.com\/product\/yoast-seo-premium-wordpress\/ -->\n<title>Rodrigo Caio e Pablo de sa\u00edda do Flamengo? Marcos Braz abre o jogo<\/title>\n<meta name=\"robots\" content=\"index, follow, max-snippet:-1, max-image-preview:large, max-video-preview:-1\" \/>\n<link rel=\"canonical\" href=\"https:\/\/www.gaveanews.com\/index.php\/2023\/07\/11\/rodrigo-caio-e-pablo-de-saida-do-flamengo-marcos-braz-abre-o-jogo\/\" \/>\n<meta property=\"og:locale\" content=\"pt_BR\" \/>\n<meta property=\"og:type\" content=\"article\" \/>\n<meta property=\"og:title\" content=\"Rodrigo Caio e Pablo de sa\u00edda do Flamengo? Marcos Braz abre o jogo\" \/>\n<meta property=\"og:description\" content=\"Se o Flamengo est\u00e1 no mercado em busca de novos atletas para refor\u00e7ar o elenco, h\u00e1 tamb\u00e9m a possibilidade de alguns nomes fazerem o caminho inverso e deixarem o clube. Em entrevista coletiva nesta segunda-feira (10), Marcos Braz tratou da situa\u00e7\u00e3o de Rodrigo Caio e Pablo, zagueiros que n\u00e3o t\u00eam sido aproveitados por Jorge Samapoli. [&hellip;]\" \/>\n<meta property=\"og:url\" content=\"https:\/\/www.gaveanews.com\/index.php\/2023\/07\/11\/rodrigo-caio-e-pablo-de-saida-do-flamengo-marcos-braz-abre-o-jogo\/\" \/>\n<meta property=\"og:site_name\" content=\"G\u00e1vea News\" \/>\n<meta property=\"article:publisher\" content=\"https:\/\/facebook.com\/gaveaNews\/\" \/>\n<meta property=\"article:published_time\" content=\"2023-07-11T03:50:09+00:00\" \/>\n<meta property=\"article:modified_time\" content=\"2024-04-07T03:04:44+00:00\" \/>\n<meta property=\"og:image\" content=\"https:\/\/www.gaveanews.com\/wp-content\/uploads\/Marcos-Braz-em-entrevista-no-CT-do-Flamengo-1.webp\" \/>\n\t<meta property=\"og:image:width\" content=\"799\" \/>\n\t<meta property=\"og:image:height\" content=\"533\" \/>\n\t<meta property=\"og:image:type\" content=\"image\/jpeg\" \/>\n<meta name=\"author\" content=\"Equipe G\u00e1vea News\" \/>\n<meta name=\"twitter:card\" content=\"summary_large_image\" \/>\n<meta name=\"twitter:label1\" content=\"Escrito por\" \/>\n\t<meta name=\"twitter:data1\" content=\"Equipe G\u00e1vea News\" \/>\n\t<meta name=\"twitter:label2\" content=\"Est. tempo de leitura\" \/>\n\t<meta name=\"twitter:data2\" content=\"1 minuto\" \/>\n<script type=\"application\/ld+json\" class=\"yoast-schema-graph\">{\"@context\":\"https:\/\/schema.org\",\"@graph\":[{\"@type\":\"NewsArticle\",\"@id\":\"https:\/\/www.gaveanews.com\/index.php\/2023\/07\/11\/rodrigo-caio-e-pablo-de-saida-do-flamengo-marcos-braz-abre-o-jogo\/#article\",\"isPartOf\":{\"@id\":\"https:\/\/www.gaveanews.com\/index.php\/2023\/07\/11\/rodrigo-caio-e-pablo-de-saida-do-flamengo-marcos-braz-abre-o-jogo\/\"},\"author\":{\"name\":\"Equipe G\u00e1vea News\",\"@id\":\"https:\/\/www.gaveanews.com\/#\/schema\/person\/2ec14f73fb96be2caf28f91afb14749d\"},\"headline\":\"Rodrigo Caio e Pablo de sa\u00edda do Flamengo? Marcos Braz abre o jogo\",\"datePublished\":\"2023-07-11T03:50:09+00:00\",\"dateModified\":\"2024-04-07T03:04:44+00:00\",\"mainEntityOfPage\":{\"@id\":\"https:\/\/www.gaveanews.com\/index.php\/2023\/07\/11\/rodrigo-caio-e-pablo-de-saida-do-flamengo-marcos-braz-abre-o-jogo\/\"},\"wordCount\":182,\"commentCount\":0,\"image\":{\"@id\":\"https:\/\/www.gaveanews.com\/index.php\/2023\/07\/11\/rodrigo-caio-e-pablo-de-saida-do-flamengo-marcos-braz-abre-o-jogo\/#primaryimage\"},\"thumbnailUrl\":\"https:\/\/www.gaveanews.com\/wp-content\/uploads\/Marcos-Braz-em-entrevista-no-CT-do-Flamengo-1.webp\",\"keywords\":[\"Marcos Braz\"],\"articleSection\":[\"Negocia\u00e7\u00f5es\"],\"inLanguage\":\"pt-BR\",\"potentialAction\":[{\"@type\":\"CommentAction\",\"name\":\"Comment\",\"target\":[\"https:\/\/www.gaveanews.com\/index.php\/2023\/07\/11\/rodrigo-caio-e-pablo-de-saida-do-flamengo-marcos-braz-abre-o-jogo\/#respond\"]}],\"copyrightYear\":\"2023\",\"copyrightHolder\":{\"@id\":\"https:\/\/www.gaveanews.com\/#organization\"}},{\"@type\":\"WebPage\",\"@id\":\"https:\/\/www.gaveanews.com\/index.php\/2023\/07\/11\/rodrigo-caio-e-pablo-de-saida-do-flamengo-marcos-braz-abre-o-jogo\/\",\"url\":\"https:\/\/www.gaveanews.com\/index.php\/2023\/07\/11\/rodrigo-caio-e-pablo-de-saida-do-flamengo-marcos-braz-abre-o-jogo\/\",\"name\":\"Rodrigo Caio e Pablo de sa\u00edda do Flamengo? Marcos Braz abre o jogo\",\"isPartOf\":{\"@id\":\"https:\/\/www.gaveanews.com\/#website\"},\"primaryImageOfPage\":{\"@id\":\"https:\/\/www.gaveanews.com\/index.php\/2023\/07\/11\/rodrigo-caio-e-pablo-de-saida-do-flamengo-marcos-braz-abre-o-jogo\/#primaryimage\"},\"image\":{\"@id\":\"https:\/\/www.gaveanews.com\/index.php\/2023\/07\/11\/rodrigo-caio-e-pablo-de-saida-do-flamengo-marcos-braz-abre-o-jogo\/#primaryimage\"},\"thumbnailUrl\":\"https:\/\/www.gaveanews.com\/wp-content\/uploads\/Marcos-Braz-em-entrevista-no-CT-do-Flamengo-1.webp\",\"datePublished\":\"2023-07-11T03:50:09+00:00\",\"dateModified\":\"2024-04-07T03:04:44+00:00\",\"author\":{\"@id\":\"https:\/\/www.gaveanews.com\/#\/schema\/person\/2ec14f73fb96be2caf28f91afb14749d\"},\"breadcrumb\":{\"@id\":\"https:\/\/www.gaveanews.com\/index.php\/2023\/07\/11\/rodrigo-caio-e-pablo-de-saida-do-flamengo-marcos-braz-abre-o-jogo\/#breadcrumb\"},\"inLanguage\":\"pt-BR\",\"potentialAction\":[{\"@type\":\"ReadAction\",\"target\":[\"https:\/\/www.gaveanews.com\/index.php\/2023\/07\/11\/rodrigo-caio-e-pablo-de-saida-do-flamengo-marcos-braz-abre-o-jogo\/\"]}]},{\"@type\":\"ImageObject\",\"inLanguage\":\"pt-BR\",\"@id\":\"https:\/\/www.gaveanews.com\/index.php\/2023\/07\/11\/rodrigo-caio-e-pablo-de-saida-do-flamengo-marcos-braz-abre-o-jogo\/#primaryimage\",\"url\":\"https:\/\/www.gaveanews.com\/wp-content\/uploads\/Marcos-Braz-em-entrevista-no-CT-do-Flamengo-1.webp\",\"contentUrl\":\"https:\/\/www.gaveanews.com\/wp-content\/uploads\/Marcos-Braz-em-entrevista-no-CT-do-Flamengo-1.webp\",\"width\":799,\"height\":533,\"caption\":\"Marcos Braz em entrevista no CT do Flamengo (Foto: Gilvan de Souza\/Flamengo)\"},{\"@type\":\"BreadcrumbList\",\"@id\":\"https:\/\/www.gaveanews.com\/index.php\/2023\/07\/11\/rodrigo-caio-e-pablo-de-saida-do-flamengo-marcos-braz-abre-o-jogo\/#breadcrumb\",\"itemListElement\":[{\"@type\":\"ListItem\",\"position\":1,\"name\":\"Home\",\"item\":\"https:\/\/www.gaveanews.com\/\"},{\"@type\":\"ListItem\",\"position\":2,\"name\":\"Rodrigo Caio e Pablo de sa\u00edda do Flamengo? Marcos Braz abre o jogo\"}]},{\"@type\":\"WebSite\",\"@id\":\"https:\/\/www.gaveanews.com\/#website\",\"url\":\"https:\/\/www.gaveanews.com\/\",\"name\":\"G\u00e1vea News\",\"description\":\"Veja todas as not\u00edcias sobre o Flamengo: Contrata\u00e7\u00f5es, categorias de base, resultados das partidas, tabela de classifica\u00e7\u00e3o, pr\u00f3ximos jogos!\",\"potentialAction\":[{\"@type\":\"SearchAction\",\"target\":{\"@type\":\"EntryPoint\",\"urlTemplate\":\"https:\/\/www.gaveanews.com\/?s={search_term_string}\"},\"query-input\":{\"@type\":\"PropertyValueSpecification\",\"valueRequired\":true,\"valueName\":\"search_term_string\"}}],\"inLanguage\":\"pt-BR\"},{\"@type\":\"Person\",\"@id\":\"https:\/\/www.gaveanews.com\/#\/schema\/person\/2ec14f73fb96be2caf28f91afb14749d\",\"name\":\"Equipe G\u00e1vea News\",\"image\":{\"@type\":\"ImageObject\",\"inLanguage\":\"pt-BR\",\"@id\":\"https:\/\/www.gaveanews.com\/#\/schema\/person\/image\/\",\"url\":\"https:\/\/secure.gravatar.com\/avatar\/1e1956f1facbffd3f8fa53a326721950116b3b9dc9bd44939c01180fd4a745a9?s=96&d=mm&r=g\",\"contentUrl\":\"https:\/\/secure.gravatar.com\/avatar\/1e1956f1facbffd3f8fa53a326721950116b3b9dc9bd44939c01180fd4a745a9?s=96&d=mm&r=g\",\"caption\":\"Equipe G\u00e1vea News\"}}]}<\/script>\n<!-- \/ Yoast SEO Premium plugin. -->","yoast_head_json":{"title":"Rodrigo Caio e Pablo de sa\u00edda do Flamengo? Marcos Braz abre o jogo","robots":{"index":"index","follow":"follow","max-snippet":"max-snippet:-1","max-image-preview":"max-image-preview:large","max-video-preview":"max-video-preview:-1"},"canonical":"https:\/\/www.gaveanews.com\/index.php\/2023\/07\/11\/rodrigo-caio-e-pablo-de-saida-do-flamengo-marcos-braz-abre-o-jogo\/","og_locale":"pt_BR","og_type":"article","og_title":"Rodrigo Caio e Pablo de sa\u00edda do Flamengo? Marcos Braz abre o jogo","og_description":"Se o Flamengo est\u00e1 no mercado em busca de novos atletas para refor\u00e7ar o elenco, h\u00e1 tamb\u00e9m a possibilidade de alguns nomes fazerem o caminho inverso e deixarem o clube. Em entrevista coletiva nesta segunda-feira (10), Marcos Braz tratou da situa\u00e7\u00e3o de Rodrigo Caio e Pablo, zagueiros que n\u00e3o t\u00eam sido aproveitados por Jorge Samapoli. [&hellip;]","og_url":"https:\/\/www.gaveanews.com\/index.php\/2023\/07\/11\/rodrigo-caio-e-pablo-de-saida-do-flamengo-marcos-braz-abre-o-jogo\/","og_site_name":"G\u00e1vea News","article_publisher":"https:\/\/facebook.com\/gaveaNews\/","article_published_time":"2023-07-11T03:50:09+00:00","article_modified_time":"2024-04-07T03:04:44+00:00","og_image":[{"width":799,"height":533,"url":"https:\/\/www.gaveanews.com\/wp-content\/uploads\/Marcos-Braz-em-entrevista-no-CT-do-Flamengo-1.webp","type":"image\/jpeg"}],"author":"Equipe G\u00e1vea News","twitter_card":"summary_large_image","twitter_misc":{"Escrito por":"Equipe G\u00e1vea News","Est. tempo de leitura":"1 minuto"},"schema":{"@context":"https:\/\/schema.org","@graph":[{"@type":"NewsArticle","@id":"https:\/\/www.gaveanews.com\/index.php\/2023\/07\/11\/rodrigo-caio-e-pablo-de-saida-do-flamengo-marcos-braz-abre-o-jogo\/#article","isPartOf":{"@id":"https:\/\/www.gaveanews.com\/index.php\/2023\/07\/11\/rodrigo-caio-e-pablo-de-saida-do-flamengo-marcos-braz-abre-o-jogo\/"},"author":{"name":"Equipe G\u00e1vea News","@id":"https:\/\/www.gaveanews.com\/#\/schema\/person\/2ec14f73fb96be2caf28f91afb14749d"},"headline":"Rodrigo Caio e Pablo de sa\u00edda do Flamengo? Marcos Braz abre o jogo","datePublished":"2023-07-11T03:50:09+00:00","dateModified":"2024-04-07T03:04:44+00:00","mainEntityOfPage":{"@id":"https:\/\/www.gaveanews.com\/index.php\/2023\/07\/11\/rodrigo-caio-e-pablo-de-saida-do-flamengo-marcos-braz-abre-o-jogo\/"},"wordCount":182,"commentCount":0,"image":{"@id":"https:\/\/www.gaveanews.com\/index.php\/2023\/07\/11\/rodrigo-caio-e-pablo-de-saida-do-flamengo-marcos-braz-abre-o-jogo\/#primaryimage"},"thumbnailUrl":"https:\/\/www.gaveanews.com\/wp-content\/uploads\/Marcos-Braz-em-entrevista-no-CT-do-Flamengo-1.webp","keywords":["Marcos Braz"],"articleSection":["Negocia\u00e7\u00f5es"],"inLanguage":"pt-BR","potentialAction":[{"@type":"CommentAction","name":"Comment","target":["https:\/\/www.gaveanews.com\/index.php\/2023\/07\/11\/rodrigo-caio-e-pablo-de-saida-do-flamengo-marcos-braz-abre-o-jogo\/#respond"]}],"copyrightYear":"2023","copyrightHolder":{"@id":"https:\/\/www.gaveanews.com\/#organization"}},{"@type":"WebPage","@id":"https:\/\/www.gaveanews.com\/index.php\/2023\/07\/11\/rodrigo-caio-e-pablo-de-saida-do-flamengo-marcos-braz-abre-o-jogo\/","url":"https:\/\/www.gaveanews.com\/index.php\/2023\/07\/11\/rodrigo-caio-e-pablo-de-saida-do-flamengo-marcos-braz-abre-o-jogo\/","name":"Rodrigo Caio e Pablo de sa\u00edda do Flamengo? Marcos Braz abre o jogo","isPartOf":{"@id":"https:\/\/www.gaveanews.com\/#website"},"primaryImageOfPage":{"@id":"https:\/\/www.gaveanews.com\/index.php\/2023\/07\/11\/rodrigo-caio-e-pablo-de-saida-do-flamengo-marcos-braz-abre-o-jogo\/#primaryimage"},"image":{"@id":"https:\/\/www.gaveanews.com\/index.php\/2023\/07\/11\/rodrigo-caio-e-pablo-de-saida-do-flamengo-marcos-braz-abre-o-jogo\/#primaryimage"},"thumbnailUrl":"https:\/\/www.gaveanews.com\/wp-content\/uploads\/Marcos-Braz-em-entrevista-no-CT-do-Flamengo-1.webp","datePublished":"2023-07-11T03:50:09+00:00","dateModified":"2024-04-07T03:04:44+00:00","author":{"@id":"https:\/\/www.gaveanews.com\/#\/schema\/person\/2ec14f73fb96be2caf28f91afb14749d"},"breadcrumb":{"@id":"https:\/\/www.gaveanews.com\/index.php\/2023\/07\/11\/rodrigo-caio-e-pablo-de-saida-do-flamengo-marcos-braz-abre-o-jogo\/#breadcrumb"},"inLanguage":"pt-BR","potentialAction":[{"@type":"ReadAction","target":["https:\/\/www.gaveanews.com\/index.php\/2023\/07\/11\/rodrigo-caio-e-pablo-de-saida-do-flamengo-marcos-braz-abre-o-jogo\/"]}]},{"@type":"ImageObject","inLanguage":"pt-BR","@id":"https:\/\/www.gaveanews.com\/index.php\/2023\/07\/11\/rodrigo-caio-e-pablo-de-saida-do-flamengo-marcos-braz-abre-o-jogo\/#primaryimage","url":"https:\/\/www.gaveanews.com\/wp-content\/uploads\/Marcos-Braz-em-entrevista-no-CT-do-Flamengo-1.webp","contentUrl":"https:\/\/www.gaveanews.com\/wp-content\/uploads\/Marcos-Braz-em-entrevista-no-CT-do-Flamengo-1.webp","width":799,"height":533,"caption":"Marcos Braz em entrevista no CT do Flamengo (Foto: Gilvan de Souza\/Flamengo)"},{"@type":"BreadcrumbList","@id":"https:\/\/www.gaveanews.com\/index.php\/2023\/07\/11\/rodrigo-caio-e-pablo-de-saida-do-flamengo-marcos-braz-abre-o-jogo\/#breadcrumb","itemListElement":[{"@type":"ListItem","position":1,"name":"Home","item":"https:\/\/www.gaveanews.com\/"},{"@type":"ListItem","position":2,"name":"Rodrigo Caio e Pablo de sa\u00edda do Flamengo? Marcos Braz abre o jogo"}]},{"@type":"WebSite","@id":"https:\/\/www.gaveanews.com\/#website","url":"https:\/\/www.gaveanews.com\/","name":"G\u00e1vea News","description":"Veja todas as not\u00edcias sobre o Flamengo: Contrata\u00e7\u00f5es, categorias de base, resultados das partidas, tabela de classifica\u00e7\u00e3o, pr\u00f3ximos jogos!","potentialAction":[{"@type":"SearchAction","target":{"@type":"EntryPoint","urlTemplate":"https:\/\/www.gaveanews.com\/?s={search_term_string}"},"query-input":{"@type":"PropertyValueSpecification","valueRequired":true,"valueName":"search_term_string"}}],"inLanguage":"pt-BR"},{"@type":"Person","@id":"https:\/\/www.gaveanews.com\/#\/schema\/person\/2ec14f73fb96be2caf28f91afb14749d","name":"Equipe G\u00e1vea News","image":{"@type":"ImageObject","inLanguage":"pt-BR","@id":"https:\/\/www.gaveanews.com\/#\/schema\/person\/image\/","url":"https:\/\/secure.gravatar.com\/avatar\/1e1956f1facbffd3f8fa53a326721950116b3b9dc9bd44939c01180fd4a745a9?s=96&d=mm&r=g","contentUrl":"https:\/\/secure.gravatar.com\/avatar\/1e1956f1facbffd3f8fa53a326721950116b3b9dc9bd44939c01180fd4a745a9?s=96&d=mm&r=g","caption":"Equipe G\u00e1vea News"}}]}},"_links":{"self":[{"href":"https:\/\/www.gaveanews.com\/index.php\/wp-json\/wp\/v2\/posts\/102383","targetHints":{"allow":["GET"]}}],"collection":[{"href":"https:\/\/www.gaveanews.com\/index.php\/wp-json\/wp\/v2\/posts"}],"about":[{"href":"https:\/\/www.gaveanews.com\/index.php\/wp-json\/wp\/v2\/types\/post"}],"author":[{"embeddable":true,"href":"https:\/\/www.gaveanews.com\/index.php\/wp-json\/wp\/v2\/users\/1"}],"replies":[{"embeddable":true,"href":"https:\/\/www.gaveanews.com\/index.php\/wp-json\/wp\/v2\/comments?post=102383"}],"version-history":[{"count":1,"href":"https:\/\/www.gaveanews.com\/index.php\/wp-json\/wp\/v2\/posts\/102383\/revisions"}],"predecessor-version":[{"id":135594,"href":"https:\/\/www.gaveanews.com\/index.php\/wp-json\/wp\/v2\/posts\/102383\/revisions\/135594"}],"wp:featuredmedia":[{"embeddable":true,"href":"https:\/\/www.gaveanews.com\/index.php\/wp-json\/wp\/v2\/media\/85562"}],"wp:attachment":[{"href":"https:\/\/www.gaveanews.com\/index.php\/wp-json\/wp\/v2\/media?parent=102383"}],"wp:term":[{"taxonomy":"category","embeddable":true,"href":"https:\/\/www.gaveanews.com\/index.php\/wp-json\/wp\/v2\/categories?post=102383"},{"taxonomy":"post_tag","embeddable":true,"href":"https:\/\/www.gaveanews.com\/index.php\/wp-json\/wp\/v2\/tags?post=102383"}],"curies":[{"name":"wp","href":"https:\/\/api.w.org\/{rel}","templated":true}]}}