{"id":102392,"date":"2023-07-11T06:45:33","date_gmt":"2023-07-11T09:45:33","guid":{"rendered":"https:\/\/www.gaveanews.com\/?p=102392"},"modified":"2023-07-11T10:24:38","modified_gmt":"2023-07-11T13:24:38","slug":"lucas-verissimo-no-flamengo-veja-a-quantas-anda-a-negociacao","status":"publish","type":"post","link":"https:\/\/www.gaveanews.com\/index.php\/2023\/07\/11\/lucas-verissimo-no-flamengo-veja-a-quantas-anda-a-negociacao\/","title":{"rendered":"Lucas Ver\u00edssimo no Flamengo? Veja a quantas anda a negocia\u00e7\u00e3o"},"content":{"rendered":"\n<p>Com a abertura da janela de transfer\u00eancias do futebol brasileiro, os dirigentes do Flamengo seguem trabalhando forte na busca por refor\u00e7os que possam chegar para elevar o patamar do elenco rubro-negro.<\/p>\n\n\n\n<p>A diretoria do Flamengo tem jogadores mapeados para tentarem investidas, mas desde o in\u00edcio deixou bem claro que n\u00e3o via desperdi\u00e7ar as oportunidades que surgirem no mercado, e um nome segue forte no Mais Querido.<\/p>\n\n\n\n<p>Ap\u00f3s concluir as contrata\u00e7\u00f5es de Agust\u00edn Rossi, Allan e Luiz Ara\u00fajo, os dirigentes do Flamengo n\u00e3o descartam a contrata\u00e7\u00e3o do zagueiro Lucas Ver\u00edssimo, que defende o Benfica, de Portugal.<\/p>\n\n\n\n<p>O zagueiro j\u00e1 afirmou aos portugueses o desejo de retornar ao futebol brasileiro, Sampaoli gosta do jogador e fez um pedido da contrata\u00e7\u00e3o para os dirigentes do Flamengo, que estudam a melhor maneira de contratar o atleta.<\/p>\n\n\n\n<p>O Benfica pede 10 milh\u00f5es de euros (R$ 54 milh\u00f5es) por Ver\u00edssimo, como \u00e9 um pedido de Sampaoli, a diretoria do Flamengo pretende fazer um esfor\u00e7o para conseguir a contrata\u00e7\u00e3o, outra estrat\u00e9gia \u00e9 tentar o empr\u00e9stimo do atleta.<\/p>\n\n\n\n<p>Retirado de: Di\u00e1rio do Fla<\/p>\n","protected":false},"excerpt":{"rendered":"<p>Com a abertura da janela de transfer\u00eancias do futebol brasileiro, os dirigentes do Flamengo seguem trabalhando forte na busca por refor\u00e7os que possam chegar para elevar o patamar do elenco rubro-negro. A diretoria do Flamengo tem jogadores mapeados para tentarem investidas, mas desde o in\u00edcio deixou bem claro que n\u00e3o via desperdi\u00e7ar as oportunidades que [&hellip;]<\/p>\n","protected":false},"author":1,"featured_media":95634,"comment_status":"open","ping_status":"closed","sticky":false,"template":"","format":"standard","meta":{"footnotes":""},"categories":[48],"tags":[],"class_list":["post-102392","post","type-post","status-publish","format-standard","has-post-thumbnail","hentry","category-negociacoes"],"yoast_head":"<!-- This site is optimized with the Yoast SEO Premium plugin v24.2 (Yoast SEO v26.9) - https:\/\/yoast.com\/product\/yoast-seo-premium-wordpress\/ -->\n<title>Lucas Ver\u00edssimo no Flamengo? Veja a quantas anda a negocia\u00e7\u00e3o<\/title>\n<meta name=\"robots\" content=\"index, follow, max-snippet:-1, max-image-preview:large, max-video-preview:-1\" \/>\n<link rel=\"canonical\" href=\"https:\/\/www.gaveanews.com\/index.php\/2023\/07\/11\/lucas-verissimo-no-flamengo-veja-a-quantas-anda-a-negociacao\/\" \/>\n<meta property=\"og:locale\" content=\"pt_BR\" \/>\n<meta property=\"og:type\" content=\"article\" \/>\n<meta property=\"og:title\" content=\"Lucas Ver\u00edssimo no Flamengo? Veja a quantas anda a negocia\u00e7\u00e3o\" \/>\n<meta property=\"og:description\" content=\"Com a abertura da janela de transfer\u00eancias do futebol brasileiro, os dirigentes do Flamengo seguem trabalhando forte na busca por refor\u00e7os que possam chegar para elevar o patamar do elenco rubro-negro. A diretoria do Flamengo tem jogadores mapeados para tentarem investidas, mas desde o in\u00edcio deixou bem claro que n\u00e3o via desperdi\u00e7ar as oportunidades que [&hellip;]\" \/>\n<meta property=\"og:url\" content=\"https:\/\/www.gaveanews.com\/index.php\/2023\/07\/11\/lucas-verissimo-no-flamengo-veja-a-quantas-anda-a-negociacao\/\" \/>\n<meta property=\"og:site_name\" content=\"G\u00e1vea News\" \/>\n<meta property=\"article:publisher\" content=\"https:\/\/facebook.com\/gaveaNews\/\" \/>\n<meta property=\"article:published_time\" content=\"2023-07-11T09:45:33+00:00\" \/>\n<meta property=\"article:modified_time\" content=\"2023-07-11T13:24:38+00:00\" \/>\n<meta property=\"og:image\" content=\"https:\/\/www.gaveanews.com\/wp-content\/uploads\/Lucas-Verissimo-em-acao-pelo-Brasil.webp\" \/>\n\t<meta property=\"og:image:width\" content=\"2048\" \/>\n\t<meta property=\"og:image:height\" content=\"1365\" \/>\n\t<meta property=\"og:image:type\" content=\"image\/jpeg\" \/>\n<meta name=\"author\" content=\"Equipe G\u00e1vea News\" \/>\n<meta name=\"twitter:card\" content=\"summary_large_image\" \/>\n<meta name=\"twitter:label1\" content=\"Escrito por\" \/>\n\t<meta name=\"twitter:data1\" content=\"Equipe G\u00e1vea News\" \/>\n\t<meta name=\"twitter:label2\" content=\"Est. tempo de leitura\" \/>\n\t<meta name=\"twitter:data2\" content=\"1 minuto\" \/>\n<script type=\"application\/ld+json\" class=\"yoast-schema-graph\">{\"@context\":\"https:\/\/schema.org\",\"@graph\":[{\"@type\":\"NewsArticle\",\"@id\":\"https:\/\/www.gaveanews.com\/index.php\/2023\/07\/11\/lucas-verissimo-no-flamengo-veja-a-quantas-anda-a-negociacao\/#article\",\"isPartOf\":{\"@id\":\"https:\/\/www.gaveanews.com\/index.php\/2023\/07\/11\/lucas-verissimo-no-flamengo-veja-a-quantas-anda-a-negociacao\/\"},\"author\":{\"name\":\"Equipe G\u00e1vea News\",\"@id\":\"https:\/\/www.gaveanews.com\/#\/schema\/person\/2ec14f73fb96be2caf28f91afb14749d\"},\"headline\":\"Lucas Ver\u00edssimo no Flamengo? Veja a quantas anda a negocia\u00e7\u00e3o\",\"datePublished\":\"2023-07-11T09:45:33+00:00\",\"dateModified\":\"2023-07-11T13:24:38+00:00\",\"mainEntityOfPage\":{\"@id\":\"https:\/\/www.gaveanews.com\/index.php\/2023\/07\/11\/lucas-verissimo-no-flamengo-veja-a-quantas-anda-a-negociacao\/\"},\"wordCount\":204,\"commentCount\":0,\"image\":{\"@id\":\"https:\/\/www.gaveanews.com\/index.php\/2023\/07\/11\/lucas-verissimo-no-flamengo-veja-a-quantas-anda-a-negociacao\/#primaryimage\"},\"thumbnailUrl\":\"https:\/\/www.gaveanews.com\/wp-content\/uploads\/Lucas-Verissimo-em-acao-pelo-Brasil.webp\",\"articleSection\":[\"Negocia\u00e7\u00f5es\"],\"inLanguage\":\"pt-BR\",\"potentialAction\":[{\"@type\":\"CommentAction\",\"name\":\"Comment\",\"target\":[\"https:\/\/www.gaveanews.com\/index.php\/2023\/07\/11\/lucas-verissimo-no-flamengo-veja-a-quantas-anda-a-negociacao\/#respond\"]}],\"copyrightYear\":\"2023\",\"copyrightHolder\":{\"@id\":\"https:\/\/www.gaveanews.com\/#organization\"}},{\"@type\":\"WebPage\",\"@id\":\"https:\/\/www.gaveanews.com\/index.php\/2023\/07\/11\/lucas-verissimo-no-flamengo-veja-a-quantas-anda-a-negociacao\/\",\"url\":\"https:\/\/www.gaveanews.com\/index.php\/2023\/07\/11\/lucas-verissimo-no-flamengo-veja-a-quantas-anda-a-negociacao\/\",\"name\":\"Lucas Ver\u00edssimo no Flamengo? Veja a quantas anda a negocia\u00e7\u00e3o\",\"isPartOf\":{\"@id\":\"https:\/\/www.gaveanews.com\/#website\"},\"primaryImageOfPage\":{\"@id\":\"https:\/\/www.gaveanews.com\/index.php\/2023\/07\/11\/lucas-verissimo-no-flamengo-veja-a-quantas-anda-a-negociacao\/#primaryimage\"},\"image\":{\"@id\":\"https:\/\/www.gaveanews.com\/index.php\/2023\/07\/11\/lucas-verissimo-no-flamengo-veja-a-quantas-anda-a-negociacao\/#primaryimage\"},\"thumbnailUrl\":\"https:\/\/www.gaveanews.com\/wp-content\/uploads\/Lucas-Verissimo-em-acao-pelo-Brasil.webp\",\"datePublished\":\"2023-07-11T09:45:33+00:00\",\"dateModified\":\"2023-07-11T13:24:38+00:00\",\"author\":{\"@id\":\"https:\/\/www.gaveanews.com\/#\/schema\/person\/2ec14f73fb96be2caf28f91afb14749d\"},\"breadcrumb\":{\"@id\":\"https:\/\/www.gaveanews.com\/index.php\/2023\/07\/11\/lucas-verissimo-no-flamengo-veja-a-quantas-anda-a-negociacao\/#breadcrumb\"},\"inLanguage\":\"pt-BR\",\"potentialAction\":[{\"@type\":\"ReadAction\",\"target\":[\"https:\/\/www.gaveanews.com\/index.php\/2023\/07\/11\/lucas-verissimo-no-flamengo-veja-a-quantas-anda-a-negociacao\/\"]}]},{\"@type\":\"ImageObject\",\"inLanguage\":\"pt-BR\",\"@id\":\"https:\/\/www.gaveanews.com\/index.php\/2023\/07\/11\/lucas-verissimo-no-flamengo-veja-a-quantas-anda-a-negociacao\/#primaryimage\",\"url\":\"https:\/\/www.gaveanews.com\/wp-content\/uploads\/Lucas-Verissimo-em-acao-pelo-Brasil.webp\",\"contentUrl\":\"https:\/\/www.gaveanews.com\/wp-content\/uploads\/Lucas-Verissimo-em-acao-pelo-Brasil.webp\",\"width\":2048,\"height\":1365,\"caption\":\"Lucas Ver\u00edssimo em a\u00e7\u00e3o pelo Brasil (Foto: Lucas Figueiredo\/CBF)\"},{\"@type\":\"BreadcrumbList\",\"@id\":\"https:\/\/www.gaveanews.com\/index.php\/2023\/07\/11\/lucas-verissimo-no-flamengo-veja-a-quantas-anda-a-negociacao\/#breadcrumb\",\"itemListElement\":[{\"@type\":\"ListItem\",\"position\":1,\"name\":\"Home\",\"item\":\"https:\/\/www.gaveanews.com\/\"},{\"@type\":\"ListItem\",\"position\":2,\"name\":\"Lucas Ver\u00edssimo no Flamengo? Veja a quantas anda a negocia\u00e7\u00e3o\"}]},{\"@type\":\"WebSite\",\"@id\":\"https:\/\/www.gaveanews.com\/#website\",\"url\":\"https:\/\/www.gaveanews.com\/\",\"name\":\"G\u00e1vea News\",\"description\":\"Veja todas as not\u00edcias sobre o Flamengo: Contrata\u00e7\u00f5es, categorias de base, resultados das partidas, tabela de classifica\u00e7\u00e3o, pr\u00f3ximos jogos!\",\"potentialAction\":[{\"@type\":\"SearchAction\",\"target\":{\"@type\":\"EntryPoint\",\"urlTemplate\":\"https:\/\/www.gaveanews.com\/?s={search_term_string}\"},\"query-input\":{\"@type\":\"PropertyValueSpecification\",\"valueRequired\":true,\"valueName\":\"search_term_string\"}}],\"inLanguage\":\"pt-BR\"},{\"@type\":\"Person\",\"@id\":\"https:\/\/www.gaveanews.com\/#\/schema\/person\/2ec14f73fb96be2caf28f91afb14749d\",\"name\":\"Equipe G\u00e1vea News\",\"image\":{\"@type\":\"ImageObject\",\"inLanguage\":\"pt-BR\",\"@id\":\"https:\/\/www.gaveanews.com\/#\/schema\/person\/image\/\",\"url\":\"https:\/\/secure.gravatar.com\/avatar\/1e1956f1facbffd3f8fa53a326721950116b3b9dc9bd44939c01180fd4a745a9?s=96&d=mm&r=g\",\"contentUrl\":\"https:\/\/secure.gravatar.com\/avatar\/1e1956f1facbffd3f8fa53a326721950116b3b9dc9bd44939c01180fd4a745a9?s=96&d=mm&r=g\",\"caption\":\"Equipe G\u00e1vea News\"}}]}<\/script>\n<!-- \/ Yoast SEO Premium plugin. -->","yoast_head_json":{"title":"Lucas Ver\u00edssimo no Flamengo? Veja a quantas anda a negocia\u00e7\u00e3o","robots":{"index":"index","follow":"follow","max-snippet":"max-snippet:-1","max-image-preview":"max-image-preview:large","max-video-preview":"max-video-preview:-1"},"canonical":"https:\/\/www.gaveanews.com\/index.php\/2023\/07\/11\/lucas-verissimo-no-flamengo-veja-a-quantas-anda-a-negociacao\/","og_locale":"pt_BR","og_type":"article","og_title":"Lucas Ver\u00edssimo no Flamengo? Veja a quantas anda a negocia\u00e7\u00e3o","og_description":"Com a abertura da janela de transfer\u00eancias do futebol brasileiro, os dirigentes do Flamengo seguem trabalhando forte na busca por refor\u00e7os que possam chegar para elevar o patamar do elenco rubro-negro. A diretoria do Flamengo tem jogadores mapeados para tentarem investidas, mas desde o in\u00edcio deixou bem claro que n\u00e3o via desperdi\u00e7ar as oportunidades que [&hellip;]","og_url":"https:\/\/www.gaveanews.com\/index.php\/2023\/07\/11\/lucas-verissimo-no-flamengo-veja-a-quantas-anda-a-negociacao\/","og_site_name":"G\u00e1vea News","article_publisher":"https:\/\/facebook.com\/gaveaNews\/","article_published_time":"2023-07-11T09:45:33+00:00","article_modified_time":"2023-07-11T13:24:38+00:00","og_image":[{"width":2048,"height":1365,"url":"https:\/\/www.gaveanews.com\/wp-content\/uploads\/Lucas-Verissimo-em-acao-pelo-Brasil.webp","type":"image\/jpeg"}],"author":"Equipe G\u00e1vea News","twitter_card":"summary_large_image","twitter_misc":{"Escrito por":"Equipe G\u00e1vea News","Est. tempo de leitura":"1 minuto"},"schema":{"@context":"https:\/\/schema.org","@graph":[{"@type":"NewsArticle","@id":"https:\/\/www.gaveanews.com\/index.php\/2023\/07\/11\/lucas-verissimo-no-flamengo-veja-a-quantas-anda-a-negociacao\/#article","isPartOf":{"@id":"https:\/\/www.gaveanews.com\/index.php\/2023\/07\/11\/lucas-verissimo-no-flamengo-veja-a-quantas-anda-a-negociacao\/"},"author":{"name":"Equipe G\u00e1vea News","@id":"https:\/\/www.gaveanews.com\/#\/schema\/person\/2ec14f73fb96be2caf28f91afb14749d"},"headline":"Lucas Ver\u00edssimo no Flamengo? Veja a quantas anda a negocia\u00e7\u00e3o","datePublished":"2023-07-11T09:45:33+00:00","dateModified":"2023-07-11T13:24:38+00:00","mainEntityOfPage":{"@id":"https:\/\/www.gaveanews.com\/index.php\/2023\/07\/11\/lucas-verissimo-no-flamengo-veja-a-quantas-anda-a-negociacao\/"},"wordCount":204,"commentCount":0,"image":{"@id":"https:\/\/www.gaveanews.com\/index.php\/2023\/07\/11\/lucas-verissimo-no-flamengo-veja-a-quantas-anda-a-negociacao\/#primaryimage"},"thumbnailUrl":"https:\/\/www.gaveanews.com\/wp-content\/uploads\/Lucas-Verissimo-em-acao-pelo-Brasil.webp","articleSection":["Negocia\u00e7\u00f5es"],"inLanguage":"pt-BR","potentialAction":[{"@type":"CommentAction","name":"Comment","target":["https:\/\/www.gaveanews.com\/index.php\/2023\/07\/11\/lucas-verissimo-no-flamengo-veja-a-quantas-anda-a-negociacao\/#respond"]}],"copyrightYear":"2023","copyrightHolder":{"@id":"https:\/\/www.gaveanews.com\/#organization"}},{"@type":"WebPage","@id":"https:\/\/www.gaveanews.com\/index.php\/2023\/07\/11\/lucas-verissimo-no-flamengo-veja-a-quantas-anda-a-negociacao\/","url":"https:\/\/www.gaveanews.com\/index.php\/2023\/07\/11\/lucas-verissimo-no-flamengo-veja-a-quantas-anda-a-negociacao\/","name":"Lucas Ver\u00edssimo no Flamengo? Veja a quantas anda a negocia\u00e7\u00e3o","isPartOf":{"@id":"https:\/\/www.gaveanews.com\/#website"},"primaryImageOfPage":{"@id":"https:\/\/www.gaveanews.com\/index.php\/2023\/07\/11\/lucas-verissimo-no-flamengo-veja-a-quantas-anda-a-negociacao\/#primaryimage"},"image":{"@id":"https:\/\/www.gaveanews.com\/index.php\/2023\/07\/11\/lucas-verissimo-no-flamengo-veja-a-quantas-anda-a-negociacao\/#primaryimage"},"thumbnailUrl":"https:\/\/www.gaveanews.com\/wp-content\/uploads\/Lucas-Verissimo-em-acao-pelo-Brasil.webp","datePublished":"2023-07-11T09:45:33+00:00","dateModified":"2023-07-11T13:24:38+00:00","author":{"@id":"https:\/\/www.gaveanews.com\/#\/schema\/person\/2ec14f73fb96be2caf28f91afb14749d"},"breadcrumb":{"@id":"https:\/\/www.gaveanews.com\/index.php\/2023\/07\/11\/lucas-verissimo-no-flamengo-veja-a-quantas-anda-a-negociacao\/#breadcrumb"},"inLanguage":"pt-BR","potentialAction":[{"@type":"ReadAction","target":["https:\/\/www.gaveanews.com\/index.php\/2023\/07\/11\/lucas-verissimo-no-flamengo-veja-a-quantas-anda-a-negociacao\/"]}]},{"@type":"ImageObject","inLanguage":"pt-BR","@id":"https:\/\/www.gaveanews.com\/index.php\/2023\/07\/11\/lucas-verissimo-no-flamengo-veja-a-quantas-anda-a-negociacao\/#primaryimage","url":"https:\/\/www.gaveanews.com\/wp-content\/uploads\/Lucas-Verissimo-em-acao-pelo-Brasil.webp","contentUrl":"https:\/\/www.gaveanews.com\/wp-content\/uploads\/Lucas-Verissimo-em-acao-pelo-Brasil.webp","width":2048,"height":1365,"caption":"Lucas Ver\u00edssimo em a\u00e7\u00e3o pelo Brasil (Foto: Lucas Figueiredo\/CBF)"},{"@type":"BreadcrumbList","@id":"https:\/\/www.gaveanews.com\/index.php\/2023\/07\/11\/lucas-verissimo-no-flamengo-veja-a-quantas-anda-a-negociacao\/#breadcrumb","itemListElement":[{"@type":"ListItem","position":1,"name":"Home","item":"https:\/\/www.gaveanews.com\/"},{"@type":"ListItem","position":2,"name":"Lucas Ver\u00edssimo no Flamengo? Veja a quantas anda a negocia\u00e7\u00e3o"}]},{"@type":"WebSite","@id":"https:\/\/www.gaveanews.com\/#website","url":"https:\/\/www.gaveanews.com\/","name":"G\u00e1vea News","description":"Veja todas as not\u00edcias sobre o Flamengo: Contrata\u00e7\u00f5es, categorias de base, resultados das partidas, tabela de classifica\u00e7\u00e3o, pr\u00f3ximos jogos!","potentialAction":[{"@type":"SearchAction","target":{"@type":"EntryPoint","urlTemplate":"https:\/\/www.gaveanews.com\/?s={search_term_string}"},"query-input":{"@type":"PropertyValueSpecification","valueRequired":true,"valueName":"search_term_string"}}],"inLanguage":"pt-BR"},{"@type":"Person","@id":"https:\/\/www.gaveanews.com\/#\/schema\/person\/2ec14f73fb96be2caf28f91afb14749d","name":"Equipe G\u00e1vea News","image":{"@type":"ImageObject","inLanguage":"pt-BR","@id":"https:\/\/www.gaveanews.com\/#\/schema\/person\/image\/","url":"https:\/\/secure.gravatar.com\/avatar\/1e1956f1facbffd3f8fa53a326721950116b3b9dc9bd44939c01180fd4a745a9?s=96&d=mm&r=g","contentUrl":"https:\/\/secure.gravatar.com\/avatar\/1e1956f1facbffd3f8fa53a326721950116b3b9dc9bd44939c01180fd4a745a9?s=96&d=mm&r=g","caption":"Equipe G\u00e1vea News"}}]}},"_links":{"self":[{"href":"https:\/\/www.gaveanews.com\/index.php\/wp-json\/wp\/v2\/posts\/102392","targetHints":{"allow":["GET"]}}],"collection":[{"href":"https:\/\/www.gaveanews.com\/index.php\/wp-json\/wp\/v2\/posts"}],"about":[{"href":"https:\/\/www.gaveanews.com\/index.php\/wp-json\/wp\/v2\/types\/post"}],"author":[{"embeddable":true,"href":"https:\/\/www.gaveanews.com\/index.php\/wp-json\/wp\/v2\/users\/1"}],"replies":[{"embeddable":true,"href":"https:\/\/www.gaveanews.com\/index.php\/wp-json\/wp\/v2\/comments?post=102392"}],"version-history":[{"count":0,"href":"https:\/\/www.gaveanews.com\/index.php\/wp-json\/wp\/v2\/posts\/102392\/revisions"}],"wp:featuredmedia":[{"embeddable":true,"href":"https:\/\/www.gaveanews.com\/index.php\/wp-json\/wp\/v2\/media\/95634"}],"wp:attachment":[{"href":"https:\/\/www.gaveanews.com\/index.php\/wp-json\/wp\/v2\/media?parent=102392"}],"wp:term":[{"taxonomy":"category","embeddable":true,"href":"https:\/\/www.gaveanews.com\/index.php\/wp-json\/wp\/v2\/categories?post=102392"},{"taxonomy":"post_tag","embeddable":true,"href":"https:\/\/www.gaveanews.com\/index.php\/wp-json\/wp\/v2\/tags?post=102392"}],"curies":[{"name":"wp","href":"https:\/\/api.w.org\/{rel}","templated":true}]}}