{"id":102395,"date":"2023-07-11T06:58:00","date_gmt":"2023-07-11T09:58:00","guid":{"rendered":"https:\/\/www.gaveanews.com\/?p=102395"},"modified":"2023-07-11T06:58:02","modified_gmt":"2023-07-11T09:58:02","slug":"jorge-sampaoli-nao-poupa-queridinhos-e-manda-recado-para-o-elenco-do-flamengo","status":"publish","type":"post","link":"https:\/\/www.gaveanews.com\/index.php\/2023\/07\/11\/jorge-sampaoli-nao-poupa-queridinhos-e-manda-recado-para-o-elenco-do-flamengo\/","title":{"rendered":"Jorge Sampaoli n\u00e3o poupa &#8216;queridinhos&#8217; e manda recado para o elenco do Flamengo"},"content":{"rendered":"\n<p>Jorge Sampaoli chegou ao Flamengo com alguns velhos conhecidos no elenco e os considerou homens de confian\u00e7a no in\u00edcio do trabalho, mas a trajet\u00f3ria imaginada n\u00e3o se cumpriu. Ap\u00f3s Marinho, Vidal \u00e9 mais um desta prateleira a se despedir da G\u00e1vea. <\/p>\n\n\n\n<p>Desta forma, o t\u00e9cnico deixa claro para o elenco flamenguista que s\u00f3 ir\u00e1 jogar quem estiver em sua melhor forma, independente do seu nome ou experi\u00eancia. Por conta dessa situa\u00e7\u00e3o, destaca-se as oportunidades dadas aos jovens, em especial o lateral Wesley (em detrimento a Varela) e Victor Hugo (em detrimento ao pr\u00f3prio Vidal).   <\/p>\n\n\n\n<p>Vidal j\u00e1 havia trabalhado com Sampaoli na sele\u00e7\u00e3o do Chile, enquanto Marinho teve grande destaque no Santos com o treinador. Os dois tiveram as suas sa\u00eddas decretadas em meio a pol\u00eamicas, e sem mais espa\u00e7o no elenco rubro-negro. Pulgar, que tamb\u00e9m trabalhou com Sampaoli no Chile, e Gerson, no Olympique de Marselha, fizeram o caminho contr\u00e1rio.<\/p>\n\n\n\n<h2 class=\"wp-block-heading\" id=\"h-o-adeus-de-vidal\">O adeus de Vidal<\/h2>\n\n\n\n<p>O volante chileno\u00a0acertou com o Athletico-PR ontem (10)\u00a0e vai chegar com contrato at\u00e9 dezembro. Ele estava sem espa\u00e7o no elenco rubro-negro e n\u00e3o iria renovar seu contrato, com validade at\u00e9 o fim do ano.<\/p>\n\n\n\n<p>A passagem pelo Fla durou um ano, e foi da alta expectativa e carinho da torcida \u00e0s pol\u00eamicas. O acerto aconteceu ap\u00f3s longa paquera, mas o rendimento n\u00e3o foi o esperado. Neste per\u00edodo, houve insatisfa\u00e7\u00e3o com a reserva, &#8220;flerte&#8221; com o Colo-Colo e protesto no banco.<\/p>\n\n\n\n<p><em>\u2014 A respeito do Arturo (Vidal), tenho uma rela\u00e7\u00e3o muito boa desde sempre. Agradecerei a ele durante toda minha vida pelo que ele gerou ao seu pa\u00eds e a mim<\/em>, disse Sampaoli, em coletiva na apresenta\u00e7\u00e3o. <\/p>\n\n\n\n<p>O volante foi titular na estreia de Sampaoli, contra o \u00d1ublense, pela Libertadores. De l\u00e1 para c\u00e1, por\u00e9m, entrou na reta final dos duelos com o Vasco e Racing.<\/p>\n\n\n\n<h2 class=\"wp-block-heading\">O adeus de Marinho<\/h2>\n\n\n\n<p>Marinho foi\u00a0anunciado pelo Fortaleza no \u00faltimo dia 20\u00a0\u2014 ap\u00f3s os cearenses vencerem o S\u00e3o Paulo no\u00a0mercado da bola. O contrato vai at\u00e9 31 de dezembro de 2025. \u00c0 \u00e9poca do adeus, o atacante havia sido reintegrado ao elenco, mas avisado pela comiss\u00e3o t\u00e9cnica que n\u00e3o seria utilizado.<\/p>\n\n\n\n<p>O afastamento se deu ap\u00f3s um ato de indisciplina. O treinador, inclusive, se\u00a0sentiu decepcionado ap\u00f3s a &#8220;rebeldia&#8221; do jogador. O treinador avaliava que Marinho tinha tido um dos melhores momentos na carreira justamente sob seu comando no Santos, em 2019, e buscava repetir a parceria.<\/p>\n\n\n\n<p>O atacante tamb\u00e9m foi titular na estreia de Sampaoli, contra o \u00d1ublense, e foi o autor das duas assist\u00eancias para os gols de Pedro. A nova fase na G\u00e1vea, por\u00e9m, n\u00e3o engrenou, e o destino de Marinho acabou sendo longe do clube.<\/p>\n\n\n\n<p>Adaptado de: UOL<\/p>\n","protected":false},"excerpt":{"rendered":"<p>Jorge Sampaoli chegou ao Flamengo com alguns velhos conhecidos no elenco e os considerou homens de confian\u00e7a no in\u00edcio do trabalho, mas a trajet\u00f3ria imaginada n\u00e3o se cumpriu. Ap\u00f3s Marinho, Vidal \u00e9 mais um desta prateleira a se despedir da G\u00e1vea. Desta forma, o t\u00e9cnico deixa claro para o elenco flamenguista que s\u00f3 ir\u00e1 jogar [&hellip;]<\/p>\n","protected":false},"author":1,"featured_media":102035,"comment_status":"open","ping_status":"closed","sticky":false,"template":"","format":"standard","meta":{"footnotes":""},"categories":[48],"tags":[],"class_list":["post-102395","post","type-post","status-publish","format-standard","has-post-thumbnail","hentry","category-negociacoes"],"yoast_head":"<!-- This site is optimized with the Yoast SEO Premium plugin v24.2 (Yoast SEO v26.9) - https:\/\/yoast.com\/product\/yoast-seo-premium-wordpress\/ -->\n<title>Jorge Sampaoli n\u00e3o poupa &#039;queridinhos&#039; e manda recado para o elenco do Flamengo<\/title>\n<meta name=\"robots\" content=\"index, follow, max-snippet:-1, max-image-preview:large, max-video-preview:-1\" \/>\n<link rel=\"canonical\" href=\"https:\/\/www.gaveanews.com\/index.php\/2023\/07\/11\/jorge-sampaoli-nao-poupa-queridinhos-e-manda-recado-para-o-elenco-do-flamengo\/\" \/>\n<meta property=\"og:locale\" content=\"pt_BR\" \/>\n<meta property=\"og:type\" content=\"article\" \/>\n<meta property=\"og:title\" content=\"Jorge Sampaoli n\u00e3o poupa &#039;queridinhos&#039; e manda recado para o elenco do Flamengo\" \/>\n<meta property=\"og:description\" content=\"Jorge Sampaoli chegou ao Flamengo com alguns velhos conhecidos no elenco e os considerou homens de confian\u00e7a no in\u00edcio do trabalho, mas a trajet\u00f3ria imaginada n\u00e3o se cumpriu. Ap\u00f3s Marinho, Vidal \u00e9 mais um desta prateleira a se despedir da G\u00e1vea. Desta forma, o t\u00e9cnico deixa claro para o elenco flamenguista que s\u00f3 ir\u00e1 jogar [&hellip;]\" \/>\n<meta property=\"og:url\" content=\"https:\/\/www.gaveanews.com\/index.php\/2023\/07\/11\/jorge-sampaoli-nao-poupa-queridinhos-e-manda-recado-para-o-elenco-do-flamengo\/\" \/>\n<meta property=\"og:site_name\" content=\"G\u00e1vea News\" \/>\n<meta property=\"article:publisher\" content=\"https:\/\/facebook.com\/gaveaNews\/\" \/>\n<meta property=\"article:published_time\" content=\"2023-07-11T09:58:00+00:00\" \/>\n<meta property=\"article:modified_time\" content=\"2023-07-11T09:58:02+00:00\" \/>\n<meta property=\"og:image\" content=\"https:\/\/www.gaveanews.com\/wp-content\/uploads\/sampaoli-coletiva-flamengo.webp\" \/>\n\t<meta property=\"og:image:width\" content=\"876\" \/>\n\t<meta property=\"og:image:height\" content=\"484\" \/>\n\t<meta property=\"og:image:type\" content=\"image\/webp\" \/>\n<meta name=\"author\" content=\"Equipe G\u00e1vea News\" \/>\n<meta name=\"twitter:card\" content=\"summary_large_image\" \/>\n<meta name=\"twitter:label1\" content=\"Escrito por\" \/>\n\t<meta name=\"twitter:data1\" content=\"Equipe G\u00e1vea News\" \/>\n\t<meta name=\"twitter:label2\" content=\"Est. tempo de leitura\" \/>\n\t<meta name=\"twitter:data2\" content=\"3 minutos\" \/>\n<script type=\"application\/ld+json\" class=\"yoast-schema-graph\">{\"@context\":\"https:\/\/schema.org\",\"@graph\":[{\"@type\":\"NewsArticle\",\"@id\":\"https:\/\/www.gaveanews.com\/index.php\/2023\/07\/11\/jorge-sampaoli-nao-poupa-queridinhos-e-manda-recado-para-o-elenco-do-flamengo\/#article\",\"isPartOf\":{\"@id\":\"https:\/\/www.gaveanews.com\/index.php\/2023\/07\/11\/jorge-sampaoli-nao-poupa-queridinhos-e-manda-recado-para-o-elenco-do-flamengo\/\"},\"author\":{\"name\":\"Equipe G\u00e1vea News\",\"@id\":\"https:\/\/www.gaveanews.com\/#\/schema\/person\/2ec14f73fb96be2caf28f91afb14749d\"},\"headline\":\"Jorge Sampaoli n\u00e3o poupa &#8216;queridinhos&#8217; e manda recado para o elenco do Flamengo\",\"datePublished\":\"2023-07-11T09:58:00+00:00\",\"dateModified\":\"2023-07-11T09:58:02+00:00\",\"mainEntityOfPage\":{\"@id\":\"https:\/\/www.gaveanews.com\/index.php\/2023\/07\/11\/jorge-sampaoli-nao-poupa-queridinhos-e-manda-recado-para-o-elenco-do-flamengo\/\"},\"wordCount\":490,\"commentCount\":0,\"image\":{\"@id\":\"https:\/\/www.gaveanews.com\/index.php\/2023\/07\/11\/jorge-sampaoli-nao-poupa-queridinhos-e-manda-recado-para-o-elenco-do-flamengo\/#primaryimage\"},\"thumbnailUrl\":\"https:\/\/www.gaveanews.com\/wp-content\/uploads\/sampaoli-coletiva-flamengo.webp\",\"articleSection\":[\"Negocia\u00e7\u00f5es\"],\"inLanguage\":\"pt-BR\",\"potentialAction\":[{\"@type\":\"CommentAction\",\"name\":\"Comment\",\"target\":[\"https:\/\/www.gaveanews.com\/index.php\/2023\/07\/11\/jorge-sampaoli-nao-poupa-queridinhos-e-manda-recado-para-o-elenco-do-flamengo\/#respond\"]}],\"copyrightYear\":\"2023\",\"copyrightHolder\":{\"@id\":\"https:\/\/www.gaveanews.com\/#organization\"}},{\"@type\":\"WebPage\",\"@id\":\"https:\/\/www.gaveanews.com\/index.php\/2023\/07\/11\/jorge-sampaoli-nao-poupa-queridinhos-e-manda-recado-para-o-elenco-do-flamengo\/\",\"url\":\"https:\/\/www.gaveanews.com\/index.php\/2023\/07\/11\/jorge-sampaoli-nao-poupa-queridinhos-e-manda-recado-para-o-elenco-do-flamengo\/\",\"name\":\"Jorge Sampaoli n\u00e3o poupa 'queridinhos' e manda recado para o elenco do Flamengo\",\"isPartOf\":{\"@id\":\"https:\/\/www.gaveanews.com\/#website\"},\"primaryImageOfPage\":{\"@id\":\"https:\/\/www.gaveanews.com\/index.php\/2023\/07\/11\/jorge-sampaoli-nao-poupa-queridinhos-e-manda-recado-para-o-elenco-do-flamengo\/#primaryimage\"},\"image\":{\"@id\":\"https:\/\/www.gaveanews.com\/index.php\/2023\/07\/11\/jorge-sampaoli-nao-poupa-queridinhos-e-manda-recado-para-o-elenco-do-flamengo\/#primaryimage\"},\"thumbnailUrl\":\"https:\/\/www.gaveanews.com\/wp-content\/uploads\/sampaoli-coletiva-flamengo.webp\",\"datePublished\":\"2023-07-11T09:58:00+00:00\",\"dateModified\":\"2023-07-11T09:58:02+00:00\",\"author\":{\"@id\":\"https:\/\/www.gaveanews.com\/#\/schema\/person\/2ec14f73fb96be2caf28f91afb14749d\"},\"breadcrumb\":{\"@id\":\"https:\/\/www.gaveanews.com\/index.php\/2023\/07\/11\/jorge-sampaoli-nao-poupa-queridinhos-e-manda-recado-para-o-elenco-do-flamengo\/#breadcrumb\"},\"inLanguage\":\"pt-BR\",\"potentialAction\":[{\"@type\":\"ReadAction\",\"target\":[\"https:\/\/www.gaveanews.com\/index.php\/2023\/07\/11\/jorge-sampaoli-nao-poupa-queridinhos-e-manda-recado-para-o-elenco-do-flamengo\/\"]}]},{\"@type\":\"ImageObject\",\"inLanguage\":\"pt-BR\",\"@id\":\"https:\/\/www.gaveanews.com\/index.php\/2023\/07\/11\/jorge-sampaoli-nao-poupa-queridinhos-e-manda-recado-para-o-elenco-do-flamengo\/#primaryimage\",\"url\":\"https:\/\/www.gaveanews.com\/wp-content\/uploads\/sampaoli-coletiva-flamengo.webp\",\"contentUrl\":\"https:\/\/www.gaveanews.com\/wp-content\/uploads\/sampaoli-coletiva-flamengo.webp\",\"width\":876,\"height\":484,\"caption\":\"Sampaoli em entrevista coletiva do Flamengo (Foto: Gilvan de Souza\/Flamengo)\"},{\"@type\":\"BreadcrumbList\",\"@id\":\"https:\/\/www.gaveanews.com\/index.php\/2023\/07\/11\/jorge-sampaoli-nao-poupa-queridinhos-e-manda-recado-para-o-elenco-do-flamengo\/#breadcrumb\",\"itemListElement\":[{\"@type\":\"ListItem\",\"position\":1,\"name\":\"Home\",\"item\":\"https:\/\/www.gaveanews.com\/\"},{\"@type\":\"ListItem\",\"position\":2,\"name\":\"Jorge Sampaoli n\u00e3o poupa &#8216;queridinhos&#8217; e manda recado para o elenco do Flamengo\"}]},{\"@type\":\"WebSite\",\"@id\":\"https:\/\/www.gaveanews.com\/#website\",\"url\":\"https:\/\/www.gaveanews.com\/\",\"name\":\"G\u00e1vea News\",\"description\":\"Veja todas as not\u00edcias sobre o Flamengo: Contrata\u00e7\u00f5es, categorias de base, resultados das partidas, tabela de classifica\u00e7\u00e3o, pr\u00f3ximos jogos!\",\"potentialAction\":[{\"@type\":\"SearchAction\",\"target\":{\"@type\":\"EntryPoint\",\"urlTemplate\":\"https:\/\/www.gaveanews.com\/?s={search_term_string}\"},\"query-input\":{\"@type\":\"PropertyValueSpecification\",\"valueRequired\":true,\"valueName\":\"search_term_string\"}}],\"inLanguage\":\"pt-BR\"},{\"@type\":\"Person\",\"@id\":\"https:\/\/www.gaveanews.com\/#\/schema\/person\/2ec14f73fb96be2caf28f91afb14749d\",\"name\":\"Equipe G\u00e1vea News\",\"image\":{\"@type\":\"ImageObject\",\"inLanguage\":\"pt-BR\",\"@id\":\"https:\/\/www.gaveanews.com\/#\/schema\/person\/image\/\",\"url\":\"https:\/\/secure.gravatar.com\/avatar\/1e1956f1facbffd3f8fa53a326721950116b3b9dc9bd44939c01180fd4a745a9?s=96&d=mm&r=g\",\"contentUrl\":\"https:\/\/secure.gravatar.com\/avatar\/1e1956f1facbffd3f8fa53a326721950116b3b9dc9bd44939c01180fd4a745a9?s=96&d=mm&r=g\",\"caption\":\"Equipe G\u00e1vea News\"}}]}<\/script>\n<!-- \/ Yoast SEO Premium plugin. -->","yoast_head_json":{"title":"Jorge Sampaoli n\u00e3o poupa 'queridinhos' e manda recado para o elenco do Flamengo","robots":{"index":"index","follow":"follow","max-snippet":"max-snippet:-1","max-image-preview":"max-image-preview:large","max-video-preview":"max-video-preview:-1"},"canonical":"https:\/\/www.gaveanews.com\/index.php\/2023\/07\/11\/jorge-sampaoli-nao-poupa-queridinhos-e-manda-recado-para-o-elenco-do-flamengo\/","og_locale":"pt_BR","og_type":"article","og_title":"Jorge Sampaoli n\u00e3o poupa 'queridinhos' e manda recado para o elenco do Flamengo","og_description":"Jorge Sampaoli chegou ao Flamengo com alguns velhos conhecidos no elenco e os considerou homens de confian\u00e7a no in\u00edcio do trabalho, mas a trajet\u00f3ria imaginada n\u00e3o se cumpriu. Ap\u00f3s Marinho, Vidal \u00e9 mais um desta prateleira a se despedir da G\u00e1vea. Desta forma, o t\u00e9cnico deixa claro para o elenco flamenguista que s\u00f3 ir\u00e1 jogar [&hellip;]","og_url":"https:\/\/www.gaveanews.com\/index.php\/2023\/07\/11\/jorge-sampaoli-nao-poupa-queridinhos-e-manda-recado-para-o-elenco-do-flamengo\/","og_site_name":"G\u00e1vea News","article_publisher":"https:\/\/facebook.com\/gaveaNews\/","article_published_time":"2023-07-11T09:58:00+00:00","article_modified_time":"2023-07-11T09:58:02+00:00","og_image":[{"width":876,"height":484,"url":"https:\/\/www.gaveanews.com\/wp-content\/uploads\/sampaoli-coletiva-flamengo.webp","type":"image\/webp"}],"author":"Equipe G\u00e1vea News","twitter_card":"summary_large_image","twitter_misc":{"Escrito por":"Equipe G\u00e1vea News","Est. tempo de leitura":"3 minutos"},"schema":{"@context":"https:\/\/schema.org","@graph":[{"@type":"NewsArticle","@id":"https:\/\/www.gaveanews.com\/index.php\/2023\/07\/11\/jorge-sampaoli-nao-poupa-queridinhos-e-manda-recado-para-o-elenco-do-flamengo\/#article","isPartOf":{"@id":"https:\/\/www.gaveanews.com\/index.php\/2023\/07\/11\/jorge-sampaoli-nao-poupa-queridinhos-e-manda-recado-para-o-elenco-do-flamengo\/"},"author":{"name":"Equipe G\u00e1vea News","@id":"https:\/\/www.gaveanews.com\/#\/schema\/person\/2ec14f73fb96be2caf28f91afb14749d"},"headline":"Jorge Sampaoli n\u00e3o poupa &#8216;queridinhos&#8217; e manda recado para o elenco do Flamengo","datePublished":"2023-07-11T09:58:00+00:00","dateModified":"2023-07-11T09:58:02+00:00","mainEntityOfPage":{"@id":"https:\/\/www.gaveanews.com\/index.php\/2023\/07\/11\/jorge-sampaoli-nao-poupa-queridinhos-e-manda-recado-para-o-elenco-do-flamengo\/"},"wordCount":490,"commentCount":0,"image":{"@id":"https:\/\/www.gaveanews.com\/index.php\/2023\/07\/11\/jorge-sampaoli-nao-poupa-queridinhos-e-manda-recado-para-o-elenco-do-flamengo\/#primaryimage"},"thumbnailUrl":"https:\/\/www.gaveanews.com\/wp-content\/uploads\/sampaoli-coletiva-flamengo.webp","articleSection":["Negocia\u00e7\u00f5es"],"inLanguage":"pt-BR","potentialAction":[{"@type":"CommentAction","name":"Comment","target":["https:\/\/www.gaveanews.com\/index.php\/2023\/07\/11\/jorge-sampaoli-nao-poupa-queridinhos-e-manda-recado-para-o-elenco-do-flamengo\/#respond"]}],"copyrightYear":"2023","copyrightHolder":{"@id":"https:\/\/www.gaveanews.com\/#organization"}},{"@type":"WebPage","@id":"https:\/\/www.gaveanews.com\/index.php\/2023\/07\/11\/jorge-sampaoli-nao-poupa-queridinhos-e-manda-recado-para-o-elenco-do-flamengo\/","url":"https:\/\/www.gaveanews.com\/index.php\/2023\/07\/11\/jorge-sampaoli-nao-poupa-queridinhos-e-manda-recado-para-o-elenco-do-flamengo\/","name":"Jorge Sampaoli n\u00e3o poupa 'queridinhos' e manda recado para o elenco do Flamengo","isPartOf":{"@id":"https:\/\/www.gaveanews.com\/#website"},"primaryImageOfPage":{"@id":"https:\/\/www.gaveanews.com\/index.php\/2023\/07\/11\/jorge-sampaoli-nao-poupa-queridinhos-e-manda-recado-para-o-elenco-do-flamengo\/#primaryimage"},"image":{"@id":"https:\/\/www.gaveanews.com\/index.php\/2023\/07\/11\/jorge-sampaoli-nao-poupa-queridinhos-e-manda-recado-para-o-elenco-do-flamengo\/#primaryimage"},"thumbnailUrl":"https:\/\/www.gaveanews.com\/wp-content\/uploads\/sampaoli-coletiva-flamengo.webp","datePublished":"2023-07-11T09:58:00+00:00","dateModified":"2023-07-11T09:58:02+00:00","author":{"@id":"https:\/\/www.gaveanews.com\/#\/schema\/person\/2ec14f73fb96be2caf28f91afb14749d"},"breadcrumb":{"@id":"https:\/\/www.gaveanews.com\/index.php\/2023\/07\/11\/jorge-sampaoli-nao-poupa-queridinhos-e-manda-recado-para-o-elenco-do-flamengo\/#breadcrumb"},"inLanguage":"pt-BR","potentialAction":[{"@type":"ReadAction","target":["https:\/\/www.gaveanews.com\/index.php\/2023\/07\/11\/jorge-sampaoli-nao-poupa-queridinhos-e-manda-recado-para-o-elenco-do-flamengo\/"]}]},{"@type":"ImageObject","inLanguage":"pt-BR","@id":"https:\/\/www.gaveanews.com\/index.php\/2023\/07\/11\/jorge-sampaoli-nao-poupa-queridinhos-e-manda-recado-para-o-elenco-do-flamengo\/#primaryimage","url":"https:\/\/www.gaveanews.com\/wp-content\/uploads\/sampaoli-coletiva-flamengo.webp","contentUrl":"https:\/\/www.gaveanews.com\/wp-content\/uploads\/sampaoli-coletiva-flamengo.webp","width":876,"height":484,"caption":"Sampaoli em entrevista coletiva do Flamengo (Foto: Gilvan de Souza\/Flamengo)"},{"@type":"BreadcrumbList","@id":"https:\/\/www.gaveanews.com\/index.php\/2023\/07\/11\/jorge-sampaoli-nao-poupa-queridinhos-e-manda-recado-para-o-elenco-do-flamengo\/#breadcrumb","itemListElement":[{"@type":"ListItem","position":1,"name":"Home","item":"https:\/\/www.gaveanews.com\/"},{"@type":"ListItem","position":2,"name":"Jorge Sampaoli n\u00e3o poupa &#8216;queridinhos&#8217; e manda recado para o elenco do Flamengo"}]},{"@type":"WebSite","@id":"https:\/\/www.gaveanews.com\/#website","url":"https:\/\/www.gaveanews.com\/","name":"G\u00e1vea News","description":"Veja todas as not\u00edcias sobre o Flamengo: Contrata\u00e7\u00f5es, categorias de base, resultados das partidas, tabela de classifica\u00e7\u00e3o, pr\u00f3ximos jogos!","potentialAction":[{"@type":"SearchAction","target":{"@type":"EntryPoint","urlTemplate":"https:\/\/www.gaveanews.com\/?s={search_term_string}"},"query-input":{"@type":"PropertyValueSpecification","valueRequired":true,"valueName":"search_term_string"}}],"inLanguage":"pt-BR"},{"@type":"Person","@id":"https:\/\/www.gaveanews.com\/#\/schema\/person\/2ec14f73fb96be2caf28f91afb14749d","name":"Equipe G\u00e1vea News","image":{"@type":"ImageObject","inLanguage":"pt-BR","@id":"https:\/\/www.gaveanews.com\/#\/schema\/person\/image\/","url":"https:\/\/secure.gravatar.com\/avatar\/1e1956f1facbffd3f8fa53a326721950116b3b9dc9bd44939c01180fd4a745a9?s=96&d=mm&r=g","contentUrl":"https:\/\/secure.gravatar.com\/avatar\/1e1956f1facbffd3f8fa53a326721950116b3b9dc9bd44939c01180fd4a745a9?s=96&d=mm&r=g","caption":"Equipe G\u00e1vea News"}}]}},"_links":{"self":[{"href":"https:\/\/www.gaveanews.com\/index.php\/wp-json\/wp\/v2\/posts\/102395","targetHints":{"allow":["GET"]}}],"collection":[{"href":"https:\/\/www.gaveanews.com\/index.php\/wp-json\/wp\/v2\/posts"}],"about":[{"href":"https:\/\/www.gaveanews.com\/index.php\/wp-json\/wp\/v2\/types\/post"}],"author":[{"embeddable":true,"href":"https:\/\/www.gaveanews.com\/index.php\/wp-json\/wp\/v2\/users\/1"}],"replies":[{"embeddable":true,"href":"https:\/\/www.gaveanews.com\/index.php\/wp-json\/wp\/v2\/comments?post=102395"}],"version-history":[{"count":0,"href":"https:\/\/www.gaveanews.com\/index.php\/wp-json\/wp\/v2\/posts\/102395\/revisions"}],"wp:featuredmedia":[{"embeddable":true,"href":"https:\/\/www.gaveanews.com\/index.php\/wp-json\/wp\/v2\/media\/102035"}],"wp:attachment":[{"href":"https:\/\/www.gaveanews.com\/index.php\/wp-json\/wp\/v2\/media?parent=102395"}],"wp:term":[{"taxonomy":"category","embeddable":true,"href":"https:\/\/www.gaveanews.com\/index.php\/wp-json\/wp\/v2\/categories?post=102395"},{"taxonomy":"post_tag","embeddable":true,"href":"https:\/\/www.gaveanews.com\/index.php\/wp-json\/wp\/v2\/tags?post=102395"}],"curies":[{"name":"wp","href":"https:\/\/api.w.org\/{rel}","templated":true}]}}