{"id":102416,"date":"2023-07-11T11:45:32","date_gmt":"2023-07-11T14:45:32","guid":{"rendered":"https:\/\/www.gaveanews.com\/?p=102416"},"modified":"2023-07-11T11:45:34","modified_gmt":"2023-07-11T14:45:34","slug":"palmeiras-x-flamengo-ex-apresentador-da-globo-causa-polemica-ao-falar-sobre-morte-de-torcedora","status":"publish","type":"post","link":"https:\/\/www.gaveanews.com\/index.php\/2023\/07\/11\/palmeiras-x-flamengo-ex-apresentador-da-globo-causa-polemica-ao-falar-sobre-morte-de-torcedora\/","title":{"rendered":"Palmeiras x Flamengo: ex-apresentador da Globo causa pol\u00eamica ao falar sobre morte de torcedora"},"content":{"rendered":"\n<p>Por: Let\u00edcia Gerheim<br><br>A morte da torcedora do Palmeiras, Gabriela Anelli, chocou o p\u00fablico esportivo. Desde o \u00faltimo final de semana, quando o Alviverde enfrentou o Flamengo e aconteceu a trag\u00e9dia, os notici\u00e1rios debatem o atual cen\u00e1rio do futebol brasileiro e pedem provid\u00eancias \u00e0s autoridades.<\/p>\n\n\n\n<p>Em meio \u00e0 onda de como\u00e7\u00e3o, Tiago Leifert, jornalista ex-Globo, se manifestou e foi na contram\u00e3o do senso popular. No canal 3 na \u00c1rea, no YouTube, ele afirmou que a torcedora <em>&#8220;assumiu o risco&#8221;<\/em> por estar com a torcida organizada.<\/p>\n\n\n\n<p>\u2014\u00a0<em>Ela \u00e9 da Mancha Verde (torcida organizada do Palmeiras). Ela n\u00e3o estava na bilheteria ou entrando no est\u00e1dio. Ela estava do lado de fora, junto com aqueles torcedores, quem j\u00e1 foi ao Allianz (Parque) sabe como funciona. Tem gente que entra no est\u00e1dio e tem uma boa parte da organizada que fica na rua para bater nas pessoas que passam.<\/em><\/p>\n\n\n\n<p>\u2014\u00a0<em>Se passar um torcedor do\u00a0Corinthians, se passar uma pessoa de vermelho, eles v\u00e3o perguntar por qu\u00ea. Ela n\u00e3o merecia ter morrido, l\u00f3gico que n\u00e3o, mas ela assumiu um risco estando ali, porque ela estava na torcida organizada. Ela \u00e9 da torcida organizada.<\/em><\/p>\n\n\n\n<p>A declara\u00e7\u00e3o, como esperado, foi bastante criticada nas redes sociais e por personalidades conhecidas do futebol. O ex-jogador Walter Casagrande foi categ\u00f3rico e afirmou que <em>\u201cpara Leifert, a morte da Gabriela talvez n\u00e3o passe de uma cena de BBB\u201d<\/em>.<\/p>\n\n\n\n<p>Ap\u00f3s a repercuss\u00e3o negativa das declara\u00e7\u00f5es feitas, Tiago Leifert voltou a se manifestar horas depois e se desculpou pelo que foi dito.<\/p>\n\n\n\n<p>\u2014\u00a0<em>Antes que tome uma propor\u00e7\u00e3o maior do que merece, eu queria pedir desculpas por um erro que eu cometi hoje no \u201c3 na \u00c1rea\u201d, um erro de informa\u00e7\u00e3o, um erro baseado nos relatos de quem estava ali, de Pol\u00edcia Militar e imprensa. Mas que agora de tarde, horas depois, a gente j\u00e1 sabe com mais detalhes o que aconteceu. Eu havia dito que a torcedora assassinada estava no confronto do port\u00e3o A. Agora, a gente sabe que n\u00e3o. Eu li o B.O. (Boletim de Ocorr\u00eancia), e ela estava pr\u00f3xima ao port\u00e3o D.<\/em><\/p>\n\n\n\n<p>\u2014\u00a0<em>Ela era de uma organizada, a menina que faleceu. N\u00e3o muda o fato, n\u00e3o muda a trag\u00e9dia que \u00e9, n\u00e3o muda nada. E mesmo que ela estivesse ali no port\u00e3o D, provocando, batendo um tambor, cantando alguma coisa, n\u00e3o muda nada, n\u00e3o muda nada. Porque veio uma garrafa do outro lado e matou ela.<\/em><\/p>\n\n\n\n<p>Gabriela Anelli estava nos arredores do Allianz Parque antes do confronto entre Flamengo e Palmeiras quando foi atingida no pesco\u00e7o por uma garrafa de vidro, ferida que pouco depois resultou no \u00f3bito da jovem. Um homem foi preso em flagrante e \u00e9 indiciado por homic\u00eddio doloso, quando h\u00e1 inten\u00e7\u00e3o de matar.<\/p>\n","protected":false},"excerpt":{"rendered":"<p>Por: Let\u00edcia Gerheim A morte da torcedora do Palmeiras, Gabriela Anelli, chocou o p\u00fablico esportivo. Desde o \u00faltimo final de semana, quando o Alviverde enfrentou o Flamengo e aconteceu a trag\u00e9dia, os notici\u00e1rios debatem o atual cen\u00e1rio do futebol brasileiro e pedem provid\u00eancias \u00e0s autoridades. Em meio \u00e0 onda de como\u00e7\u00e3o, Tiago Leifert, jornalista ex-Globo, [&hellip;]<\/p>\n","protected":false},"author":4,"featured_media":102417,"comment_status":"open","ping_status":"closed","sticky":false,"template":"","format":"standard","meta":{"footnotes":""},"categories":[1],"tags":[],"class_list":["post-102416","post","type-post","status-publish","format-standard","has-post-thumbnail","hentry","category-flamengo"],"yoast_head":"<!-- This site is optimized with the Yoast SEO Premium plugin v24.2 (Yoast SEO v26.9) - https:\/\/yoast.com\/product\/yoast-seo-premium-wordpress\/ -->\n<title>Palmeiras x Flamengo: ex-apresentador da Globo causa pol\u00eamica ao falar sobre morte de torcedora<\/title>\n<meta name=\"robots\" content=\"index, follow, max-snippet:-1, max-image-preview:large, max-video-preview:-1\" \/>\n<link rel=\"canonical\" href=\"https:\/\/www.gaveanews.com\/index.php\/2023\/07\/11\/palmeiras-x-flamengo-ex-apresentador-da-globo-causa-polemica-ao-falar-sobre-morte-de-torcedora\/\" \/>\n<meta property=\"og:locale\" content=\"pt_BR\" \/>\n<meta property=\"og:type\" content=\"article\" \/>\n<meta property=\"og:title\" content=\"Palmeiras x Flamengo: ex-apresentador da Globo causa pol\u00eamica ao falar sobre morte de torcedora\" \/>\n<meta property=\"og:description\" content=\"Por: Let\u00edcia Gerheim A morte da torcedora do Palmeiras, Gabriela Anelli, chocou o p\u00fablico esportivo. Desde o \u00faltimo final de semana, quando o Alviverde enfrentou o Flamengo e aconteceu a trag\u00e9dia, os notici\u00e1rios debatem o atual cen\u00e1rio do futebol brasileiro e pedem provid\u00eancias \u00e0s autoridades. Em meio \u00e0 onda de como\u00e7\u00e3o, Tiago Leifert, jornalista ex-Globo, [&hellip;]\" \/>\n<meta property=\"og:url\" content=\"https:\/\/www.gaveanews.com\/index.php\/2023\/07\/11\/palmeiras-x-flamengo-ex-apresentador-da-globo-causa-polemica-ao-falar-sobre-morte-de-torcedora\/\" \/>\n<meta property=\"og:site_name\" content=\"G\u00e1vea News\" \/>\n<meta property=\"article:publisher\" content=\"https:\/\/facebook.com\/gaveaNews\/\" \/>\n<meta property=\"article:published_time\" content=\"2023-07-11T14:45:32+00:00\" \/>\n<meta property=\"article:modified_time\" content=\"2023-07-11T14:45:34+00:00\" \/>\n<meta property=\"og:image\" content=\"https:\/\/www.gaveanews.com\/wp-content\/uploads\/tiago-leifert-morte-torcedora-palmeiras-flamengo.webp\" \/>\n\t<meta property=\"og:image:width\" content=\"640\" \/>\n\t<meta property=\"og:image:height\" content=\"400\" \/>\n\t<meta property=\"og:image:type\" content=\"image\/jpeg\" \/>\n<meta name=\"author\" content=\"Let\u00edcia Gerheim\" \/>\n<meta name=\"twitter:card\" content=\"summary_large_image\" \/>\n<meta name=\"twitter:label1\" content=\"Escrito por\" \/>\n\t<meta name=\"twitter:data1\" content=\"Let\u00edcia Gerheim\" \/>\n\t<meta name=\"twitter:label2\" content=\"Est. tempo de leitura\" \/>\n\t<meta name=\"twitter:data2\" content=\"3 minutos\" \/>\n<script type=\"application\/ld+json\" class=\"yoast-schema-graph\">{\"@context\":\"https:\/\/schema.org\",\"@graph\":[{\"@type\":\"NewsArticle\",\"@id\":\"https:\/\/www.gaveanews.com\/index.php\/2023\/07\/11\/palmeiras-x-flamengo-ex-apresentador-da-globo-causa-polemica-ao-falar-sobre-morte-de-torcedora\/#article\",\"isPartOf\":{\"@id\":\"https:\/\/www.gaveanews.com\/index.php\/2023\/07\/11\/palmeiras-x-flamengo-ex-apresentador-da-globo-causa-polemica-ao-falar-sobre-morte-de-torcedora\/\"},\"author\":{\"name\":\"Let\u00edcia Gerheim\",\"@id\":\"https:\/\/www.gaveanews.com\/#\/schema\/person\/714c67050b836198af2450ba1c142a67\"},\"headline\":\"Palmeiras x Flamengo: ex-apresentador da Globo causa pol\u00eamica ao falar sobre morte de torcedora\",\"datePublished\":\"2023-07-11T14:45:32+00:00\",\"dateModified\":\"2023-07-11T14:45:34+00:00\",\"mainEntityOfPage\":{\"@id\":\"https:\/\/www.gaveanews.com\/index.php\/2023\/07\/11\/palmeiras-x-flamengo-ex-apresentador-da-globo-causa-polemica-ao-falar-sobre-morte-de-torcedora\/\"},\"wordCount\":494,\"commentCount\":0,\"image\":{\"@id\":\"https:\/\/www.gaveanews.com\/index.php\/2023\/07\/11\/palmeiras-x-flamengo-ex-apresentador-da-globo-causa-polemica-ao-falar-sobre-morte-de-torcedora\/#primaryimage\"},\"thumbnailUrl\":\"https:\/\/www.gaveanews.com\/wp-content\/uploads\/tiago-leifert-morte-torcedora-palmeiras-flamengo.webp\",\"articleSection\":[\"Flamengo\"],\"inLanguage\":\"pt-BR\",\"potentialAction\":[{\"@type\":\"CommentAction\",\"name\":\"Comment\",\"target\":[\"https:\/\/www.gaveanews.com\/index.php\/2023\/07\/11\/palmeiras-x-flamengo-ex-apresentador-da-globo-causa-polemica-ao-falar-sobre-morte-de-torcedora\/#respond\"]}],\"copyrightYear\":\"2023\",\"copyrightHolder\":{\"@id\":\"https:\/\/www.gaveanews.com\/#organization\"}},{\"@type\":\"WebPage\",\"@id\":\"https:\/\/www.gaveanews.com\/index.php\/2023\/07\/11\/palmeiras-x-flamengo-ex-apresentador-da-globo-causa-polemica-ao-falar-sobre-morte-de-torcedora\/\",\"url\":\"https:\/\/www.gaveanews.com\/index.php\/2023\/07\/11\/palmeiras-x-flamengo-ex-apresentador-da-globo-causa-polemica-ao-falar-sobre-morte-de-torcedora\/\",\"name\":\"Palmeiras x Flamengo: ex-apresentador da Globo causa pol\u00eamica ao falar sobre morte de torcedora\",\"isPartOf\":{\"@id\":\"https:\/\/www.gaveanews.com\/#website\"},\"primaryImageOfPage\":{\"@id\":\"https:\/\/www.gaveanews.com\/index.php\/2023\/07\/11\/palmeiras-x-flamengo-ex-apresentador-da-globo-causa-polemica-ao-falar-sobre-morte-de-torcedora\/#primaryimage\"},\"image\":{\"@id\":\"https:\/\/www.gaveanews.com\/index.php\/2023\/07\/11\/palmeiras-x-flamengo-ex-apresentador-da-globo-causa-polemica-ao-falar-sobre-morte-de-torcedora\/#primaryimage\"},\"thumbnailUrl\":\"https:\/\/www.gaveanews.com\/wp-content\/uploads\/tiago-leifert-morte-torcedora-palmeiras-flamengo.webp\",\"datePublished\":\"2023-07-11T14:45:32+00:00\",\"dateModified\":\"2023-07-11T14:45:34+00:00\",\"author\":{\"@id\":\"https:\/\/www.gaveanews.com\/#\/schema\/person\/714c67050b836198af2450ba1c142a67\"},\"breadcrumb\":{\"@id\":\"https:\/\/www.gaveanews.com\/index.php\/2023\/07\/11\/palmeiras-x-flamengo-ex-apresentador-da-globo-causa-polemica-ao-falar-sobre-morte-de-torcedora\/#breadcrumb\"},\"inLanguage\":\"pt-BR\",\"potentialAction\":[{\"@type\":\"ReadAction\",\"target\":[\"https:\/\/www.gaveanews.com\/index.php\/2023\/07\/11\/palmeiras-x-flamengo-ex-apresentador-da-globo-causa-polemica-ao-falar-sobre-morte-de-torcedora\/\"]}]},{\"@type\":\"ImageObject\",\"inLanguage\":\"pt-BR\",\"@id\":\"https:\/\/www.gaveanews.com\/index.php\/2023\/07\/11\/palmeiras-x-flamengo-ex-apresentador-da-globo-causa-polemica-ao-falar-sobre-morte-de-torcedora\/#primaryimage\",\"url\":\"https:\/\/www.gaveanews.com\/wp-content\/uploads\/tiago-leifert-morte-torcedora-palmeiras-flamengo.webp\",\"contentUrl\":\"https:\/\/www.gaveanews.com\/wp-content\/uploads\/tiago-leifert-morte-torcedora-palmeiras-flamengo.webp\",\"width\":640,\"height\":400,\"caption\":\"Tiago Leifert (Foto: Reprodu\u00e7\u00e3o)\"},{\"@type\":\"BreadcrumbList\",\"@id\":\"https:\/\/www.gaveanews.com\/index.php\/2023\/07\/11\/palmeiras-x-flamengo-ex-apresentador-da-globo-causa-polemica-ao-falar-sobre-morte-de-torcedora\/#breadcrumb\",\"itemListElement\":[{\"@type\":\"ListItem\",\"position\":1,\"name\":\"Home\",\"item\":\"https:\/\/www.gaveanews.com\/\"},{\"@type\":\"ListItem\",\"position\":2,\"name\":\"Palmeiras x Flamengo: ex-apresentador da Globo causa pol\u00eamica ao falar sobre morte de torcedora\"}]},{\"@type\":\"WebSite\",\"@id\":\"https:\/\/www.gaveanews.com\/#website\",\"url\":\"https:\/\/www.gaveanews.com\/\",\"name\":\"G\u00e1vea News\",\"description\":\"Veja todas as not\u00edcias sobre o Flamengo: Contrata\u00e7\u00f5es, categorias de base, resultados das partidas, tabela de classifica\u00e7\u00e3o, pr\u00f3ximos jogos!\",\"potentialAction\":[{\"@type\":\"SearchAction\",\"target\":{\"@type\":\"EntryPoint\",\"urlTemplate\":\"https:\/\/www.gaveanews.com\/?s={search_term_string}\"},\"query-input\":{\"@type\":\"PropertyValueSpecification\",\"valueRequired\":true,\"valueName\":\"search_term_string\"}}],\"inLanguage\":\"pt-BR\"},{\"@type\":\"Person\",\"@id\":\"https:\/\/www.gaveanews.com\/#\/schema\/person\/714c67050b836198af2450ba1c142a67\",\"name\":\"Let\u00edcia Gerheim\",\"image\":{\"@type\":\"ImageObject\",\"inLanguage\":\"pt-BR\",\"@id\":\"https:\/\/www.gaveanews.com\/#\/schema\/person\/image\/\",\"url\":\"https:\/\/secure.gravatar.com\/avatar\/60734739c50fcebfbac509e2a826ccd0ff405c019bc73aab9354f19ecad1dcb4?s=96&d=mm&r=g\",\"contentUrl\":\"https:\/\/secure.gravatar.com\/avatar\/60734739c50fcebfbac509e2a826ccd0ff405c019bc73aab9354f19ecad1dcb4?s=96&d=mm&r=g\",\"caption\":\"Let\u00edcia Gerheim\"}}]}<\/script>\n<!-- \/ Yoast SEO Premium plugin. -->","yoast_head_json":{"title":"Palmeiras x Flamengo: ex-apresentador da Globo causa pol\u00eamica ao falar sobre morte de torcedora","robots":{"index":"index","follow":"follow","max-snippet":"max-snippet:-1","max-image-preview":"max-image-preview:large","max-video-preview":"max-video-preview:-1"},"canonical":"https:\/\/www.gaveanews.com\/index.php\/2023\/07\/11\/palmeiras-x-flamengo-ex-apresentador-da-globo-causa-polemica-ao-falar-sobre-morte-de-torcedora\/","og_locale":"pt_BR","og_type":"article","og_title":"Palmeiras x Flamengo: ex-apresentador da Globo causa pol\u00eamica ao falar sobre morte de torcedora","og_description":"Por: Let\u00edcia Gerheim A morte da torcedora do Palmeiras, Gabriela Anelli, chocou o p\u00fablico esportivo. Desde o \u00faltimo final de semana, quando o Alviverde enfrentou o Flamengo e aconteceu a trag\u00e9dia, os notici\u00e1rios debatem o atual cen\u00e1rio do futebol brasileiro e pedem provid\u00eancias \u00e0s autoridades. Em meio \u00e0 onda de como\u00e7\u00e3o, Tiago Leifert, jornalista ex-Globo, [&hellip;]","og_url":"https:\/\/www.gaveanews.com\/index.php\/2023\/07\/11\/palmeiras-x-flamengo-ex-apresentador-da-globo-causa-polemica-ao-falar-sobre-morte-de-torcedora\/","og_site_name":"G\u00e1vea News","article_publisher":"https:\/\/facebook.com\/gaveaNews\/","article_published_time":"2023-07-11T14:45:32+00:00","article_modified_time":"2023-07-11T14:45:34+00:00","og_image":[{"width":640,"height":400,"url":"https:\/\/www.gaveanews.com\/wp-content\/uploads\/tiago-leifert-morte-torcedora-palmeiras-flamengo.webp","type":"image\/jpeg"}],"author":"Let\u00edcia Gerheim","twitter_card":"summary_large_image","twitter_misc":{"Escrito por":"Let\u00edcia Gerheim","Est. tempo de leitura":"3 minutos"},"schema":{"@context":"https:\/\/schema.org","@graph":[{"@type":"NewsArticle","@id":"https:\/\/www.gaveanews.com\/index.php\/2023\/07\/11\/palmeiras-x-flamengo-ex-apresentador-da-globo-causa-polemica-ao-falar-sobre-morte-de-torcedora\/#article","isPartOf":{"@id":"https:\/\/www.gaveanews.com\/index.php\/2023\/07\/11\/palmeiras-x-flamengo-ex-apresentador-da-globo-causa-polemica-ao-falar-sobre-morte-de-torcedora\/"},"author":{"name":"Let\u00edcia Gerheim","@id":"https:\/\/www.gaveanews.com\/#\/schema\/person\/714c67050b836198af2450ba1c142a67"},"headline":"Palmeiras x Flamengo: ex-apresentador da Globo causa pol\u00eamica ao falar sobre morte de torcedora","datePublished":"2023-07-11T14:45:32+00:00","dateModified":"2023-07-11T14:45:34+00:00","mainEntityOfPage":{"@id":"https:\/\/www.gaveanews.com\/index.php\/2023\/07\/11\/palmeiras-x-flamengo-ex-apresentador-da-globo-causa-polemica-ao-falar-sobre-morte-de-torcedora\/"},"wordCount":494,"commentCount":0,"image":{"@id":"https:\/\/www.gaveanews.com\/index.php\/2023\/07\/11\/palmeiras-x-flamengo-ex-apresentador-da-globo-causa-polemica-ao-falar-sobre-morte-de-torcedora\/#primaryimage"},"thumbnailUrl":"https:\/\/www.gaveanews.com\/wp-content\/uploads\/tiago-leifert-morte-torcedora-palmeiras-flamengo.webp","articleSection":["Flamengo"],"inLanguage":"pt-BR","potentialAction":[{"@type":"CommentAction","name":"Comment","target":["https:\/\/www.gaveanews.com\/index.php\/2023\/07\/11\/palmeiras-x-flamengo-ex-apresentador-da-globo-causa-polemica-ao-falar-sobre-morte-de-torcedora\/#respond"]}],"copyrightYear":"2023","copyrightHolder":{"@id":"https:\/\/www.gaveanews.com\/#organization"}},{"@type":"WebPage","@id":"https:\/\/www.gaveanews.com\/index.php\/2023\/07\/11\/palmeiras-x-flamengo-ex-apresentador-da-globo-causa-polemica-ao-falar-sobre-morte-de-torcedora\/","url":"https:\/\/www.gaveanews.com\/index.php\/2023\/07\/11\/palmeiras-x-flamengo-ex-apresentador-da-globo-causa-polemica-ao-falar-sobre-morte-de-torcedora\/","name":"Palmeiras x Flamengo: ex-apresentador da Globo causa pol\u00eamica ao falar sobre morte de torcedora","isPartOf":{"@id":"https:\/\/www.gaveanews.com\/#website"},"primaryImageOfPage":{"@id":"https:\/\/www.gaveanews.com\/index.php\/2023\/07\/11\/palmeiras-x-flamengo-ex-apresentador-da-globo-causa-polemica-ao-falar-sobre-morte-de-torcedora\/#primaryimage"},"image":{"@id":"https:\/\/www.gaveanews.com\/index.php\/2023\/07\/11\/palmeiras-x-flamengo-ex-apresentador-da-globo-causa-polemica-ao-falar-sobre-morte-de-torcedora\/#primaryimage"},"thumbnailUrl":"https:\/\/www.gaveanews.com\/wp-content\/uploads\/tiago-leifert-morte-torcedora-palmeiras-flamengo.webp","datePublished":"2023-07-11T14:45:32+00:00","dateModified":"2023-07-11T14:45:34+00:00","author":{"@id":"https:\/\/www.gaveanews.com\/#\/schema\/person\/714c67050b836198af2450ba1c142a67"},"breadcrumb":{"@id":"https:\/\/www.gaveanews.com\/index.php\/2023\/07\/11\/palmeiras-x-flamengo-ex-apresentador-da-globo-causa-polemica-ao-falar-sobre-morte-de-torcedora\/#breadcrumb"},"inLanguage":"pt-BR","potentialAction":[{"@type":"ReadAction","target":["https:\/\/www.gaveanews.com\/index.php\/2023\/07\/11\/palmeiras-x-flamengo-ex-apresentador-da-globo-causa-polemica-ao-falar-sobre-morte-de-torcedora\/"]}]},{"@type":"ImageObject","inLanguage":"pt-BR","@id":"https:\/\/www.gaveanews.com\/index.php\/2023\/07\/11\/palmeiras-x-flamengo-ex-apresentador-da-globo-causa-polemica-ao-falar-sobre-morte-de-torcedora\/#primaryimage","url":"https:\/\/www.gaveanews.com\/wp-content\/uploads\/tiago-leifert-morte-torcedora-palmeiras-flamengo.webp","contentUrl":"https:\/\/www.gaveanews.com\/wp-content\/uploads\/tiago-leifert-morte-torcedora-palmeiras-flamengo.webp","width":640,"height":400,"caption":"Tiago Leifert (Foto: Reprodu\u00e7\u00e3o)"},{"@type":"BreadcrumbList","@id":"https:\/\/www.gaveanews.com\/index.php\/2023\/07\/11\/palmeiras-x-flamengo-ex-apresentador-da-globo-causa-polemica-ao-falar-sobre-morte-de-torcedora\/#breadcrumb","itemListElement":[{"@type":"ListItem","position":1,"name":"Home","item":"https:\/\/www.gaveanews.com\/"},{"@type":"ListItem","position":2,"name":"Palmeiras x Flamengo: ex-apresentador da Globo causa pol\u00eamica ao falar sobre morte de torcedora"}]},{"@type":"WebSite","@id":"https:\/\/www.gaveanews.com\/#website","url":"https:\/\/www.gaveanews.com\/","name":"G\u00e1vea News","description":"Veja todas as not\u00edcias sobre o Flamengo: Contrata\u00e7\u00f5es, categorias de base, resultados das partidas, tabela de classifica\u00e7\u00e3o, pr\u00f3ximos jogos!","potentialAction":[{"@type":"SearchAction","target":{"@type":"EntryPoint","urlTemplate":"https:\/\/www.gaveanews.com\/?s={search_term_string}"},"query-input":{"@type":"PropertyValueSpecification","valueRequired":true,"valueName":"search_term_string"}}],"inLanguage":"pt-BR"},{"@type":"Person","@id":"https:\/\/www.gaveanews.com\/#\/schema\/person\/714c67050b836198af2450ba1c142a67","name":"Let\u00edcia Gerheim","image":{"@type":"ImageObject","inLanguage":"pt-BR","@id":"https:\/\/www.gaveanews.com\/#\/schema\/person\/image\/","url":"https:\/\/secure.gravatar.com\/avatar\/60734739c50fcebfbac509e2a826ccd0ff405c019bc73aab9354f19ecad1dcb4?s=96&d=mm&r=g","contentUrl":"https:\/\/secure.gravatar.com\/avatar\/60734739c50fcebfbac509e2a826ccd0ff405c019bc73aab9354f19ecad1dcb4?s=96&d=mm&r=g","caption":"Let\u00edcia Gerheim"}}]}},"_links":{"self":[{"href":"https:\/\/www.gaveanews.com\/index.php\/wp-json\/wp\/v2\/posts\/102416","targetHints":{"allow":["GET"]}}],"collection":[{"href":"https:\/\/www.gaveanews.com\/index.php\/wp-json\/wp\/v2\/posts"}],"about":[{"href":"https:\/\/www.gaveanews.com\/index.php\/wp-json\/wp\/v2\/types\/post"}],"author":[{"embeddable":true,"href":"https:\/\/www.gaveanews.com\/index.php\/wp-json\/wp\/v2\/users\/4"}],"replies":[{"embeddable":true,"href":"https:\/\/www.gaveanews.com\/index.php\/wp-json\/wp\/v2\/comments?post=102416"}],"version-history":[{"count":0,"href":"https:\/\/www.gaveanews.com\/index.php\/wp-json\/wp\/v2\/posts\/102416\/revisions"}],"wp:featuredmedia":[{"embeddable":true,"href":"https:\/\/www.gaveanews.com\/index.php\/wp-json\/wp\/v2\/media\/102417"}],"wp:attachment":[{"href":"https:\/\/www.gaveanews.com\/index.php\/wp-json\/wp\/v2\/media?parent=102416"}],"wp:term":[{"taxonomy":"category","embeddable":true,"href":"https:\/\/www.gaveanews.com\/index.php\/wp-json\/wp\/v2\/categories?post=102416"},{"taxonomy":"post_tag","embeddable":true,"href":"https:\/\/www.gaveanews.com\/index.php\/wp-json\/wp\/v2\/tags?post=102416"}],"curies":[{"name":"wp","href":"https:\/\/api.w.org\/{rel}","templated":true}]}}