{"id":102420,"date":"2023-07-11T11:21:27","date_gmt":"2023-07-11T14:21:27","guid":{"rendered":"https:\/\/www.gaveanews.com\/?p=102420"},"modified":"2023-07-11T11:21:29","modified_gmt":"2023-07-11T14:21:29","slug":"flamengo-inicia-reformulacao-e-antecipa-saidas-nesta-janela","status":"publish","type":"post","link":"https:\/\/www.gaveanews.com\/index.php\/2023\/07\/11\/flamengo-inicia-reformulacao-e-antecipa-saidas-nesta-janela\/","title":{"rendered":"Flamengo inicia reformula\u00e7\u00e3o e antecipa sa\u00eddas nesta janela"},"content":{"rendered":"\n<p>Como j\u00e1 previsto, o Flamengo movimenta o mercado da bola com chegadas e sa\u00eddas. No mesmo dia que apresentou oficialmente o volante Allan, ex-Atl\u00e9tico, o clube carioca encaminhou a rescis\u00e3o de contrato de outro jogador do meio-campo. O cen\u00e1rio de julho, de fato, dever\u00e1 ser este.<\/p>\n\n\n\n<p>Arturo Vidal est\u00e1 a caminho do Athletico. Fora dos planos de Jorge Sampaoli, o chileno disse \u2018sim\u2019 para uma oferta do Furac\u00e3o e decidiu antecipar sua sa\u00edda do rubro-negro. O contrato do chileno j\u00e1 n\u00e3o seria renovado e, assim, o clube carioca viu com bons olhos a decis\u00e3o, at\u00e9 mesmo pela economia com sal\u00e1rios at\u00e9 dezembro.<\/p>\n\n\n\n<p>Recentemente, o pr\u00f3prio Vidal j\u00e1 havia anunciado que deixaria o Flamengo. \u201cTenho contrato at\u00e9 dezembro, n\u00e3o continuarei no Brasil. Me encantaria voltar (ao Colo Colo), mas tenho que ver o momento. Quero desfrutar do que me resta de contrato, ganhar os tr\u00eas campeonatos que me restam e depois veremos\u201d, afirmou no m\u00eas passado.<\/p>\n\n\n\n<p>A reformula\u00e7\u00e3o do Flamengo j\u00e1 se iniciou h\u00e1 algumas semanas. O primeiro a deixar o Ninho do Urubu foi Marinho. O atacante n\u00e3o estava nos planos para 2024 e as partes aceitaram a rescis\u00e3o. Para o seu lugar, o setor j\u00e1 havia sido preenchido por Luiz Ara\u00fajo.<\/p>\n\n\n\n<p>No gol, Hugo Souza se tornou refor\u00e7o do Chaves, de Portugal. Ele foi emprestado por um ano, com op\u00e7\u00e3o de compra ao fim do v\u00ednculo. H\u00e1 incluso uma op\u00e7\u00e3o de compra ao fim do v\u00ednculo: 50% dos direitos econ\u00f4micos fixados em 1,2 milh\u00e3o de euros (cerca de R$ 6,2 milh\u00f5es).<\/p>\n\n\n\n<p>Retirado de: Torcedores <\/p>\n","protected":false},"excerpt":{"rendered":"<p>Como j\u00e1 previsto, o Flamengo movimenta o mercado da bola com chegadas e sa\u00eddas. No mesmo dia que apresentou oficialmente o volante Allan, ex-Atl\u00e9tico, o clube carioca encaminhou a rescis\u00e3o de contrato de outro jogador do meio-campo. O cen\u00e1rio de julho, de fato, dever\u00e1 ser este. Arturo Vidal est\u00e1 a caminho do Athletico. Fora dos [&hellip;]<\/p>\n","protected":false},"author":1,"featured_media":35972,"comment_status":"open","ping_status":"closed","sticky":false,"template":"","format":"standard","meta":{"footnotes":""},"categories":[1],"tags":[],"class_list":["post-102420","post","type-post","status-publish","format-standard","has-post-thumbnail","hentry","category-flamengo"],"yoast_head":"<!-- This site is optimized with the Yoast SEO Premium plugin v24.2 (Yoast SEO v26.9) - https:\/\/yoast.com\/product\/yoast-seo-premium-wordpress\/ -->\n<title>Flamengo inicia reformula\u00e7\u00e3o e antecipa sa\u00eddas nesta janela<\/title>\n<meta name=\"robots\" content=\"index, follow, max-snippet:-1, max-image-preview:large, max-video-preview:-1\" \/>\n<link rel=\"canonical\" href=\"https:\/\/www.gaveanews.com\/index.php\/2023\/07\/11\/flamengo-inicia-reformulacao-e-antecipa-saidas-nesta-janela\/\" \/>\n<meta property=\"og:locale\" content=\"pt_BR\" \/>\n<meta property=\"og:type\" content=\"article\" \/>\n<meta property=\"og:title\" content=\"Flamengo inicia reformula\u00e7\u00e3o e antecipa sa\u00eddas nesta janela\" \/>\n<meta property=\"og:description\" content=\"Como j\u00e1 previsto, o Flamengo movimenta o mercado da bola com chegadas e sa\u00eddas. No mesmo dia que apresentou oficialmente o volante Allan, ex-Atl\u00e9tico, o clube carioca encaminhou a rescis\u00e3o de contrato de outro jogador do meio-campo. O cen\u00e1rio de julho, de fato, dever\u00e1 ser este. Arturo Vidal est\u00e1 a caminho do Athletico. Fora dos [&hellip;]\" \/>\n<meta property=\"og:url\" content=\"https:\/\/www.gaveanews.com\/index.php\/2023\/07\/11\/flamengo-inicia-reformulacao-e-antecipa-saidas-nesta-janela\/\" \/>\n<meta property=\"og:site_name\" content=\"G\u00e1vea News\" \/>\n<meta property=\"article:publisher\" content=\"https:\/\/facebook.com\/gaveaNews\/\" \/>\n<meta property=\"article:published_time\" content=\"2023-07-11T14:21:27+00:00\" \/>\n<meta property=\"article:modified_time\" content=\"2023-07-11T14:21:29+00:00\" \/>\n<meta property=\"og:image\" content=\"https:\/\/www.gaveanews.com\/wp-content\/uploads\/Marcos-Braz-e-Bruno-Spindel-durante-coletiva-no-Ninho-do-Urubu-1024x544.webp\" \/>\n\t<meta property=\"og:image:width\" content=\"1024\" \/>\n\t<meta property=\"og:image:height\" content=\"544\" \/>\n\t<meta property=\"og:image:type\" content=\"image\/png\" \/>\n<meta name=\"author\" content=\"Equipe G\u00e1vea News\" \/>\n<meta name=\"twitter:card\" content=\"summary_large_image\" \/>\n<meta name=\"twitter:label1\" content=\"Escrito por\" \/>\n\t<meta name=\"twitter:data1\" content=\"Equipe G\u00e1vea News\" \/>\n\t<meta name=\"twitter:label2\" content=\"Est. tempo de leitura\" \/>\n\t<meta name=\"twitter:data2\" content=\"2 minutos\" \/>\n<script type=\"application\/ld+json\" class=\"yoast-schema-graph\">{\"@context\":\"https:\/\/schema.org\",\"@graph\":[{\"@type\":\"NewsArticle\",\"@id\":\"https:\/\/www.gaveanews.com\/index.php\/2023\/07\/11\/flamengo-inicia-reformulacao-e-antecipa-saidas-nesta-janela\/#article\",\"isPartOf\":{\"@id\":\"https:\/\/www.gaveanews.com\/index.php\/2023\/07\/11\/flamengo-inicia-reformulacao-e-antecipa-saidas-nesta-janela\/\"},\"author\":{\"name\":\"Equipe G\u00e1vea News\",\"@id\":\"https:\/\/www.gaveanews.com\/#\/schema\/person\/2ec14f73fb96be2caf28f91afb14749d\"},\"headline\":\"Flamengo inicia reformula\u00e7\u00e3o e antecipa sa\u00eddas nesta janela\",\"datePublished\":\"2023-07-11T14:21:27+00:00\",\"dateModified\":\"2023-07-11T14:21:29+00:00\",\"mainEntityOfPage\":{\"@id\":\"https:\/\/www.gaveanews.com\/index.php\/2023\/07\/11\/flamengo-inicia-reformulacao-e-antecipa-saidas-nesta-janela\/\"},\"wordCount\":286,\"commentCount\":0,\"image\":{\"@id\":\"https:\/\/www.gaveanews.com\/index.php\/2023\/07\/11\/flamengo-inicia-reformulacao-e-antecipa-saidas-nesta-janela\/#primaryimage\"},\"thumbnailUrl\":\"https:\/\/www.gaveanews.com\/wp-content\/uploads\/Marcos-Braz-e-Bruno-Spindel-durante-coletiva-no-Ninho-do-Urubu.webp\",\"articleSection\":[\"Flamengo\"],\"inLanguage\":\"pt-BR\",\"potentialAction\":[{\"@type\":\"CommentAction\",\"name\":\"Comment\",\"target\":[\"https:\/\/www.gaveanews.com\/index.php\/2023\/07\/11\/flamengo-inicia-reformulacao-e-antecipa-saidas-nesta-janela\/#respond\"]}],\"copyrightYear\":\"2023\",\"copyrightHolder\":{\"@id\":\"https:\/\/www.gaveanews.com\/#organization\"}},{\"@type\":\"WebPage\",\"@id\":\"https:\/\/www.gaveanews.com\/index.php\/2023\/07\/11\/flamengo-inicia-reformulacao-e-antecipa-saidas-nesta-janela\/\",\"url\":\"https:\/\/www.gaveanews.com\/index.php\/2023\/07\/11\/flamengo-inicia-reformulacao-e-antecipa-saidas-nesta-janela\/\",\"name\":\"Flamengo inicia reformula\u00e7\u00e3o e antecipa sa\u00eddas nesta janela\",\"isPartOf\":{\"@id\":\"https:\/\/www.gaveanews.com\/#website\"},\"primaryImageOfPage\":{\"@id\":\"https:\/\/www.gaveanews.com\/index.php\/2023\/07\/11\/flamengo-inicia-reformulacao-e-antecipa-saidas-nesta-janela\/#primaryimage\"},\"image\":{\"@id\":\"https:\/\/www.gaveanews.com\/index.php\/2023\/07\/11\/flamengo-inicia-reformulacao-e-antecipa-saidas-nesta-janela\/#primaryimage\"},\"thumbnailUrl\":\"https:\/\/www.gaveanews.com\/wp-content\/uploads\/Marcos-Braz-e-Bruno-Spindel-durante-coletiva-no-Ninho-do-Urubu.webp\",\"datePublished\":\"2023-07-11T14:21:27+00:00\",\"dateModified\":\"2023-07-11T14:21:29+00:00\",\"author\":{\"@id\":\"https:\/\/www.gaveanews.com\/#\/schema\/person\/2ec14f73fb96be2caf28f91afb14749d\"},\"breadcrumb\":{\"@id\":\"https:\/\/www.gaveanews.com\/index.php\/2023\/07\/11\/flamengo-inicia-reformulacao-e-antecipa-saidas-nesta-janela\/#breadcrumb\"},\"inLanguage\":\"pt-BR\",\"potentialAction\":[{\"@type\":\"ReadAction\",\"target\":[\"https:\/\/www.gaveanews.com\/index.php\/2023\/07\/11\/flamengo-inicia-reformulacao-e-antecipa-saidas-nesta-janela\/\"]}]},{\"@type\":\"ImageObject\",\"inLanguage\":\"pt-BR\",\"@id\":\"https:\/\/www.gaveanews.com\/index.php\/2023\/07\/11\/flamengo-inicia-reformulacao-e-antecipa-saidas-nesta-janela\/#primaryimage\",\"url\":\"https:\/\/www.gaveanews.com\/wp-content\/uploads\/Marcos-Braz-e-Bruno-Spindel-durante-coletiva-no-Ninho-do-Urubu.webp\",\"contentUrl\":\"https:\/\/www.gaveanews.com\/wp-content\/uploads\/Marcos-Braz-e-Bruno-Spindel-durante-coletiva-no-Ninho-do-Urubu.webp\",\"width\":1920,\"height\":1020},{\"@type\":\"BreadcrumbList\",\"@id\":\"https:\/\/www.gaveanews.com\/index.php\/2023\/07\/11\/flamengo-inicia-reformulacao-e-antecipa-saidas-nesta-janela\/#breadcrumb\",\"itemListElement\":[{\"@type\":\"ListItem\",\"position\":1,\"name\":\"Home\",\"item\":\"https:\/\/www.gaveanews.com\/\"},{\"@type\":\"ListItem\",\"position\":2,\"name\":\"Flamengo inicia reformula\u00e7\u00e3o e antecipa sa\u00eddas nesta janela\"}]},{\"@type\":\"WebSite\",\"@id\":\"https:\/\/www.gaveanews.com\/#website\",\"url\":\"https:\/\/www.gaveanews.com\/\",\"name\":\"G\u00e1vea News\",\"description\":\"Veja todas as not\u00edcias sobre o Flamengo: Contrata\u00e7\u00f5es, categorias de base, resultados das partidas, tabela de classifica\u00e7\u00e3o, pr\u00f3ximos jogos!\",\"potentialAction\":[{\"@type\":\"SearchAction\",\"target\":{\"@type\":\"EntryPoint\",\"urlTemplate\":\"https:\/\/www.gaveanews.com\/?s={search_term_string}\"},\"query-input\":{\"@type\":\"PropertyValueSpecification\",\"valueRequired\":true,\"valueName\":\"search_term_string\"}}],\"inLanguage\":\"pt-BR\"},{\"@type\":\"Person\",\"@id\":\"https:\/\/www.gaveanews.com\/#\/schema\/person\/2ec14f73fb96be2caf28f91afb14749d\",\"name\":\"Equipe G\u00e1vea News\",\"image\":{\"@type\":\"ImageObject\",\"inLanguage\":\"pt-BR\",\"@id\":\"https:\/\/www.gaveanews.com\/#\/schema\/person\/image\/\",\"url\":\"https:\/\/secure.gravatar.com\/avatar\/1e1956f1facbffd3f8fa53a326721950116b3b9dc9bd44939c01180fd4a745a9?s=96&d=mm&r=g\",\"contentUrl\":\"https:\/\/secure.gravatar.com\/avatar\/1e1956f1facbffd3f8fa53a326721950116b3b9dc9bd44939c01180fd4a745a9?s=96&d=mm&r=g\",\"caption\":\"Equipe G\u00e1vea News\"}}]}<\/script>\n<!-- \/ Yoast SEO Premium plugin. -->","yoast_head_json":{"title":"Flamengo inicia reformula\u00e7\u00e3o e antecipa sa\u00eddas nesta janela","robots":{"index":"index","follow":"follow","max-snippet":"max-snippet:-1","max-image-preview":"max-image-preview:large","max-video-preview":"max-video-preview:-1"},"canonical":"https:\/\/www.gaveanews.com\/index.php\/2023\/07\/11\/flamengo-inicia-reformulacao-e-antecipa-saidas-nesta-janela\/","og_locale":"pt_BR","og_type":"article","og_title":"Flamengo inicia reformula\u00e7\u00e3o e antecipa sa\u00eddas nesta janela","og_description":"Como j\u00e1 previsto, o Flamengo movimenta o mercado da bola com chegadas e sa\u00eddas. No mesmo dia que apresentou oficialmente o volante Allan, ex-Atl\u00e9tico, o clube carioca encaminhou a rescis\u00e3o de contrato de outro jogador do meio-campo. O cen\u00e1rio de julho, de fato, dever\u00e1 ser este. Arturo Vidal est\u00e1 a caminho do Athletico. Fora dos [&hellip;]","og_url":"https:\/\/www.gaveanews.com\/index.php\/2023\/07\/11\/flamengo-inicia-reformulacao-e-antecipa-saidas-nesta-janela\/","og_site_name":"G\u00e1vea News","article_publisher":"https:\/\/facebook.com\/gaveaNews\/","article_published_time":"2023-07-11T14:21:27+00:00","article_modified_time":"2023-07-11T14:21:29+00:00","og_image":[{"width":1024,"height":544,"url":"https:\/\/www.gaveanews.com\/wp-content\/uploads\/Marcos-Braz-e-Bruno-Spindel-durante-coletiva-no-Ninho-do-Urubu-1024x544.webp","type":"image\/png"}],"author":"Equipe G\u00e1vea News","twitter_card":"summary_large_image","twitter_misc":{"Escrito por":"Equipe G\u00e1vea News","Est. tempo de leitura":"2 minutos"},"schema":{"@context":"https:\/\/schema.org","@graph":[{"@type":"NewsArticle","@id":"https:\/\/www.gaveanews.com\/index.php\/2023\/07\/11\/flamengo-inicia-reformulacao-e-antecipa-saidas-nesta-janela\/#article","isPartOf":{"@id":"https:\/\/www.gaveanews.com\/index.php\/2023\/07\/11\/flamengo-inicia-reformulacao-e-antecipa-saidas-nesta-janela\/"},"author":{"name":"Equipe G\u00e1vea News","@id":"https:\/\/www.gaveanews.com\/#\/schema\/person\/2ec14f73fb96be2caf28f91afb14749d"},"headline":"Flamengo inicia reformula\u00e7\u00e3o e antecipa sa\u00eddas nesta janela","datePublished":"2023-07-11T14:21:27+00:00","dateModified":"2023-07-11T14:21:29+00:00","mainEntityOfPage":{"@id":"https:\/\/www.gaveanews.com\/index.php\/2023\/07\/11\/flamengo-inicia-reformulacao-e-antecipa-saidas-nesta-janela\/"},"wordCount":286,"commentCount":0,"image":{"@id":"https:\/\/www.gaveanews.com\/index.php\/2023\/07\/11\/flamengo-inicia-reformulacao-e-antecipa-saidas-nesta-janela\/#primaryimage"},"thumbnailUrl":"https:\/\/www.gaveanews.com\/wp-content\/uploads\/Marcos-Braz-e-Bruno-Spindel-durante-coletiva-no-Ninho-do-Urubu.webp","articleSection":["Flamengo"],"inLanguage":"pt-BR","potentialAction":[{"@type":"CommentAction","name":"Comment","target":["https:\/\/www.gaveanews.com\/index.php\/2023\/07\/11\/flamengo-inicia-reformulacao-e-antecipa-saidas-nesta-janela\/#respond"]}],"copyrightYear":"2023","copyrightHolder":{"@id":"https:\/\/www.gaveanews.com\/#organization"}},{"@type":"WebPage","@id":"https:\/\/www.gaveanews.com\/index.php\/2023\/07\/11\/flamengo-inicia-reformulacao-e-antecipa-saidas-nesta-janela\/","url":"https:\/\/www.gaveanews.com\/index.php\/2023\/07\/11\/flamengo-inicia-reformulacao-e-antecipa-saidas-nesta-janela\/","name":"Flamengo inicia reformula\u00e7\u00e3o e antecipa sa\u00eddas nesta janela","isPartOf":{"@id":"https:\/\/www.gaveanews.com\/#website"},"primaryImageOfPage":{"@id":"https:\/\/www.gaveanews.com\/index.php\/2023\/07\/11\/flamengo-inicia-reformulacao-e-antecipa-saidas-nesta-janela\/#primaryimage"},"image":{"@id":"https:\/\/www.gaveanews.com\/index.php\/2023\/07\/11\/flamengo-inicia-reformulacao-e-antecipa-saidas-nesta-janela\/#primaryimage"},"thumbnailUrl":"https:\/\/www.gaveanews.com\/wp-content\/uploads\/Marcos-Braz-e-Bruno-Spindel-durante-coletiva-no-Ninho-do-Urubu.webp","datePublished":"2023-07-11T14:21:27+00:00","dateModified":"2023-07-11T14:21:29+00:00","author":{"@id":"https:\/\/www.gaveanews.com\/#\/schema\/person\/2ec14f73fb96be2caf28f91afb14749d"},"breadcrumb":{"@id":"https:\/\/www.gaveanews.com\/index.php\/2023\/07\/11\/flamengo-inicia-reformulacao-e-antecipa-saidas-nesta-janela\/#breadcrumb"},"inLanguage":"pt-BR","potentialAction":[{"@type":"ReadAction","target":["https:\/\/www.gaveanews.com\/index.php\/2023\/07\/11\/flamengo-inicia-reformulacao-e-antecipa-saidas-nesta-janela\/"]}]},{"@type":"ImageObject","inLanguage":"pt-BR","@id":"https:\/\/www.gaveanews.com\/index.php\/2023\/07\/11\/flamengo-inicia-reformulacao-e-antecipa-saidas-nesta-janela\/#primaryimage","url":"https:\/\/www.gaveanews.com\/wp-content\/uploads\/Marcos-Braz-e-Bruno-Spindel-durante-coletiva-no-Ninho-do-Urubu.webp","contentUrl":"https:\/\/www.gaveanews.com\/wp-content\/uploads\/Marcos-Braz-e-Bruno-Spindel-durante-coletiva-no-Ninho-do-Urubu.webp","width":1920,"height":1020},{"@type":"BreadcrumbList","@id":"https:\/\/www.gaveanews.com\/index.php\/2023\/07\/11\/flamengo-inicia-reformulacao-e-antecipa-saidas-nesta-janela\/#breadcrumb","itemListElement":[{"@type":"ListItem","position":1,"name":"Home","item":"https:\/\/www.gaveanews.com\/"},{"@type":"ListItem","position":2,"name":"Flamengo inicia reformula\u00e7\u00e3o e antecipa sa\u00eddas nesta janela"}]},{"@type":"WebSite","@id":"https:\/\/www.gaveanews.com\/#website","url":"https:\/\/www.gaveanews.com\/","name":"G\u00e1vea News","description":"Veja todas as not\u00edcias sobre o Flamengo: Contrata\u00e7\u00f5es, categorias de base, resultados das partidas, tabela de classifica\u00e7\u00e3o, pr\u00f3ximos jogos!","potentialAction":[{"@type":"SearchAction","target":{"@type":"EntryPoint","urlTemplate":"https:\/\/www.gaveanews.com\/?s={search_term_string}"},"query-input":{"@type":"PropertyValueSpecification","valueRequired":true,"valueName":"search_term_string"}}],"inLanguage":"pt-BR"},{"@type":"Person","@id":"https:\/\/www.gaveanews.com\/#\/schema\/person\/2ec14f73fb96be2caf28f91afb14749d","name":"Equipe G\u00e1vea News","image":{"@type":"ImageObject","inLanguage":"pt-BR","@id":"https:\/\/www.gaveanews.com\/#\/schema\/person\/image\/","url":"https:\/\/secure.gravatar.com\/avatar\/1e1956f1facbffd3f8fa53a326721950116b3b9dc9bd44939c01180fd4a745a9?s=96&d=mm&r=g","contentUrl":"https:\/\/secure.gravatar.com\/avatar\/1e1956f1facbffd3f8fa53a326721950116b3b9dc9bd44939c01180fd4a745a9?s=96&d=mm&r=g","caption":"Equipe G\u00e1vea News"}}]}},"_links":{"self":[{"href":"https:\/\/www.gaveanews.com\/index.php\/wp-json\/wp\/v2\/posts\/102420","targetHints":{"allow":["GET"]}}],"collection":[{"href":"https:\/\/www.gaveanews.com\/index.php\/wp-json\/wp\/v2\/posts"}],"about":[{"href":"https:\/\/www.gaveanews.com\/index.php\/wp-json\/wp\/v2\/types\/post"}],"author":[{"embeddable":true,"href":"https:\/\/www.gaveanews.com\/index.php\/wp-json\/wp\/v2\/users\/1"}],"replies":[{"embeddable":true,"href":"https:\/\/www.gaveanews.com\/index.php\/wp-json\/wp\/v2\/comments?post=102420"}],"version-history":[{"count":0,"href":"https:\/\/www.gaveanews.com\/index.php\/wp-json\/wp\/v2\/posts\/102420\/revisions"}],"wp:featuredmedia":[{"embeddable":true,"href":"https:\/\/www.gaveanews.com\/index.php\/wp-json\/wp\/v2\/media\/35972"}],"wp:attachment":[{"href":"https:\/\/www.gaveanews.com\/index.php\/wp-json\/wp\/v2\/media?parent=102420"}],"wp:term":[{"taxonomy":"category","embeddable":true,"href":"https:\/\/www.gaveanews.com\/index.php\/wp-json\/wp\/v2\/categories?post=102420"},{"taxonomy":"post_tag","embeddable":true,"href":"https:\/\/www.gaveanews.com\/index.php\/wp-json\/wp\/v2\/tags?post=102420"}],"curies":[{"name":"wp","href":"https:\/\/api.w.org\/{rel}","templated":true}]}}