{"id":102444,"date":"2023-07-11T18:41:21","date_gmt":"2023-07-11T21:41:21","guid":{"rendered":"https:\/\/www.gaveanews.com\/?p=102444"},"modified":"2023-07-11T18:41:24","modified_gmt":"2023-07-11T21:41:24","slug":"athletico-x-flamengo-veja-a-lista-de-relacionados-para-o-proximo-jogo-da-copa-do-brasil","status":"publish","type":"post","link":"https:\/\/www.gaveanews.com\/index.php\/2023\/07\/11\/athletico-x-flamengo-veja-a-lista-de-relacionados-para-o-proximo-jogo-da-copa-do-brasil\/","title":{"rendered":"Athletico x Flamengo: veja a lista de relacionados para o pr\u00f3ximo jogo da Copa do Brasil"},"content":{"rendered":"\n<p>Com Gabigol, L\u00e9o Pereira, recuperados de les\u00e3o, e Allan, \u00faltimo refor\u00e7o anunciado da equipe, o Flamengo embarcou para Curitiba na noite desta ter\u00e7a-feira. A delega\u00e7\u00e3o chegou ao Aeroporto Gale\u00e3o por volta das 17h. O v\u00f4o estava previsto para 18h55, com a chegada no hotel em Curitiba perto das 21h. A decis\u00e3o acontece nesta quarta-feira, \u00e0s 21h30 (de Bras\u00edlia), pelo jogo de volta das oitavas de final da Copa do Brasil.<\/p>\n\n\n\n<p>Bruno Henrique \u00e9 a principal baixa do elenco. O atacante sofreu um estiramento ligamentar no tornozelo e no joelho esquerdos no empate em 1 a 1 diante do Palmeiras, em S\u00e3o Paulo, pelo Campeonato Brasileiro.<\/p>\n\n\n\n<p>Vidal \u00e9 outro que n\u00e3o viajou. O volante chileno, de 36 anos, acertou com o pr\u00f3prio Athletico-PR nesta segunda-feira e n\u00e3o faz mais parte do elenco carioca.<\/p>\n\n\n\n<h2 class=\"wp-block-heading\" id=\"h-relacionados\">Relacionados:<\/h2>\n\n\n\n<ul class=\"wp-block-list\">\n<li>Goleiros: Matheus Cunha, Rossi e Santos<\/li>\n\n\n\n<li>Zagueiros: David Luiz, Fabr\u00edcio Bruno, L\u00e9o Pereira, Pablo e Rodrigo Caio<\/li>\n\n\n\n<li>Laterais: Ayrton Lucas, Filipe Lu\u00eds, Varela e Wesley<\/li>\n\n\n\n<li>Meio-campistas: Allan, Gerson, Pulgar, Victor Hugo, Matheus Fran\u00e7a, Arrascaeta e Everton Ribeiro<\/li>\n\n\n\n<li>Atacantes: Gabigol, Pedro, Luiz Ara\u00fajo e Everton Cebolinha<\/li>\n<\/ul>\n\n\n\n<h2 class=\"wp-block-heading\">Presen\u00e7a de Allan e possibilidade de estreia<\/h2>\n\n\n\n<p>O novo refor\u00e7o do meio campo rubro-negro viajou com a delega\u00e7\u00e3o, est\u00e1 relacionado pela primeira vez e pode estrear pela equipe. Vale lembrar que o atleta est\u00e1 desde mar\u00e7o sem atuar, devido \u00e0 uma grave les\u00e3o na coluna em decorr\u00eancia de estresse. Por isso, tudo indica que o jogador de 26 anos comece como op\u00e7\u00e3o no banco.<\/p>\n\n\n\n<p>\u00c9 a quinta vez consecutiva que Athletico e\u00a0Flamengo\u00a0sem enfrentam na Copa do Brasil, a segunda nesta fase, com duas classifica\u00e7\u00f5es para cada lado. Em 2019 e 2022, as equipes se encontraram nas quartas. Em 2020, o confronto foi v\u00e1lido pelas oitavas e no ano seguinte marcou as semifinais. O Athletico avan\u00e7ou duas vezes (2019 e 2021), e o\u00a0Flamengo\u00a0passou em outras duas (2020 e 2022).<\/p>\n\n\n\n<p>Ap\u00f3s vit\u00f3ria no Maracan\u00e3 por 2 a 1, o Rubro-Negro poder\u00e1 at\u00e9 empatar na Arena da Baixada, que ainda assim se classifica para as semifinais e continua sua campanha em defesa do t\u00edtulo conquistado no ano passado e em busca do pentacampeonato na competi\u00e7\u00e3o.<\/p>\n\n\n\n<p>Retirado de: Globo Esporte<\/p>\n","protected":false},"excerpt":{"rendered":"<p>Com Gabigol, L\u00e9o Pereira, recuperados de les\u00e3o, e Allan, \u00faltimo refor\u00e7o anunciado da equipe, o Flamengo embarcou para Curitiba na noite desta ter\u00e7a-feira. A delega\u00e7\u00e3o chegou ao Aeroporto Gale\u00e3o por volta das 17h. O v\u00f4o estava previsto para 18h55, com a chegada no hotel em Curitiba perto das 21h. A decis\u00e3o acontece nesta quarta-feira, \u00e0s [&hellip;]<\/p>\n","protected":false},"author":1,"featured_media":102344,"comment_status":"open","ping_status":"closed","sticky":false,"template":"","format":"standard","meta":{"footnotes":""},"categories":[1],"tags":[],"class_list":["post-102444","post","type-post","status-publish","format-standard","has-post-thumbnail","hentry","category-flamengo"],"yoast_head":"<!-- This site is optimized with the Yoast SEO Premium plugin v24.2 (Yoast SEO v26.9) - https:\/\/yoast.com\/product\/yoast-seo-premium-wordpress\/ -->\n<title>Athletico x Flamengo: veja a lista de relacionados para o pr\u00f3ximo jogo da Copa do Brasil<\/title>\n<meta name=\"robots\" content=\"index, follow, max-snippet:-1, max-image-preview:large, max-video-preview:-1\" \/>\n<link rel=\"canonical\" href=\"https:\/\/www.gaveanews.com\/index.php\/2023\/07\/11\/athletico-x-flamengo-veja-a-lista-de-relacionados-para-o-proximo-jogo-da-copa-do-brasil\/\" \/>\n<meta property=\"og:locale\" content=\"pt_BR\" \/>\n<meta property=\"og:type\" content=\"article\" \/>\n<meta property=\"og:title\" content=\"Athletico x Flamengo: veja a lista de relacionados para o pr\u00f3ximo jogo da Copa do Brasil\" \/>\n<meta property=\"og:description\" content=\"Com Gabigol, L\u00e9o Pereira, recuperados de les\u00e3o, e Allan, \u00faltimo refor\u00e7o anunciado da equipe, o Flamengo embarcou para Curitiba na noite desta ter\u00e7a-feira. A delega\u00e7\u00e3o chegou ao Aeroporto Gale\u00e3o por volta das 17h. O v\u00f4o estava previsto para 18h55, com a chegada no hotel em Curitiba perto das 21h. A decis\u00e3o acontece nesta quarta-feira, \u00e0s [&hellip;]\" \/>\n<meta property=\"og:url\" content=\"https:\/\/www.gaveanews.com\/index.php\/2023\/07\/11\/athletico-x-flamengo-veja-a-lista-de-relacionados-para-o-proximo-jogo-da-copa-do-brasil\/\" \/>\n<meta property=\"og:site_name\" content=\"G\u00e1vea News\" \/>\n<meta property=\"article:publisher\" content=\"https:\/\/facebook.com\/gaveaNews\/\" \/>\n<meta property=\"article:published_time\" content=\"2023-07-11T21:41:21+00:00\" \/>\n<meta property=\"article:modified_time\" content=\"2023-07-11T21:41:24+00:00\" \/>\n<meta property=\"og:image\" content=\"https:\/\/www.gaveanews.com\/wp-content\/uploads\/gabigol-sampaoli-treino-flamengo-scaled.webp\" \/>\n\t<meta property=\"og:image:width\" content=\"2560\" \/>\n\t<meta property=\"og:image:height\" content=\"1706\" \/>\n\t<meta property=\"og:image:type\" content=\"image\/jpeg\" \/>\n<meta name=\"author\" content=\"Equipe G\u00e1vea News\" \/>\n<meta name=\"twitter:card\" content=\"summary_large_image\" \/>\n<meta name=\"twitter:label1\" content=\"Escrito por\" \/>\n\t<meta name=\"twitter:data1\" content=\"Equipe G\u00e1vea News\" \/>\n\t<meta name=\"twitter:label2\" content=\"Est. tempo de leitura\" \/>\n\t<meta name=\"twitter:data2\" content=\"2 minutos\" \/>\n<script type=\"application\/ld+json\" class=\"yoast-schema-graph\">{\"@context\":\"https:\/\/schema.org\",\"@graph\":[{\"@type\":\"NewsArticle\",\"@id\":\"https:\/\/www.gaveanews.com\/index.php\/2023\/07\/11\/athletico-x-flamengo-veja-a-lista-de-relacionados-para-o-proximo-jogo-da-copa-do-brasil\/#article\",\"isPartOf\":{\"@id\":\"https:\/\/www.gaveanews.com\/index.php\/2023\/07\/11\/athletico-x-flamengo-veja-a-lista-de-relacionados-para-o-proximo-jogo-da-copa-do-brasil\/\"},\"author\":{\"name\":\"Equipe G\u00e1vea News\",\"@id\":\"https:\/\/www.gaveanews.com\/#\/schema\/person\/2ec14f73fb96be2caf28f91afb14749d\"},\"headline\":\"Athletico x Flamengo: veja a lista de relacionados para o pr\u00f3ximo jogo da Copa do Brasil\",\"datePublished\":\"2023-07-11T21:41:21+00:00\",\"dateModified\":\"2023-07-11T21:41:24+00:00\",\"mainEntityOfPage\":{\"@id\":\"https:\/\/www.gaveanews.com\/index.php\/2023\/07\/11\/athletico-x-flamengo-veja-a-lista-de-relacionados-para-o-proximo-jogo-da-copa-do-brasil\/\"},\"wordCount\":390,\"commentCount\":0,\"image\":{\"@id\":\"https:\/\/www.gaveanews.com\/index.php\/2023\/07\/11\/athletico-x-flamengo-veja-a-lista-de-relacionados-para-o-proximo-jogo-da-copa-do-brasil\/#primaryimage\"},\"thumbnailUrl\":\"https:\/\/www.gaveanews.com\/wp-content\/uploads\/gabigol-sampaoli-treino-flamengo-scaled.webp\",\"articleSection\":[\"Flamengo\"],\"inLanguage\":\"pt-BR\",\"potentialAction\":[{\"@type\":\"CommentAction\",\"name\":\"Comment\",\"target\":[\"https:\/\/www.gaveanews.com\/index.php\/2023\/07\/11\/athletico-x-flamengo-veja-a-lista-de-relacionados-para-o-proximo-jogo-da-copa-do-brasil\/#respond\"]}],\"copyrightYear\":\"2023\",\"copyrightHolder\":{\"@id\":\"https:\/\/www.gaveanews.com\/#organization\"}},{\"@type\":\"WebPage\",\"@id\":\"https:\/\/www.gaveanews.com\/index.php\/2023\/07\/11\/athletico-x-flamengo-veja-a-lista-de-relacionados-para-o-proximo-jogo-da-copa-do-brasil\/\",\"url\":\"https:\/\/www.gaveanews.com\/index.php\/2023\/07\/11\/athletico-x-flamengo-veja-a-lista-de-relacionados-para-o-proximo-jogo-da-copa-do-brasil\/\",\"name\":\"Athletico x Flamengo: veja a lista de relacionados para o pr\u00f3ximo jogo da Copa do Brasil\",\"isPartOf\":{\"@id\":\"https:\/\/www.gaveanews.com\/#website\"},\"primaryImageOfPage\":{\"@id\":\"https:\/\/www.gaveanews.com\/index.php\/2023\/07\/11\/athletico-x-flamengo-veja-a-lista-de-relacionados-para-o-proximo-jogo-da-copa-do-brasil\/#primaryimage\"},\"image\":{\"@id\":\"https:\/\/www.gaveanews.com\/index.php\/2023\/07\/11\/athletico-x-flamengo-veja-a-lista-de-relacionados-para-o-proximo-jogo-da-copa-do-brasil\/#primaryimage\"},\"thumbnailUrl\":\"https:\/\/www.gaveanews.com\/wp-content\/uploads\/gabigol-sampaoli-treino-flamengo-scaled.webp\",\"datePublished\":\"2023-07-11T21:41:21+00:00\",\"dateModified\":\"2023-07-11T21:41:24+00:00\",\"author\":{\"@id\":\"https:\/\/www.gaveanews.com\/#\/schema\/person\/2ec14f73fb96be2caf28f91afb14749d\"},\"breadcrumb\":{\"@id\":\"https:\/\/www.gaveanews.com\/index.php\/2023\/07\/11\/athletico-x-flamengo-veja-a-lista-de-relacionados-para-o-proximo-jogo-da-copa-do-brasil\/#breadcrumb\"},\"inLanguage\":\"pt-BR\",\"potentialAction\":[{\"@type\":\"ReadAction\",\"target\":[\"https:\/\/www.gaveanews.com\/index.php\/2023\/07\/11\/athletico-x-flamengo-veja-a-lista-de-relacionados-para-o-proximo-jogo-da-copa-do-brasil\/\"]}]},{\"@type\":\"ImageObject\",\"inLanguage\":\"pt-BR\",\"@id\":\"https:\/\/www.gaveanews.com\/index.php\/2023\/07\/11\/athletico-x-flamengo-veja-a-lista-de-relacionados-para-o-proximo-jogo-da-copa-do-brasil\/#primaryimage\",\"url\":\"https:\/\/www.gaveanews.com\/wp-content\/uploads\/gabigol-sampaoli-treino-flamengo-scaled.webp\",\"contentUrl\":\"https:\/\/www.gaveanews.com\/wp-content\/uploads\/gabigol-sampaoli-treino-flamengo-scaled.webp\",\"width\":2560,\"height\":1706,\"caption\":\"Gabigol em treino do Flamengo no Ninho do Urubu (Foto: Gilvan de Souza\/Flamengo)\"},{\"@type\":\"BreadcrumbList\",\"@id\":\"https:\/\/www.gaveanews.com\/index.php\/2023\/07\/11\/athletico-x-flamengo-veja-a-lista-de-relacionados-para-o-proximo-jogo-da-copa-do-brasil\/#breadcrumb\",\"itemListElement\":[{\"@type\":\"ListItem\",\"position\":1,\"name\":\"Home\",\"item\":\"https:\/\/www.gaveanews.com\/\"},{\"@type\":\"ListItem\",\"position\":2,\"name\":\"Athletico x Flamengo: veja a lista de relacionados para o pr\u00f3ximo jogo da Copa do Brasil\"}]},{\"@type\":\"WebSite\",\"@id\":\"https:\/\/www.gaveanews.com\/#website\",\"url\":\"https:\/\/www.gaveanews.com\/\",\"name\":\"G\u00e1vea News\",\"description\":\"Veja todas as not\u00edcias sobre o Flamengo: Contrata\u00e7\u00f5es, categorias de base, resultados das partidas, tabela de classifica\u00e7\u00e3o, pr\u00f3ximos jogos!\",\"potentialAction\":[{\"@type\":\"SearchAction\",\"target\":{\"@type\":\"EntryPoint\",\"urlTemplate\":\"https:\/\/www.gaveanews.com\/?s={search_term_string}\"},\"query-input\":{\"@type\":\"PropertyValueSpecification\",\"valueRequired\":true,\"valueName\":\"search_term_string\"}}],\"inLanguage\":\"pt-BR\"},{\"@type\":\"Person\",\"@id\":\"https:\/\/www.gaveanews.com\/#\/schema\/person\/2ec14f73fb96be2caf28f91afb14749d\",\"name\":\"Equipe G\u00e1vea News\",\"image\":{\"@type\":\"ImageObject\",\"inLanguage\":\"pt-BR\",\"@id\":\"https:\/\/www.gaveanews.com\/#\/schema\/person\/image\/\",\"url\":\"https:\/\/secure.gravatar.com\/avatar\/1e1956f1facbffd3f8fa53a326721950116b3b9dc9bd44939c01180fd4a745a9?s=96&d=mm&r=g\",\"contentUrl\":\"https:\/\/secure.gravatar.com\/avatar\/1e1956f1facbffd3f8fa53a326721950116b3b9dc9bd44939c01180fd4a745a9?s=96&d=mm&r=g\",\"caption\":\"Equipe G\u00e1vea News\"}}]}<\/script>\n<!-- \/ Yoast SEO Premium plugin. -->","yoast_head_json":{"title":"Athletico x Flamengo: veja a lista de relacionados para o pr\u00f3ximo jogo da Copa do Brasil","robots":{"index":"index","follow":"follow","max-snippet":"max-snippet:-1","max-image-preview":"max-image-preview:large","max-video-preview":"max-video-preview:-1"},"canonical":"https:\/\/www.gaveanews.com\/index.php\/2023\/07\/11\/athletico-x-flamengo-veja-a-lista-de-relacionados-para-o-proximo-jogo-da-copa-do-brasil\/","og_locale":"pt_BR","og_type":"article","og_title":"Athletico x Flamengo: veja a lista de relacionados para o pr\u00f3ximo jogo da Copa do Brasil","og_description":"Com Gabigol, L\u00e9o Pereira, recuperados de les\u00e3o, e Allan, \u00faltimo refor\u00e7o anunciado da equipe, o Flamengo embarcou para Curitiba na noite desta ter\u00e7a-feira. A delega\u00e7\u00e3o chegou ao Aeroporto Gale\u00e3o por volta das 17h. O v\u00f4o estava previsto para 18h55, com a chegada no hotel em Curitiba perto das 21h. A decis\u00e3o acontece nesta quarta-feira, \u00e0s [&hellip;]","og_url":"https:\/\/www.gaveanews.com\/index.php\/2023\/07\/11\/athletico-x-flamengo-veja-a-lista-de-relacionados-para-o-proximo-jogo-da-copa-do-brasil\/","og_site_name":"G\u00e1vea News","article_publisher":"https:\/\/facebook.com\/gaveaNews\/","article_published_time":"2023-07-11T21:41:21+00:00","article_modified_time":"2023-07-11T21:41:24+00:00","og_image":[{"width":2560,"height":1706,"url":"https:\/\/www.gaveanews.com\/wp-content\/uploads\/gabigol-sampaoli-treino-flamengo-scaled.webp","type":"image\/jpeg"}],"author":"Equipe G\u00e1vea News","twitter_card":"summary_large_image","twitter_misc":{"Escrito por":"Equipe G\u00e1vea News","Est. tempo de leitura":"2 minutos"},"schema":{"@context":"https:\/\/schema.org","@graph":[{"@type":"NewsArticle","@id":"https:\/\/www.gaveanews.com\/index.php\/2023\/07\/11\/athletico-x-flamengo-veja-a-lista-de-relacionados-para-o-proximo-jogo-da-copa-do-brasil\/#article","isPartOf":{"@id":"https:\/\/www.gaveanews.com\/index.php\/2023\/07\/11\/athletico-x-flamengo-veja-a-lista-de-relacionados-para-o-proximo-jogo-da-copa-do-brasil\/"},"author":{"name":"Equipe G\u00e1vea News","@id":"https:\/\/www.gaveanews.com\/#\/schema\/person\/2ec14f73fb96be2caf28f91afb14749d"},"headline":"Athletico x Flamengo: veja a lista de relacionados para o pr\u00f3ximo jogo da Copa do Brasil","datePublished":"2023-07-11T21:41:21+00:00","dateModified":"2023-07-11T21:41:24+00:00","mainEntityOfPage":{"@id":"https:\/\/www.gaveanews.com\/index.php\/2023\/07\/11\/athletico-x-flamengo-veja-a-lista-de-relacionados-para-o-proximo-jogo-da-copa-do-brasil\/"},"wordCount":390,"commentCount":0,"image":{"@id":"https:\/\/www.gaveanews.com\/index.php\/2023\/07\/11\/athletico-x-flamengo-veja-a-lista-de-relacionados-para-o-proximo-jogo-da-copa-do-brasil\/#primaryimage"},"thumbnailUrl":"https:\/\/www.gaveanews.com\/wp-content\/uploads\/gabigol-sampaoli-treino-flamengo-scaled.webp","articleSection":["Flamengo"],"inLanguage":"pt-BR","potentialAction":[{"@type":"CommentAction","name":"Comment","target":["https:\/\/www.gaveanews.com\/index.php\/2023\/07\/11\/athletico-x-flamengo-veja-a-lista-de-relacionados-para-o-proximo-jogo-da-copa-do-brasil\/#respond"]}],"copyrightYear":"2023","copyrightHolder":{"@id":"https:\/\/www.gaveanews.com\/#organization"}},{"@type":"WebPage","@id":"https:\/\/www.gaveanews.com\/index.php\/2023\/07\/11\/athletico-x-flamengo-veja-a-lista-de-relacionados-para-o-proximo-jogo-da-copa-do-brasil\/","url":"https:\/\/www.gaveanews.com\/index.php\/2023\/07\/11\/athletico-x-flamengo-veja-a-lista-de-relacionados-para-o-proximo-jogo-da-copa-do-brasil\/","name":"Athletico x Flamengo: veja a lista de relacionados para o pr\u00f3ximo jogo da Copa do Brasil","isPartOf":{"@id":"https:\/\/www.gaveanews.com\/#website"},"primaryImageOfPage":{"@id":"https:\/\/www.gaveanews.com\/index.php\/2023\/07\/11\/athletico-x-flamengo-veja-a-lista-de-relacionados-para-o-proximo-jogo-da-copa-do-brasil\/#primaryimage"},"image":{"@id":"https:\/\/www.gaveanews.com\/index.php\/2023\/07\/11\/athletico-x-flamengo-veja-a-lista-de-relacionados-para-o-proximo-jogo-da-copa-do-brasil\/#primaryimage"},"thumbnailUrl":"https:\/\/www.gaveanews.com\/wp-content\/uploads\/gabigol-sampaoli-treino-flamengo-scaled.webp","datePublished":"2023-07-11T21:41:21+00:00","dateModified":"2023-07-11T21:41:24+00:00","author":{"@id":"https:\/\/www.gaveanews.com\/#\/schema\/person\/2ec14f73fb96be2caf28f91afb14749d"},"breadcrumb":{"@id":"https:\/\/www.gaveanews.com\/index.php\/2023\/07\/11\/athletico-x-flamengo-veja-a-lista-de-relacionados-para-o-proximo-jogo-da-copa-do-brasil\/#breadcrumb"},"inLanguage":"pt-BR","potentialAction":[{"@type":"ReadAction","target":["https:\/\/www.gaveanews.com\/index.php\/2023\/07\/11\/athletico-x-flamengo-veja-a-lista-de-relacionados-para-o-proximo-jogo-da-copa-do-brasil\/"]}]},{"@type":"ImageObject","inLanguage":"pt-BR","@id":"https:\/\/www.gaveanews.com\/index.php\/2023\/07\/11\/athletico-x-flamengo-veja-a-lista-de-relacionados-para-o-proximo-jogo-da-copa-do-brasil\/#primaryimage","url":"https:\/\/www.gaveanews.com\/wp-content\/uploads\/gabigol-sampaoli-treino-flamengo-scaled.webp","contentUrl":"https:\/\/www.gaveanews.com\/wp-content\/uploads\/gabigol-sampaoli-treino-flamengo-scaled.webp","width":2560,"height":1706,"caption":"Gabigol em treino do Flamengo no Ninho do Urubu (Foto: Gilvan de Souza\/Flamengo)"},{"@type":"BreadcrumbList","@id":"https:\/\/www.gaveanews.com\/index.php\/2023\/07\/11\/athletico-x-flamengo-veja-a-lista-de-relacionados-para-o-proximo-jogo-da-copa-do-brasil\/#breadcrumb","itemListElement":[{"@type":"ListItem","position":1,"name":"Home","item":"https:\/\/www.gaveanews.com\/"},{"@type":"ListItem","position":2,"name":"Athletico x Flamengo: veja a lista de relacionados para o pr\u00f3ximo jogo da Copa do Brasil"}]},{"@type":"WebSite","@id":"https:\/\/www.gaveanews.com\/#website","url":"https:\/\/www.gaveanews.com\/","name":"G\u00e1vea News","description":"Veja todas as not\u00edcias sobre o Flamengo: Contrata\u00e7\u00f5es, categorias de base, resultados das partidas, tabela de classifica\u00e7\u00e3o, pr\u00f3ximos jogos!","potentialAction":[{"@type":"SearchAction","target":{"@type":"EntryPoint","urlTemplate":"https:\/\/www.gaveanews.com\/?s={search_term_string}"},"query-input":{"@type":"PropertyValueSpecification","valueRequired":true,"valueName":"search_term_string"}}],"inLanguage":"pt-BR"},{"@type":"Person","@id":"https:\/\/www.gaveanews.com\/#\/schema\/person\/2ec14f73fb96be2caf28f91afb14749d","name":"Equipe G\u00e1vea News","image":{"@type":"ImageObject","inLanguage":"pt-BR","@id":"https:\/\/www.gaveanews.com\/#\/schema\/person\/image\/","url":"https:\/\/secure.gravatar.com\/avatar\/1e1956f1facbffd3f8fa53a326721950116b3b9dc9bd44939c01180fd4a745a9?s=96&d=mm&r=g","contentUrl":"https:\/\/secure.gravatar.com\/avatar\/1e1956f1facbffd3f8fa53a326721950116b3b9dc9bd44939c01180fd4a745a9?s=96&d=mm&r=g","caption":"Equipe G\u00e1vea News"}}]}},"_links":{"self":[{"href":"https:\/\/www.gaveanews.com\/index.php\/wp-json\/wp\/v2\/posts\/102444","targetHints":{"allow":["GET"]}}],"collection":[{"href":"https:\/\/www.gaveanews.com\/index.php\/wp-json\/wp\/v2\/posts"}],"about":[{"href":"https:\/\/www.gaveanews.com\/index.php\/wp-json\/wp\/v2\/types\/post"}],"author":[{"embeddable":true,"href":"https:\/\/www.gaveanews.com\/index.php\/wp-json\/wp\/v2\/users\/1"}],"replies":[{"embeddable":true,"href":"https:\/\/www.gaveanews.com\/index.php\/wp-json\/wp\/v2\/comments?post=102444"}],"version-history":[{"count":0,"href":"https:\/\/www.gaveanews.com\/index.php\/wp-json\/wp\/v2\/posts\/102444\/revisions"}],"wp:featuredmedia":[{"embeddable":true,"href":"https:\/\/www.gaveanews.com\/index.php\/wp-json\/wp\/v2\/media\/102344"}],"wp:attachment":[{"href":"https:\/\/www.gaveanews.com\/index.php\/wp-json\/wp\/v2\/media?parent=102444"}],"wp:term":[{"taxonomy":"category","embeddable":true,"href":"https:\/\/www.gaveanews.com\/index.php\/wp-json\/wp\/v2\/categories?post=102444"},{"taxonomy":"post_tag","embeddable":true,"href":"https:\/\/www.gaveanews.com\/index.php\/wp-json\/wp\/v2\/tags?post=102444"}],"curies":[{"name":"wp","href":"https:\/\/api.w.org\/{rel}","templated":true}]}}