{"id":102450,"date":"2023-07-11T21:46:33","date_gmt":"2023-07-12T00:46:33","guid":{"rendered":"https:\/\/www.gaveanews.com\/?p=102450"},"modified":"2023-07-11T21:46:36","modified_gmt":"2023-07-12T00:46:36","slug":"athletico-x-flamengo-veja-a-provavel-escalacao-de-jorge-sampaoli","status":"publish","type":"post","link":"https:\/\/www.gaveanews.com\/index.php\/2023\/07\/11\/athletico-x-flamengo-veja-a-provavel-escalacao-de-jorge-sampaoli\/","title":{"rendered":"Athletico x Flamengo: Veja a prov\u00e1vel escala\u00e7\u00e3o de Jorge Sampaoli"},"content":{"rendered":"\n<p>Na noite desta ter\u00e7a, o Flamengo desembarcou em Curitiba para enfrentar o Athletico, pelas quartas da Copa do Brasil, na quarta-feira. Para o duelo, Jorge Sampaoli ter\u00e1, pelo menos, tr\u00eas refor\u00e7os \u00e0 disposi\u00e7\u00e3o: L\u00e9o Pereira, Allan e Gabigol. A escala\u00e7\u00e3o, no entanto, ser\u00e1 definida somente no dia da partida.<\/p>\n\n\n\n<p>Na noite desta ter\u00e7a, o Flamengo desembarcou em Curitiba para enfrentar o Athletico, pelas quartas da Copa do Brasil, na quarta-feira. Para o duelo, Jorge Sampaoli ter\u00e1, pelo menos, tr\u00eas refor\u00e7os \u00e0 disposi\u00e7\u00e3o: L\u00e9o Pereira, Allan e Gabigol. A escala\u00e7\u00e3o, no entanto, ser\u00e1 definida somente no dia da partida.<\/p>\n\n\n\n<p>Embora n\u00e3o tenha montado time nesta semana, um poss\u00edvel Flamengo para o duelo com o Furac\u00e3o \u00e9 o seguinte: Matheus Fran\u00e7a, Wesley, Fabr\u00edcio Bruno, David Luiz (L\u00e9o Pereira) e Ayrton Lucas; Pulgar, Thiago Maia, Everton Ribeiro, Gerson e Arrascaeta; Pedro.<\/p>\n\n\n\n<h2 class=\"wp-block-heading\" id=\"h-relacionados\">Relacionados:<\/h2>\n\n\n\n<ul class=\"wp-block-list\">\n<li><strong>Goleiros:<\/strong>\u00a0Matheus Cunha, Rossi e Santos<\/li>\n\n\n\n<li><strong>Zagueiros:<\/strong>\u00a0David Luiz, Fabr\u00edcio Bruno, L\u00e9o Pereira, Pablo e Rodrigo Caio<\/li>\n\n\n\n<li><strong>Laterais:<\/strong>\u00a0Ayrton Lucas, Filipe Lu\u00eds, Varela e Wesley<\/li>\n\n\n\n<li><strong>Meio-campistas:\u00a0<\/strong>Allan, Gerson, Pulgar, Victor Hugo, Matheus Fran\u00e7a, Arrascaeta e Everton Ribeiro<\/li>\n\n\n\n<li><strong>Atacantes:<\/strong>\u00a0Gabigol, Pedro, Luiz Ara\u00fajo e Everton Cebolinha<\/li>\n<\/ul>\n\n\n\n<p>O\u00a0Flamengo\u00a0enfrenta o Athletico-PR nesta quarta-feira, \u00e0s 21h30 (de Bras\u00edlia), pelo jogo de volta entre os clubes pelas quartas de final da Copa do Brasil. Os cariocas, que venceram no Maracan\u00e3 por 2 a 1, jogam pelo empate na Arena da Baixada.<\/p>\n\n\n\n<p>Retirado de: Globo Esporte<\/p>\n","protected":false},"excerpt":{"rendered":"<p>Na noite desta ter\u00e7a, o Flamengo desembarcou em Curitiba para enfrentar o Athletico, pelas quartas da Copa do Brasil, na quarta-feira. Para o duelo, Jorge Sampaoli ter\u00e1, pelo menos, tr\u00eas refor\u00e7os \u00e0 disposi\u00e7\u00e3o: L\u00e9o Pereira, Allan e Gabigol. A escala\u00e7\u00e3o, no entanto, ser\u00e1 definida somente no dia da partida. Na noite desta ter\u00e7a, o Flamengo [&hellip;]<\/p>\n","protected":false},"author":1,"featured_media":84902,"comment_status":"open","ping_status":"closed","sticky":false,"template":"","format":"standard","meta":{"footnotes":""},"categories":[1],"tags":[],"class_list":["post-102450","post","type-post","status-publish","format-standard","has-post-thumbnail","hentry","category-flamengo"],"yoast_head":"<!-- This site is optimized with the Yoast SEO Premium plugin v24.2 (Yoast SEO v26.9) - https:\/\/yoast.com\/product\/yoast-seo-premium-wordpress\/ -->\n<title>Athletico x Flamengo: Veja a prov\u00e1vel escala\u00e7\u00e3o de Jorge Sampaoli<\/title>\n<meta name=\"robots\" content=\"index, follow, max-snippet:-1, max-image-preview:large, max-video-preview:-1\" \/>\n<link rel=\"canonical\" href=\"https:\/\/www.gaveanews.com\/index.php\/2023\/07\/11\/athletico-x-flamengo-veja-a-provavel-escalacao-de-jorge-sampaoli\/\" \/>\n<meta property=\"og:locale\" content=\"pt_BR\" \/>\n<meta property=\"og:type\" content=\"article\" \/>\n<meta property=\"og:title\" content=\"Athletico x Flamengo: Veja a prov\u00e1vel escala\u00e7\u00e3o de Jorge Sampaoli\" \/>\n<meta property=\"og:description\" content=\"Na noite desta ter\u00e7a, o Flamengo desembarcou em Curitiba para enfrentar o Athletico, pelas quartas da Copa do Brasil, na quarta-feira. Para o duelo, Jorge Sampaoli ter\u00e1, pelo menos, tr\u00eas refor\u00e7os \u00e0 disposi\u00e7\u00e3o: L\u00e9o Pereira, Allan e Gabigol. A escala\u00e7\u00e3o, no entanto, ser\u00e1 definida somente no dia da partida. Na noite desta ter\u00e7a, o Flamengo [&hellip;]\" \/>\n<meta property=\"og:url\" content=\"https:\/\/www.gaveanews.com\/index.php\/2023\/07\/11\/athletico-x-flamengo-veja-a-provavel-escalacao-de-jorge-sampaoli\/\" \/>\n<meta property=\"og:site_name\" content=\"G\u00e1vea News\" \/>\n<meta property=\"article:publisher\" content=\"https:\/\/facebook.com\/gaveaNews\/\" \/>\n<meta property=\"article:published_time\" content=\"2023-07-12T00:46:33+00:00\" \/>\n<meta property=\"article:modified_time\" content=\"2023-07-12T00:46:36+00:00\" \/>\n<meta property=\"og:image\" content=\"https:\/\/www.gaveanews.com\/wp-content\/uploads\/Taca-da-Copa-do-Brasil.webp\" \/>\n\t<meta property=\"og:image:width\" content=\"800\" \/>\n\t<meta property=\"og:image:height\" content=\"400\" \/>\n\t<meta property=\"og:image:type\" content=\"image\/jpeg\" \/>\n<meta name=\"author\" content=\"Equipe G\u00e1vea News\" \/>\n<meta name=\"twitter:card\" content=\"summary_large_image\" \/>\n<meta name=\"twitter:label1\" content=\"Escrito por\" \/>\n\t<meta name=\"twitter:data1\" content=\"Equipe G\u00e1vea News\" \/>\n\t<meta name=\"twitter:label2\" content=\"Est. tempo de leitura\" \/>\n\t<meta name=\"twitter:data2\" content=\"2 minutos\" \/>\n<script type=\"application\/ld+json\" class=\"yoast-schema-graph\">{\"@context\":\"https:\/\/schema.org\",\"@graph\":[{\"@type\":\"NewsArticle\",\"@id\":\"https:\/\/www.gaveanews.com\/index.php\/2023\/07\/11\/athletico-x-flamengo-veja-a-provavel-escalacao-de-jorge-sampaoli\/#article\",\"isPartOf\":{\"@id\":\"https:\/\/www.gaveanews.com\/index.php\/2023\/07\/11\/athletico-x-flamengo-veja-a-provavel-escalacao-de-jorge-sampaoli\/\"},\"author\":{\"name\":\"Equipe G\u00e1vea News\",\"@id\":\"https:\/\/www.gaveanews.com\/#\/schema\/person\/2ec14f73fb96be2caf28f91afb14749d\"},\"headline\":\"Athletico x Flamengo: Veja a prov\u00e1vel escala\u00e7\u00e3o de Jorge Sampaoli\",\"datePublished\":\"2023-07-12T00:46:33+00:00\",\"dateModified\":\"2023-07-12T00:46:36+00:00\",\"mainEntityOfPage\":{\"@id\":\"https:\/\/www.gaveanews.com\/index.php\/2023\/07\/11\/athletico-x-flamengo-veja-a-provavel-escalacao-de-jorge-sampaoli\/\"},\"wordCount\":262,\"commentCount\":0,\"image\":{\"@id\":\"https:\/\/www.gaveanews.com\/index.php\/2023\/07\/11\/athletico-x-flamengo-veja-a-provavel-escalacao-de-jorge-sampaoli\/#primaryimage\"},\"thumbnailUrl\":\"https:\/\/www.gaveanews.com\/wp-content\/uploads\/Taca-da-Copa-do-Brasil.webp\",\"articleSection\":[\"Flamengo\"],\"inLanguage\":\"pt-BR\",\"potentialAction\":[{\"@type\":\"CommentAction\",\"name\":\"Comment\",\"target\":[\"https:\/\/www.gaveanews.com\/index.php\/2023\/07\/11\/athletico-x-flamengo-veja-a-provavel-escalacao-de-jorge-sampaoli\/#respond\"]}],\"copyrightYear\":\"2023\",\"copyrightHolder\":{\"@id\":\"https:\/\/www.gaveanews.com\/#organization\"}},{\"@type\":\"WebPage\",\"@id\":\"https:\/\/www.gaveanews.com\/index.php\/2023\/07\/11\/athletico-x-flamengo-veja-a-provavel-escalacao-de-jorge-sampaoli\/\",\"url\":\"https:\/\/www.gaveanews.com\/index.php\/2023\/07\/11\/athletico-x-flamengo-veja-a-provavel-escalacao-de-jorge-sampaoli\/\",\"name\":\"Athletico x Flamengo: Veja a prov\u00e1vel escala\u00e7\u00e3o de Jorge Sampaoli\",\"isPartOf\":{\"@id\":\"https:\/\/www.gaveanews.com\/#website\"},\"primaryImageOfPage\":{\"@id\":\"https:\/\/www.gaveanews.com\/index.php\/2023\/07\/11\/athletico-x-flamengo-veja-a-provavel-escalacao-de-jorge-sampaoli\/#primaryimage\"},\"image\":{\"@id\":\"https:\/\/www.gaveanews.com\/index.php\/2023\/07\/11\/athletico-x-flamengo-veja-a-provavel-escalacao-de-jorge-sampaoli\/#primaryimage\"},\"thumbnailUrl\":\"https:\/\/www.gaveanews.com\/wp-content\/uploads\/Taca-da-Copa-do-Brasil.webp\",\"datePublished\":\"2023-07-12T00:46:33+00:00\",\"dateModified\":\"2023-07-12T00:46:36+00:00\",\"author\":{\"@id\":\"https:\/\/www.gaveanews.com\/#\/schema\/person\/2ec14f73fb96be2caf28f91afb14749d\"},\"breadcrumb\":{\"@id\":\"https:\/\/www.gaveanews.com\/index.php\/2023\/07\/11\/athletico-x-flamengo-veja-a-provavel-escalacao-de-jorge-sampaoli\/#breadcrumb\"},\"inLanguage\":\"pt-BR\",\"potentialAction\":[{\"@type\":\"ReadAction\",\"target\":[\"https:\/\/www.gaveanews.com\/index.php\/2023\/07\/11\/athletico-x-flamengo-veja-a-provavel-escalacao-de-jorge-sampaoli\/\"]}]},{\"@type\":\"ImageObject\",\"inLanguage\":\"pt-BR\",\"@id\":\"https:\/\/www.gaveanews.com\/index.php\/2023\/07\/11\/athletico-x-flamengo-veja-a-provavel-escalacao-de-jorge-sampaoli\/#primaryimage\",\"url\":\"https:\/\/www.gaveanews.com\/wp-content\/uploads\/Taca-da-Copa-do-Brasil.webp\",\"contentUrl\":\"https:\/\/www.gaveanews.com\/wp-content\/uploads\/Taca-da-Copa-do-Brasil.webp\",\"width\":800,\"height\":400,\"caption\":\"Ta\u00e7a da Copa do Brasil (Foto: Lucas Figueiredo\/CBF)\"},{\"@type\":\"BreadcrumbList\",\"@id\":\"https:\/\/www.gaveanews.com\/index.php\/2023\/07\/11\/athletico-x-flamengo-veja-a-provavel-escalacao-de-jorge-sampaoli\/#breadcrumb\",\"itemListElement\":[{\"@type\":\"ListItem\",\"position\":1,\"name\":\"Home\",\"item\":\"https:\/\/www.gaveanews.com\/\"},{\"@type\":\"ListItem\",\"position\":2,\"name\":\"Athletico x Flamengo: Veja a prov\u00e1vel escala\u00e7\u00e3o de Jorge Sampaoli\"}]},{\"@type\":\"WebSite\",\"@id\":\"https:\/\/www.gaveanews.com\/#website\",\"url\":\"https:\/\/www.gaveanews.com\/\",\"name\":\"G\u00e1vea News\",\"description\":\"Veja todas as not\u00edcias sobre o Flamengo: Contrata\u00e7\u00f5es, categorias de base, resultados das partidas, tabela de classifica\u00e7\u00e3o, pr\u00f3ximos jogos!\",\"potentialAction\":[{\"@type\":\"SearchAction\",\"target\":{\"@type\":\"EntryPoint\",\"urlTemplate\":\"https:\/\/www.gaveanews.com\/?s={search_term_string}\"},\"query-input\":{\"@type\":\"PropertyValueSpecification\",\"valueRequired\":true,\"valueName\":\"search_term_string\"}}],\"inLanguage\":\"pt-BR\"},{\"@type\":\"Person\",\"@id\":\"https:\/\/www.gaveanews.com\/#\/schema\/person\/2ec14f73fb96be2caf28f91afb14749d\",\"name\":\"Equipe G\u00e1vea News\",\"image\":{\"@type\":\"ImageObject\",\"inLanguage\":\"pt-BR\",\"@id\":\"https:\/\/www.gaveanews.com\/#\/schema\/person\/image\/\",\"url\":\"https:\/\/secure.gravatar.com\/avatar\/1e1956f1facbffd3f8fa53a326721950116b3b9dc9bd44939c01180fd4a745a9?s=96&d=mm&r=g\",\"contentUrl\":\"https:\/\/secure.gravatar.com\/avatar\/1e1956f1facbffd3f8fa53a326721950116b3b9dc9bd44939c01180fd4a745a9?s=96&d=mm&r=g\",\"caption\":\"Equipe G\u00e1vea News\"}}]}<\/script>\n<!-- \/ Yoast SEO Premium plugin. -->","yoast_head_json":{"title":"Athletico x Flamengo: Veja a prov\u00e1vel escala\u00e7\u00e3o de Jorge Sampaoli","robots":{"index":"index","follow":"follow","max-snippet":"max-snippet:-1","max-image-preview":"max-image-preview:large","max-video-preview":"max-video-preview:-1"},"canonical":"https:\/\/www.gaveanews.com\/index.php\/2023\/07\/11\/athletico-x-flamengo-veja-a-provavel-escalacao-de-jorge-sampaoli\/","og_locale":"pt_BR","og_type":"article","og_title":"Athletico x Flamengo: Veja a prov\u00e1vel escala\u00e7\u00e3o de Jorge Sampaoli","og_description":"Na noite desta ter\u00e7a, o Flamengo desembarcou em Curitiba para enfrentar o Athletico, pelas quartas da Copa do Brasil, na quarta-feira. Para o duelo, Jorge Sampaoli ter\u00e1, pelo menos, tr\u00eas refor\u00e7os \u00e0 disposi\u00e7\u00e3o: L\u00e9o Pereira, Allan e Gabigol. A escala\u00e7\u00e3o, no entanto, ser\u00e1 definida somente no dia da partida. Na noite desta ter\u00e7a, o Flamengo [&hellip;]","og_url":"https:\/\/www.gaveanews.com\/index.php\/2023\/07\/11\/athletico-x-flamengo-veja-a-provavel-escalacao-de-jorge-sampaoli\/","og_site_name":"G\u00e1vea News","article_publisher":"https:\/\/facebook.com\/gaveaNews\/","article_published_time":"2023-07-12T00:46:33+00:00","article_modified_time":"2023-07-12T00:46:36+00:00","og_image":[{"width":800,"height":400,"url":"https:\/\/www.gaveanews.com\/wp-content\/uploads\/Taca-da-Copa-do-Brasil.webp","type":"image\/jpeg"}],"author":"Equipe G\u00e1vea News","twitter_card":"summary_large_image","twitter_misc":{"Escrito por":"Equipe G\u00e1vea News","Est. tempo de leitura":"2 minutos"},"schema":{"@context":"https:\/\/schema.org","@graph":[{"@type":"NewsArticle","@id":"https:\/\/www.gaveanews.com\/index.php\/2023\/07\/11\/athletico-x-flamengo-veja-a-provavel-escalacao-de-jorge-sampaoli\/#article","isPartOf":{"@id":"https:\/\/www.gaveanews.com\/index.php\/2023\/07\/11\/athletico-x-flamengo-veja-a-provavel-escalacao-de-jorge-sampaoli\/"},"author":{"name":"Equipe G\u00e1vea News","@id":"https:\/\/www.gaveanews.com\/#\/schema\/person\/2ec14f73fb96be2caf28f91afb14749d"},"headline":"Athletico x Flamengo: Veja a prov\u00e1vel escala\u00e7\u00e3o de Jorge Sampaoli","datePublished":"2023-07-12T00:46:33+00:00","dateModified":"2023-07-12T00:46:36+00:00","mainEntityOfPage":{"@id":"https:\/\/www.gaveanews.com\/index.php\/2023\/07\/11\/athletico-x-flamengo-veja-a-provavel-escalacao-de-jorge-sampaoli\/"},"wordCount":262,"commentCount":0,"image":{"@id":"https:\/\/www.gaveanews.com\/index.php\/2023\/07\/11\/athletico-x-flamengo-veja-a-provavel-escalacao-de-jorge-sampaoli\/#primaryimage"},"thumbnailUrl":"https:\/\/www.gaveanews.com\/wp-content\/uploads\/Taca-da-Copa-do-Brasil.webp","articleSection":["Flamengo"],"inLanguage":"pt-BR","potentialAction":[{"@type":"CommentAction","name":"Comment","target":["https:\/\/www.gaveanews.com\/index.php\/2023\/07\/11\/athletico-x-flamengo-veja-a-provavel-escalacao-de-jorge-sampaoli\/#respond"]}],"copyrightYear":"2023","copyrightHolder":{"@id":"https:\/\/www.gaveanews.com\/#organization"}},{"@type":"WebPage","@id":"https:\/\/www.gaveanews.com\/index.php\/2023\/07\/11\/athletico-x-flamengo-veja-a-provavel-escalacao-de-jorge-sampaoli\/","url":"https:\/\/www.gaveanews.com\/index.php\/2023\/07\/11\/athletico-x-flamengo-veja-a-provavel-escalacao-de-jorge-sampaoli\/","name":"Athletico x Flamengo: Veja a prov\u00e1vel escala\u00e7\u00e3o de Jorge Sampaoli","isPartOf":{"@id":"https:\/\/www.gaveanews.com\/#website"},"primaryImageOfPage":{"@id":"https:\/\/www.gaveanews.com\/index.php\/2023\/07\/11\/athletico-x-flamengo-veja-a-provavel-escalacao-de-jorge-sampaoli\/#primaryimage"},"image":{"@id":"https:\/\/www.gaveanews.com\/index.php\/2023\/07\/11\/athletico-x-flamengo-veja-a-provavel-escalacao-de-jorge-sampaoli\/#primaryimage"},"thumbnailUrl":"https:\/\/www.gaveanews.com\/wp-content\/uploads\/Taca-da-Copa-do-Brasil.webp","datePublished":"2023-07-12T00:46:33+00:00","dateModified":"2023-07-12T00:46:36+00:00","author":{"@id":"https:\/\/www.gaveanews.com\/#\/schema\/person\/2ec14f73fb96be2caf28f91afb14749d"},"breadcrumb":{"@id":"https:\/\/www.gaveanews.com\/index.php\/2023\/07\/11\/athletico-x-flamengo-veja-a-provavel-escalacao-de-jorge-sampaoli\/#breadcrumb"},"inLanguage":"pt-BR","potentialAction":[{"@type":"ReadAction","target":["https:\/\/www.gaveanews.com\/index.php\/2023\/07\/11\/athletico-x-flamengo-veja-a-provavel-escalacao-de-jorge-sampaoli\/"]}]},{"@type":"ImageObject","inLanguage":"pt-BR","@id":"https:\/\/www.gaveanews.com\/index.php\/2023\/07\/11\/athletico-x-flamengo-veja-a-provavel-escalacao-de-jorge-sampaoli\/#primaryimage","url":"https:\/\/www.gaveanews.com\/wp-content\/uploads\/Taca-da-Copa-do-Brasil.webp","contentUrl":"https:\/\/www.gaveanews.com\/wp-content\/uploads\/Taca-da-Copa-do-Brasil.webp","width":800,"height":400,"caption":"Ta\u00e7a da Copa do Brasil (Foto: Lucas Figueiredo\/CBF)"},{"@type":"BreadcrumbList","@id":"https:\/\/www.gaveanews.com\/index.php\/2023\/07\/11\/athletico-x-flamengo-veja-a-provavel-escalacao-de-jorge-sampaoli\/#breadcrumb","itemListElement":[{"@type":"ListItem","position":1,"name":"Home","item":"https:\/\/www.gaveanews.com\/"},{"@type":"ListItem","position":2,"name":"Athletico x Flamengo: Veja a prov\u00e1vel escala\u00e7\u00e3o de Jorge Sampaoli"}]},{"@type":"WebSite","@id":"https:\/\/www.gaveanews.com\/#website","url":"https:\/\/www.gaveanews.com\/","name":"G\u00e1vea News","description":"Veja todas as not\u00edcias sobre o Flamengo: Contrata\u00e7\u00f5es, categorias de base, resultados das partidas, tabela de classifica\u00e7\u00e3o, pr\u00f3ximos jogos!","potentialAction":[{"@type":"SearchAction","target":{"@type":"EntryPoint","urlTemplate":"https:\/\/www.gaveanews.com\/?s={search_term_string}"},"query-input":{"@type":"PropertyValueSpecification","valueRequired":true,"valueName":"search_term_string"}}],"inLanguage":"pt-BR"},{"@type":"Person","@id":"https:\/\/www.gaveanews.com\/#\/schema\/person\/2ec14f73fb96be2caf28f91afb14749d","name":"Equipe G\u00e1vea News","image":{"@type":"ImageObject","inLanguage":"pt-BR","@id":"https:\/\/www.gaveanews.com\/#\/schema\/person\/image\/","url":"https:\/\/secure.gravatar.com\/avatar\/1e1956f1facbffd3f8fa53a326721950116b3b9dc9bd44939c01180fd4a745a9?s=96&d=mm&r=g","contentUrl":"https:\/\/secure.gravatar.com\/avatar\/1e1956f1facbffd3f8fa53a326721950116b3b9dc9bd44939c01180fd4a745a9?s=96&d=mm&r=g","caption":"Equipe G\u00e1vea News"}}]}},"_links":{"self":[{"href":"https:\/\/www.gaveanews.com\/index.php\/wp-json\/wp\/v2\/posts\/102450","targetHints":{"allow":["GET"]}}],"collection":[{"href":"https:\/\/www.gaveanews.com\/index.php\/wp-json\/wp\/v2\/posts"}],"about":[{"href":"https:\/\/www.gaveanews.com\/index.php\/wp-json\/wp\/v2\/types\/post"}],"author":[{"embeddable":true,"href":"https:\/\/www.gaveanews.com\/index.php\/wp-json\/wp\/v2\/users\/1"}],"replies":[{"embeddable":true,"href":"https:\/\/www.gaveanews.com\/index.php\/wp-json\/wp\/v2\/comments?post=102450"}],"version-history":[{"count":0,"href":"https:\/\/www.gaveanews.com\/index.php\/wp-json\/wp\/v2\/posts\/102450\/revisions"}],"wp:featuredmedia":[{"embeddable":true,"href":"https:\/\/www.gaveanews.com\/index.php\/wp-json\/wp\/v2\/media\/84902"}],"wp:attachment":[{"href":"https:\/\/www.gaveanews.com\/index.php\/wp-json\/wp\/v2\/media?parent=102450"}],"wp:term":[{"taxonomy":"category","embeddable":true,"href":"https:\/\/www.gaveanews.com\/index.php\/wp-json\/wp\/v2\/categories?post=102450"},{"taxonomy":"post_tag","embeddable":true,"href":"https:\/\/www.gaveanews.com\/index.php\/wp-json\/wp\/v2\/tags?post=102450"}],"curies":[{"name":"wp","href":"https:\/\/api.w.org\/{rel}","templated":true}]}}