{"id":102989,"date":"2023-07-20T06:38:12","date_gmt":"2023-07-20T09:38:12","guid":{"rendered":"https:\/\/www.gaveanews.com\/?p=102989"},"modified":"2023-07-20T06:38:14","modified_gmt":"2023-07-20T09:38:14","slug":"ex-jogador-do-flamengo-confirma-que-conversou-com-jorge-sampaoli-para-retornar-ao-clube","status":"publish","type":"post","link":"https:\/\/www.gaveanews.com\/index.php\/2023\/07\/20\/ex-jogador-do-flamengo-confirma-que-conversou-com-jorge-sampaoli-para-retornar-ao-clube\/","title":{"rendered":"Ex-jogador do Flamengo confirma que conversou com Jorge Sampaoli para retornar ao clube"},"content":{"rendered":"\n<p>Revelado pelo Flamengo, o volante Jean Lucas teve chances de voltar ao clube carioca. Novo refor\u00e7o do Santos, ele revelou ter conversado com o t\u00e9cnico Jorge Sampaoli, com quem trabalhou no Peixe em 2019, para um poss\u00edvel retorno ao Rubro-Negro, antes de acertar com seu novo clube.<\/p>\n\n\n\n<p>\u201cTive a conversa com o Sampaoli, mas h\u00e1 conversas com muitos clubes. Quando apareceu o Santos pedi para dar uma segurada na conversa porque iria dar prioridade ao Santos. O motivo \u00e9 esse carinho que tenho, essa identifica\u00e7\u00e3o com o clube. N\u00e3o vejo clima pesado, vejo um clima sadio, todo mundo alegre. Essa situa\u00e7\u00e3o vai mudar, estamos trabalhando e as coisas v\u00e3o melhorar\u201d, disse o jogador durante sua apresenta\u00e7\u00e3o no Santos, nesta quarta-feira (19).<\/p>\n\n\n\n<p>\u201cTenho uma identidade com o Santos. Eu me sinto menino da Vila, os torcedores me abra\u00e7aram, invadiram as minhas redes sociais. Fico muito feliz com o carinho de todos, fui muito bem recebido no clube, pelos jogadores, pelas pessoas que trabalham l\u00e1. Me sinto sim um menino da Vila e fico muito feliz com esse carinho que recebe de todos\u201d, completou.<\/p>\n\n\n\n<p>Jean Lucas subiu aos profissionais do Flamengo em 2018 e disputou 25 partidas pelo clube. No ano seguinte, foi emprestado ao Santos e, em seguida, negociado com o Lyon-FRA.<\/p>\n\n\n\n<p>Retirado de: O Dia<\/p>\n","protected":false},"excerpt":{"rendered":"<p>Revelado pelo Flamengo, o volante Jean Lucas teve chances de voltar ao clube carioca. Novo refor\u00e7o do Santos, ele revelou ter conversado com o t\u00e9cnico Jorge Sampaoli, com quem trabalhou no Peixe em 2019, para um poss\u00edvel retorno ao Rubro-Negro, antes de acertar com seu novo clube. \u201cTive a conversa com o Sampaoli, mas h\u00e1 [&hellip;]<\/p>\n","protected":false},"author":1,"featured_media":14545,"comment_status":"open","ping_status":"closed","sticky":false,"template":"","format":"standard","meta":{"footnotes":""},"categories":[48],"tags":[],"class_list":["post-102989","post","type-post","status-publish","format-standard","has-post-thumbnail","hentry","category-negociacoes"],"yoast_head":"<!-- This site is optimized with the Yoast SEO Premium plugin v24.2 (Yoast SEO v26.9) - https:\/\/yoast.com\/product\/yoast-seo-premium-wordpress\/ -->\n<title>Ex-jogador do Flamengo confirma que conversou com Jorge Sampaoli para retornar ao clube<\/title>\n<meta name=\"robots\" content=\"index, follow, max-snippet:-1, max-image-preview:large, max-video-preview:-1\" \/>\n<link rel=\"canonical\" href=\"https:\/\/www.gaveanews.com\/index.php\/2023\/07\/20\/ex-jogador-do-flamengo-confirma-que-conversou-com-jorge-sampaoli-para-retornar-ao-clube\/\" \/>\n<meta property=\"og:locale\" content=\"pt_BR\" \/>\n<meta property=\"og:type\" content=\"article\" \/>\n<meta property=\"og:title\" content=\"Ex-jogador do Flamengo confirma que conversou com Jorge Sampaoli para retornar ao clube\" \/>\n<meta property=\"og:description\" content=\"Revelado pelo Flamengo, o volante Jean Lucas teve chances de voltar ao clube carioca. Novo refor\u00e7o do Santos, ele revelou ter conversado com o t\u00e9cnico Jorge Sampaoli, com quem trabalhou no Peixe em 2019, para um poss\u00edvel retorno ao Rubro-Negro, antes de acertar com seu novo clube. \u201cTive a conversa com o Sampaoli, mas h\u00e1 [&hellip;]\" \/>\n<meta property=\"og:url\" content=\"https:\/\/www.gaveanews.com\/index.php\/2023\/07\/20\/ex-jogador-do-flamengo-confirma-que-conversou-com-jorge-sampaoli-para-retornar-ao-clube\/\" \/>\n<meta property=\"og:site_name\" content=\"G\u00e1vea News\" \/>\n<meta property=\"article:publisher\" content=\"https:\/\/facebook.com\/gaveaNews\/\" \/>\n<meta property=\"article:published_time\" content=\"2023-07-20T09:38:12+00:00\" \/>\n<meta property=\"article:modified_time\" content=\"2023-07-20T09:38:14+00:00\" \/>\n<meta property=\"og:image\" content=\"https:\/\/www.gaveanews.com\/wp-content\/uploads\/2019\/03\/Jean-Lucas-durante-treinamento-no-Ninho-do-Urubu.webp\" \/>\n\t<meta property=\"og:image:width\" content=\"880\" \/>\n\t<meta property=\"og:image:height\" content=\"586\" \/>\n\t<meta property=\"og:image:type\" content=\"image\/jpeg\" \/>\n<meta name=\"author\" content=\"Equipe G\u00e1vea News\" \/>\n<meta name=\"twitter:card\" content=\"summary_large_image\" \/>\n<meta name=\"twitter:label1\" content=\"Escrito por\" \/>\n\t<meta name=\"twitter:data1\" content=\"Equipe G\u00e1vea News\" \/>\n\t<meta name=\"twitter:label2\" content=\"Est. tempo de leitura\" \/>\n\t<meta name=\"twitter:data2\" content=\"2 minutos\" \/>\n<script type=\"application\/ld+json\" class=\"yoast-schema-graph\">{\"@context\":\"https:\/\/schema.org\",\"@graph\":[{\"@type\":\"NewsArticle\",\"@id\":\"https:\/\/www.gaveanews.com\/index.php\/2023\/07\/20\/ex-jogador-do-flamengo-confirma-que-conversou-com-jorge-sampaoli-para-retornar-ao-clube\/#article\",\"isPartOf\":{\"@id\":\"https:\/\/www.gaveanews.com\/index.php\/2023\/07\/20\/ex-jogador-do-flamengo-confirma-que-conversou-com-jorge-sampaoli-para-retornar-ao-clube\/\"},\"author\":{\"name\":\"Equipe G\u00e1vea News\",\"@id\":\"https:\/\/www.gaveanews.com\/#\/schema\/person\/2ec14f73fb96be2caf28f91afb14749d\"},\"headline\":\"Ex-jogador do Flamengo confirma que conversou com Jorge Sampaoli para retornar ao clube\",\"datePublished\":\"2023-07-20T09:38:12+00:00\",\"dateModified\":\"2023-07-20T09:38:14+00:00\",\"mainEntityOfPage\":{\"@id\":\"https:\/\/www.gaveanews.com\/index.php\/2023\/07\/20\/ex-jogador-do-flamengo-confirma-que-conversou-com-jorge-sampaoli-para-retornar-ao-clube\/\"},\"wordCount\":232,\"commentCount\":0,\"image\":{\"@id\":\"https:\/\/www.gaveanews.com\/index.php\/2023\/07\/20\/ex-jogador-do-flamengo-confirma-que-conversou-com-jorge-sampaoli-para-retornar-ao-clube\/#primaryimage\"},\"thumbnailUrl\":\"https:\/\/www.gaveanews.com\/wp-content\/uploads\/2019\/03\/Jean-Lucas-durante-treinamento-no-Ninho-do-Urubu.webp\",\"articleSection\":[\"Negocia\u00e7\u00f5es\"],\"inLanguage\":\"pt-BR\",\"potentialAction\":[{\"@type\":\"CommentAction\",\"name\":\"Comment\",\"target\":[\"https:\/\/www.gaveanews.com\/index.php\/2023\/07\/20\/ex-jogador-do-flamengo-confirma-que-conversou-com-jorge-sampaoli-para-retornar-ao-clube\/#respond\"]}],\"copyrightYear\":\"2023\",\"copyrightHolder\":{\"@id\":\"https:\/\/www.gaveanews.com\/#organization\"}},{\"@type\":\"WebPage\",\"@id\":\"https:\/\/www.gaveanews.com\/index.php\/2023\/07\/20\/ex-jogador-do-flamengo-confirma-que-conversou-com-jorge-sampaoli-para-retornar-ao-clube\/\",\"url\":\"https:\/\/www.gaveanews.com\/index.php\/2023\/07\/20\/ex-jogador-do-flamengo-confirma-que-conversou-com-jorge-sampaoli-para-retornar-ao-clube\/\",\"name\":\"Ex-jogador do Flamengo confirma que conversou com Jorge Sampaoli para retornar ao clube\",\"isPartOf\":{\"@id\":\"https:\/\/www.gaveanews.com\/#website\"},\"primaryImageOfPage\":{\"@id\":\"https:\/\/www.gaveanews.com\/index.php\/2023\/07\/20\/ex-jogador-do-flamengo-confirma-que-conversou-com-jorge-sampaoli-para-retornar-ao-clube\/#primaryimage\"},\"image\":{\"@id\":\"https:\/\/www.gaveanews.com\/index.php\/2023\/07\/20\/ex-jogador-do-flamengo-confirma-que-conversou-com-jorge-sampaoli-para-retornar-ao-clube\/#primaryimage\"},\"thumbnailUrl\":\"https:\/\/www.gaveanews.com\/wp-content\/uploads\/2019\/03\/Jean-Lucas-durante-treinamento-no-Ninho-do-Urubu.webp\",\"datePublished\":\"2023-07-20T09:38:12+00:00\",\"dateModified\":\"2023-07-20T09:38:14+00:00\",\"author\":{\"@id\":\"https:\/\/www.gaveanews.com\/#\/schema\/person\/2ec14f73fb96be2caf28f91afb14749d\"},\"breadcrumb\":{\"@id\":\"https:\/\/www.gaveanews.com\/index.php\/2023\/07\/20\/ex-jogador-do-flamengo-confirma-que-conversou-com-jorge-sampaoli-para-retornar-ao-clube\/#breadcrumb\"},\"inLanguage\":\"pt-BR\",\"potentialAction\":[{\"@type\":\"ReadAction\",\"target\":[\"https:\/\/www.gaveanews.com\/index.php\/2023\/07\/20\/ex-jogador-do-flamengo-confirma-que-conversou-com-jorge-sampaoli-para-retornar-ao-clube\/\"]}]},{\"@type\":\"ImageObject\",\"inLanguage\":\"pt-BR\",\"@id\":\"https:\/\/www.gaveanews.com\/index.php\/2023\/07\/20\/ex-jogador-do-flamengo-confirma-que-conversou-com-jorge-sampaoli-para-retornar-ao-clube\/#primaryimage\",\"url\":\"https:\/\/www.gaveanews.com\/wp-content\/uploads\/2019\/03\/Jean-Lucas-durante-treinamento-no-Ninho-do-Urubu.webp\",\"contentUrl\":\"https:\/\/www.gaveanews.com\/wp-content\/uploads\/2019\/03\/Jean-Lucas-durante-treinamento-no-Ninho-do-Urubu.webp\",\"width\":880,\"height\":586,\"caption\":\"Jean Lucas durante treinamento no Ninho do Urubu (Foto: Gilvan de Souza\/Flamengo)\"},{\"@type\":\"BreadcrumbList\",\"@id\":\"https:\/\/www.gaveanews.com\/index.php\/2023\/07\/20\/ex-jogador-do-flamengo-confirma-que-conversou-com-jorge-sampaoli-para-retornar-ao-clube\/#breadcrumb\",\"itemListElement\":[{\"@type\":\"ListItem\",\"position\":1,\"name\":\"Home\",\"item\":\"https:\/\/www.gaveanews.com\/\"},{\"@type\":\"ListItem\",\"position\":2,\"name\":\"Ex-jogador do Flamengo confirma que conversou com Jorge Sampaoli para retornar ao clube\"}]},{\"@type\":\"WebSite\",\"@id\":\"https:\/\/www.gaveanews.com\/#website\",\"url\":\"https:\/\/www.gaveanews.com\/\",\"name\":\"G\u00e1vea News\",\"description\":\"Veja todas as not\u00edcias sobre o Flamengo: Contrata\u00e7\u00f5es, categorias de base, resultados das partidas, tabela de classifica\u00e7\u00e3o, pr\u00f3ximos jogos!\",\"potentialAction\":[{\"@type\":\"SearchAction\",\"target\":{\"@type\":\"EntryPoint\",\"urlTemplate\":\"https:\/\/www.gaveanews.com\/?s={search_term_string}\"},\"query-input\":{\"@type\":\"PropertyValueSpecification\",\"valueRequired\":true,\"valueName\":\"search_term_string\"}}],\"inLanguage\":\"pt-BR\"},{\"@type\":\"Person\",\"@id\":\"https:\/\/www.gaveanews.com\/#\/schema\/person\/2ec14f73fb96be2caf28f91afb14749d\",\"name\":\"Equipe G\u00e1vea News\",\"image\":{\"@type\":\"ImageObject\",\"inLanguage\":\"pt-BR\",\"@id\":\"https:\/\/www.gaveanews.com\/#\/schema\/person\/image\/\",\"url\":\"https:\/\/secure.gravatar.com\/avatar\/1e1956f1facbffd3f8fa53a326721950116b3b9dc9bd44939c01180fd4a745a9?s=96&d=mm&r=g\",\"contentUrl\":\"https:\/\/secure.gravatar.com\/avatar\/1e1956f1facbffd3f8fa53a326721950116b3b9dc9bd44939c01180fd4a745a9?s=96&d=mm&r=g\",\"caption\":\"Equipe G\u00e1vea News\"}}]}<\/script>\n<!-- \/ Yoast SEO Premium plugin. -->","yoast_head_json":{"title":"Ex-jogador do Flamengo confirma que conversou com Jorge Sampaoli para retornar ao clube","robots":{"index":"index","follow":"follow","max-snippet":"max-snippet:-1","max-image-preview":"max-image-preview:large","max-video-preview":"max-video-preview:-1"},"canonical":"https:\/\/www.gaveanews.com\/index.php\/2023\/07\/20\/ex-jogador-do-flamengo-confirma-que-conversou-com-jorge-sampaoli-para-retornar-ao-clube\/","og_locale":"pt_BR","og_type":"article","og_title":"Ex-jogador do Flamengo confirma que conversou com Jorge Sampaoli para retornar ao clube","og_description":"Revelado pelo Flamengo, o volante Jean Lucas teve chances de voltar ao clube carioca. Novo refor\u00e7o do Santos, ele revelou ter conversado com o t\u00e9cnico Jorge Sampaoli, com quem trabalhou no Peixe em 2019, para um poss\u00edvel retorno ao Rubro-Negro, antes de acertar com seu novo clube. \u201cTive a conversa com o Sampaoli, mas h\u00e1 [&hellip;]","og_url":"https:\/\/www.gaveanews.com\/index.php\/2023\/07\/20\/ex-jogador-do-flamengo-confirma-que-conversou-com-jorge-sampaoli-para-retornar-ao-clube\/","og_site_name":"G\u00e1vea News","article_publisher":"https:\/\/facebook.com\/gaveaNews\/","article_published_time":"2023-07-20T09:38:12+00:00","article_modified_time":"2023-07-20T09:38:14+00:00","og_image":[{"width":880,"height":586,"url":"https:\/\/www.gaveanews.com\/wp-content\/uploads\/2019\/03\/Jean-Lucas-durante-treinamento-no-Ninho-do-Urubu.webp","type":"image\/jpeg"}],"author":"Equipe G\u00e1vea News","twitter_card":"summary_large_image","twitter_misc":{"Escrito por":"Equipe G\u00e1vea News","Est. tempo de leitura":"2 minutos"},"schema":{"@context":"https:\/\/schema.org","@graph":[{"@type":"NewsArticle","@id":"https:\/\/www.gaveanews.com\/index.php\/2023\/07\/20\/ex-jogador-do-flamengo-confirma-que-conversou-com-jorge-sampaoli-para-retornar-ao-clube\/#article","isPartOf":{"@id":"https:\/\/www.gaveanews.com\/index.php\/2023\/07\/20\/ex-jogador-do-flamengo-confirma-que-conversou-com-jorge-sampaoli-para-retornar-ao-clube\/"},"author":{"name":"Equipe G\u00e1vea News","@id":"https:\/\/www.gaveanews.com\/#\/schema\/person\/2ec14f73fb96be2caf28f91afb14749d"},"headline":"Ex-jogador do Flamengo confirma que conversou com Jorge Sampaoli para retornar ao clube","datePublished":"2023-07-20T09:38:12+00:00","dateModified":"2023-07-20T09:38:14+00:00","mainEntityOfPage":{"@id":"https:\/\/www.gaveanews.com\/index.php\/2023\/07\/20\/ex-jogador-do-flamengo-confirma-que-conversou-com-jorge-sampaoli-para-retornar-ao-clube\/"},"wordCount":232,"commentCount":0,"image":{"@id":"https:\/\/www.gaveanews.com\/index.php\/2023\/07\/20\/ex-jogador-do-flamengo-confirma-que-conversou-com-jorge-sampaoli-para-retornar-ao-clube\/#primaryimage"},"thumbnailUrl":"https:\/\/www.gaveanews.com\/wp-content\/uploads\/2019\/03\/Jean-Lucas-durante-treinamento-no-Ninho-do-Urubu.webp","articleSection":["Negocia\u00e7\u00f5es"],"inLanguage":"pt-BR","potentialAction":[{"@type":"CommentAction","name":"Comment","target":["https:\/\/www.gaveanews.com\/index.php\/2023\/07\/20\/ex-jogador-do-flamengo-confirma-que-conversou-com-jorge-sampaoli-para-retornar-ao-clube\/#respond"]}],"copyrightYear":"2023","copyrightHolder":{"@id":"https:\/\/www.gaveanews.com\/#organization"}},{"@type":"WebPage","@id":"https:\/\/www.gaveanews.com\/index.php\/2023\/07\/20\/ex-jogador-do-flamengo-confirma-que-conversou-com-jorge-sampaoli-para-retornar-ao-clube\/","url":"https:\/\/www.gaveanews.com\/index.php\/2023\/07\/20\/ex-jogador-do-flamengo-confirma-que-conversou-com-jorge-sampaoli-para-retornar-ao-clube\/","name":"Ex-jogador do Flamengo confirma que conversou com Jorge Sampaoli para retornar ao clube","isPartOf":{"@id":"https:\/\/www.gaveanews.com\/#website"},"primaryImageOfPage":{"@id":"https:\/\/www.gaveanews.com\/index.php\/2023\/07\/20\/ex-jogador-do-flamengo-confirma-que-conversou-com-jorge-sampaoli-para-retornar-ao-clube\/#primaryimage"},"image":{"@id":"https:\/\/www.gaveanews.com\/index.php\/2023\/07\/20\/ex-jogador-do-flamengo-confirma-que-conversou-com-jorge-sampaoli-para-retornar-ao-clube\/#primaryimage"},"thumbnailUrl":"https:\/\/www.gaveanews.com\/wp-content\/uploads\/2019\/03\/Jean-Lucas-durante-treinamento-no-Ninho-do-Urubu.webp","datePublished":"2023-07-20T09:38:12+00:00","dateModified":"2023-07-20T09:38:14+00:00","author":{"@id":"https:\/\/www.gaveanews.com\/#\/schema\/person\/2ec14f73fb96be2caf28f91afb14749d"},"breadcrumb":{"@id":"https:\/\/www.gaveanews.com\/index.php\/2023\/07\/20\/ex-jogador-do-flamengo-confirma-que-conversou-com-jorge-sampaoli-para-retornar-ao-clube\/#breadcrumb"},"inLanguage":"pt-BR","potentialAction":[{"@type":"ReadAction","target":["https:\/\/www.gaveanews.com\/index.php\/2023\/07\/20\/ex-jogador-do-flamengo-confirma-que-conversou-com-jorge-sampaoli-para-retornar-ao-clube\/"]}]},{"@type":"ImageObject","inLanguage":"pt-BR","@id":"https:\/\/www.gaveanews.com\/index.php\/2023\/07\/20\/ex-jogador-do-flamengo-confirma-que-conversou-com-jorge-sampaoli-para-retornar-ao-clube\/#primaryimage","url":"https:\/\/www.gaveanews.com\/wp-content\/uploads\/2019\/03\/Jean-Lucas-durante-treinamento-no-Ninho-do-Urubu.webp","contentUrl":"https:\/\/www.gaveanews.com\/wp-content\/uploads\/2019\/03\/Jean-Lucas-durante-treinamento-no-Ninho-do-Urubu.webp","width":880,"height":586,"caption":"Jean Lucas durante treinamento no Ninho do Urubu (Foto: Gilvan de Souza\/Flamengo)"},{"@type":"BreadcrumbList","@id":"https:\/\/www.gaveanews.com\/index.php\/2023\/07\/20\/ex-jogador-do-flamengo-confirma-que-conversou-com-jorge-sampaoli-para-retornar-ao-clube\/#breadcrumb","itemListElement":[{"@type":"ListItem","position":1,"name":"Home","item":"https:\/\/www.gaveanews.com\/"},{"@type":"ListItem","position":2,"name":"Ex-jogador do Flamengo confirma que conversou com Jorge Sampaoli para retornar ao clube"}]},{"@type":"WebSite","@id":"https:\/\/www.gaveanews.com\/#website","url":"https:\/\/www.gaveanews.com\/","name":"G\u00e1vea News","description":"Veja todas as not\u00edcias sobre o Flamengo: Contrata\u00e7\u00f5es, categorias de base, resultados das partidas, tabela de classifica\u00e7\u00e3o, pr\u00f3ximos jogos!","potentialAction":[{"@type":"SearchAction","target":{"@type":"EntryPoint","urlTemplate":"https:\/\/www.gaveanews.com\/?s={search_term_string}"},"query-input":{"@type":"PropertyValueSpecification","valueRequired":true,"valueName":"search_term_string"}}],"inLanguage":"pt-BR"},{"@type":"Person","@id":"https:\/\/www.gaveanews.com\/#\/schema\/person\/2ec14f73fb96be2caf28f91afb14749d","name":"Equipe G\u00e1vea News","image":{"@type":"ImageObject","inLanguage":"pt-BR","@id":"https:\/\/www.gaveanews.com\/#\/schema\/person\/image\/","url":"https:\/\/secure.gravatar.com\/avatar\/1e1956f1facbffd3f8fa53a326721950116b3b9dc9bd44939c01180fd4a745a9?s=96&d=mm&r=g","contentUrl":"https:\/\/secure.gravatar.com\/avatar\/1e1956f1facbffd3f8fa53a326721950116b3b9dc9bd44939c01180fd4a745a9?s=96&d=mm&r=g","caption":"Equipe G\u00e1vea News"}}]}},"_links":{"self":[{"href":"https:\/\/www.gaveanews.com\/index.php\/wp-json\/wp\/v2\/posts\/102989","targetHints":{"allow":["GET"]}}],"collection":[{"href":"https:\/\/www.gaveanews.com\/index.php\/wp-json\/wp\/v2\/posts"}],"about":[{"href":"https:\/\/www.gaveanews.com\/index.php\/wp-json\/wp\/v2\/types\/post"}],"author":[{"embeddable":true,"href":"https:\/\/www.gaveanews.com\/index.php\/wp-json\/wp\/v2\/users\/1"}],"replies":[{"embeddable":true,"href":"https:\/\/www.gaveanews.com\/index.php\/wp-json\/wp\/v2\/comments?post=102989"}],"version-history":[{"count":0,"href":"https:\/\/www.gaveanews.com\/index.php\/wp-json\/wp\/v2\/posts\/102989\/revisions"}],"wp:featuredmedia":[{"embeddable":true,"href":"https:\/\/www.gaveanews.com\/index.php\/wp-json\/wp\/v2\/media\/14545"}],"wp:attachment":[{"href":"https:\/\/www.gaveanews.com\/index.php\/wp-json\/wp\/v2\/media?parent=102989"}],"wp:term":[{"taxonomy":"category","embeddable":true,"href":"https:\/\/www.gaveanews.com\/index.php\/wp-json\/wp\/v2\/categories?post=102989"},{"taxonomy":"post_tag","embeddable":true,"href":"https:\/\/www.gaveanews.com\/index.php\/wp-json\/wp\/v2\/tags?post=102989"}],"curies":[{"name":"wp","href":"https:\/\/api.w.org\/{rel}","templated":true}]}}