{"id":103005,"date":"2023-07-20T09:59:52","date_gmt":"2023-07-20T12:59:52","guid":{"rendered":"https:\/\/www.gaveanews.com\/?p=103005"},"modified":"2023-07-20T09:59:55","modified_gmt":"2023-07-20T12:59:55","slug":"em-negociacao-com-o-flamengo-entenda-porque-claudinho-do-zenit-nao-pode-acionar-a-clausula-de-guerra","status":"publish","type":"post","link":"https:\/\/www.gaveanews.com\/index.php\/2023\/07\/20\/em-negociacao-com-o-flamengo-entenda-porque-claudinho-do-zenit-nao-pode-acionar-a-clausula-de-guerra\/","title":{"rendered":"Em negocia\u00e7\u00e3o com o Flamengo, entenda porque Claudinho do Zenit n\u00e3o pode acionar a cl\u00e1usula de guerra"},"content":{"rendered":"\n<p>O Flamengo recebeu o sinal verde do Zenit para avan\u00e7ar nas negocia\u00e7\u00f5es por Claudinho, e os clubes, agora, se preparam para falar sobre valores e forma de pagamento. A expectativa rubro-negra \u00e9 por um desfecho positivo nas tratativas. Mas, afinal, por que Claudinho n\u00e3o pode acionar a cl\u00e1usula de guerra da Fifa para acertar com o Fla?<\/p>\n\n\n\n<p>Com o andamento da guerra entre R\u00fassia e Ucr\u00e2nia e sem previs\u00e3o de fim dos confrontos, em maio deste ano, a Fifa adotou uma medida que autoriza aos jogadores a paralisa\u00e7\u00e3o dos contratos at\u00e9 30 de junho de 2024. De acordo com a entidade, tanto atletas quanto t\u00e9cnicos podem romper os v\u00ednculos de forma unilateral at\u00e9 o fim do prazo estipulado.<\/p>\n\n\n\n<p>Entretanto, a cl\u00e1usula de guerra da Fifa tem uma particularidade que impede que Claudinho acione a norma: a recente renova\u00e7\u00e3o contratual. Conforme as diretrizes, jogadores que assinaram novos v\u00ednculos ou retornaram aos pa\u00edses envolvidos nos confrontos depois de 7 de mar\u00e7o de 2022 n\u00e3o se enquadram.<\/p>\n\n\n\n<p>Claudinho renovou contrato com o Zenit no dia 22 de junho de 2022 e acertou novo v\u00ednculo por tr\u00eas anos, com validade at\u00e9 junho de 2027. Dessa forma, o meia-atacante n\u00e3o est\u00e1 apto a acionar a &#8216;cl\u00e1usula de guerra&#8217; da Fifa para deixar o pa\u00eds e assinar com outro clube, no caso, o Flamengo.<\/p>\n\n\n\n<p>Ainda que n\u00e3o seja poss\u00edvel acionar a cl\u00e1usula de guerras, as negocia\u00e7\u00f5es entre Flamengo, Claudinho e Zeni seguem em andamento. Com o jogador, o Fla j\u00e1 tem tudo acertado, inclusive base salarial e tempo de contrato. Agora, basta ajustar com os russos os valores e forma de pagamento da transfer\u00eancia.<\/p>\n\n\n\n<p>O Flamengo sinalizou uma proposta de 15 milh\u00f5es de euros (aproximadamente R$ 80 milh\u00f5es) por 100% dos direitos econ\u00f4micos de Claudinho. A janela de transfer\u00eancias deste meio do ano fecha no dia 2 de agosto, mas o Fla tamb\u00e9m se atentar ao prazo para a inscri\u00e7\u00e3o de atletas nas competi\u00e7\u00f5es em andamento.<\/p>\n\n\n\n<p>Retirado de: Lance<\/p>\n","protected":false},"excerpt":{"rendered":"<p>O Flamengo recebeu o sinal verde do Zenit para avan\u00e7ar nas negocia\u00e7\u00f5es por Claudinho, e os clubes, agora, se preparam para falar sobre valores e forma de pagamento. A expectativa rubro-negra \u00e9 por um desfecho positivo nas tratativas. Mas, afinal, por que Claudinho n\u00e3o pode acionar a cl\u00e1usula de guerra da Fifa para acertar com [&hellip;]<\/p>\n","protected":false},"author":6,"featured_media":103007,"comment_status":"open","ping_status":"closed","sticky":false,"template":"","format":"standard","meta":{"footnotes":""},"categories":[48],"tags":[],"class_list":["post-103005","post","type-post","status-publish","format-standard","has-post-thumbnail","hentry","category-negociacoes"],"yoast_head":"<!-- This site is optimized with the Yoast SEO Premium plugin v24.2 (Yoast SEO v26.9) - https:\/\/yoast.com\/product\/yoast-seo-premium-wordpress\/ -->\n<title>Em negocia\u00e7\u00e3o com o Flamengo, entenda porque Claudinho do Zenit n\u00e3o pode acionar a cl\u00e1usula de guerra<\/title>\n<meta name=\"robots\" content=\"index, follow, max-snippet:-1, max-image-preview:large, max-video-preview:-1\" \/>\n<link rel=\"canonical\" href=\"https:\/\/www.gaveanews.com\/index.php\/2023\/07\/20\/em-negociacao-com-o-flamengo-entenda-porque-claudinho-do-zenit-nao-pode-acionar-a-clausula-de-guerra\/\" \/>\n<meta property=\"og:locale\" content=\"pt_BR\" \/>\n<meta property=\"og:type\" content=\"article\" \/>\n<meta property=\"og:title\" content=\"Em negocia\u00e7\u00e3o com o Flamengo, entenda porque Claudinho do Zenit n\u00e3o pode acionar a cl\u00e1usula de guerra\" \/>\n<meta property=\"og:description\" content=\"O Flamengo recebeu o sinal verde do Zenit para avan\u00e7ar nas negocia\u00e7\u00f5es por Claudinho, e os clubes, agora, se preparam para falar sobre valores e forma de pagamento. A expectativa rubro-negra \u00e9 por um desfecho positivo nas tratativas. Mas, afinal, por que Claudinho n\u00e3o pode acionar a cl\u00e1usula de guerra da Fifa para acertar com [&hellip;]\" \/>\n<meta property=\"og:url\" content=\"https:\/\/www.gaveanews.com\/index.php\/2023\/07\/20\/em-negociacao-com-o-flamengo-entenda-porque-claudinho-do-zenit-nao-pode-acionar-a-clausula-de-guerra\/\" \/>\n<meta property=\"og:site_name\" content=\"G\u00e1vea News\" \/>\n<meta property=\"article:publisher\" content=\"https:\/\/facebook.com\/gaveaNews\/\" \/>\n<meta property=\"article:published_time\" content=\"2023-07-20T12:59:52+00:00\" \/>\n<meta property=\"article:modified_time\" content=\"2023-07-20T12:59:55+00:00\" \/>\n<meta property=\"og:image\" content=\"https:\/\/www.gaveanews.com\/wp-content\/uploads\/chrome_3N2hqI23Ew.webp\" \/>\n\t<meta property=\"og:image:width\" content=\"777\" \/>\n\t<meta property=\"og:image:height\" content=\"522\" \/>\n\t<meta property=\"og:image:type\" content=\"image\/png\" \/>\n<meta name=\"author\" content=\"Leonardo Ant\u00f4nio\" \/>\n<meta name=\"twitter:card\" content=\"summary_large_image\" \/>\n<meta name=\"twitter:label1\" content=\"Escrito por\" \/>\n\t<meta name=\"twitter:data1\" content=\"Leonardo Ant\u00f4nio\" \/>\n\t<meta name=\"twitter:label2\" content=\"Est. tempo de leitura\" \/>\n\t<meta name=\"twitter:data2\" content=\"2 minutos\" \/>\n<script type=\"application\/ld+json\" class=\"yoast-schema-graph\">{\"@context\":\"https:\/\/schema.org\",\"@graph\":[{\"@type\":\"NewsArticle\",\"@id\":\"https:\/\/www.gaveanews.com\/index.php\/2023\/07\/20\/em-negociacao-com-o-flamengo-entenda-porque-claudinho-do-zenit-nao-pode-acionar-a-clausula-de-guerra\/#article\",\"isPartOf\":{\"@id\":\"https:\/\/www.gaveanews.com\/index.php\/2023\/07\/20\/em-negociacao-com-o-flamengo-entenda-porque-claudinho-do-zenit-nao-pode-acionar-a-clausula-de-guerra\/\"},\"author\":{\"name\":\"Leonardo Ant\u00f4nio\",\"@id\":\"https:\/\/www.gaveanews.com\/#\/schema\/person\/2d29802e96a726e735077717fb5c6f20\"},\"headline\":\"Em negocia\u00e7\u00e3o com o Flamengo, entenda porque Claudinho do Zenit n\u00e3o pode acionar a cl\u00e1usula de guerra\",\"datePublished\":\"2023-07-20T12:59:52+00:00\",\"dateModified\":\"2023-07-20T12:59:55+00:00\",\"mainEntityOfPage\":{\"@id\":\"https:\/\/www.gaveanews.com\/index.php\/2023\/07\/20\/em-negociacao-com-o-flamengo-entenda-porque-claudinho-do-zenit-nao-pode-acionar-a-clausula-de-guerra\/\"},\"wordCount\":364,\"commentCount\":0,\"image\":{\"@id\":\"https:\/\/www.gaveanews.com\/index.php\/2023\/07\/20\/em-negociacao-com-o-flamengo-entenda-porque-claudinho-do-zenit-nao-pode-acionar-a-clausula-de-guerra\/#primaryimage\"},\"thumbnailUrl\":\"https:\/\/www.gaveanews.com\/wp-content\/uploads\/chrome_3N2hqI23Ew.webp\",\"articleSection\":[\"Negocia\u00e7\u00f5es\"],\"inLanguage\":\"pt-BR\",\"potentialAction\":[{\"@type\":\"CommentAction\",\"name\":\"Comment\",\"target\":[\"https:\/\/www.gaveanews.com\/index.php\/2023\/07\/20\/em-negociacao-com-o-flamengo-entenda-porque-claudinho-do-zenit-nao-pode-acionar-a-clausula-de-guerra\/#respond\"]}],\"copyrightYear\":\"2023\",\"copyrightHolder\":{\"@id\":\"https:\/\/www.gaveanews.com\/#organization\"}},{\"@type\":\"WebPage\",\"@id\":\"https:\/\/www.gaveanews.com\/index.php\/2023\/07\/20\/em-negociacao-com-o-flamengo-entenda-porque-claudinho-do-zenit-nao-pode-acionar-a-clausula-de-guerra\/\",\"url\":\"https:\/\/www.gaveanews.com\/index.php\/2023\/07\/20\/em-negociacao-com-o-flamengo-entenda-porque-claudinho-do-zenit-nao-pode-acionar-a-clausula-de-guerra\/\",\"name\":\"Em negocia\u00e7\u00e3o com o Flamengo, entenda porque Claudinho do Zenit n\u00e3o pode acionar a cl\u00e1usula de guerra\",\"isPartOf\":{\"@id\":\"https:\/\/www.gaveanews.com\/#website\"},\"primaryImageOfPage\":{\"@id\":\"https:\/\/www.gaveanews.com\/index.php\/2023\/07\/20\/em-negociacao-com-o-flamengo-entenda-porque-claudinho-do-zenit-nao-pode-acionar-a-clausula-de-guerra\/#primaryimage\"},\"image\":{\"@id\":\"https:\/\/www.gaveanews.com\/index.php\/2023\/07\/20\/em-negociacao-com-o-flamengo-entenda-porque-claudinho-do-zenit-nao-pode-acionar-a-clausula-de-guerra\/#primaryimage\"},\"thumbnailUrl\":\"https:\/\/www.gaveanews.com\/wp-content\/uploads\/chrome_3N2hqI23Ew.webp\",\"datePublished\":\"2023-07-20T12:59:52+00:00\",\"dateModified\":\"2023-07-20T12:59:55+00:00\",\"author\":{\"@id\":\"https:\/\/www.gaveanews.com\/#\/schema\/person\/2d29802e96a726e735077717fb5c6f20\"},\"breadcrumb\":{\"@id\":\"https:\/\/www.gaveanews.com\/index.php\/2023\/07\/20\/em-negociacao-com-o-flamengo-entenda-porque-claudinho-do-zenit-nao-pode-acionar-a-clausula-de-guerra\/#breadcrumb\"},\"inLanguage\":\"pt-BR\",\"potentialAction\":[{\"@type\":\"ReadAction\",\"target\":[\"https:\/\/www.gaveanews.com\/index.php\/2023\/07\/20\/em-negociacao-com-o-flamengo-entenda-porque-claudinho-do-zenit-nao-pode-acionar-a-clausula-de-guerra\/\"]}]},{\"@type\":\"ImageObject\",\"inLanguage\":\"pt-BR\",\"@id\":\"https:\/\/www.gaveanews.com\/index.php\/2023\/07\/20\/em-negociacao-com-o-flamengo-entenda-porque-claudinho-do-zenit-nao-pode-acionar-a-clausula-de-guerra\/#primaryimage\",\"url\":\"https:\/\/www.gaveanews.com\/wp-content\/uploads\/chrome_3N2hqI23Ew.webp\",\"contentUrl\":\"https:\/\/www.gaveanews.com\/wp-content\/uploads\/chrome_3N2hqI23Ew.webp\",\"width\":777,\"height\":522,\"caption\":\"Claudinho em jogo pelo Zenit (Foto: Reprodu\u00e7\u00e3o)\"},{\"@type\":\"BreadcrumbList\",\"@id\":\"https:\/\/www.gaveanews.com\/index.php\/2023\/07\/20\/em-negociacao-com-o-flamengo-entenda-porque-claudinho-do-zenit-nao-pode-acionar-a-clausula-de-guerra\/#breadcrumb\",\"itemListElement\":[{\"@type\":\"ListItem\",\"position\":1,\"name\":\"Home\",\"item\":\"https:\/\/www.gaveanews.com\/\"},{\"@type\":\"ListItem\",\"position\":2,\"name\":\"Em negocia\u00e7\u00e3o com o Flamengo, entenda porque Claudinho do Zenit n\u00e3o pode acionar a cl\u00e1usula de guerra\"}]},{\"@type\":\"WebSite\",\"@id\":\"https:\/\/www.gaveanews.com\/#website\",\"url\":\"https:\/\/www.gaveanews.com\/\",\"name\":\"G\u00e1vea News\",\"description\":\"Veja todas as not\u00edcias sobre o Flamengo: Contrata\u00e7\u00f5es, categorias de base, resultados das partidas, tabela de classifica\u00e7\u00e3o, pr\u00f3ximos jogos!\",\"potentialAction\":[{\"@type\":\"SearchAction\",\"target\":{\"@type\":\"EntryPoint\",\"urlTemplate\":\"https:\/\/www.gaveanews.com\/?s={search_term_string}\"},\"query-input\":{\"@type\":\"PropertyValueSpecification\",\"valueRequired\":true,\"valueName\":\"search_term_string\"}}],\"inLanguage\":\"pt-BR\"},{\"@type\":\"Person\",\"@id\":\"https:\/\/www.gaveanews.com\/#\/schema\/person\/2d29802e96a726e735077717fb5c6f20\",\"name\":\"Leonardo Ant\u00f4nio\",\"image\":{\"@type\":\"ImageObject\",\"inLanguage\":\"pt-BR\",\"@id\":\"https:\/\/www.gaveanews.com\/#\/schema\/person\/image\/\",\"url\":\"https:\/\/secure.gravatar.com\/avatar\/b9ffc9ff64af5c915e7cb1824991ab1b4aa29b902a6a9a83be9d1c8ba449fce8?s=96&d=mm&r=g\",\"contentUrl\":\"https:\/\/secure.gravatar.com\/avatar\/b9ffc9ff64af5c915e7cb1824991ab1b4aa29b902a6a9a83be9d1c8ba449fce8?s=96&d=mm&r=g\",\"caption\":\"Leonardo Ant\u00f4nio\"}}]}<\/script>\n<!-- \/ Yoast SEO Premium plugin. -->","yoast_head_json":{"title":"Em negocia\u00e7\u00e3o com o Flamengo, entenda porque Claudinho do Zenit n\u00e3o pode acionar a cl\u00e1usula de guerra","robots":{"index":"index","follow":"follow","max-snippet":"max-snippet:-1","max-image-preview":"max-image-preview:large","max-video-preview":"max-video-preview:-1"},"canonical":"https:\/\/www.gaveanews.com\/index.php\/2023\/07\/20\/em-negociacao-com-o-flamengo-entenda-porque-claudinho-do-zenit-nao-pode-acionar-a-clausula-de-guerra\/","og_locale":"pt_BR","og_type":"article","og_title":"Em negocia\u00e7\u00e3o com o Flamengo, entenda porque Claudinho do Zenit n\u00e3o pode acionar a cl\u00e1usula de guerra","og_description":"O Flamengo recebeu o sinal verde do Zenit para avan\u00e7ar nas negocia\u00e7\u00f5es por Claudinho, e os clubes, agora, se preparam para falar sobre valores e forma de pagamento. A expectativa rubro-negra \u00e9 por um desfecho positivo nas tratativas. Mas, afinal, por que Claudinho n\u00e3o pode acionar a cl\u00e1usula de guerra da Fifa para acertar com [&hellip;]","og_url":"https:\/\/www.gaveanews.com\/index.php\/2023\/07\/20\/em-negociacao-com-o-flamengo-entenda-porque-claudinho-do-zenit-nao-pode-acionar-a-clausula-de-guerra\/","og_site_name":"G\u00e1vea News","article_publisher":"https:\/\/facebook.com\/gaveaNews\/","article_published_time":"2023-07-20T12:59:52+00:00","article_modified_time":"2023-07-20T12:59:55+00:00","og_image":[{"width":777,"height":522,"url":"https:\/\/www.gaveanews.com\/wp-content\/uploads\/chrome_3N2hqI23Ew.webp","type":"image\/png"}],"author":"Leonardo Ant\u00f4nio","twitter_card":"summary_large_image","twitter_misc":{"Escrito por":"Leonardo Ant\u00f4nio","Est. tempo de leitura":"2 minutos"},"schema":{"@context":"https:\/\/schema.org","@graph":[{"@type":"NewsArticle","@id":"https:\/\/www.gaveanews.com\/index.php\/2023\/07\/20\/em-negociacao-com-o-flamengo-entenda-porque-claudinho-do-zenit-nao-pode-acionar-a-clausula-de-guerra\/#article","isPartOf":{"@id":"https:\/\/www.gaveanews.com\/index.php\/2023\/07\/20\/em-negociacao-com-o-flamengo-entenda-porque-claudinho-do-zenit-nao-pode-acionar-a-clausula-de-guerra\/"},"author":{"name":"Leonardo Ant\u00f4nio","@id":"https:\/\/www.gaveanews.com\/#\/schema\/person\/2d29802e96a726e735077717fb5c6f20"},"headline":"Em negocia\u00e7\u00e3o com o Flamengo, entenda porque Claudinho do Zenit n\u00e3o pode acionar a cl\u00e1usula de guerra","datePublished":"2023-07-20T12:59:52+00:00","dateModified":"2023-07-20T12:59:55+00:00","mainEntityOfPage":{"@id":"https:\/\/www.gaveanews.com\/index.php\/2023\/07\/20\/em-negociacao-com-o-flamengo-entenda-porque-claudinho-do-zenit-nao-pode-acionar-a-clausula-de-guerra\/"},"wordCount":364,"commentCount":0,"image":{"@id":"https:\/\/www.gaveanews.com\/index.php\/2023\/07\/20\/em-negociacao-com-o-flamengo-entenda-porque-claudinho-do-zenit-nao-pode-acionar-a-clausula-de-guerra\/#primaryimage"},"thumbnailUrl":"https:\/\/www.gaveanews.com\/wp-content\/uploads\/chrome_3N2hqI23Ew.webp","articleSection":["Negocia\u00e7\u00f5es"],"inLanguage":"pt-BR","potentialAction":[{"@type":"CommentAction","name":"Comment","target":["https:\/\/www.gaveanews.com\/index.php\/2023\/07\/20\/em-negociacao-com-o-flamengo-entenda-porque-claudinho-do-zenit-nao-pode-acionar-a-clausula-de-guerra\/#respond"]}],"copyrightYear":"2023","copyrightHolder":{"@id":"https:\/\/www.gaveanews.com\/#organization"}},{"@type":"WebPage","@id":"https:\/\/www.gaveanews.com\/index.php\/2023\/07\/20\/em-negociacao-com-o-flamengo-entenda-porque-claudinho-do-zenit-nao-pode-acionar-a-clausula-de-guerra\/","url":"https:\/\/www.gaveanews.com\/index.php\/2023\/07\/20\/em-negociacao-com-o-flamengo-entenda-porque-claudinho-do-zenit-nao-pode-acionar-a-clausula-de-guerra\/","name":"Em negocia\u00e7\u00e3o com o Flamengo, entenda porque Claudinho do Zenit n\u00e3o pode acionar a cl\u00e1usula de guerra","isPartOf":{"@id":"https:\/\/www.gaveanews.com\/#website"},"primaryImageOfPage":{"@id":"https:\/\/www.gaveanews.com\/index.php\/2023\/07\/20\/em-negociacao-com-o-flamengo-entenda-porque-claudinho-do-zenit-nao-pode-acionar-a-clausula-de-guerra\/#primaryimage"},"image":{"@id":"https:\/\/www.gaveanews.com\/index.php\/2023\/07\/20\/em-negociacao-com-o-flamengo-entenda-porque-claudinho-do-zenit-nao-pode-acionar-a-clausula-de-guerra\/#primaryimage"},"thumbnailUrl":"https:\/\/www.gaveanews.com\/wp-content\/uploads\/chrome_3N2hqI23Ew.webp","datePublished":"2023-07-20T12:59:52+00:00","dateModified":"2023-07-20T12:59:55+00:00","author":{"@id":"https:\/\/www.gaveanews.com\/#\/schema\/person\/2d29802e96a726e735077717fb5c6f20"},"breadcrumb":{"@id":"https:\/\/www.gaveanews.com\/index.php\/2023\/07\/20\/em-negociacao-com-o-flamengo-entenda-porque-claudinho-do-zenit-nao-pode-acionar-a-clausula-de-guerra\/#breadcrumb"},"inLanguage":"pt-BR","potentialAction":[{"@type":"ReadAction","target":["https:\/\/www.gaveanews.com\/index.php\/2023\/07\/20\/em-negociacao-com-o-flamengo-entenda-porque-claudinho-do-zenit-nao-pode-acionar-a-clausula-de-guerra\/"]}]},{"@type":"ImageObject","inLanguage":"pt-BR","@id":"https:\/\/www.gaveanews.com\/index.php\/2023\/07\/20\/em-negociacao-com-o-flamengo-entenda-porque-claudinho-do-zenit-nao-pode-acionar-a-clausula-de-guerra\/#primaryimage","url":"https:\/\/www.gaveanews.com\/wp-content\/uploads\/chrome_3N2hqI23Ew.webp","contentUrl":"https:\/\/www.gaveanews.com\/wp-content\/uploads\/chrome_3N2hqI23Ew.webp","width":777,"height":522,"caption":"Claudinho em jogo pelo Zenit (Foto: Reprodu\u00e7\u00e3o)"},{"@type":"BreadcrumbList","@id":"https:\/\/www.gaveanews.com\/index.php\/2023\/07\/20\/em-negociacao-com-o-flamengo-entenda-porque-claudinho-do-zenit-nao-pode-acionar-a-clausula-de-guerra\/#breadcrumb","itemListElement":[{"@type":"ListItem","position":1,"name":"Home","item":"https:\/\/www.gaveanews.com\/"},{"@type":"ListItem","position":2,"name":"Em negocia\u00e7\u00e3o com o Flamengo, entenda porque Claudinho do Zenit n\u00e3o pode acionar a cl\u00e1usula de guerra"}]},{"@type":"WebSite","@id":"https:\/\/www.gaveanews.com\/#website","url":"https:\/\/www.gaveanews.com\/","name":"G\u00e1vea News","description":"Veja todas as not\u00edcias sobre o Flamengo: Contrata\u00e7\u00f5es, categorias de base, resultados das partidas, tabela de classifica\u00e7\u00e3o, pr\u00f3ximos jogos!","potentialAction":[{"@type":"SearchAction","target":{"@type":"EntryPoint","urlTemplate":"https:\/\/www.gaveanews.com\/?s={search_term_string}"},"query-input":{"@type":"PropertyValueSpecification","valueRequired":true,"valueName":"search_term_string"}}],"inLanguage":"pt-BR"},{"@type":"Person","@id":"https:\/\/www.gaveanews.com\/#\/schema\/person\/2d29802e96a726e735077717fb5c6f20","name":"Leonardo Ant\u00f4nio","image":{"@type":"ImageObject","inLanguage":"pt-BR","@id":"https:\/\/www.gaveanews.com\/#\/schema\/person\/image\/","url":"https:\/\/secure.gravatar.com\/avatar\/b9ffc9ff64af5c915e7cb1824991ab1b4aa29b902a6a9a83be9d1c8ba449fce8?s=96&d=mm&r=g","contentUrl":"https:\/\/secure.gravatar.com\/avatar\/b9ffc9ff64af5c915e7cb1824991ab1b4aa29b902a6a9a83be9d1c8ba449fce8?s=96&d=mm&r=g","caption":"Leonardo Ant\u00f4nio"}}]}},"_links":{"self":[{"href":"https:\/\/www.gaveanews.com\/index.php\/wp-json\/wp\/v2\/posts\/103005","targetHints":{"allow":["GET"]}}],"collection":[{"href":"https:\/\/www.gaveanews.com\/index.php\/wp-json\/wp\/v2\/posts"}],"about":[{"href":"https:\/\/www.gaveanews.com\/index.php\/wp-json\/wp\/v2\/types\/post"}],"author":[{"embeddable":true,"href":"https:\/\/www.gaveanews.com\/index.php\/wp-json\/wp\/v2\/users\/6"}],"replies":[{"embeddable":true,"href":"https:\/\/www.gaveanews.com\/index.php\/wp-json\/wp\/v2\/comments?post=103005"}],"version-history":[{"count":0,"href":"https:\/\/www.gaveanews.com\/index.php\/wp-json\/wp\/v2\/posts\/103005\/revisions"}],"wp:featuredmedia":[{"embeddable":true,"href":"https:\/\/www.gaveanews.com\/index.php\/wp-json\/wp\/v2\/media\/103007"}],"wp:attachment":[{"href":"https:\/\/www.gaveanews.com\/index.php\/wp-json\/wp\/v2\/media?parent=103005"}],"wp:term":[{"taxonomy":"category","embeddable":true,"href":"https:\/\/www.gaveanews.com\/index.php\/wp-json\/wp\/v2\/categories?post=103005"},{"taxonomy":"post_tag","embeddable":true,"href":"https:\/\/www.gaveanews.com\/index.php\/wp-json\/wp\/v2\/tags?post=103005"}],"curies":[{"name":"wp","href":"https:\/\/api.w.org\/{rel}","templated":true}]}}