{"id":103040,"date":"2023-07-20T19:50:48","date_gmt":"2023-07-20T22:50:48","guid":{"rendered":"https:\/\/www.gaveanews.com\/?p=103040"},"modified":"2023-07-20T19:50:51","modified_gmt":"2023-07-20T22:50:51","slug":"flamengo-espera-receber-270-milhoes-de-reais-com-duas-vendas","status":"publish","type":"post","link":"https:\/\/www.gaveanews.com\/index.php\/2023\/07\/20\/flamengo-espera-receber-270-milhoes-de-reais-com-duas-vendas\/","title":{"rendered":"Flamengo espera receber 270 milh\u00f5es de reais com duas vendas"},"content":{"rendered":"\n<p>Al\u00e9m das contrata\u00e7\u00f5es que busca fechar, o Flamengo tamb\u00e9m est\u00e1 atento em eventuais sa\u00eddas. Recentemente, o clube carioca recebeu uma proposta do Crystal Palace por Matheus Fran\u00e7a. O Chelsea tamb\u00e9m est\u00e1 no p\u00e1reo, mas ainda n\u00e3o enviou oferta.<\/p>\n\n\n\n<p>O jovem \u00e9 visto como o mais prov\u00e1vel para ser negociado e o Rubro-Negro ajusta os pre\u00e7os para vend\u00ea-lo por 25 milh\u00f5es de euros. Al\u00e9m dele, outro jogador pode receber propostas. De acordo com o Globo Esporte, o Lyon est\u00e1 interessado em Victor Hugo.<\/p>\n\n\n\n<p>O clube franc\u00eas enxerga no meio-campista caracter\u00edsticas semelhantes as de Lucas Paquet\u00e1, que brilhou na Fran\u00e7a. At\u00e9 o momento, n\u00e3o h\u00e1 proposta na mesa do Flamengo. O Rubro-Negro atingiu as metas or\u00e7ament\u00e1rias com venda de jogadores e mant\u00e9m cautela sobre negociar os jogadores.<\/p>\n\n\n\n<p>Por conta desta situa\u00e7\u00e3o, as vendas s\u00f3 ir\u00e3o ser realizadas em caso de propostas vantajosas. Conforme dito anteriormente, o valor m\u00ednimo por Fran\u00e7a \u00e9 de 25 milh\u00f5es de euros. J\u00e1 em rela\u00e7\u00e3o a Victor, o Fla espera receber 27,5 milh\u00f5es de euros. Desta forma, com ambas as vendas, o time da G\u00e1vea projeta receber cerca de 270 milh\u00f5es de reais.  <\/p>\n\n\n\n<p>Por fim, o entendimento \u00e9 que as vendas podem acontecer, mas nos valores desejados pelo Flamengo. As partes podem avan\u00e7ar nas negocia\u00e7\u00f5es caso cheguem propostas satisfat\u00f3rias na mesa do clube carioca, que n\u00e3o descarta venda.<\/p>\n\n\n\n<p>Adaptado de: Mercado do Futebol<\/p>\n","protected":false},"excerpt":{"rendered":"<p>Al\u00e9m das contrata\u00e7\u00f5es que busca fechar, o Flamengo tamb\u00e9m est\u00e1 atento em eventuais sa\u00eddas. Recentemente, o clube carioca recebeu uma proposta do Crystal Palace por Matheus Fran\u00e7a. O Chelsea tamb\u00e9m est\u00e1 no p\u00e1reo, mas ainda n\u00e3o enviou oferta. O jovem \u00e9 visto como o mais prov\u00e1vel para ser negociado e o Rubro-Negro ajusta os pre\u00e7os [&hellip;]<\/p>\n","protected":false},"author":1,"featured_media":66783,"comment_status":"open","ping_status":"closed","sticky":false,"template":"","format":"standard","meta":{"footnotes":""},"categories":[1],"tags":[],"class_list":["post-103040","post","type-post","status-publish","format-standard","has-post-thumbnail","hentry","category-flamengo"],"yoast_head":"<!-- This site is optimized with the Yoast SEO Premium plugin v24.2 (Yoast SEO v26.9) - https:\/\/yoast.com\/product\/yoast-seo-premium-wordpress\/ -->\n<title>Flamengo espera receber 270 milh\u00f5es de reais com duas vendas<\/title>\n<meta name=\"robots\" content=\"index, follow, max-snippet:-1, max-image-preview:large, max-video-preview:-1\" \/>\n<link rel=\"canonical\" href=\"https:\/\/www.gaveanews.com\/index.php\/2023\/07\/20\/flamengo-espera-receber-270-milhoes-de-reais-com-duas-vendas\/\" \/>\n<meta property=\"og:locale\" content=\"pt_BR\" \/>\n<meta property=\"og:type\" content=\"article\" \/>\n<meta property=\"og:title\" content=\"Flamengo espera receber 270 milh\u00f5es de reais com duas vendas\" \/>\n<meta property=\"og:description\" content=\"Al\u00e9m das contrata\u00e7\u00f5es que busca fechar, o Flamengo tamb\u00e9m est\u00e1 atento em eventuais sa\u00eddas. Recentemente, o clube carioca recebeu uma proposta do Crystal Palace por Matheus Fran\u00e7a. O Chelsea tamb\u00e9m est\u00e1 no p\u00e1reo, mas ainda n\u00e3o enviou oferta. O jovem \u00e9 visto como o mais prov\u00e1vel para ser negociado e o Rubro-Negro ajusta os pre\u00e7os [&hellip;]\" \/>\n<meta property=\"og:url\" content=\"https:\/\/www.gaveanews.com\/index.php\/2023\/07\/20\/flamengo-espera-receber-270-milhoes-de-reais-com-duas-vendas\/\" \/>\n<meta property=\"og:site_name\" content=\"G\u00e1vea News\" \/>\n<meta property=\"article:publisher\" content=\"https:\/\/facebook.com\/gaveaNews\/\" \/>\n<meta property=\"article:published_time\" content=\"2023-07-20T22:50:48+00:00\" \/>\n<meta property=\"article:modified_time\" content=\"2023-07-20T22:50:51+00:00\" \/>\n<meta property=\"og:image\" content=\"https:\/\/www.gaveanews.com\/wp-content\/uploads\/Marcos-Braz-em-entrevista-coletiva-no-Ninho-do-Urubu-1.webp\" \/>\n\t<meta property=\"og:image:width\" content=\"799\" \/>\n\t<meta property=\"og:image:height\" content=\"532\" \/>\n\t<meta property=\"og:image:type\" content=\"image\/jpeg\" \/>\n<meta name=\"author\" content=\"Equipe G\u00e1vea News\" \/>\n<meta name=\"twitter:card\" content=\"summary_large_image\" \/>\n<meta name=\"twitter:label1\" content=\"Escrito por\" \/>\n\t<meta name=\"twitter:data1\" content=\"Equipe G\u00e1vea News\" \/>\n\t<meta name=\"twitter:label2\" content=\"Est. tempo de leitura\" \/>\n\t<meta name=\"twitter:data2\" content=\"2 minutos\" \/>\n<script type=\"application\/ld+json\" class=\"yoast-schema-graph\">{\"@context\":\"https:\/\/schema.org\",\"@graph\":[{\"@type\":\"NewsArticle\",\"@id\":\"https:\/\/www.gaveanews.com\/index.php\/2023\/07\/20\/flamengo-espera-receber-270-milhoes-de-reais-com-duas-vendas\/#article\",\"isPartOf\":{\"@id\":\"https:\/\/www.gaveanews.com\/index.php\/2023\/07\/20\/flamengo-espera-receber-270-milhoes-de-reais-com-duas-vendas\/\"},\"author\":{\"name\":\"Equipe G\u00e1vea News\",\"@id\":\"https:\/\/www.gaveanews.com\/#\/schema\/person\/2ec14f73fb96be2caf28f91afb14749d\"},\"headline\":\"Flamengo espera receber 270 milh\u00f5es de reais com duas vendas\",\"datePublished\":\"2023-07-20T22:50:48+00:00\",\"dateModified\":\"2023-07-20T22:50:51+00:00\",\"mainEntityOfPage\":{\"@id\":\"https:\/\/www.gaveanews.com\/index.php\/2023\/07\/20\/flamengo-espera-receber-270-milhoes-de-reais-com-duas-vendas\/\"},\"wordCount\":261,\"commentCount\":0,\"image\":{\"@id\":\"https:\/\/www.gaveanews.com\/index.php\/2023\/07\/20\/flamengo-espera-receber-270-milhoes-de-reais-com-duas-vendas\/#primaryimage\"},\"thumbnailUrl\":\"https:\/\/www.gaveanews.com\/wp-content\/uploads\/Marcos-Braz-em-entrevista-coletiva-no-Ninho-do-Urubu-1.webp\",\"articleSection\":[\"Flamengo\"],\"inLanguage\":\"pt-BR\",\"potentialAction\":[{\"@type\":\"CommentAction\",\"name\":\"Comment\",\"target\":[\"https:\/\/www.gaveanews.com\/index.php\/2023\/07\/20\/flamengo-espera-receber-270-milhoes-de-reais-com-duas-vendas\/#respond\"]}],\"copyrightYear\":\"2023\",\"copyrightHolder\":{\"@id\":\"https:\/\/www.gaveanews.com\/#organization\"}},{\"@type\":\"WebPage\",\"@id\":\"https:\/\/www.gaveanews.com\/index.php\/2023\/07\/20\/flamengo-espera-receber-270-milhoes-de-reais-com-duas-vendas\/\",\"url\":\"https:\/\/www.gaveanews.com\/index.php\/2023\/07\/20\/flamengo-espera-receber-270-milhoes-de-reais-com-duas-vendas\/\",\"name\":\"Flamengo espera receber 270 milh\u00f5es de reais com duas vendas\",\"isPartOf\":{\"@id\":\"https:\/\/www.gaveanews.com\/#website\"},\"primaryImageOfPage\":{\"@id\":\"https:\/\/www.gaveanews.com\/index.php\/2023\/07\/20\/flamengo-espera-receber-270-milhoes-de-reais-com-duas-vendas\/#primaryimage\"},\"image\":{\"@id\":\"https:\/\/www.gaveanews.com\/index.php\/2023\/07\/20\/flamengo-espera-receber-270-milhoes-de-reais-com-duas-vendas\/#primaryimage\"},\"thumbnailUrl\":\"https:\/\/www.gaveanews.com\/wp-content\/uploads\/Marcos-Braz-em-entrevista-coletiva-no-Ninho-do-Urubu-1.webp\",\"datePublished\":\"2023-07-20T22:50:48+00:00\",\"dateModified\":\"2023-07-20T22:50:51+00:00\",\"author\":{\"@id\":\"https:\/\/www.gaveanews.com\/#\/schema\/person\/2ec14f73fb96be2caf28f91afb14749d\"},\"breadcrumb\":{\"@id\":\"https:\/\/www.gaveanews.com\/index.php\/2023\/07\/20\/flamengo-espera-receber-270-milhoes-de-reais-com-duas-vendas\/#breadcrumb\"},\"inLanguage\":\"pt-BR\",\"potentialAction\":[{\"@type\":\"ReadAction\",\"target\":[\"https:\/\/www.gaveanews.com\/index.php\/2023\/07\/20\/flamengo-espera-receber-270-milhoes-de-reais-com-duas-vendas\/\"]}]},{\"@type\":\"ImageObject\",\"inLanguage\":\"pt-BR\",\"@id\":\"https:\/\/www.gaveanews.com\/index.php\/2023\/07\/20\/flamengo-espera-receber-270-milhoes-de-reais-com-duas-vendas\/#primaryimage\",\"url\":\"https:\/\/www.gaveanews.com\/wp-content\/uploads\/Marcos-Braz-em-entrevista-coletiva-no-Ninho-do-Urubu-1.webp\",\"contentUrl\":\"https:\/\/www.gaveanews.com\/wp-content\/uploads\/Marcos-Braz-em-entrevista-coletiva-no-Ninho-do-Urubu-1.webp\",\"width\":799,\"height\":532,\"caption\":\"Marcos Braz em entrevista coletiva no Ninho do Urubu (Foto: Alexandre Vidal\/Flamengo)\"},{\"@type\":\"BreadcrumbList\",\"@id\":\"https:\/\/www.gaveanews.com\/index.php\/2023\/07\/20\/flamengo-espera-receber-270-milhoes-de-reais-com-duas-vendas\/#breadcrumb\",\"itemListElement\":[{\"@type\":\"ListItem\",\"position\":1,\"name\":\"Home\",\"item\":\"https:\/\/www.gaveanews.com\/\"},{\"@type\":\"ListItem\",\"position\":2,\"name\":\"Flamengo espera receber 270 milh\u00f5es de reais com duas vendas\"}]},{\"@type\":\"WebSite\",\"@id\":\"https:\/\/www.gaveanews.com\/#website\",\"url\":\"https:\/\/www.gaveanews.com\/\",\"name\":\"G\u00e1vea News\",\"description\":\"Veja todas as not\u00edcias sobre o Flamengo: Contrata\u00e7\u00f5es, categorias de base, resultados das partidas, tabela de classifica\u00e7\u00e3o, pr\u00f3ximos jogos!\",\"potentialAction\":[{\"@type\":\"SearchAction\",\"target\":{\"@type\":\"EntryPoint\",\"urlTemplate\":\"https:\/\/www.gaveanews.com\/?s={search_term_string}\"},\"query-input\":{\"@type\":\"PropertyValueSpecification\",\"valueRequired\":true,\"valueName\":\"search_term_string\"}}],\"inLanguage\":\"pt-BR\"},{\"@type\":\"Person\",\"@id\":\"https:\/\/www.gaveanews.com\/#\/schema\/person\/2ec14f73fb96be2caf28f91afb14749d\",\"name\":\"Equipe G\u00e1vea News\",\"image\":{\"@type\":\"ImageObject\",\"inLanguage\":\"pt-BR\",\"@id\":\"https:\/\/www.gaveanews.com\/#\/schema\/person\/image\/\",\"url\":\"https:\/\/secure.gravatar.com\/avatar\/1e1956f1facbffd3f8fa53a326721950116b3b9dc9bd44939c01180fd4a745a9?s=96&d=mm&r=g\",\"contentUrl\":\"https:\/\/secure.gravatar.com\/avatar\/1e1956f1facbffd3f8fa53a326721950116b3b9dc9bd44939c01180fd4a745a9?s=96&d=mm&r=g\",\"caption\":\"Equipe G\u00e1vea News\"}}]}<\/script>\n<!-- \/ Yoast SEO Premium plugin. -->","yoast_head_json":{"title":"Flamengo espera receber 270 milh\u00f5es de reais com duas vendas","robots":{"index":"index","follow":"follow","max-snippet":"max-snippet:-1","max-image-preview":"max-image-preview:large","max-video-preview":"max-video-preview:-1"},"canonical":"https:\/\/www.gaveanews.com\/index.php\/2023\/07\/20\/flamengo-espera-receber-270-milhoes-de-reais-com-duas-vendas\/","og_locale":"pt_BR","og_type":"article","og_title":"Flamengo espera receber 270 milh\u00f5es de reais com duas vendas","og_description":"Al\u00e9m das contrata\u00e7\u00f5es que busca fechar, o Flamengo tamb\u00e9m est\u00e1 atento em eventuais sa\u00eddas. Recentemente, o clube carioca recebeu uma proposta do Crystal Palace por Matheus Fran\u00e7a. O Chelsea tamb\u00e9m est\u00e1 no p\u00e1reo, mas ainda n\u00e3o enviou oferta. O jovem \u00e9 visto como o mais prov\u00e1vel para ser negociado e o Rubro-Negro ajusta os pre\u00e7os [&hellip;]","og_url":"https:\/\/www.gaveanews.com\/index.php\/2023\/07\/20\/flamengo-espera-receber-270-milhoes-de-reais-com-duas-vendas\/","og_site_name":"G\u00e1vea News","article_publisher":"https:\/\/facebook.com\/gaveaNews\/","article_published_time":"2023-07-20T22:50:48+00:00","article_modified_time":"2023-07-20T22:50:51+00:00","og_image":[{"width":799,"height":532,"url":"https:\/\/www.gaveanews.com\/wp-content\/uploads\/Marcos-Braz-em-entrevista-coletiva-no-Ninho-do-Urubu-1.webp","type":"image\/jpeg"}],"author":"Equipe G\u00e1vea News","twitter_card":"summary_large_image","twitter_misc":{"Escrito por":"Equipe G\u00e1vea News","Est. tempo de leitura":"2 minutos"},"schema":{"@context":"https:\/\/schema.org","@graph":[{"@type":"NewsArticle","@id":"https:\/\/www.gaveanews.com\/index.php\/2023\/07\/20\/flamengo-espera-receber-270-milhoes-de-reais-com-duas-vendas\/#article","isPartOf":{"@id":"https:\/\/www.gaveanews.com\/index.php\/2023\/07\/20\/flamengo-espera-receber-270-milhoes-de-reais-com-duas-vendas\/"},"author":{"name":"Equipe G\u00e1vea News","@id":"https:\/\/www.gaveanews.com\/#\/schema\/person\/2ec14f73fb96be2caf28f91afb14749d"},"headline":"Flamengo espera receber 270 milh\u00f5es de reais com duas vendas","datePublished":"2023-07-20T22:50:48+00:00","dateModified":"2023-07-20T22:50:51+00:00","mainEntityOfPage":{"@id":"https:\/\/www.gaveanews.com\/index.php\/2023\/07\/20\/flamengo-espera-receber-270-milhoes-de-reais-com-duas-vendas\/"},"wordCount":261,"commentCount":0,"image":{"@id":"https:\/\/www.gaveanews.com\/index.php\/2023\/07\/20\/flamengo-espera-receber-270-milhoes-de-reais-com-duas-vendas\/#primaryimage"},"thumbnailUrl":"https:\/\/www.gaveanews.com\/wp-content\/uploads\/Marcos-Braz-em-entrevista-coletiva-no-Ninho-do-Urubu-1.webp","articleSection":["Flamengo"],"inLanguage":"pt-BR","potentialAction":[{"@type":"CommentAction","name":"Comment","target":["https:\/\/www.gaveanews.com\/index.php\/2023\/07\/20\/flamengo-espera-receber-270-milhoes-de-reais-com-duas-vendas\/#respond"]}],"copyrightYear":"2023","copyrightHolder":{"@id":"https:\/\/www.gaveanews.com\/#organization"}},{"@type":"WebPage","@id":"https:\/\/www.gaveanews.com\/index.php\/2023\/07\/20\/flamengo-espera-receber-270-milhoes-de-reais-com-duas-vendas\/","url":"https:\/\/www.gaveanews.com\/index.php\/2023\/07\/20\/flamengo-espera-receber-270-milhoes-de-reais-com-duas-vendas\/","name":"Flamengo espera receber 270 milh\u00f5es de reais com duas vendas","isPartOf":{"@id":"https:\/\/www.gaveanews.com\/#website"},"primaryImageOfPage":{"@id":"https:\/\/www.gaveanews.com\/index.php\/2023\/07\/20\/flamengo-espera-receber-270-milhoes-de-reais-com-duas-vendas\/#primaryimage"},"image":{"@id":"https:\/\/www.gaveanews.com\/index.php\/2023\/07\/20\/flamengo-espera-receber-270-milhoes-de-reais-com-duas-vendas\/#primaryimage"},"thumbnailUrl":"https:\/\/www.gaveanews.com\/wp-content\/uploads\/Marcos-Braz-em-entrevista-coletiva-no-Ninho-do-Urubu-1.webp","datePublished":"2023-07-20T22:50:48+00:00","dateModified":"2023-07-20T22:50:51+00:00","author":{"@id":"https:\/\/www.gaveanews.com\/#\/schema\/person\/2ec14f73fb96be2caf28f91afb14749d"},"breadcrumb":{"@id":"https:\/\/www.gaveanews.com\/index.php\/2023\/07\/20\/flamengo-espera-receber-270-milhoes-de-reais-com-duas-vendas\/#breadcrumb"},"inLanguage":"pt-BR","potentialAction":[{"@type":"ReadAction","target":["https:\/\/www.gaveanews.com\/index.php\/2023\/07\/20\/flamengo-espera-receber-270-milhoes-de-reais-com-duas-vendas\/"]}]},{"@type":"ImageObject","inLanguage":"pt-BR","@id":"https:\/\/www.gaveanews.com\/index.php\/2023\/07\/20\/flamengo-espera-receber-270-milhoes-de-reais-com-duas-vendas\/#primaryimage","url":"https:\/\/www.gaveanews.com\/wp-content\/uploads\/Marcos-Braz-em-entrevista-coletiva-no-Ninho-do-Urubu-1.webp","contentUrl":"https:\/\/www.gaveanews.com\/wp-content\/uploads\/Marcos-Braz-em-entrevista-coletiva-no-Ninho-do-Urubu-1.webp","width":799,"height":532,"caption":"Marcos Braz em entrevista coletiva no Ninho do Urubu (Foto: Alexandre Vidal\/Flamengo)"},{"@type":"BreadcrumbList","@id":"https:\/\/www.gaveanews.com\/index.php\/2023\/07\/20\/flamengo-espera-receber-270-milhoes-de-reais-com-duas-vendas\/#breadcrumb","itemListElement":[{"@type":"ListItem","position":1,"name":"Home","item":"https:\/\/www.gaveanews.com\/"},{"@type":"ListItem","position":2,"name":"Flamengo espera receber 270 milh\u00f5es de reais com duas vendas"}]},{"@type":"WebSite","@id":"https:\/\/www.gaveanews.com\/#website","url":"https:\/\/www.gaveanews.com\/","name":"G\u00e1vea News","description":"Veja todas as not\u00edcias sobre o Flamengo: Contrata\u00e7\u00f5es, categorias de base, resultados das partidas, tabela de classifica\u00e7\u00e3o, pr\u00f3ximos jogos!","potentialAction":[{"@type":"SearchAction","target":{"@type":"EntryPoint","urlTemplate":"https:\/\/www.gaveanews.com\/?s={search_term_string}"},"query-input":{"@type":"PropertyValueSpecification","valueRequired":true,"valueName":"search_term_string"}}],"inLanguage":"pt-BR"},{"@type":"Person","@id":"https:\/\/www.gaveanews.com\/#\/schema\/person\/2ec14f73fb96be2caf28f91afb14749d","name":"Equipe G\u00e1vea News","image":{"@type":"ImageObject","inLanguage":"pt-BR","@id":"https:\/\/www.gaveanews.com\/#\/schema\/person\/image\/","url":"https:\/\/secure.gravatar.com\/avatar\/1e1956f1facbffd3f8fa53a326721950116b3b9dc9bd44939c01180fd4a745a9?s=96&d=mm&r=g","contentUrl":"https:\/\/secure.gravatar.com\/avatar\/1e1956f1facbffd3f8fa53a326721950116b3b9dc9bd44939c01180fd4a745a9?s=96&d=mm&r=g","caption":"Equipe G\u00e1vea News"}}]}},"_links":{"self":[{"href":"https:\/\/www.gaveanews.com\/index.php\/wp-json\/wp\/v2\/posts\/103040","targetHints":{"allow":["GET"]}}],"collection":[{"href":"https:\/\/www.gaveanews.com\/index.php\/wp-json\/wp\/v2\/posts"}],"about":[{"href":"https:\/\/www.gaveanews.com\/index.php\/wp-json\/wp\/v2\/types\/post"}],"author":[{"embeddable":true,"href":"https:\/\/www.gaveanews.com\/index.php\/wp-json\/wp\/v2\/users\/1"}],"replies":[{"embeddable":true,"href":"https:\/\/www.gaveanews.com\/index.php\/wp-json\/wp\/v2\/comments?post=103040"}],"version-history":[{"count":0,"href":"https:\/\/www.gaveanews.com\/index.php\/wp-json\/wp\/v2\/posts\/103040\/revisions"}],"wp:featuredmedia":[{"embeddable":true,"href":"https:\/\/www.gaveanews.com\/index.php\/wp-json\/wp\/v2\/media\/66783"}],"wp:attachment":[{"href":"https:\/\/www.gaveanews.com\/index.php\/wp-json\/wp\/v2\/media?parent=103040"}],"wp:term":[{"taxonomy":"category","embeddable":true,"href":"https:\/\/www.gaveanews.com\/index.php\/wp-json\/wp\/v2\/categories?post=103040"},{"taxonomy":"post_tag","embeddable":true,"href":"https:\/\/www.gaveanews.com\/index.php\/wp-json\/wp\/v2\/tags?post=103040"}],"curies":[{"name":"wp","href":"https:\/\/api.w.org\/{rel}","templated":true}]}}