{"id":103099,"date":"2023-07-21T15:54:32","date_gmt":"2023-07-21T18:54:32","guid":{"rendered":"https:\/\/www.gaveanews.com\/?p=103099"},"modified":"2023-07-21T15:54:35","modified_gmt":"2023-07-21T18:54:35","slug":"empresario-de-claudinho-e-sincero-ao-falar-sobre-a-negociacao-entre-o-flamengo-e-o-zenit","status":"publish","type":"post","link":"https:\/\/www.gaveanews.com\/index.php\/2023\/07\/21\/empresario-de-claudinho-e-sincero-ao-falar-sobre-a-negociacao-entre-o-flamengo-e-o-zenit\/","title":{"rendered":"Empres\u00e1rio de Claudinho \u00e9 sincero ao falar sobre a negocia\u00e7\u00e3o entre o Flamengo e o Zenit"},"content":{"rendered":"\n<p>Empres\u00e1rio de Claudinho, Fernando Garcia negou qualquer avan\u00e7o na negocia\u00e7\u00e3o entre Flamengo e Zenit. Em contato com a ESPN, o agente ainda foi categ\u00f3rico ao falar sobre o interesse dos russos em negociar o meia-atacante.<\/p>\n\n\n\n<p>De f\u00e9rias nos Estados Unidos, o empres\u00e1rio do jogador de 26 anos afirmou que os russos n\u00e3o pretendem liberar o brasileiro.<\/p>\n\n\n\n<p>&#8220;N\u00e3o tem neg\u00f3cio nenhum at\u00e9 agora&#8221;, disse o agente de Claudinho.<\/p>\n\n\n\n<p>Na quinta-feira (20), o GE havia informado que os russos teriam dado o sinal positivo ao Flamengo para negociar o jogador, mas ainda n\u00e3o tinham respondido \u00e0s condi\u00e7\u00f5es apresentadas pelo Rubro-Negro.<\/p>\n\n\n\n<p>Entretanto, segundo Garcia, o Zenit n\u00e3o est\u00e1 aberto a perder Claudinho.<\/p>\n\n\n\n<p>Prioridade na janela, o Flamengo desde o in\u00edcio fez a leitura de que o neg\u00f3cio com o meia-atacante deveria girar em torno de 15 e 20 milh\u00f5es de euros (R$ 79,6 milh\u00f5es e R$ 106 milh\u00f5es, respectivamente), segundo apurou a ESPN.<\/p>\n\n\n\n<p>A janela de transfer\u00eancias se encerra j\u00e1 no pr\u00f3ximo dia 2 de agosto. Al\u00e9m de Claudinho, o Flamengo tamb\u00e9m tem interesse em outro atleta do Zenit: o volante Wendel, revelado pelo rival Fluminense, que voltou ao radar rubro-negro, segundo tamb\u00e9m apurou a ESPN.<\/p>\n\n\n\n<p>Desde 2021 no Zenit, Claudinho j\u00e1 entrou em campo pelo clube na atual temporada europeia, pela Supercopa da R\u00fassia. O ex-jogador do Red Bull Bragantino vem de campanha onde registrou 5 gols e 11 assist\u00eancias em 29 jogos pelos russos.<\/p>\n\n\n\n<p>Retirado de: ESPN<\/p>\n","protected":false},"excerpt":{"rendered":"<p>Empres\u00e1rio de Claudinho, Fernando Garcia negou qualquer avan\u00e7o na negocia\u00e7\u00e3o entre Flamengo e Zenit. Em contato com a ESPN, o agente ainda foi categ\u00f3rico ao falar sobre o interesse dos russos em negociar o meia-atacante. De f\u00e9rias nos Estados Unidos, o empres\u00e1rio do jogador de 26 anos afirmou que os russos n\u00e3o pretendem liberar o [&hellip;]<\/p>\n","protected":false},"author":1,"featured_media":101510,"comment_status":"open","ping_status":"closed","sticky":false,"template":"","format":"standard","meta":{"footnotes":""},"categories":[48],"tags":[],"class_list":["post-103099","post","type-post","status-publish","format-standard","has-post-thumbnail","hentry","category-negociacoes"],"yoast_head":"<!-- This site is optimized with the Yoast SEO Premium plugin v24.2 (Yoast SEO v26.9) - https:\/\/yoast.com\/product\/yoast-seo-premium-wordpress\/ -->\n<title>Empres\u00e1rio de Claudinho \u00e9 sincero ao falar sobre a negocia\u00e7\u00e3o entre o Flamengo e o Zenit<\/title>\n<meta name=\"robots\" content=\"index, follow, max-snippet:-1, max-image-preview:large, max-video-preview:-1\" \/>\n<link rel=\"canonical\" href=\"https:\/\/www.gaveanews.com\/index.php\/2023\/07\/21\/empresario-de-claudinho-e-sincero-ao-falar-sobre-a-negociacao-entre-o-flamengo-e-o-zenit\/\" \/>\n<meta property=\"og:locale\" content=\"pt_BR\" \/>\n<meta property=\"og:type\" content=\"article\" \/>\n<meta property=\"og:title\" content=\"Empres\u00e1rio de Claudinho \u00e9 sincero ao falar sobre a negocia\u00e7\u00e3o entre o Flamengo e o Zenit\" \/>\n<meta property=\"og:description\" content=\"Empres\u00e1rio de Claudinho, Fernando Garcia negou qualquer avan\u00e7o na negocia\u00e7\u00e3o entre Flamengo e Zenit. Em contato com a ESPN, o agente ainda foi categ\u00f3rico ao falar sobre o interesse dos russos em negociar o meia-atacante. De f\u00e9rias nos Estados Unidos, o empres\u00e1rio do jogador de 26 anos afirmou que os russos n\u00e3o pretendem liberar o [&hellip;]\" \/>\n<meta property=\"og:url\" content=\"https:\/\/www.gaveanews.com\/index.php\/2023\/07\/21\/empresario-de-claudinho-e-sincero-ao-falar-sobre-a-negociacao-entre-o-flamengo-e-o-zenit\/\" \/>\n<meta property=\"og:site_name\" content=\"G\u00e1vea News\" \/>\n<meta property=\"article:publisher\" content=\"https:\/\/facebook.com\/gaveaNews\/\" \/>\n<meta property=\"article:published_time\" content=\"2023-07-21T18:54:32+00:00\" \/>\n<meta property=\"article:modified_time\" content=\"2023-07-21T18:54:35+00:00\" \/>\n<meta property=\"og:image\" content=\"https:\/\/www.gaveanews.com\/wp-content\/uploads\/Claudinho.webp\" \/>\n\t<meta property=\"og:image:width\" content=\"1200\" \/>\n\t<meta property=\"og:image:height\" content=\"740\" \/>\n\t<meta property=\"og:image:type\" content=\"image\/jpeg\" \/>\n<meta name=\"author\" content=\"Equipe G\u00e1vea News\" \/>\n<meta name=\"twitter:card\" content=\"summary_large_image\" \/>\n<meta name=\"twitter:label1\" content=\"Escrito por\" \/>\n\t<meta name=\"twitter:data1\" content=\"Equipe G\u00e1vea News\" \/>\n\t<meta name=\"twitter:label2\" content=\"Est. tempo de leitura\" \/>\n\t<meta name=\"twitter:data2\" content=\"2 minutos\" \/>\n<script type=\"application\/ld+json\" class=\"yoast-schema-graph\">{\"@context\":\"https:\/\/schema.org\",\"@graph\":[{\"@type\":\"NewsArticle\",\"@id\":\"https:\/\/www.gaveanews.com\/index.php\/2023\/07\/21\/empresario-de-claudinho-e-sincero-ao-falar-sobre-a-negociacao-entre-o-flamengo-e-o-zenit\/#article\",\"isPartOf\":{\"@id\":\"https:\/\/www.gaveanews.com\/index.php\/2023\/07\/21\/empresario-de-claudinho-e-sincero-ao-falar-sobre-a-negociacao-entre-o-flamengo-e-o-zenit\/\"},\"author\":{\"name\":\"Equipe G\u00e1vea News\",\"@id\":\"https:\/\/www.gaveanews.com\/#\/schema\/person\/2ec14f73fb96be2caf28f91afb14749d\"},\"headline\":\"Empres\u00e1rio de Claudinho \u00e9 sincero ao falar sobre a negocia\u00e7\u00e3o entre o Flamengo e o Zenit\",\"datePublished\":\"2023-07-21T18:54:32+00:00\",\"dateModified\":\"2023-07-21T18:54:35+00:00\",\"mainEntityOfPage\":{\"@id\":\"https:\/\/www.gaveanews.com\/index.php\/2023\/07\/21\/empresario-de-claudinho-e-sincero-ao-falar-sobre-a-negociacao-entre-o-flamengo-e-o-zenit\/\"},\"wordCount\":266,\"commentCount\":0,\"image\":{\"@id\":\"https:\/\/www.gaveanews.com\/index.php\/2023\/07\/21\/empresario-de-claudinho-e-sincero-ao-falar-sobre-a-negociacao-entre-o-flamengo-e-o-zenit\/#primaryimage\"},\"thumbnailUrl\":\"https:\/\/www.gaveanews.com\/wp-content\/uploads\/Claudinho.webp\",\"articleSection\":[\"Negocia\u00e7\u00f5es\"],\"inLanguage\":\"pt-BR\",\"potentialAction\":[{\"@type\":\"CommentAction\",\"name\":\"Comment\",\"target\":[\"https:\/\/www.gaveanews.com\/index.php\/2023\/07\/21\/empresario-de-claudinho-e-sincero-ao-falar-sobre-a-negociacao-entre-o-flamengo-e-o-zenit\/#respond\"]}],\"copyrightYear\":\"2023\",\"copyrightHolder\":{\"@id\":\"https:\/\/www.gaveanews.com\/#organization\"}},{\"@type\":\"WebPage\",\"@id\":\"https:\/\/www.gaveanews.com\/index.php\/2023\/07\/21\/empresario-de-claudinho-e-sincero-ao-falar-sobre-a-negociacao-entre-o-flamengo-e-o-zenit\/\",\"url\":\"https:\/\/www.gaveanews.com\/index.php\/2023\/07\/21\/empresario-de-claudinho-e-sincero-ao-falar-sobre-a-negociacao-entre-o-flamengo-e-o-zenit\/\",\"name\":\"Empres\u00e1rio de Claudinho \u00e9 sincero ao falar sobre a negocia\u00e7\u00e3o entre o Flamengo e o Zenit\",\"isPartOf\":{\"@id\":\"https:\/\/www.gaveanews.com\/#website\"},\"primaryImageOfPage\":{\"@id\":\"https:\/\/www.gaveanews.com\/index.php\/2023\/07\/21\/empresario-de-claudinho-e-sincero-ao-falar-sobre-a-negociacao-entre-o-flamengo-e-o-zenit\/#primaryimage\"},\"image\":{\"@id\":\"https:\/\/www.gaveanews.com\/index.php\/2023\/07\/21\/empresario-de-claudinho-e-sincero-ao-falar-sobre-a-negociacao-entre-o-flamengo-e-o-zenit\/#primaryimage\"},\"thumbnailUrl\":\"https:\/\/www.gaveanews.com\/wp-content\/uploads\/Claudinho.webp\",\"datePublished\":\"2023-07-21T18:54:32+00:00\",\"dateModified\":\"2023-07-21T18:54:35+00:00\",\"author\":{\"@id\":\"https:\/\/www.gaveanews.com\/#\/schema\/person\/2ec14f73fb96be2caf28f91afb14749d\"},\"breadcrumb\":{\"@id\":\"https:\/\/www.gaveanews.com\/index.php\/2023\/07\/21\/empresario-de-claudinho-e-sincero-ao-falar-sobre-a-negociacao-entre-o-flamengo-e-o-zenit\/#breadcrumb\"},\"inLanguage\":\"pt-BR\",\"potentialAction\":[{\"@type\":\"ReadAction\",\"target\":[\"https:\/\/www.gaveanews.com\/index.php\/2023\/07\/21\/empresario-de-claudinho-e-sincero-ao-falar-sobre-a-negociacao-entre-o-flamengo-e-o-zenit\/\"]}]},{\"@type\":\"ImageObject\",\"inLanguage\":\"pt-BR\",\"@id\":\"https:\/\/www.gaveanews.com\/index.php\/2023\/07\/21\/empresario-de-claudinho-e-sincero-ao-falar-sobre-a-negociacao-entre-o-flamengo-e-o-zenit\/#primaryimage\",\"url\":\"https:\/\/www.gaveanews.com\/wp-content\/uploads\/Claudinho.webp\",\"contentUrl\":\"https:\/\/www.gaveanews.com\/wp-content\/uploads\/Claudinho.webp\",\"width\":1200,\"height\":740,\"caption\":\"Claudinho pela sele\u00e7\u00e3o brasileira nas Olimpiadas 2020\"},{\"@type\":\"BreadcrumbList\",\"@id\":\"https:\/\/www.gaveanews.com\/index.php\/2023\/07\/21\/empresario-de-claudinho-e-sincero-ao-falar-sobre-a-negociacao-entre-o-flamengo-e-o-zenit\/#breadcrumb\",\"itemListElement\":[{\"@type\":\"ListItem\",\"position\":1,\"name\":\"Home\",\"item\":\"https:\/\/www.gaveanews.com\/\"},{\"@type\":\"ListItem\",\"position\":2,\"name\":\"Empres\u00e1rio de Claudinho \u00e9 sincero ao falar sobre a negocia\u00e7\u00e3o entre o Flamengo e o Zenit\"}]},{\"@type\":\"WebSite\",\"@id\":\"https:\/\/www.gaveanews.com\/#website\",\"url\":\"https:\/\/www.gaveanews.com\/\",\"name\":\"G\u00e1vea News\",\"description\":\"Veja todas as not\u00edcias sobre o Flamengo: Contrata\u00e7\u00f5es, categorias de base, resultados das partidas, tabela de classifica\u00e7\u00e3o, pr\u00f3ximos jogos!\",\"potentialAction\":[{\"@type\":\"SearchAction\",\"target\":{\"@type\":\"EntryPoint\",\"urlTemplate\":\"https:\/\/www.gaveanews.com\/?s={search_term_string}\"},\"query-input\":{\"@type\":\"PropertyValueSpecification\",\"valueRequired\":true,\"valueName\":\"search_term_string\"}}],\"inLanguage\":\"pt-BR\"},{\"@type\":\"Person\",\"@id\":\"https:\/\/www.gaveanews.com\/#\/schema\/person\/2ec14f73fb96be2caf28f91afb14749d\",\"name\":\"Equipe G\u00e1vea News\",\"image\":{\"@type\":\"ImageObject\",\"inLanguage\":\"pt-BR\",\"@id\":\"https:\/\/www.gaveanews.com\/#\/schema\/person\/image\/\",\"url\":\"https:\/\/secure.gravatar.com\/avatar\/1e1956f1facbffd3f8fa53a326721950116b3b9dc9bd44939c01180fd4a745a9?s=96&d=mm&r=g\",\"contentUrl\":\"https:\/\/secure.gravatar.com\/avatar\/1e1956f1facbffd3f8fa53a326721950116b3b9dc9bd44939c01180fd4a745a9?s=96&d=mm&r=g\",\"caption\":\"Equipe G\u00e1vea News\"}}]}<\/script>\n<!-- \/ Yoast SEO Premium plugin. -->","yoast_head_json":{"title":"Empres\u00e1rio de Claudinho \u00e9 sincero ao falar sobre a negocia\u00e7\u00e3o entre o Flamengo e o Zenit","robots":{"index":"index","follow":"follow","max-snippet":"max-snippet:-1","max-image-preview":"max-image-preview:large","max-video-preview":"max-video-preview:-1"},"canonical":"https:\/\/www.gaveanews.com\/index.php\/2023\/07\/21\/empresario-de-claudinho-e-sincero-ao-falar-sobre-a-negociacao-entre-o-flamengo-e-o-zenit\/","og_locale":"pt_BR","og_type":"article","og_title":"Empres\u00e1rio de Claudinho \u00e9 sincero ao falar sobre a negocia\u00e7\u00e3o entre o Flamengo e o Zenit","og_description":"Empres\u00e1rio de Claudinho, Fernando Garcia negou qualquer avan\u00e7o na negocia\u00e7\u00e3o entre Flamengo e Zenit. Em contato com a ESPN, o agente ainda foi categ\u00f3rico ao falar sobre o interesse dos russos em negociar o meia-atacante. De f\u00e9rias nos Estados Unidos, o empres\u00e1rio do jogador de 26 anos afirmou que os russos n\u00e3o pretendem liberar o [&hellip;]","og_url":"https:\/\/www.gaveanews.com\/index.php\/2023\/07\/21\/empresario-de-claudinho-e-sincero-ao-falar-sobre-a-negociacao-entre-o-flamengo-e-o-zenit\/","og_site_name":"G\u00e1vea News","article_publisher":"https:\/\/facebook.com\/gaveaNews\/","article_published_time":"2023-07-21T18:54:32+00:00","article_modified_time":"2023-07-21T18:54:35+00:00","og_image":[{"width":1200,"height":740,"url":"https:\/\/www.gaveanews.com\/wp-content\/uploads\/Claudinho.webp","type":"image\/jpeg"}],"author":"Equipe G\u00e1vea News","twitter_card":"summary_large_image","twitter_misc":{"Escrito por":"Equipe G\u00e1vea News","Est. tempo de leitura":"2 minutos"},"schema":{"@context":"https:\/\/schema.org","@graph":[{"@type":"NewsArticle","@id":"https:\/\/www.gaveanews.com\/index.php\/2023\/07\/21\/empresario-de-claudinho-e-sincero-ao-falar-sobre-a-negociacao-entre-o-flamengo-e-o-zenit\/#article","isPartOf":{"@id":"https:\/\/www.gaveanews.com\/index.php\/2023\/07\/21\/empresario-de-claudinho-e-sincero-ao-falar-sobre-a-negociacao-entre-o-flamengo-e-o-zenit\/"},"author":{"name":"Equipe G\u00e1vea News","@id":"https:\/\/www.gaveanews.com\/#\/schema\/person\/2ec14f73fb96be2caf28f91afb14749d"},"headline":"Empres\u00e1rio de Claudinho \u00e9 sincero ao falar sobre a negocia\u00e7\u00e3o entre o Flamengo e o Zenit","datePublished":"2023-07-21T18:54:32+00:00","dateModified":"2023-07-21T18:54:35+00:00","mainEntityOfPage":{"@id":"https:\/\/www.gaveanews.com\/index.php\/2023\/07\/21\/empresario-de-claudinho-e-sincero-ao-falar-sobre-a-negociacao-entre-o-flamengo-e-o-zenit\/"},"wordCount":266,"commentCount":0,"image":{"@id":"https:\/\/www.gaveanews.com\/index.php\/2023\/07\/21\/empresario-de-claudinho-e-sincero-ao-falar-sobre-a-negociacao-entre-o-flamengo-e-o-zenit\/#primaryimage"},"thumbnailUrl":"https:\/\/www.gaveanews.com\/wp-content\/uploads\/Claudinho.webp","articleSection":["Negocia\u00e7\u00f5es"],"inLanguage":"pt-BR","potentialAction":[{"@type":"CommentAction","name":"Comment","target":["https:\/\/www.gaveanews.com\/index.php\/2023\/07\/21\/empresario-de-claudinho-e-sincero-ao-falar-sobre-a-negociacao-entre-o-flamengo-e-o-zenit\/#respond"]}],"copyrightYear":"2023","copyrightHolder":{"@id":"https:\/\/www.gaveanews.com\/#organization"}},{"@type":"WebPage","@id":"https:\/\/www.gaveanews.com\/index.php\/2023\/07\/21\/empresario-de-claudinho-e-sincero-ao-falar-sobre-a-negociacao-entre-o-flamengo-e-o-zenit\/","url":"https:\/\/www.gaveanews.com\/index.php\/2023\/07\/21\/empresario-de-claudinho-e-sincero-ao-falar-sobre-a-negociacao-entre-o-flamengo-e-o-zenit\/","name":"Empres\u00e1rio de Claudinho \u00e9 sincero ao falar sobre a negocia\u00e7\u00e3o entre o Flamengo e o Zenit","isPartOf":{"@id":"https:\/\/www.gaveanews.com\/#website"},"primaryImageOfPage":{"@id":"https:\/\/www.gaveanews.com\/index.php\/2023\/07\/21\/empresario-de-claudinho-e-sincero-ao-falar-sobre-a-negociacao-entre-o-flamengo-e-o-zenit\/#primaryimage"},"image":{"@id":"https:\/\/www.gaveanews.com\/index.php\/2023\/07\/21\/empresario-de-claudinho-e-sincero-ao-falar-sobre-a-negociacao-entre-o-flamengo-e-o-zenit\/#primaryimage"},"thumbnailUrl":"https:\/\/www.gaveanews.com\/wp-content\/uploads\/Claudinho.webp","datePublished":"2023-07-21T18:54:32+00:00","dateModified":"2023-07-21T18:54:35+00:00","author":{"@id":"https:\/\/www.gaveanews.com\/#\/schema\/person\/2ec14f73fb96be2caf28f91afb14749d"},"breadcrumb":{"@id":"https:\/\/www.gaveanews.com\/index.php\/2023\/07\/21\/empresario-de-claudinho-e-sincero-ao-falar-sobre-a-negociacao-entre-o-flamengo-e-o-zenit\/#breadcrumb"},"inLanguage":"pt-BR","potentialAction":[{"@type":"ReadAction","target":["https:\/\/www.gaveanews.com\/index.php\/2023\/07\/21\/empresario-de-claudinho-e-sincero-ao-falar-sobre-a-negociacao-entre-o-flamengo-e-o-zenit\/"]}]},{"@type":"ImageObject","inLanguage":"pt-BR","@id":"https:\/\/www.gaveanews.com\/index.php\/2023\/07\/21\/empresario-de-claudinho-e-sincero-ao-falar-sobre-a-negociacao-entre-o-flamengo-e-o-zenit\/#primaryimage","url":"https:\/\/www.gaveanews.com\/wp-content\/uploads\/Claudinho.webp","contentUrl":"https:\/\/www.gaveanews.com\/wp-content\/uploads\/Claudinho.webp","width":1200,"height":740,"caption":"Claudinho pela sele\u00e7\u00e3o brasileira nas Olimpiadas 2020"},{"@type":"BreadcrumbList","@id":"https:\/\/www.gaveanews.com\/index.php\/2023\/07\/21\/empresario-de-claudinho-e-sincero-ao-falar-sobre-a-negociacao-entre-o-flamengo-e-o-zenit\/#breadcrumb","itemListElement":[{"@type":"ListItem","position":1,"name":"Home","item":"https:\/\/www.gaveanews.com\/"},{"@type":"ListItem","position":2,"name":"Empres\u00e1rio de Claudinho \u00e9 sincero ao falar sobre a negocia\u00e7\u00e3o entre o Flamengo e o Zenit"}]},{"@type":"WebSite","@id":"https:\/\/www.gaveanews.com\/#website","url":"https:\/\/www.gaveanews.com\/","name":"G\u00e1vea News","description":"Veja todas as not\u00edcias sobre o Flamengo: Contrata\u00e7\u00f5es, categorias de base, resultados das partidas, tabela de classifica\u00e7\u00e3o, pr\u00f3ximos jogos!","potentialAction":[{"@type":"SearchAction","target":{"@type":"EntryPoint","urlTemplate":"https:\/\/www.gaveanews.com\/?s={search_term_string}"},"query-input":{"@type":"PropertyValueSpecification","valueRequired":true,"valueName":"search_term_string"}}],"inLanguage":"pt-BR"},{"@type":"Person","@id":"https:\/\/www.gaveanews.com\/#\/schema\/person\/2ec14f73fb96be2caf28f91afb14749d","name":"Equipe G\u00e1vea News","image":{"@type":"ImageObject","inLanguage":"pt-BR","@id":"https:\/\/www.gaveanews.com\/#\/schema\/person\/image\/","url":"https:\/\/secure.gravatar.com\/avatar\/1e1956f1facbffd3f8fa53a326721950116b3b9dc9bd44939c01180fd4a745a9?s=96&d=mm&r=g","contentUrl":"https:\/\/secure.gravatar.com\/avatar\/1e1956f1facbffd3f8fa53a326721950116b3b9dc9bd44939c01180fd4a745a9?s=96&d=mm&r=g","caption":"Equipe G\u00e1vea News"}}]}},"_links":{"self":[{"href":"https:\/\/www.gaveanews.com\/index.php\/wp-json\/wp\/v2\/posts\/103099","targetHints":{"allow":["GET"]}}],"collection":[{"href":"https:\/\/www.gaveanews.com\/index.php\/wp-json\/wp\/v2\/posts"}],"about":[{"href":"https:\/\/www.gaveanews.com\/index.php\/wp-json\/wp\/v2\/types\/post"}],"author":[{"embeddable":true,"href":"https:\/\/www.gaveanews.com\/index.php\/wp-json\/wp\/v2\/users\/1"}],"replies":[{"embeddable":true,"href":"https:\/\/www.gaveanews.com\/index.php\/wp-json\/wp\/v2\/comments?post=103099"}],"version-history":[{"count":0,"href":"https:\/\/www.gaveanews.com\/index.php\/wp-json\/wp\/v2\/posts\/103099\/revisions"}],"wp:featuredmedia":[{"embeddable":true,"href":"https:\/\/www.gaveanews.com\/index.php\/wp-json\/wp\/v2\/media\/101510"}],"wp:attachment":[{"href":"https:\/\/www.gaveanews.com\/index.php\/wp-json\/wp\/v2\/media?parent=103099"}],"wp:term":[{"taxonomy":"category","embeddable":true,"href":"https:\/\/www.gaveanews.com\/index.php\/wp-json\/wp\/v2\/categories?post=103099"},{"taxonomy":"post_tag","embeddable":true,"href":"https:\/\/www.gaveanews.com\/index.php\/wp-json\/wp\/v2\/tags?post=103099"}],"curies":[{"name":"wp","href":"https:\/\/api.w.org\/{rel}","templated":true}]}}