{"id":103168,"date":"2023-07-23T23:00:41","date_gmt":"2023-07-24T02:00:41","guid":{"rendered":"https:\/\/www.gaveanews.com\/?p=103168"},"modified":"2023-07-23T23:00:44","modified_gmt":"2023-07-24T02:00:44","slug":"inacreditavel-flamengo-chega-primeiro-mas-leva-chapeu-do-corinthians","status":"publish","type":"post","link":"https:\/\/www.gaveanews.com\/index.php\/2023\/07\/23\/inacreditavel-flamengo-chega-primeiro-mas-leva-chapeu-do-corinthians\/","title":{"rendered":"Inacredit\u00e1vel! Flamengo chega primeiro mas leva chap\u00e9u do Corinthians"},"content":{"rendered":"\n<p>O Flamengo tentou, mas quem vai contratar Lucas Ver\u00edssimo \u00e9 o Corinthians. O time paulista j\u00e1 trocou as minutas de contrato com o Benfica, clube que o zagueiro pertence, e vai fechar a contrata\u00e7\u00e3o por empr\u00e9stimo v\u00e1lido at\u00e9 junho de 2024, com op\u00e7\u00e3o de compra ao t\u00e9rmino do v\u00ednculo.<\/p>\n\n\n\n<p>Com 28 anos, Lucas Verissimo se destacou no futebol brasileiro com a camisa do Santos e foi vendido ao Benfica em 2020. Mas em 2021 sofreu uma grave les\u00e3o no joelho, o que fez o defensor perder espa\u00e7o na equipe portuguesa.<\/p>\n\n\n\n<figure class=\"wp-block-image size-full\"><img loading=\"lazy\" decoding=\"async\" width=\"876\" height=\"484\" src=\"https:\/\/www.gaveanews.com\/wp-content\/uploads\/Lucas-Verissimo.webp\" alt=\"\" class=\"wp-image-101788\" srcset=\"https:\/\/www.gaveanews.com\/wp-content\/uploads\/Lucas-Verissimo.webp 876w, https:\/\/www.gaveanews.com\/wp-content\/uploads\/Lucas-Verissimo-300x166.webp 300w, https:\/\/www.gaveanews.com\/wp-content\/uploads\/Lucas-Verissimo-768x424.webp 768w, https:\/\/www.gaveanews.com\/wp-content\/uploads\/Lucas-Verissimo-760x420.webp 760w, https:\/\/www.gaveanews.com\/wp-content\/uploads\/Lucas-Verissimo-640x354.webp 640w, https:\/\/www.gaveanews.com\/wp-content\/uploads\/Lucas-Verissimo-681x376.webp 681w, https:\/\/www.gaveanews.com\/wp-content\/uploads\/Lucas-Verissimo-100x55.webp 100w\" sizes=\"auto, (max-width: 876px) 100vw, 876px\" \/><figcaption class=\"wp-element-caption\">Lucas Ver\u00edssimo em a\u00e7\u00e3o pelo Benfica (Foto: Gualter Fatia\/Getty Images)<\/figcaption><\/figure>\n\n\n\n<p>Inclusive, a les\u00e3o no joelho fez com que o Flamengo se interessasse pela contrata\u00e7\u00e3o por empr\u00e9stimo com op\u00e7\u00e3o de compra, mas o Benfica queria colocar cl\u00e1usula de obriga\u00e7\u00e3o de compra se atingisse metas, o que n\u00e3o agradava ao Rubro-Negro.<\/p>\n\n\n\n<p>Retirado de: O Dia<\/p>\n","protected":false},"excerpt":{"rendered":"<p>O Flamengo tentou, mas quem vai contratar Lucas Ver\u00edssimo \u00e9 o Corinthians. O time paulista j\u00e1 trocou as minutas de contrato com o Benfica, clube que o zagueiro pertence, e vai fechar a contrata\u00e7\u00e3o por empr\u00e9stimo v\u00e1lido at\u00e9 junho de 2024, com op\u00e7\u00e3o de compra ao t\u00e9rmino do v\u00ednculo. Com 28 anos, Lucas Verissimo se [&hellip;]<\/p>\n","protected":false},"author":1,"featured_media":85562,"comment_status":"open","ping_status":"closed","sticky":false,"template":"","format":"standard","meta":{"footnotes":""},"categories":[48],"tags":[],"class_list":["post-103168","post","type-post","status-publish","format-standard","has-post-thumbnail","hentry","category-negociacoes"],"yoast_head":"<!-- This site is optimized with the Yoast SEO Premium plugin v24.2 (Yoast SEO v26.9) - https:\/\/yoast.com\/product\/yoast-seo-premium-wordpress\/ -->\n<title>Inacredit\u00e1vel! Flamengo chega primeiro mas leva chap\u00e9u do Corinthians<\/title>\n<meta name=\"description\" content=\"A time diretoria do Corinthians j\u00e1 trocou as minutas de contrato e a oficializa\u00e7\u00e3o da contrata\u00e7\u00e3o deve ocorrer em breve.\" \/>\n<meta name=\"robots\" content=\"index, follow, max-snippet:-1, max-image-preview:large, max-video-preview:-1\" \/>\n<link rel=\"canonical\" href=\"https:\/\/www.gaveanews.com\/index.php\/2023\/07\/23\/inacreditavel-flamengo-chega-primeiro-mas-leva-chapeu-do-corinthians\/\" \/>\n<meta property=\"og:locale\" content=\"pt_BR\" \/>\n<meta property=\"og:type\" content=\"article\" \/>\n<meta property=\"og:title\" content=\"Inacredit\u00e1vel! Flamengo chega primeiro mas leva chap\u00e9u do Corinthians\" \/>\n<meta property=\"og:description\" content=\"A time diretoria do Corinthians j\u00e1 trocou as minutas de contrato e a oficializa\u00e7\u00e3o da contrata\u00e7\u00e3o deve ocorrer em breve.\" \/>\n<meta property=\"og:url\" content=\"https:\/\/www.gaveanews.com\/index.php\/2023\/07\/23\/inacreditavel-flamengo-chega-primeiro-mas-leva-chapeu-do-corinthians\/\" \/>\n<meta property=\"og:site_name\" content=\"G\u00e1vea News\" \/>\n<meta property=\"article:publisher\" content=\"https:\/\/facebook.com\/gaveaNews\/\" \/>\n<meta property=\"article:published_time\" content=\"2023-07-24T02:00:41+00:00\" \/>\n<meta property=\"article:modified_time\" content=\"2023-07-24T02:00:44+00:00\" \/>\n<meta property=\"og:image\" content=\"https:\/\/www.gaveanews.com\/wp-content\/uploads\/Marcos-Braz-em-entrevista-no-CT-do-Flamengo-1.webp\" \/>\n\t<meta property=\"og:image:width\" content=\"799\" \/>\n\t<meta property=\"og:image:height\" content=\"533\" \/>\n\t<meta property=\"og:image:type\" content=\"image\/jpeg\" \/>\n<meta name=\"author\" content=\"Equipe G\u00e1vea News\" \/>\n<meta name=\"twitter:card\" content=\"summary_large_image\" \/>\n<meta name=\"twitter:label1\" content=\"Escrito por\" \/>\n\t<meta name=\"twitter:data1\" content=\"Equipe G\u00e1vea News\" \/>\n\t<meta name=\"twitter:label2\" content=\"Est. tempo de leitura\" \/>\n\t<meta name=\"twitter:data2\" content=\"1 minuto\" \/>\n<script type=\"application\/ld+json\" class=\"yoast-schema-graph\">{\"@context\":\"https:\/\/schema.org\",\"@graph\":[{\"@type\":\"NewsArticle\",\"@id\":\"https:\/\/www.gaveanews.com\/index.php\/2023\/07\/23\/inacreditavel-flamengo-chega-primeiro-mas-leva-chapeu-do-corinthians\/#article\",\"isPartOf\":{\"@id\":\"https:\/\/www.gaveanews.com\/index.php\/2023\/07\/23\/inacreditavel-flamengo-chega-primeiro-mas-leva-chapeu-do-corinthians\/\"},\"author\":{\"name\":\"Equipe G\u00e1vea News\",\"@id\":\"https:\/\/www.gaveanews.com\/#\/schema\/person\/2ec14f73fb96be2caf28f91afb14749d\"},\"headline\":\"Inacredit\u00e1vel! Flamengo chega primeiro mas leva chap\u00e9u do Corinthians\",\"datePublished\":\"2023-07-24T02:00:41+00:00\",\"dateModified\":\"2023-07-24T02:00:44+00:00\",\"mainEntityOfPage\":{\"@id\":\"https:\/\/www.gaveanews.com\/index.php\/2023\/07\/23\/inacreditavel-flamengo-chega-primeiro-mas-leva-chapeu-do-corinthians\/\"},\"wordCount\":168,\"commentCount\":0,\"image\":{\"@id\":\"https:\/\/www.gaveanews.com\/index.php\/2023\/07\/23\/inacreditavel-flamengo-chega-primeiro-mas-leva-chapeu-do-corinthians\/#primaryimage\"},\"thumbnailUrl\":\"https:\/\/www.gaveanews.com\/wp-content\/uploads\/Marcos-Braz-em-entrevista-no-CT-do-Flamengo-1.webp\",\"articleSection\":[\"Negocia\u00e7\u00f5es\"],\"inLanguage\":\"pt-BR\",\"potentialAction\":[{\"@type\":\"CommentAction\",\"name\":\"Comment\",\"target\":[\"https:\/\/www.gaveanews.com\/index.php\/2023\/07\/23\/inacreditavel-flamengo-chega-primeiro-mas-leva-chapeu-do-corinthians\/#respond\"]}],\"copyrightYear\":\"2023\",\"copyrightHolder\":{\"@id\":\"https:\/\/www.gaveanews.com\/#organization\"}},{\"@type\":\"WebPage\",\"@id\":\"https:\/\/www.gaveanews.com\/index.php\/2023\/07\/23\/inacreditavel-flamengo-chega-primeiro-mas-leva-chapeu-do-corinthians\/\",\"url\":\"https:\/\/www.gaveanews.com\/index.php\/2023\/07\/23\/inacreditavel-flamengo-chega-primeiro-mas-leva-chapeu-do-corinthians\/\",\"name\":\"Inacredit\u00e1vel! Flamengo chega primeiro mas leva chap\u00e9u do Corinthians\",\"isPartOf\":{\"@id\":\"https:\/\/www.gaveanews.com\/#website\"},\"primaryImageOfPage\":{\"@id\":\"https:\/\/www.gaveanews.com\/index.php\/2023\/07\/23\/inacreditavel-flamengo-chega-primeiro-mas-leva-chapeu-do-corinthians\/#primaryimage\"},\"image\":{\"@id\":\"https:\/\/www.gaveanews.com\/index.php\/2023\/07\/23\/inacreditavel-flamengo-chega-primeiro-mas-leva-chapeu-do-corinthians\/#primaryimage\"},\"thumbnailUrl\":\"https:\/\/www.gaveanews.com\/wp-content\/uploads\/Marcos-Braz-em-entrevista-no-CT-do-Flamengo-1.webp\",\"datePublished\":\"2023-07-24T02:00:41+00:00\",\"dateModified\":\"2023-07-24T02:00:44+00:00\",\"author\":{\"@id\":\"https:\/\/www.gaveanews.com\/#\/schema\/person\/2ec14f73fb96be2caf28f91afb14749d\"},\"description\":\"A time diretoria do Corinthians j\u00e1 trocou as minutas de contrato e a oficializa\u00e7\u00e3o da contrata\u00e7\u00e3o deve ocorrer em breve.\",\"breadcrumb\":{\"@id\":\"https:\/\/www.gaveanews.com\/index.php\/2023\/07\/23\/inacreditavel-flamengo-chega-primeiro-mas-leva-chapeu-do-corinthians\/#breadcrumb\"},\"inLanguage\":\"pt-BR\",\"potentialAction\":[{\"@type\":\"ReadAction\",\"target\":[\"https:\/\/www.gaveanews.com\/index.php\/2023\/07\/23\/inacreditavel-flamengo-chega-primeiro-mas-leva-chapeu-do-corinthians\/\"]}]},{\"@type\":\"ImageObject\",\"inLanguage\":\"pt-BR\",\"@id\":\"https:\/\/www.gaveanews.com\/index.php\/2023\/07\/23\/inacreditavel-flamengo-chega-primeiro-mas-leva-chapeu-do-corinthians\/#primaryimage\",\"url\":\"https:\/\/www.gaveanews.com\/wp-content\/uploads\/Marcos-Braz-em-entrevista-no-CT-do-Flamengo-1.webp\",\"contentUrl\":\"https:\/\/www.gaveanews.com\/wp-content\/uploads\/Marcos-Braz-em-entrevista-no-CT-do-Flamengo-1.webp\",\"width\":799,\"height\":533,\"caption\":\"Marcos Braz em entrevista no CT do Flamengo (Foto: Gilvan de Souza\/Flamengo)\"},{\"@type\":\"BreadcrumbList\",\"@id\":\"https:\/\/www.gaveanews.com\/index.php\/2023\/07\/23\/inacreditavel-flamengo-chega-primeiro-mas-leva-chapeu-do-corinthians\/#breadcrumb\",\"itemListElement\":[{\"@type\":\"ListItem\",\"position\":1,\"name\":\"Home\",\"item\":\"https:\/\/www.gaveanews.com\/\"},{\"@type\":\"ListItem\",\"position\":2,\"name\":\"Inacredit\u00e1vel! Flamengo chega primeiro mas leva chap\u00e9u do Corinthians\"}]},{\"@type\":\"WebSite\",\"@id\":\"https:\/\/www.gaveanews.com\/#website\",\"url\":\"https:\/\/www.gaveanews.com\/\",\"name\":\"G\u00e1vea News\",\"description\":\"Veja todas as not\u00edcias sobre o Flamengo: Contrata\u00e7\u00f5es, categorias de base, resultados das partidas, tabela de classifica\u00e7\u00e3o, pr\u00f3ximos jogos!\",\"potentialAction\":[{\"@type\":\"SearchAction\",\"target\":{\"@type\":\"EntryPoint\",\"urlTemplate\":\"https:\/\/www.gaveanews.com\/?s={search_term_string}\"},\"query-input\":{\"@type\":\"PropertyValueSpecification\",\"valueRequired\":true,\"valueName\":\"search_term_string\"}}],\"inLanguage\":\"pt-BR\"},{\"@type\":\"Person\",\"@id\":\"https:\/\/www.gaveanews.com\/#\/schema\/person\/2ec14f73fb96be2caf28f91afb14749d\",\"name\":\"Equipe G\u00e1vea News\",\"image\":{\"@type\":\"ImageObject\",\"inLanguage\":\"pt-BR\",\"@id\":\"https:\/\/www.gaveanews.com\/#\/schema\/person\/image\/\",\"url\":\"https:\/\/secure.gravatar.com\/avatar\/1e1956f1facbffd3f8fa53a326721950116b3b9dc9bd44939c01180fd4a745a9?s=96&d=mm&r=g\",\"contentUrl\":\"https:\/\/secure.gravatar.com\/avatar\/1e1956f1facbffd3f8fa53a326721950116b3b9dc9bd44939c01180fd4a745a9?s=96&d=mm&r=g\",\"caption\":\"Equipe G\u00e1vea News\"}}]}<\/script>\n<!-- \/ Yoast SEO Premium plugin. -->","yoast_head_json":{"title":"Inacredit\u00e1vel! Flamengo chega primeiro mas leva chap\u00e9u do Corinthians","description":"A time diretoria do Corinthians j\u00e1 trocou as minutas de contrato e a oficializa\u00e7\u00e3o da contrata\u00e7\u00e3o deve ocorrer em breve.","robots":{"index":"index","follow":"follow","max-snippet":"max-snippet:-1","max-image-preview":"max-image-preview:large","max-video-preview":"max-video-preview:-1"},"canonical":"https:\/\/www.gaveanews.com\/index.php\/2023\/07\/23\/inacreditavel-flamengo-chega-primeiro-mas-leva-chapeu-do-corinthians\/","og_locale":"pt_BR","og_type":"article","og_title":"Inacredit\u00e1vel! Flamengo chega primeiro mas leva chap\u00e9u do Corinthians","og_description":"A time diretoria do Corinthians j\u00e1 trocou as minutas de contrato e a oficializa\u00e7\u00e3o da contrata\u00e7\u00e3o deve ocorrer em breve.","og_url":"https:\/\/www.gaveanews.com\/index.php\/2023\/07\/23\/inacreditavel-flamengo-chega-primeiro-mas-leva-chapeu-do-corinthians\/","og_site_name":"G\u00e1vea News","article_publisher":"https:\/\/facebook.com\/gaveaNews\/","article_published_time":"2023-07-24T02:00:41+00:00","article_modified_time":"2023-07-24T02:00:44+00:00","og_image":[{"width":799,"height":533,"url":"https:\/\/www.gaveanews.com\/wp-content\/uploads\/Marcos-Braz-em-entrevista-no-CT-do-Flamengo-1.webp","type":"image\/jpeg"}],"author":"Equipe G\u00e1vea News","twitter_card":"summary_large_image","twitter_misc":{"Escrito por":"Equipe G\u00e1vea News","Est. tempo de leitura":"1 minuto"},"schema":{"@context":"https:\/\/schema.org","@graph":[{"@type":"NewsArticle","@id":"https:\/\/www.gaveanews.com\/index.php\/2023\/07\/23\/inacreditavel-flamengo-chega-primeiro-mas-leva-chapeu-do-corinthians\/#article","isPartOf":{"@id":"https:\/\/www.gaveanews.com\/index.php\/2023\/07\/23\/inacreditavel-flamengo-chega-primeiro-mas-leva-chapeu-do-corinthians\/"},"author":{"name":"Equipe G\u00e1vea News","@id":"https:\/\/www.gaveanews.com\/#\/schema\/person\/2ec14f73fb96be2caf28f91afb14749d"},"headline":"Inacredit\u00e1vel! Flamengo chega primeiro mas leva chap\u00e9u do Corinthians","datePublished":"2023-07-24T02:00:41+00:00","dateModified":"2023-07-24T02:00:44+00:00","mainEntityOfPage":{"@id":"https:\/\/www.gaveanews.com\/index.php\/2023\/07\/23\/inacreditavel-flamengo-chega-primeiro-mas-leva-chapeu-do-corinthians\/"},"wordCount":168,"commentCount":0,"image":{"@id":"https:\/\/www.gaveanews.com\/index.php\/2023\/07\/23\/inacreditavel-flamengo-chega-primeiro-mas-leva-chapeu-do-corinthians\/#primaryimage"},"thumbnailUrl":"https:\/\/www.gaveanews.com\/wp-content\/uploads\/Marcos-Braz-em-entrevista-no-CT-do-Flamengo-1.webp","articleSection":["Negocia\u00e7\u00f5es"],"inLanguage":"pt-BR","potentialAction":[{"@type":"CommentAction","name":"Comment","target":["https:\/\/www.gaveanews.com\/index.php\/2023\/07\/23\/inacreditavel-flamengo-chega-primeiro-mas-leva-chapeu-do-corinthians\/#respond"]}],"copyrightYear":"2023","copyrightHolder":{"@id":"https:\/\/www.gaveanews.com\/#organization"}},{"@type":"WebPage","@id":"https:\/\/www.gaveanews.com\/index.php\/2023\/07\/23\/inacreditavel-flamengo-chega-primeiro-mas-leva-chapeu-do-corinthians\/","url":"https:\/\/www.gaveanews.com\/index.php\/2023\/07\/23\/inacreditavel-flamengo-chega-primeiro-mas-leva-chapeu-do-corinthians\/","name":"Inacredit\u00e1vel! Flamengo chega primeiro mas leva chap\u00e9u do Corinthians","isPartOf":{"@id":"https:\/\/www.gaveanews.com\/#website"},"primaryImageOfPage":{"@id":"https:\/\/www.gaveanews.com\/index.php\/2023\/07\/23\/inacreditavel-flamengo-chega-primeiro-mas-leva-chapeu-do-corinthians\/#primaryimage"},"image":{"@id":"https:\/\/www.gaveanews.com\/index.php\/2023\/07\/23\/inacreditavel-flamengo-chega-primeiro-mas-leva-chapeu-do-corinthians\/#primaryimage"},"thumbnailUrl":"https:\/\/www.gaveanews.com\/wp-content\/uploads\/Marcos-Braz-em-entrevista-no-CT-do-Flamengo-1.webp","datePublished":"2023-07-24T02:00:41+00:00","dateModified":"2023-07-24T02:00:44+00:00","author":{"@id":"https:\/\/www.gaveanews.com\/#\/schema\/person\/2ec14f73fb96be2caf28f91afb14749d"},"description":"A time diretoria do Corinthians j\u00e1 trocou as minutas de contrato e a oficializa\u00e7\u00e3o da contrata\u00e7\u00e3o deve ocorrer em breve.","breadcrumb":{"@id":"https:\/\/www.gaveanews.com\/index.php\/2023\/07\/23\/inacreditavel-flamengo-chega-primeiro-mas-leva-chapeu-do-corinthians\/#breadcrumb"},"inLanguage":"pt-BR","potentialAction":[{"@type":"ReadAction","target":["https:\/\/www.gaveanews.com\/index.php\/2023\/07\/23\/inacreditavel-flamengo-chega-primeiro-mas-leva-chapeu-do-corinthians\/"]}]},{"@type":"ImageObject","inLanguage":"pt-BR","@id":"https:\/\/www.gaveanews.com\/index.php\/2023\/07\/23\/inacreditavel-flamengo-chega-primeiro-mas-leva-chapeu-do-corinthians\/#primaryimage","url":"https:\/\/www.gaveanews.com\/wp-content\/uploads\/Marcos-Braz-em-entrevista-no-CT-do-Flamengo-1.webp","contentUrl":"https:\/\/www.gaveanews.com\/wp-content\/uploads\/Marcos-Braz-em-entrevista-no-CT-do-Flamengo-1.webp","width":799,"height":533,"caption":"Marcos Braz em entrevista no CT do Flamengo (Foto: Gilvan de Souza\/Flamengo)"},{"@type":"BreadcrumbList","@id":"https:\/\/www.gaveanews.com\/index.php\/2023\/07\/23\/inacreditavel-flamengo-chega-primeiro-mas-leva-chapeu-do-corinthians\/#breadcrumb","itemListElement":[{"@type":"ListItem","position":1,"name":"Home","item":"https:\/\/www.gaveanews.com\/"},{"@type":"ListItem","position":2,"name":"Inacredit\u00e1vel! Flamengo chega primeiro mas leva chap\u00e9u do Corinthians"}]},{"@type":"WebSite","@id":"https:\/\/www.gaveanews.com\/#website","url":"https:\/\/www.gaveanews.com\/","name":"G\u00e1vea News","description":"Veja todas as not\u00edcias sobre o Flamengo: Contrata\u00e7\u00f5es, categorias de base, resultados das partidas, tabela de classifica\u00e7\u00e3o, pr\u00f3ximos jogos!","potentialAction":[{"@type":"SearchAction","target":{"@type":"EntryPoint","urlTemplate":"https:\/\/www.gaveanews.com\/?s={search_term_string}"},"query-input":{"@type":"PropertyValueSpecification","valueRequired":true,"valueName":"search_term_string"}}],"inLanguage":"pt-BR"},{"@type":"Person","@id":"https:\/\/www.gaveanews.com\/#\/schema\/person\/2ec14f73fb96be2caf28f91afb14749d","name":"Equipe G\u00e1vea News","image":{"@type":"ImageObject","inLanguage":"pt-BR","@id":"https:\/\/www.gaveanews.com\/#\/schema\/person\/image\/","url":"https:\/\/secure.gravatar.com\/avatar\/1e1956f1facbffd3f8fa53a326721950116b3b9dc9bd44939c01180fd4a745a9?s=96&d=mm&r=g","contentUrl":"https:\/\/secure.gravatar.com\/avatar\/1e1956f1facbffd3f8fa53a326721950116b3b9dc9bd44939c01180fd4a745a9?s=96&d=mm&r=g","caption":"Equipe G\u00e1vea News"}}]}},"_links":{"self":[{"href":"https:\/\/www.gaveanews.com\/index.php\/wp-json\/wp\/v2\/posts\/103168","targetHints":{"allow":["GET"]}}],"collection":[{"href":"https:\/\/www.gaveanews.com\/index.php\/wp-json\/wp\/v2\/posts"}],"about":[{"href":"https:\/\/www.gaveanews.com\/index.php\/wp-json\/wp\/v2\/types\/post"}],"author":[{"embeddable":true,"href":"https:\/\/www.gaveanews.com\/index.php\/wp-json\/wp\/v2\/users\/1"}],"replies":[{"embeddable":true,"href":"https:\/\/www.gaveanews.com\/index.php\/wp-json\/wp\/v2\/comments?post=103168"}],"version-history":[{"count":0,"href":"https:\/\/www.gaveanews.com\/index.php\/wp-json\/wp\/v2\/posts\/103168\/revisions"}],"wp:featuredmedia":[{"embeddable":true,"href":"https:\/\/www.gaveanews.com\/index.php\/wp-json\/wp\/v2\/media\/85562"}],"wp:attachment":[{"href":"https:\/\/www.gaveanews.com\/index.php\/wp-json\/wp\/v2\/media?parent=103168"}],"wp:term":[{"taxonomy":"category","embeddable":true,"href":"https:\/\/www.gaveanews.com\/index.php\/wp-json\/wp\/v2\/categories?post=103168"},{"taxonomy":"post_tag","embeddable":true,"href":"https:\/\/www.gaveanews.com\/index.php\/wp-json\/wp\/v2\/tags?post=103168"}],"curies":[{"name":"wp","href":"https:\/\/api.w.org\/{rel}","templated":true}]}}