{"id":103172,"date":"2023-07-24T01:21:32","date_gmt":"2023-07-24T04:21:32","guid":{"rendered":"https:\/\/www.gaveanews.com\/?p=103172"},"modified":"2023-07-24T01:21:35","modified_gmt":"2023-07-24T04:21:35","slug":"dorival-junior-aborda-possivel-magoa-apos-saida-polemica-no-flamengo","status":"publish","type":"post","link":"https:\/\/www.gaveanews.com\/index.php\/2023\/07\/24\/dorival-junior-aborda-possivel-magoa-apos-saida-polemica-no-flamengo\/","title":{"rendered":"Dorival J\u00fanior aborda poss\u00edvel m\u00e1goa ap\u00f3s sa\u00edda pol\u00eamica no Flamengo"},"content":{"rendered":"\n<p>Contratado para salvar a temporada do Flamengo, Dorival J\u00fanior encerrou 2022 em alta. Especulado para assumir a sele\u00e7\u00e3o brasileira, o t\u00e9cnico esperava seguir \u00e0 frente do time carioca na temporada seguinte, algo que acabou ficando apenas no campo da proje\u00e7\u00e3o. Sendo assim, ap\u00f3s uma an\u00e1lise nos bastidores, a dire\u00e7\u00e3o decidiu contratar V\u00edtor Pereira, que estava de sa\u00edda do Corinthians.<\/p>\n\n\n\n<p>Apesar do desligamento pol\u00eamico, Dorival J\u00fanior assegurou que n\u00e3o possui m\u00e1goa com Landim, Marcos Braz e companhia. Grato pelo per\u00edodo vencedor no Flamengo, j\u00e1 que conquistou a Libertadores e Copa do Brasil, ele deixou de lado especula\u00e7\u00f5es sobre um suposto \u00f3dio contra o clube carioca.<\/p>\n\n\n\n<p><em>\u2014 Eu fui muito feliz no Flamengo. A maneira como fui recebido, como o torcedor me aborda, em qualquer parte do pa\u00eds e fora, eu s\u00f3 tenho a agradecer. N\u00e3o tenho nada contra ningu\u00e9m de dentro do Flamengo. As pessoas podem pensar o que for, eu n\u00e3o guardo essa m\u00e1goa<\/em>, disse ao Esporte Espetacular.<\/p>\n\n\n\n<p>Dono de um curr\u00edculo importante no futebol nacional, Dorival J\u00fanior ressaltou que possui portas abertas nas equipes que trabalhou. Aceitando o convite do S\u00e3o Paulo, o treinador espera marcar seu nome na hist\u00f3ria do Tricolor, algo que pode vir com o t\u00edtulo da Copa do Brasil. Neste cen\u00e1rio, o destino tem chances de reservar um poss\u00edvel reencontro envolvendo o Flamengo na decis\u00e3o do torneio.<\/p>\n\n\n\n<p><em>\u2014 Eu fico muito feliz com isso. Poucos profissionais conseguem ter uma passagem em cada clube e ter uma possibilidade de retorno. Isso vem acontecendo com muita frequ\u00eancia na minha carreira. Foram tr\u00eas oportunidades no Flamengo, duas com o Vasco, Santos, S\u00e3o Paulo\u2026 para qualquer profissional, preenche e d\u00e1 a entender que tenha ficado alguma coisa positiva de outros momentos<\/em>, apontou.<\/p>\n\n\n\n<p>Retirado de: Torcedores<\/p>\n","protected":false},"excerpt":{"rendered":"<p>Contratado para salvar a temporada do Flamengo, Dorival J\u00fanior encerrou 2022 em alta. Especulado para assumir a sele\u00e7\u00e3o brasileira, o t\u00e9cnico esperava seguir \u00e0 frente do time carioca na temporada seguinte, algo que acabou ficando apenas no campo da proje\u00e7\u00e3o. Sendo assim, ap\u00f3s uma an\u00e1lise nos bastidores, a dire\u00e7\u00e3o decidiu contratar V\u00edtor Pereira, que estava [&hellip;]<\/p>\n","protected":false},"author":1,"featured_media":85295,"comment_status":"open","ping_status":"closed","sticky":false,"template":"","format":"standard","meta":{"footnotes":""},"categories":[1],"tags":[],"class_list":["post-103172","post","type-post","status-publish","format-standard","has-post-thumbnail","hentry","category-flamengo"],"yoast_head":"<!-- This site is optimized with the Yoast SEO Premium plugin v24.2 (Yoast SEO v26.9) - https:\/\/yoast.com\/product\/yoast-seo-premium-wordpress\/ -->\n<title>Dorival J\u00fanior aborda poss\u00edvel m\u00e1goa ap\u00f3s sa\u00edda pol\u00eamica no Flamengo<\/title>\n<meta name=\"robots\" content=\"index, follow, max-snippet:-1, max-image-preview:large, max-video-preview:-1\" \/>\n<link rel=\"canonical\" href=\"https:\/\/www.gaveanews.com\/index.php\/2023\/07\/24\/dorival-junior-aborda-possivel-magoa-apos-saida-polemica-no-flamengo\/\" \/>\n<meta property=\"og:locale\" content=\"pt_BR\" \/>\n<meta property=\"og:type\" content=\"article\" \/>\n<meta property=\"og:title\" content=\"Dorival J\u00fanior aborda poss\u00edvel m\u00e1goa ap\u00f3s sa\u00edda pol\u00eamica no Flamengo\" \/>\n<meta property=\"og:description\" content=\"Contratado para salvar a temporada do Flamengo, Dorival J\u00fanior encerrou 2022 em alta. Especulado para assumir a sele\u00e7\u00e3o brasileira, o t\u00e9cnico esperava seguir \u00e0 frente do time carioca na temporada seguinte, algo que acabou ficando apenas no campo da proje\u00e7\u00e3o. Sendo assim, ap\u00f3s uma an\u00e1lise nos bastidores, a dire\u00e7\u00e3o decidiu contratar V\u00edtor Pereira, que estava [&hellip;]\" \/>\n<meta property=\"og:url\" content=\"https:\/\/www.gaveanews.com\/index.php\/2023\/07\/24\/dorival-junior-aborda-possivel-magoa-apos-saida-polemica-no-flamengo\/\" \/>\n<meta property=\"og:site_name\" content=\"G\u00e1vea News\" \/>\n<meta property=\"article:publisher\" content=\"https:\/\/facebook.com\/gaveaNews\/\" \/>\n<meta property=\"article:published_time\" content=\"2023-07-24T04:21:32+00:00\" \/>\n<meta property=\"article:modified_time\" content=\"2023-07-24T04:21:35+00:00\" \/>\n<meta property=\"og:image\" content=\"https:\/\/www.gaveanews.com\/wp-content\/uploads\/Dorival-Junior-comanda-o-Flamengo-em-jogo-contra-o-Athletico-PR.webp\" \/>\n\t<meta property=\"og:image:width\" content=\"799\" \/>\n\t<meta property=\"og:image:height\" content=\"532\" \/>\n\t<meta property=\"og:image:type\" content=\"image\/jpeg\" \/>\n<meta name=\"author\" content=\"Equipe G\u00e1vea News\" \/>\n<meta name=\"twitter:card\" content=\"summary_large_image\" \/>\n<meta name=\"twitter:label1\" content=\"Escrito por\" \/>\n\t<meta name=\"twitter:data1\" content=\"Equipe G\u00e1vea News\" \/>\n\t<meta name=\"twitter:label2\" content=\"Est. tempo de leitura\" \/>\n\t<meta name=\"twitter:data2\" content=\"2 minutos\" \/>\n<script type=\"application\/ld+json\" class=\"yoast-schema-graph\">{\"@context\":\"https:\/\/schema.org\",\"@graph\":[{\"@type\":\"NewsArticle\",\"@id\":\"https:\/\/www.gaveanews.com\/index.php\/2023\/07\/24\/dorival-junior-aborda-possivel-magoa-apos-saida-polemica-no-flamengo\/#article\",\"isPartOf\":{\"@id\":\"https:\/\/www.gaveanews.com\/index.php\/2023\/07\/24\/dorival-junior-aborda-possivel-magoa-apos-saida-polemica-no-flamengo\/\"},\"author\":{\"name\":\"Equipe G\u00e1vea News\",\"@id\":\"https:\/\/www.gaveanews.com\/#\/schema\/person\/2ec14f73fb96be2caf28f91afb14749d\"},\"headline\":\"Dorival J\u00fanior aborda poss\u00edvel m\u00e1goa ap\u00f3s sa\u00edda pol\u00eamica no Flamengo\",\"datePublished\":\"2023-07-24T04:21:32+00:00\",\"dateModified\":\"2023-07-24T04:21:35+00:00\",\"mainEntityOfPage\":{\"@id\":\"https:\/\/www.gaveanews.com\/index.php\/2023\/07\/24\/dorival-junior-aborda-possivel-magoa-apos-saida-polemica-no-flamengo\/\"},\"wordCount\":329,\"commentCount\":0,\"image\":{\"@id\":\"https:\/\/www.gaveanews.com\/index.php\/2023\/07\/24\/dorival-junior-aborda-possivel-magoa-apos-saida-polemica-no-flamengo\/#primaryimage\"},\"thumbnailUrl\":\"https:\/\/www.gaveanews.com\/wp-content\/uploads\/Dorival-Junior-comanda-o-Flamengo-em-jogo-contra-o-Athletico-PR.webp\",\"articleSection\":[\"Flamengo\"],\"inLanguage\":\"pt-BR\",\"potentialAction\":[{\"@type\":\"CommentAction\",\"name\":\"Comment\",\"target\":[\"https:\/\/www.gaveanews.com\/index.php\/2023\/07\/24\/dorival-junior-aborda-possivel-magoa-apos-saida-polemica-no-flamengo\/#respond\"]}],\"copyrightYear\":\"2023\",\"copyrightHolder\":{\"@id\":\"https:\/\/www.gaveanews.com\/#organization\"}},{\"@type\":\"WebPage\",\"@id\":\"https:\/\/www.gaveanews.com\/index.php\/2023\/07\/24\/dorival-junior-aborda-possivel-magoa-apos-saida-polemica-no-flamengo\/\",\"url\":\"https:\/\/www.gaveanews.com\/index.php\/2023\/07\/24\/dorival-junior-aborda-possivel-magoa-apos-saida-polemica-no-flamengo\/\",\"name\":\"Dorival J\u00fanior aborda poss\u00edvel m\u00e1goa ap\u00f3s sa\u00edda pol\u00eamica no Flamengo\",\"isPartOf\":{\"@id\":\"https:\/\/www.gaveanews.com\/#website\"},\"primaryImageOfPage\":{\"@id\":\"https:\/\/www.gaveanews.com\/index.php\/2023\/07\/24\/dorival-junior-aborda-possivel-magoa-apos-saida-polemica-no-flamengo\/#primaryimage\"},\"image\":{\"@id\":\"https:\/\/www.gaveanews.com\/index.php\/2023\/07\/24\/dorival-junior-aborda-possivel-magoa-apos-saida-polemica-no-flamengo\/#primaryimage\"},\"thumbnailUrl\":\"https:\/\/www.gaveanews.com\/wp-content\/uploads\/Dorival-Junior-comanda-o-Flamengo-em-jogo-contra-o-Athletico-PR.webp\",\"datePublished\":\"2023-07-24T04:21:32+00:00\",\"dateModified\":\"2023-07-24T04:21:35+00:00\",\"author\":{\"@id\":\"https:\/\/www.gaveanews.com\/#\/schema\/person\/2ec14f73fb96be2caf28f91afb14749d\"},\"breadcrumb\":{\"@id\":\"https:\/\/www.gaveanews.com\/index.php\/2023\/07\/24\/dorival-junior-aborda-possivel-magoa-apos-saida-polemica-no-flamengo\/#breadcrumb\"},\"inLanguage\":\"pt-BR\",\"potentialAction\":[{\"@type\":\"ReadAction\",\"target\":[\"https:\/\/www.gaveanews.com\/index.php\/2023\/07\/24\/dorival-junior-aborda-possivel-magoa-apos-saida-polemica-no-flamengo\/\"]}]},{\"@type\":\"ImageObject\",\"inLanguage\":\"pt-BR\",\"@id\":\"https:\/\/www.gaveanews.com\/index.php\/2023\/07\/24\/dorival-junior-aborda-possivel-magoa-apos-saida-polemica-no-flamengo\/#primaryimage\",\"url\":\"https:\/\/www.gaveanews.com\/wp-content\/uploads\/Dorival-Junior-comanda-o-Flamengo-em-jogo-contra-o-Athletico-PR.webp\",\"contentUrl\":\"https:\/\/www.gaveanews.com\/wp-content\/uploads\/Dorival-Junior-comanda-o-Flamengo-em-jogo-contra-o-Athletico-PR.webp\",\"width\":799,\"height\":532,\"caption\":\"Dorival J\u00fanior comanda o Flamengo em jogo contra o Athletico-PR (Foto: Marcelo Cortes\/Flamengo)\"},{\"@type\":\"BreadcrumbList\",\"@id\":\"https:\/\/www.gaveanews.com\/index.php\/2023\/07\/24\/dorival-junior-aborda-possivel-magoa-apos-saida-polemica-no-flamengo\/#breadcrumb\",\"itemListElement\":[{\"@type\":\"ListItem\",\"position\":1,\"name\":\"Home\",\"item\":\"https:\/\/www.gaveanews.com\/\"},{\"@type\":\"ListItem\",\"position\":2,\"name\":\"Dorival J\u00fanior aborda poss\u00edvel m\u00e1goa ap\u00f3s sa\u00edda pol\u00eamica no Flamengo\"}]},{\"@type\":\"WebSite\",\"@id\":\"https:\/\/www.gaveanews.com\/#website\",\"url\":\"https:\/\/www.gaveanews.com\/\",\"name\":\"G\u00e1vea News\",\"description\":\"Veja todas as not\u00edcias sobre o Flamengo: Contrata\u00e7\u00f5es, categorias de base, resultados das partidas, tabela de classifica\u00e7\u00e3o, pr\u00f3ximos jogos!\",\"potentialAction\":[{\"@type\":\"SearchAction\",\"target\":{\"@type\":\"EntryPoint\",\"urlTemplate\":\"https:\/\/www.gaveanews.com\/?s={search_term_string}\"},\"query-input\":{\"@type\":\"PropertyValueSpecification\",\"valueRequired\":true,\"valueName\":\"search_term_string\"}}],\"inLanguage\":\"pt-BR\"},{\"@type\":\"Person\",\"@id\":\"https:\/\/www.gaveanews.com\/#\/schema\/person\/2ec14f73fb96be2caf28f91afb14749d\",\"name\":\"Equipe G\u00e1vea News\",\"image\":{\"@type\":\"ImageObject\",\"inLanguage\":\"pt-BR\",\"@id\":\"https:\/\/www.gaveanews.com\/#\/schema\/person\/image\/\",\"url\":\"https:\/\/secure.gravatar.com\/avatar\/1e1956f1facbffd3f8fa53a326721950116b3b9dc9bd44939c01180fd4a745a9?s=96&d=mm&r=g\",\"contentUrl\":\"https:\/\/secure.gravatar.com\/avatar\/1e1956f1facbffd3f8fa53a326721950116b3b9dc9bd44939c01180fd4a745a9?s=96&d=mm&r=g\",\"caption\":\"Equipe G\u00e1vea News\"}}]}<\/script>\n<!-- \/ Yoast SEO Premium plugin. -->","yoast_head_json":{"title":"Dorival J\u00fanior aborda poss\u00edvel m\u00e1goa ap\u00f3s sa\u00edda pol\u00eamica no Flamengo","robots":{"index":"index","follow":"follow","max-snippet":"max-snippet:-1","max-image-preview":"max-image-preview:large","max-video-preview":"max-video-preview:-1"},"canonical":"https:\/\/www.gaveanews.com\/index.php\/2023\/07\/24\/dorival-junior-aborda-possivel-magoa-apos-saida-polemica-no-flamengo\/","og_locale":"pt_BR","og_type":"article","og_title":"Dorival J\u00fanior aborda poss\u00edvel m\u00e1goa ap\u00f3s sa\u00edda pol\u00eamica no Flamengo","og_description":"Contratado para salvar a temporada do Flamengo, Dorival J\u00fanior encerrou 2022 em alta. Especulado para assumir a sele\u00e7\u00e3o brasileira, o t\u00e9cnico esperava seguir \u00e0 frente do time carioca na temporada seguinte, algo que acabou ficando apenas no campo da proje\u00e7\u00e3o. Sendo assim, ap\u00f3s uma an\u00e1lise nos bastidores, a dire\u00e7\u00e3o decidiu contratar V\u00edtor Pereira, que estava [&hellip;]","og_url":"https:\/\/www.gaveanews.com\/index.php\/2023\/07\/24\/dorival-junior-aborda-possivel-magoa-apos-saida-polemica-no-flamengo\/","og_site_name":"G\u00e1vea News","article_publisher":"https:\/\/facebook.com\/gaveaNews\/","article_published_time":"2023-07-24T04:21:32+00:00","article_modified_time":"2023-07-24T04:21:35+00:00","og_image":[{"width":799,"height":532,"url":"https:\/\/www.gaveanews.com\/wp-content\/uploads\/Dorival-Junior-comanda-o-Flamengo-em-jogo-contra-o-Athletico-PR.webp","type":"image\/jpeg"}],"author":"Equipe G\u00e1vea News","twitter_card":"summary_large_image","twitter_misc":{"Escrito por":"Equipe G\u00e1vea News","Est. tempo de leitura":"2 minutos"},"schema":{"@context":"https:\/\/schema.org","@graph":[{"@type":"NewsArticle","@id":"https:\/\/www.gaveanews.com\/index.php\/2023\/07\/24\/dorival-junior-aborda-possivel-magoa-apos-saida-polemica-no-flamengo\/#article","isPartOf":{"@id":"https:\/\/www.gaveanews.com\/index.php\/2023\/07\/24\/dorival-junior-aborda-possivel-magoa-apos-saida-polemica-no-flamengo\/"},"author":{"name":"Equipe G\u00e1vea News","@id":"https:\/\/www.gaveanews.com\/#\/schema\/person\/2ec14f73fb96be2caf28f91afb14749d"},"headline":"Dorival J\u00fanior aborda poss\u00edvel m\u00e1goa ap\u00f3s sa\u00edda pol\u00eamica no Flamengo","datePublished":"2023-07-24T04:21:32+00:00","dateModified":"2023-07-24T04:21:35+00:00","mainEntityOfPage":{"@id":"https:\/\/www.gaveanews.com\/index.php\/2023\/07\/24\/dorival-junior-aborda-possivel-magoa-apos-saida-polemica-no-flamengo\/"},"wordCount":329,"commentCount":0,"image":{"@id":"https:\/\/www.gaveanews.com\/index.php\/2023\/07\/24\/dorival-junior-aborda-possivel-magoa-apos-saida-polemica-no-flamengo\/#primaryimage"},"thumbnailUrl":"https:\/\/www.gaveanews.com\/wp-content\/uploads\/Dorival-Junior-comanda-o-Flamengo-em-jogo-contra-o-Athletico-PR.webp","articleSection":["Flamengo"],"inLanguage":"pt-BR","potentialAction":[{"@type":"CommentAction","name":"Comment","target":["https:\/\/www.gaveanews.com\/index.php\/2023\/07\/24\/dorival-junior-aborda-possivel-magoa-apos-saida-polemica-no-flamengo\/#respond"]}],"copyrightYear":"2023","copyrightHolder":{"@id":"https:\/\/www.gaveanews.com\/#organization"}},{"@type":"WebPage","@id":"https:\/\/www.gaveanews.com\/index.php\/2023\/07\/24\/dorival-junior-aborda-possivel-magoa-apos-saida-polemica-no-flamengo\/","url":"https:\/\/www.gaveanews.com\/index.php\/2023\/07\/24\/dorival-junior-aborda-possivel-magoa-apos-saida-polemica-no-flamengo\/","name":"Dorival J\u00fanior aborda poss\u00edvel m\u00e1goa ap\u00f3s sa\u00edda pol\u00eamica no Flamengo","isPartOf":{"@id":"https:\/\/www.gaveanews.com\/#website"},"primaryImageOfPage":{"@id":"https:\/\/www.gaveanews.com\/index.php\/2023\/07\/24\/dorival-junior-aborda-possivel-magoa-apos-saida-polemica-no-flamengo\/#primaryimage"},"image":{"@id":"https:\/\/www.gaveanews.com\/index.php\/2023\/07\/24\/dorival-junior-aborda-possivel-magoa-apos-saida-polemica-no-flamengo\/#primaryimage"},"thumbnailUrl":"https:\/\/www.gaveanews.com\/wp-content\/uploads\/Dorival-Junior-comanda-o-Flamengo-em-jogo-contra-o-Athletico-PR.webp","datePublished":"2023-07-24T04:21:32+00:00","dateModified":"2023-07-24T04:21:35+00:00","author":{"@id":"https:\/\/www.gaveanews.com\/#\/schema\/person\/2ec14f73fb96be2caf28f91afb14749d"},"breadcrumb":{"@id":"https:\/\/www.gaveanews.com\/index.php\/2023\/07\/24\/dorival-junior-aborda-possivel-magoa-apos-saida-polemica-no-flamengo\/#breadcrumb"},"inLanguage":"pt-BR","potentialAction":[{"@type":"ReadAction","target":["https:\/\/www.gaveanews.com\/index.php\/2023\/07\/24\/dorival-junior-aborda-possivel-magoa-apos-saida-polemica-no-flamengo\/"]}]},{"@type":"ImageObject","inLanguage":"pt-BR","@id":"https:\/\/www.gaveanews.com\/index.php\/2023\/07\/24\/dorival-junior-aborda-possivel-magoa-apos-saida-polemica-no-flamengo\/#primaryimage","url":"https:\/\/www.gaveanews.com\/wp-content\/uploads\/Dorival-Junior-comanda-o-Flamengo-em-jogo-contra-o-Athletico-PR.webp","contentUrl":"https:\/\/www.gaveanews.com\/wp-content\/uploads\/Dorival-Junior-comanda-o-Flamengo-em-jogo-contra-o-Athletico-PR.webp","width":799,"height":532,"caption":"Dorival J\u00fanior comanda o Flamengo em jogo contra o Athletico-PR (Foto: Marcelo Cortes\/Flamengo)"},{"@type":"BreadcrumbList","@id":"https:\/\/www.gaveanews.com\/index.php\/2023\/07\/24\/dorival-junior-aborda-possivel-magoa-apos-saida-polemica-no-flamengo\/#breadcrumb","itemListElement":[{"@type":"ListItem","position":1,"name":"Home","item":"https:\/\/www.gaveanews.com\/"},{"@type":"ListItem","position":2,"name":"Dorival J\u00fanior aborda poss\u00edvel m\u00e1goa ap\u00f3s sa\u00edda pol\u00eamica no Flamengo"}]},{"@type":"WebSite","@id":"https:\/\/www.gaveanews.com\/#website","url":"https:\/\/www.gaveanews.com\/","name":"G\u00e1vea News","description":"Veja todas as not\u00edcias sobre o Flamengo: Contrata\u00e7\u00f5es, categorias de base, resultados das partidas, tabela de classifica\u00e7\u00e3o, pr\u00f3ximos jogos!","potentialAction":[{"@type":"SearchAction","target":{"@type":"EntryPoint","urlTemplate":"https:\/\/www.gaveanews.com\/?s={search_term_string}"},"query-input":{"@type":"PropertyValueSpecification","valueRequired":true,"valueName":"search_term_string"}}],"inLanguage":"pt-BR"},{"@type":"Person","@id":"https:\/\/www.gaveanews.com\/#\/schema\/person\/2ec14f73fb96be2caf28f91afb14749d","name":"Equipe G\u00e1vea News","image":{"@type":"ImageObject","inLanguage":"pt-BR","@id":"https:\/\/www.gaveanews.com\/#\/schema\/person\/image\/","url":"https:\/\/secure.gravatar.com\/avatar\/1e1956f1facbffd3f8fa53a326721950116b3b9dc9bd44939c01180fd4a745a9?s=96&d=mm&r=g","contentUrl":"https:\/\/secure.gravatar.com\/avatar\/1e1956f1facbffd3f8fa53a326721950116b3b9dc9bd44939c01180fd4a745a9?s=96&d=mm&r=g","caption":"Equipe G\u00e1vea News"}}]}},"_links":{"self":[{"href":"https:\/\/www.gaveanews.com\/index.php\/wp-json\/wp\/v2\/posts\/103172","targetHints":{"allow":["GET"]}}],"collection":[{"href":"https:\/\/www.gaveanews.com\/index.php\/wp-json\/wp\/v2\/posts"}],"about":[{"href":"https:\/\/www.gaveanews.com\/index.php\/wp-json\/wp\/v2\/types\/post"}],"author":[{"embeddable":true,"href":"https:\/\/www.gaveanews.com\/index.php\/wp-json\/wp\/v2\/users\/1"}],"replies":[{"embeddable":true,"href":"https:\/\/www.gaveanews.com\/index.php\/wp-json\/wp\/v2\/comments?post=103172"}],"version-history":[{"count":0,"href":"https:\/\/www.gaveanews.com\/index.php\/wp-json\/wp\/v2\/posts\/103172\/revisions"}],"wp:featuredmedia":[{"embeddable":true,"href":"https:\/\/www.gaveanews.com\/index.php\/wp-json\/wp\/v2\/media\/85295"}],"wp:attachment":[{"href":"https:\/\/www.gaveanews.com\/index.php\/wp-json\/wp\/v2\/media?parent=103172"}],"wp:term":[{"taxonomy":"category","embeddable":true,"href":"https:\/\/www.gaveanews.com\/index.php\/wp-json\/wp\/v2\/categories?post=103172"},{"taxonomy":"post_tag","embeddable":true,"href":"https:\/\/www.gaveanews.com\/index.php\/wp-json\/wp\/v2\/tags?post=103172"}],"curies":[{"name":"wp","href":"https:\/\/api.w.org\/{rel}","templated":true}]}}