{"id":103224,"date":"2023-07-24T15:13:45","date_gmt":"2023-07-24T18:13:45","guid":{"rendered":"https:\/\/www.gaveanews.com\/?p=103224"},"modified":"2023-07-24T15:13:47","modified_gmt":"2023-07-24T18:13:47","slug":"clima-esquenta-no-flamengo-e-comentarista-revela-atitude-da-organizada","status":"publish","type":"post","link":"https:\/\/www.gaveanews.com\/index.php\/2023\/07\/24\/clima-esquenta-no-flamengo-e-comentarista-revela-atitude-da-organizada\/","title":{"rendered":"Clima esquenta no Flamengo e comentarista revela atitude da organizada"},"content":{"rendered":"\n<p>O empate do Flamengo contra o Am\u00e9rica-MG, at\u00e9 ent\u00e3o o lanterna do Brasileir\u00e3o, no Maracan\u00e3, deixou torcedores inconformados. Com um elenco estrelado, o time carioca n\u00e3o consegue embalar na S\u00e9rie A e v\u00ea o t\u00edtulo ficar cada vez mais distante.<\/p>\n\n\n\n<p>Na v\u00e9spera de uma decis\u00e3o na Copa do Brasil, torcedores rubro-negros organizam uma manifesta\u00e7\u00e3o na porta do CT Ninho do Urubu. A revela\u00e7\u00e3o foi feita pelo comentarista Emerson Sheik.<\/p>\n\n\n\n<p>\u201cA galera est\u00e1 se armando nas redes sociais pra ir l\u00e1 no Ninho gritar. Isso a\u00ed chegou pra gente aqui hoje. Eu concordo com isso, desde que seja uma manifesta\u00e7\u00e3o educada e sem viol\u00eancia. Recebi mensagem hoje da torcida organizada do Flamengo se reunindo pra \u201cbater\u201d l\u00e1 no Ninho pra reclamar\u201d, disse o ex-atacante.<\/p>\n\n\n\n<p>Com a vit\u00f3ria do Gr\u00eamio, o time carioca deixou a vice-lideran\u00e7a da S\u00e9rie A. Neste momento, \u00e9 o terceiro colocado com 28. Nos \u00faltimos tr\u00eas jogos, s\u00e3o tr\u00eas empates. Dono do melhor elenco do futebol brasileiro, o clube mant\u00e9m o discurso de brigar pelas tr\u00eas frentes, mas a realidade parece ser mesmo as \u2018Copas\u2019.<\/p>\n\n\n\n<p>\u201cOs times que vem jogar contra o Flamengo vem querendo ganhar. Propomos o jogo inteiro. E eles nos contra-ataques. Se eles jogassem sempre assim como jogaram contra o Flamengo, n\u00e3o estariam l\u00e1 embaixo. Pe\u00e7o desculpas. N\u00e3o podemos abaixar a cabe\u00e7a. Sabemos que temos que melhorar. Vamos trabalhar porque na quarta-feira tem jogo (contra o Gr\u00eamio, pela Copa do Brasil)\u201d, disse Bruno Henrique.<\/p>\n\n\n\n<p>Retirado de: Torcedores<\/p>\n","protected":false},"excerpt":{"rendered":"<p>O empate do Flamengo contra o Am\u00e9rica-MG, at\u00e9 ent\u00e3o o lanterna do Brasileir\u00e3o, no Maracan\u00e3, deixou torcedores inconformados. Com um elenco estrelado, o time carioca n\u00e3o consegue embalar na S\u00e9rie A e v\u00ea o t\u00edtulo ficar cada vez mais distante. Na v\u00e9spera de uma decis\u00e3o na Copa do Brasil, torcedores rubro-negros organizam uma manifesta\u00e7\u00e3o na [&hellip;]<\/p>\n","protected":false},"author":1,"featured_media":101250,"comment_status":"open","ping_status":"closed","sticky":false,"template":"","format":"standard","meta":{"footnotes":""},"categories":[1],"tags":[],"class_list":["post-103224","post","type-post","status-publish","format-standard","has-post-thumbnail","hentry","category-flamengo"],"yoast_head":"<!-- This site is optimized with the Yoast SEO Premium plugin v24.2 (Yoast SEO v26.9) - https:\/\/yoast.com\/product\/yoast-seo-premium-wordpress\/ -->\n<title>Clima esquenta no Flamengo e comentarista revela atitude da organizada<\/title>\n<meta name=\"robots\" content=\"index, follow, max-snippet:-1, max-image-preview:large, max-video-preview:-1\" \/>\n<link rel=\"canonical\" href=\"https:\/\/www.gaveanews.com\/index.php\/2023\/07\/24\/clima-esquenta-no-flamengo-e-comentarista-revela-atitude-da-organizada\/\" \/>\n<meta property=\"og:locale\" content=\"pt_BR\" \/>\n<meta property=\"og:type\" content=\"article\" \/>\n<meta property=\"og:title\" content=\"Clima esquenta no Flamengo e comentarista revela atitude da organizada\" \/>\n<meta property=\"og:description\" content=\"O empate do Flamengo contra o Am\u00e9rica-MG, at\u00e9 ent\u00e3o o lanterna do Brasileir\u00e3o, no Maracan\u00e3, deixou torcedores inconformados. Com um elenco estrelado, o time carioca n\u00e3o consegue embalar na S\u00e9rie A e v\u00ea o t\u00edtulo ficar cada vez mais distante. Na v\u00e9spera de uma decis\u00e3o na Copa do Brasil, torcedores rubro-negros organizam uma manifesta\u00e7\u00e3o na [&hellip;]\" \/>\n<meta property=\"og:url\" content=\"https:\/\/www.gaveanews.com\/index.php\/2023\/07\/24\/clima-esquenta-no-flamengo-e-comentarista-revela-atitude-da-organizada\/\" \/>\n<meta property=\"og:site_name\" content=\"G\u00e1vea News\" \/>\n<meta property=\"article:publisher\" content=\"https:\/\/facebook.com\/gaveaNews\/\" \/>\n<meta property=\"article:published_time\" content=\"2023-07-24T18:13:45+00:00\" \/>\n<meta property=\"article:modified_time\" content=\"2023-07-24T18:13:47+00:00\" \/>\n<meta property=\"og:image\" content=\"https:\/\/www.gaveanews.com\/wp-content\/uploads\/Maracanao-escudo-Flamengo.webp\" \/>\n\t<meta property=\"og:image:width\" content=\"640\" \/>\n\t<meta property=\"og:image:height\" content=\"427\" \/>\n\t<meta property=\"og:image:type\" content=\"image\/jpeg\" \/>\n<meta name=\"author\" content=\"Equipe G\u00e1vea News\" \/>\n<meta name=\"twitter:card\" content=\"summary_large_image\" \/>\n<meta name=\"twitter:label1\" content=\"Escrito por\" \/>\n\t<meta name=\"twitter:data1\" content=\"Equipe G\u00e1vea News\" \/>\n\t<meta name=\"twitter:label2\" content=\"Est. tempo de leitura\" \/>\n\t<meta name=\"twitter:data2\" content=\"2 minutos\" \/>\n<script type=\"application\/ld+json\" class=\"yoast-schema-graph\">{\"@context\":\"https:\/\/schema.org\",\"@graph\":[{\"@type\":\"NewsArticle\",\"@id\":\"https:\/\/www.gaveanews.com\/index.php\/2023\/07\/24\/clima-esquenta-no-flamengo-e-comentarista-revela-atitude-da-organizada\/#article\",\"isPartOf\":{\"@id\":\"https:\/\/www.gaveanews.com\/index.php\/2023\/07\/24\/clima-esquenta-no-flamengo-e-comentarista-revela-atitude-da-organizada\/\"},\"author\":{\"name\":\"Equipe G\u00e1vea News\",\"@id\":\"https:\/\/www.gaveanews.com\/#\/schema\/person\/2ec14f73fb96be2caf28f91afb14749d\"},\"headline\":\"Clima esquenta no Flamengo e comentarista revela atitude da organizada\",\"datePublished\":\"2023-07-24T18:13:45+00:00\",\"dateModified\":\"2023-07-24T18:13:47+00:00\",\"mainEntityOfPage\":{\"@id\":\"https:\/\/www.gaveanews.com\/index.php\/2023\/07\/24\/clima-esquenta-no-flamengo-e-comentarista-revela-atitude-da-organizada\/\"},\"wordCount\":276,\"commentCount\":0,\"image\":{\"@id\":\"https:\/\/www.gaveanews.com\/index.php\/2023\/07\/24\/clima-esquenta-no-flamengo-e-comentarista-revela-atitude-da-organizada\/#primaryimage\"},\"thumbnailUrl\":\"https:\/\/www.gaveanews.com\/wp-content\/uploads\/Maracanao-escudo-Flamengo.webp\",\"articleSection\":[\"Flamengo\"],\"inLanguage\":\"pt-BR\",\"potentialAction\":[{\"@type\":\"CommentAction\",\"name\":\"Comment\",\"target\":[\"https:\/\/www.gaveanews.com\/index.php\/2023\/07\/24\/clima-esquenta-no-flamengo-e-comentarista-revela-atitude-da-organizada\/#respond\"]}],\"copyrightYear\":\"2023\",\"copyrightHolder\":{\"@id\":\"https:\/\/www.gaveanews.com\/#organization\"}},{\"@type\":\"WebPage\",\"@id\":\"https:\/\/www.gaveanews.com\/index.php\/2023\/07\/24\/clima-esquenta-no-flamengo-e-comentarista-revela-atitude-da-organizada\/\",\"url\":\"https:\/\/www.gaveanews.com\/index.php\/2023\/07\/24\/clima-esquenta-no-flamengo-e-comentarista-revela-atitude-da-organizada\/\",\"name\":\"Clima esquenta no Flamengo e comentarista revela atitude da organizada\",\"isPartOf\":{\"@id\":\"https:\/\/www.gaveanews.com\/#website\"},\"primaryImageOfPage\":{\"@id\":\"https:\/\/www.gaveanews.com\/index.php\/2023\/07\/24\/clima-esquenta-no-flamengo-e-comentarista-revela-atitude-da-organizada\/#primaryimage\"},\"image\":{\"@id\":\"https:\/\/www.gaveanews.com\/index.php\/2023\/07\/24\/clima-esquenta-no-flamengo-e-comentarista-revela-atitude-da-organizada\/#primaryimage\"},\"thumbnailUrl\":\"https:\/\/www.gaveanews.com\/wp-content\/uploads\/Maracanao-escudo-Flamengo.webp\",\"datePublished\":\"2023-07-24T18:13:45+00:00\",\"dateModified\":\"2023-07-24T18:13:47+00:00\",\"author\":{\"@id\":\"https:\/\/www.gaveanews.com\/#\/schema\/person\/2ec14f73fb96be2caf28f91afb14749d\"},\"breadcrumb\":{\"@id\":\"https:\/\/www.gaveanews.com\/index.php\/2023\/07\/24\/clima-esquenta-no-flamengo-e-comentarista-revela-atitude-da-organizada\/#breadcrumb\"},\"inLanguage\":\"pt-BR\",\"potentialAction\":[{\"@type\":\"ReadAction\",\"target\":[\"https:\/\/www.gaveanews.com\/index.php\/2023\/07\/24\/clima-esquenta-no-flamengo-e-comentarista-revela-atitude-da-organizada\/\"]}]},{\"@type\":\"ImageObject\",\"inLanguage\":\"pt-BR\",\"@id\":\"https:\/\/www.gaveanews.com\/index.php\/2023\/07\/24\/clima-esquenta-no-flamengo-e-comentarista-revela-atitude-da-organizada\/#primaryimage\",\"url\":\"https:\/\/www.gaveanews.com\/wp-content\/uploads\/Maracanao-escudo-Flamengo.webp\",\"contentUrl\":\"https:\/\/www.gaveanews.com\/wp-content\/uploads\/Maracanao-escudo-Flamengo.webp\",\"width\":640,\"height\":427,\"caption\":\"Escudo do Flamengo no gramado do Maracan\u00e3 (Foto: Reprodu\u00e7\u00e3o)\"},{\"@type\":\"BreadcrumbList\",\"@id\":\"https:\/\/www.gaveanews.com\/index.php\/2023\/07\/24\/clima-esquenta-no-flamengo-e-comentarista-revela-atitude-da-organizada\/#breadcrumb\",\"itemListElement\":[{\"@type\":\"ListItem\",\"position\":1,\"name\":\"Home\",\"item\":\"https:\/\/www.gaveanews.com\/\"},{\"@type\":\"ListItem\",\"position\":2,\"name\":\"Clima esquenta no Flamengo e comentarista revela atitude da organizada\"}]},{\"@type\":\"WebSite\",\"@id\":\"https:\/\/www.gaveanews.com\/#website\",\"url\":\"https:\/\/www.gaveanews.com\/\",\"name\":\"G\u00e1vea News\",\"description\":\"Veja todas as not\u00edcias sobre o Flamengo: Contrata\u00e7\u00f5es, categorias de base, resultados das partidas, tabela de classifica\u00e7\u00e3o, pr\u00f3ximos jogos!\",\"potentialAction\":[{\"@type\":\"SearchAction\",\"target\":{\"@type\":\"EntryPoint\",\"urlTemplate\":\"https:\/\/www.gaveanews.com\/?s={search_term_string}\"},\"query-input\":{\"@type\":\"PropertyValueSpecification\",\"valueRequired\":true,\"valueName\":\"search_term_string\"}}],\"inLanguage\":\"pt-BR\"},{\"@type\":\"Person\",\"@id\":\"https:\/\/www.gaveanews.com\/#\/schema\/person\/2ec14f73fb96be2caf28f91afb14749d\",\"name\":\"Equipe G\u00e1vea News\",\"image\":{\"@type\":\"ImageObject\",\"inLanguage\":\"pt-BR\",\"@id\":\"https:\/\/www.gaveanews.com\/#\/schema\/person\/image\/\",\"url\":\"https:\/\/secure.gravatar.com\/avatar\/1e1956f1facbffd3f8fa53a326721950116b3b9dc9bd44939c01180fd4a745a9?s=96&d=mm&r=g\",\"contentUrl\":\"https:\/\/secure.gravatar.com\/avatar\/1e1956f1facbffd3f8fa53a326721950116b3b9dc9bd44939c01180fd4a745a9?s=96&d=mm&r=g\",\"caption\":\"Equipe G\u00e1vea News\"}}]}<\/script>\n<!-- \/ Yoast SEO Premium plugin. -->","yoast_head_json":{"title":"Clima esquenta no Flamengo e comentarista revela atitude da organizada","robots":{"index":"index","follow":"follow","max-snippet":"max-snippet:-1","max-image-preview":"max-image-preview:large","max-video-preview":"max-video-preview:-1"},"canonical":"https:\/\/www.gaveanews.com\/index.php\/2023\/07\/24\/clima-esquenta-no-flamengo-e-comentarista-revela-atitude-da-organizada\/","og_locale":"pt_BR","og_type":"article","og_title":"Clima esquenta no Flamengo e comentarista revela atitude da organizada","og_description":"O empate do Flamengo contra o Am\u00e9rica-MG, at\u00e9 ent\u00e3o o lanterna do Brasileir\u00e3o, no Maracan\u00e3, deixou torcedores inconformados. Com um elenco estrelado, o time carioca n\u00e3o consegue embalar na S\u00e9rie A e v\u00ea o t\u00edtulo ficar cada vez mais distante. Na v\u00e9spera de uma decis\u00e3o na Copa do Brasil, torcedores rubro-negros organizam uma manifesta\u00e7\u00e3o na [&hellip;]","og_url":"https:\/\/www.gaveanews.com\/index.php\/2023\/07\/24\/clima-esquenta-no-flamengo-e-comentarista-revela-atitude-da-organizada\/","og_site_name":"G\u00e1vea News","article_publisher":"https:\/\/facebook.com\/gaveaNews\/","article_published_time":"2023-07-24T18:13:45+00:00","article_modified_time":"2023-07-24T18:13:47+00:00","og_image":[{"width":640,"height":427,"url":"https:\/\/www.gaveanews.com\/wp-content\/uploads\/Maracanao-escudo-Flamengo.webp","type":"image\/jpeg"}],"author":"Equipe G\u00e1vea News","twitter_card":"summary_large_image","twitter_misc":{"Escrito por":"Equipe G\u00e1vea News","Est. tempo de leitura":"2 minutos"},"schema":{"@context":"https:\/\/schema.org","@graph":[{"@type":"NewsArticle","@id":"https:\/\/www.gaveanews.com\/index.php\/2023\/07\/24\/clima-esquenta-no-flamengo-e-comentarista-revela-atitude-da-organizada\/#article","isPartOf":{"@id":"https:\/\/www.gaveanews.com\/index.php\/2023\/07\/24\/clima-esquenta-no-flamengo-e-comentarista-revela-atitude-da-organizada\/"},"author":{"name":"Equipe G\u00e1vea News","@id":"https:\/\/www.gaveanews.com\/#\/schema\/person\/2ec14f73fb96be2caf28f91afb14749d"},"headline":"Clima esquenta no Flamengo e comentarista revela atitude da organizada","datePublished":"2023-07-24T18:13:45+00:00","dateModified":"2023-07-24T18:13:47+00:00","mainEntityOfPage":{"@id":"https:\/\/www.gaveanews.com\/index.php\/2023\/07\/24\/clima-esquenta-no-flamengo-e-comentarista-revela-atitude-da-organizada\/"},"wordCount":276,"commentCount":0,"image":{"@id":"https:\/\/www.gaveanews.com\/index.php\/2023\/07\/24\/clima-esquenta-no-flamengo-e-comentarista-revela-atitude-da-organizada\/#primaryimage"},"thumbnailUrl":"https:\/\/www.gaveanews.com\/wp-content\/uploads\/Maracanao-escudo-Flamengo.webp","articleSection":["Flamengo"],"inLanguage":"pt-BR","potentialAction":[{"@type":"CommentAction","name":"Comment","target":["https:\/\/www.gaveanews.com\/index.php\/2023\/07\/24\/clima-esquenta-no-flamengo-e-comentarista-revela-atitude-da-organizada\/#respond"]}],"copyrightYear":"2023","copyrightHolder":{"@id":"https:\/\/www.gaveanews.com\/#organization"}},{"@type":"WebPage","@id":"https:\/\/www.gaveanews.com\/index.php\/2023\/07\/24\/clima-esquenta-no-flamengo-e-comentarista-revela-atitude-da-organizada\/","url":"https:\/\/www.gaveanews.com\/index.php\/2023\/07\/24\/clima-esquenta-no-flamengo-e-comentarista-revela-atitude-da-organizada\/","name":"Clima esquenta no Flamengo e comentarista revela atitude da organizada","isPartOf":{"@id":"https:\/\/www.gaveanews.com\/#website"},"primaryImageOfPage":{"@id":"https:\/\/www.gaveanews.com\/index.php\/2023\/07\/24\/clima-esquenta-no-flamengo-e-comentarista-revela-atitude-da-organizada\/#primaryimage"},"image":{"@id":"https:\/\/www.gaveanews.com\/index.php\/2023\/07\/24\/clima-esquenta-no-flamengo-e-comentarista-revela-atitude-da-organizada\/#primaryimage"},"thumbnailUrl":"https:\/\/www.gaveanews.com\/wp-content\/uploads\/Maracanao-escudo-Flamengo.webp","datePublished":"2023-07-24T18:13:45+00:00","dateModified":"2023-07-24T18:13:47+00:00","author":{"@id":"https:\/\/www.gaveanews.com\/#\/schema\/person\/2ec14f73fb96be2caf28f91afb14749d"},"breadcrumb":{"@id":"https:\/\/www.gaveanews.com\/index.php\/2023\/07\/24\/clima-esquenta-no-flamengo-e-comentarista-revela-atitude-da-organizada\/#breadcrumb"},"inLanguage":"pt-BR","potentialAction":[{"@type":"ReadAction","target":["https:\/\/www.gaveanews.com\/index.php\/2023\/07\/24\/clima-esquenta-no-flamengo-e-comentarista-revela-atitude-da-organizada\/"]}]},{"@type":"ImageObject","inLanguage":"pt-BR","@id":"https:\/\/www.gaveanews.com\/index.php\/2023\/07\/24\/clima-esquenta-no-flamengo-e-comentarista-revela-atitude-da-organizada\/#primaryimage","url":"https:\/\/www.gaveanews.com\/wp-content\/uploads\/Maracanao-escudo-Flamengo.webp","contentUrl":"https:\/\/www.gaveanews.com\/wp-content\/uploads\/Maracanao-escudo-Flamengo.webp","width":640,"height":427,"caption":"Escudo do Flamengo no gramado do Maracan\u00e3 (Foto: Reprodu\u00e7\u00e3o)"},{"@type":"BreadcrumbList","@id":"https:\/\/www.gaveanews.com\/index.php\/2023\/07\/24\/clima-esquenta-no-flamengo-e-comentarista-revela-atitude-da-organizada\/#breadcrumb","itemListElement":[{"@type":"ListItem","position":1,"name":"Home","item":"https:\/\/www.gaveanews.com\/"},{"@type":"ListItem","position":2,"name":"Clima esquenta no Flamengo e comentarista revela atitude da organizada"}]},{"@type":"WebSite","@id":"https:\/\/www.gaveanews.com\/#website","url":"https:\/\/www.gaveanews.com\/","name":"G\u00e1vea News","description":"Veja todas as not\u00edcias sobre o Flamengo: Contrata\u00e7\u00f5es, categorias de base, resultados das partidas, tabela de classifica\u00e7\u00e3o, pr\u00f3ximos jogos!","potentialAction":[{"@type":"SearchAction","target":{"@type":"EntryPoint","urlTemplate":"https:\/\/www.gaveanews.com\/?s={search_term_string}"},"query-input":{"@type":"PropertyValueSpecification","valueRequired":true,"valueName":"search_term_string"}}],"inLanguage":"pt-BR"},{"@type":"Person","@id":"https:\/\/www.gaveanews.com\/#\/schema\/person\/2ec14f73fb96be2caf28f91afb14749d","name":"Equipe G\u00e1vea News","image":{"@type":"ImageObject","inLanguage":"pt-BR","@id":"https:\/\/www.gaveanews.com\/#\/schema\/person\/image\/","url":"https:\/\/secure.gravatar.com\/avatar\/1e1956f1facbffd3f8fa53a326721950116b3b9dc9bd44939c01180fd4a745a9?s=96&d=mm&r=g","contentUrl":"https:\/\/secure.gravatar.com\/avatar\/1e1956f1facbffd3f8fa53a326721950116b3b9dc9bd44939c01180fd4a745a9?s=96&d=mm&r=g","caption":"Equipe G\u00e1vea News"}}]}},"_links":{"self":[{"href":"https:\/\/www.gaveanews.com\/index.php\/wp-json\/wp\/v2\/posts\/103224","targetHints":{"allow":["GET"]}}],"collection":[{"href":"https:\/\/www.gaveanews.com\/index.php\/wp-json\/wp\/v2\/posts"}],"about":[{"href":"https:\/\/www.gaveanews.com\/index.php\/wp-json\/wp\/v2\/types\/post"}],"author":[{"embeddable":true,"href":"https:\/\/www.gaveanews.com\/index.php\/wp-json\/wp\/v2\/users\/1"}],"replies":[{"embeddable":true,"href":"https:\/\/www.gaveanews.com\/index.php\/wp-json\/wp\/v2\/comments?post=103224"}],"version-history":[{"count":0,"href":"https:\/\/www.gaveanews.com\/index.php\/wp-json\/wp\/v2\/posts\/103224\/revisions"}],"wp:featuredmedia":[{"embeddable":true,"href":"https:\/\/www.gaveanews.com\/index.php\/wp-json\/wp\/v2\/media\/101250"}],"wp:attachment":[{"href":"https:\/\/www.gaveanews.com\/index.php\/wp-json\/wp\/v2\/media?parent=103224"}],"wp:term":[{"taxonomy":"category","embeddable":true,"href":"https:\/\/www.gaveanews.com\/index.php\/wp-json\/wp\/v2\/categories?post=103224"},{"taxonomy":"post_tag","embeddable":true,"href":"https:\/\/www.gaveanews.com\/index.php\/wp-json\/wp\/v2\/tags?post=103224"}],"curies":[{"name":"wp","href":"https:\/\/api.w.org\/{rel}","templated":true}]}}