{"id":103229,"date":"2023-07-24T16:13:56","date_gmt":"2023-07-24T19:13:56","guid":{"rendered":"https:\/\/www.gaveanews.com\/?p=103229"},"modified":"2023-07-24T16:13:58","modified_gmt":"2023-07-24T19:13:58","slug":"meia-renova-com-o-flamengo-ate-2027","status":"publish","type":"post","link":"https:\/\/www.gaveanews.com\/index.php\/2023\/07\/24\/meia-renova-com-o-flamengo-ate-2027\/","title":{"rendered":"Meia renova com o Flamengo at\u00e9 2027"},"content":{"rendered":"\n<p>O Flamengo acertou, na manh\u00e3 desta segunda-feira (24), os \u00faltimos detalhes do empr\u00e9stimo de Matheus Gon\u00e7alves ao Red Bull Bragantino. Antes de liberar o jogador de 17 anos para o Massa Bruta at\u00e9 o fim da temporada, o Rubro-Negro renovou seu contrato, que antes terminava em 2025, at\u00e9 2027. <\/p>\n\n\n\n<p>Com a negocia\u00e7\u00e3o j\u00e1 encaminhada, Matheus n\u00e3o foi relacionado para o jogo contra o Am\u00e9rica-MG, no \u00faltimo s\u00e1bado (22), no Maracan\u00e3. O meia deve chegar a Bragan\u00e7a Paulista no m\u00e1ximo at\u00e9 ter\u00e7a-feira (25).<\/p>\n\n\n\n<p>O time carioca viu com bons olhos a ida de Matheus Gon\u00e7alves para o Bragantino. A ideia \u00e9 que o jovem de 17 tenha mais oportunidades na equipe de Bragan\u00e7a e aumente sua rodagem. Ele chega para repor a sa\u00edda de Praxedes, que acertou sua ida para o Vasco.<\/p>\n\n\n\n<p>Matheus Gon\u00e7alves teve um bom in\u00edcio de temporada com a camisa do Flamengo e chamou aten\u00e7\u00e3o durante o Campeonato Carioca. No entanto, perdeu espa\u00e7o ap\u00f3s a chegada de Jorge Sampaoli e coleciona apenas 40 minutos em campo desde a chegada do argentino.<\/p>\n\n\n\n<p>Retirado de: O Dia<\/p>\n","protected":false},"excerpt":{"rendered":"<p>O Flamengo acertou, na manh\u00e3 desta segunda-feira (24), os \u00faltimos detalhes do empr\u00e9stimo de Matheus Gon\u00e7alves ao Red Bull Bragantino. Antes de liberar o jogador de 17 anos para o Massa Bruta at\u00e9 o fim da temporada, o Rubro-Negro renovou seu contrato, que antes terminava em 2025, at\u00e9 2027. Com a negocia\u00e7\u00e3o j\u00e1 encaminhada, Matheus [&hellip;]<\/p>\n","protected":false},"author":1,"featured_media":61375,"comment_status":"open","ping_status":"closed","sticky":false,"template":"","format":"standard","meta":{"footnotes":""},"categories":[1],"tags":[],"class_list":["post-103229","post","type-post","status-publish","format-standard","has-post-thumbnail","hentry","category-flamengo"],"yoast_head":"<!-- This site is optimized with the Yoast SEO Premium plugin v24.2 (Yoast SEO v26.9) - https:\/\/yoast.com\/product\/yoast-seo-premium-wordpress\/ -->\n<title>Meia renova com o Flamengo at\u00e9 2027<\/title>\n<meta name=\"robots\" content=\"index, follow, max-snippet:-1, max-image-preview:large, max-video-preview:-1\" \/>\n<link rel=\"canonical\" href=\"https:\/\/www.gaveanews.com\/index.php\/2023\/07\/24\/meia-renova-com-o-flamengo-ate-2027\/\" \/>\n<meta property=\"og:locale\" content=\"pt_BR\" \/>\n<meta property=\"og:type\" content=\"article\" \/>\n<meta property=\"og:title\" content=\"Meia renova com o Flamengo at\u00e9 2027\" \/>\n<meta property=\"og:description\" content=\"O Flamengo acertou, na manh\u00e3 desta segunda-feira (24), os \u00faltimos detalhes do empr\u00e9stimo de Matheus Gon\u00e7alves ao Red Bull Bragantino. Antes de liberar o jogador de 17 anos para o Massa Bruta at\u00e9 o fim da temporada, o Rubro-Negro renovou seu contrato, que antes terminava em 2025, at\u00e9 2027. Com a negocia\u00e7\u00e3o j\u00e1 encaminhada, Matheus [&hellip;]\" \/>\n<meta property=\"og:url\" content=\"https:\/\/www.gaveanews.com\/index.php\/2023\/07\/24\/meia-renova-com-o-flamengo-ate-2027\/\" \/>\n<meta property=\"og:site_name\" content=\"G\u00e1vea News\" \/>\n<meta property=\"article:publisher\" content=\"https:\/\/facebook.com\/gaveaNews\/\" \/>\n<meta property=\"article:published_time\" content=\"2023-07-24T19:13:56+00:00\" \/>\n<meta property=\"article:modified_time\" content=\"2023-07-24T19:13:58+00:00\" \/>\n<meta property=\"og:image\" content=\"https:\/\/www.gaveanews.com\/wp-content\/uploads\/Matheus-Goncalves-em-acao-pelo-Flamengo-durante-a-partida-contra-o-Ceara.webp\" \/>\n\t<meta property=\"og:image:width\" content=\"984\" \/>\n\t<meta property=\"og:image:height\" content=\"655\" \/>\n\t<meta property=\"og:image:type\" content=\"image\/jpeg\" \/>\n<meta name=\"author\" content=\"Equipe G\u00e1vea News\" \/>\n<meta name=\"twitter:card\" content=\"summary_large_image\" \/>\n<meta name=\"twitter:label1\" content=\"Escrito por\" \/>\n\t<meta name=\"twitter:data1\" content=\"Equipe G\u00e1vea News\" \/>\n\t<meta name=\"twitter:label2\" content=\"Est. tempo de leitura\" \/>\n\t<meta name=\"twitter:data2\" content=\"1 minuto\" \/>\n<script type=\"application\/ld+json\" class=\"yoast-schema-graph\">{\"@context\":\"https:\/\/schema.org\",\"@graph\":[{\"@type\":\"NewsArticle\",\"@id\":\"https:\/\/www.gaveanews.com\/index.php\/2023\/07\/24\/meia-renova-com-o-flamengo-ate-2027\/#article\",\"isPartOf\":{\"@id\":\"https:\/\/www.gaveanews.com\/index.php\/2023\/07\/24\/meia-renova-com-o-flamengo-ate-2027\/\"},\"author\":{\"name\":\"Equipe G\u00e1vea News\",\"@id\":\"https:\/\/www.gaveanews.com\/#\/schema\/person\/2ec14f73fb96be2caf28f91afb14749d\"},\"headline\":\"Meia renova com o Flamengo at\u00e9 2027\",\"datePublished\":\"2023-07-24T19:13:56+00:00\",\"dateModified\":\"2023-07-24T19:13:58+00:00\",\"mainEntityOfPage\":{\"@id\":\"https:\/\/www.gaveanews.com\/index.php\/2023\/07\/24\/meia-renova-com-o-flamengo-ate-2027\/\"},\"wordCount\":191,\"commentCount\":0,\"image\":{\"@id\":\"https:\/\/www.gaveanews.com\/index.php\/2023\/07\/24\/meia-renova-com-o-flamengo-ate-2027\/#primaryimage\"},\"thumbnailUrl\":\"https:\/\/www.gaveanews.com\/wp-content\/uploads\/Matheus-Goncalves-em-acao-pelo-Flamengo-durante-a-partida-contra-o-Ceara.webp\",\"articleSection\":[\"Flamengo\"],\"inLanguage\":\"pt-BR\",\"potentialAction\":[{\"@type\":\"CommentAction\",\"name\":\"Comment\",\"target\":[\"https:\/\/www.gaveanews.com\/index.php\/2023\/07\/24\/meia-renova-com-o-flamengo-ate-2027\/#respond\"]}],\"copyrightYear\":\"2023\",\"copyrightHolder\":{\"@id\":\"https:\/\/www.gaveanews.com\/#organization\"}},{\"@type\":\"WebPage\",\"@id\":\"https:\/\/www.gaveanews.com\/index.php\/2023\/07\/24\/meia-renova-com-o-flamengo-ate-2027\/\",\"url\":\"https:\/\/www.gaveanews.com\/index.php\/2023\/07\/24\/meia-renova-com-o-flamengo-ate-2027\/\",\"name\":\"Meia renova com o Flamengo at\u00e9 2027\",\"isPartOf\":{\"@id\":\"https:\/\/www.gaveanews.com\/#website\"},\"primaryImageOfPage\":{\"@id\":\"https:\/\/www.gaveanews.com\/index.php\/2023\/07\/24\/meia-renova-com-o-flamengo-ate-2027\/#primaryimage\"},\"image\":{\"@id\":\"https:\/\/www.gaveanews.com\/index.php\/2023\/07\/24\/meia-renova-com-o-flamengo-ate-2027\/#primaryimage\"},\"thumbnailUrl\":\"https:\/\/www.gaveanews.com\/wp-content\/uploads\/Matheus-Goncalves-em-acao-pelo-Flamengo-durante-a-partida-contra-o-Ceara.webp\",\"datePublished\":\"2023-07-24T19:13:56+00:00\",\"dateModified\":\"2023-07-24T19:13:58+00:00\",\"author\":{\"@id\":\"https:\/\/www.gaveanews.com\/#\/schema\/person\/2ec14f73fb96be2caf28f91afb14749d\"},\"breadcrumb\":{\"@id\":\"https:\/\/www.gaveanews.com\/index.php\/2023\/07\/24\/meia-renova-com-o-flamengo-ate-2027\/#breadcrumb\"},\"inLanguage\":\"pt-BR\",\"potentialAction\":[{\"@type\":\"ReadAction\",\"target\":[\"https:\/\/www.gaveanews.com\/index.php\/2023\/07\/24\/meia-renova-com-o-flamengo-ate-2027\/\"]}]},{\"@type\":\"ImageObject\",\"inLanguage\":\"pt-BR\",\"@id\":\"https:\/\/www.gaveanews.com\/index.php\/2023\/07\/24\/meia-renova-com-o-flamengo-ate-2027\/#primaryimage\",\"url\":\"https:\/\/www.gaveanews.com\/wp-content\/uploads\/Matheus-Goncalves-em-acao-pelo-Flamengo-durante-a-partida-contra-o-Ceara.webp\",\"contentUrl\":\"https:\/\/www.gaveanews.com\/wp-content\/uploads\/Matheus-Goncalves-em-acao-pelo-Flamengo-durante-a-partida-contra-o-Ceara.webp\",\"width\":984,\"height\":655,\"caption\":\"Matheus Gon\u00e7alves em a\u00e7\u00e3o pelo Flamengo durante a partida contra o Cear\u00e1 (Foto: Gilvan de Souza\/Flamengo)\"},{\"@type\":\"BreadcrumbList\",\"@id\":\"https:\/\/www.gaveanews.com\/index.php\/2023\/07\/24\/meia-renova-com-o-flamengo-ate-2027\/#breadcrumb\",\"itemListElement\":[{\"@type\":\"ListItem\",\"position\":1,\"name\":\"Home\",\"item\":\"https:\/\/www.gaveanews.com\/\"},{\"@type\":\"ListItem\",\"position\":2,\"name\":\"Meia renova com o Flamengo at\u00e9 2027\"}]},{\"@type\":\"WebSite\",\"@id\":\"https:\/\/www.gaveanews.com\/#website\",\"url\":\"https:\/\/www.gaveanews.com\/\",\"name\":\"G\u00e1vea News\",\"description\":\"Veja todas as not\u00edcias sobre o Flamengo: Contrata\u00e7\u00f5es, categorias de base, resultados das partidas, tabela de classifica\u00e7\u00e3o, pr\u00f3ximos jogos!\",\"potentialAction\":[{\"@type\":\"SearchAction\",\"target\":{\"@type\":\"EntryPoint\",\"urlTemplate\":\"https:\/\/www.gaveanews.com\/?s={search_term_string}\"},\"query-input\":{\"@type\":\"PropertyValueSpecification\",\"valueRequired\":true,\"valueName\":\"search_term_string\"}}],\"inLanguage\":\"pt-BR\"},{\"@type\":\"Person\",\"@id\":\"https:\/\/www.gaveanews.com\/#\/schema\/person\/2ec14f73fb96be2caf28f91afb14749d\",\"name\":\"Equipe G\u00e1vea News\",\"image\":{\"@type\":\"ImageObject\",\"inLanguage\":\"pt-BR\",\"@id\":\"https:\/\/www.gaveanews.com\/#\/schema\/person\/image\/\",\"url\":\"https:\/\/secure.gravatar.com\/avatar\/1e1956f1facbffd3f8fa53a326721950116b3b9dc9bd44939c01180fd4a745a9?s=96&d=mm&r=g\",\"contentUrl\":\"https:\/\/secure.gravatar.com\/avatar\/1e1956f1facbffd3f8fa53a326721950116b3b9dc9bd44939c01180fd4a745a9?s=96&d=mm&r=g\",\"caption\":\"Equipe G\u00e1vea News\"}}]}<\/script>\n<!-- \/ Yoast SEO Premium plugin. -->","yoast_head_json":{"title":"Meia renova com o Flamengo at\u00e9 2027","robots":{"index":"index","follow":"follow","max-snippet":"max-snippet:-1","max-image-preview":"max-image-preview:large","max-video-preview":"max-video-preview:-1"},"canonical":"https:\/\/www.gaveanews.com\/index.php\/2023\/07\/24\/meia-renova-com-o-flamengo-ate-2027\/","og_locale":"pt_BR","og_type":"article","og_title":"Meia renova com o Flamengo at\u00e9 2027","og_description":"O Flamengo acertou, na manh\u00e3 desta segunda-feira (24), os \u00faltimos detalhes do empr\u00e9stimo de Matheus Gon\u00e7alves ao Red Bull Bragantino. Antes de liberar o jogador de 17 anos para o Massa Bruta at\u00e9 o fim da temporada, o Rubro-Negro renovou seu contrato, que antes terminava em 2025, at\u00e9 2027. Com a negocia\u00e7\u00e3o j\u00e1 encaminhada, Matheus [&hellip;]","og_url":"https:\/\/www.gaveanews.com\/index.php\/2023\/07\/24\/meia-renova-com-o-flamengo-ate-2027\/","og_site_name":"G\u00e1vea News","article_publisher":"https:\/\/facebook.com\/gaveaNews\/","article_published_time":"2023-07-24T19:13:56+00:00","article_modified_time":"2023-07-24T19:13:58+00:00","og_image":[{"width":984,"height":655,"url":"https:\/\/www.gaveanews.com\/wp-content\/uploads\/Matheus-Goncalves-em-acao-pelo-Flamengo-durante-a-partida-contra-o-Ceara.webp","type":"image\/jpeg"}],"author":"Equipe G\u00e1vea News","twitter_card":"summary_large_image","twitter_misc":{"Escrito por":"Equipe G\u00e1vea News","Est. tempo de leitura":"1 minuto"},"schema":{"@context":"https:\/\/schema.org","@graph":[{"@type":"NewsArticle","@id":"https:\/\/www.gaveanews.com\/index.php\/2023\/07\/24\/meia-renova-com-o-flamengo-ate-2027\/#article","isPartOf":{"@id":"https:\/\/www.gaveanews.com\/index.php\/2023\/07\/24\/meia-renova-com-o-flamengo-ate-2027\/"},"author":{"name":"Equipe G\u00e1vea News","@id":"https:\/\/www.gaveanews.com\/#\/schema\/person\/2ec14f73fb96be2caf28f91afb14749d"},"headline":"Meia renova com o Flamengo at\u00e9 2027","datePublished":"2023-07-24T19:13:56+00:00","dateModified":"2023-07-24T19:13:58+00:00","mainEntityOfPage":{"@id":"https:\/\/www.gaveanews.com\/index.php\/2023\/07\/24\/meia-renova-com-o-flamengo-ate-2027\/"},"wordCount":191,"commentCount":0,"image":{"@id":"https:\/\/www.gaveanews.com\/index.php\/2023\/07\/24\/meia-renova-com-o-flamengo-ate-2027\/#primaryimage"},"thumbnailUrl":"https:\/\/www.gaveanews.com\/wp-content\/uploads\/Matheus-Goncalves-em-acao-pelo-Flamengo-durante-a-partida-contra-o-Ceara.webp","articleSection":["Flamengo"],"inLanguage":"pt-BR","potentialAction":[{"@type":"CommentAction","name":"Comment","target":["https:\/\/www.gaveanews.com\/index.php\/2023\/07\/24\/meia-renova-com-o-flamengo-ate-2027\/#respond"]}],"copyrightYear":"2023","copyrightHolder":{"@id":"https:\/\/www.gaveanews.com\/#organization"}},{"@type":"WebPage","@id":"https:\/\/www.gaveanews.com\/index.php\/2023\/07\/24\/meia-renova-com-o-flamengo-ate-2027\/","url":"https:\/\/www.gaveanews.com\/index.php\/2023\/07\/24\/meia-renova-com-o-flamengo-ate-2027\/","name":"Meia renova com o Flamengo at\u00e9 2027","isPartOf":{"@id":"https:\/\/www.gaveanews.com\/#website"},"primaryImageOfPage":{"@id":"https:\/\/www.gaveanews.com\/index.php\/2023\/07\/24\/meia-renova-com-o-flamengo-ate-2027\/#primaryimage"},"image":{"@id":"https:\/\/www.gaveanews.com\/index.php\/2023\/07\/24\/meia-renova-com-o-flamengo-ate-2027\/#primaryimage"},"thumbnailUrl":"https:\/\/www.gaveanews.com\/wp-content\/uploads\/Matheus-Goncalves-em-acao-pelo-Flamengo-durante-a-partida-contra-o-Ceara.webp","datePublished":"2023-07-24T19:13:56+00:00","dateModified":"2023-07-24T19:13:58+00:00","author":{"@id":"https:\/\/www.gaveanews.com\/#\/schema\/person\/2ec14f73fb96be2caf28f91afb14749d"},"breadcrumb":{"@id":"https:\/\/www.gaveanews.com\/index.php\/2023\/07\/24\/meia-renova-com-o-flamengo-ate-2027\/#breadcrumb"},"inLanguage":"pt-BR","potentialAction":[{"@type":"ReadAction","target":["https:\/\/www.gaveanews.com\/index.php\/2023\/07\/24\/meia-renova-com-o-flamengo-ate-2027\/"]}]},{"@type":"ImageObject","inLanguage":"pt-BR","@id":"https:\/\/www.gaveanews.com\/index.php\/2023\/07\/24\/meia-renova-com-o-flamengo-ate-2027\/#primaryimage","url":"https:\/\/www.gaveanews.com\/wp-content\/uploads\/Matheus-Goncalves-em-acao-pelo-Flamengo-durante-a-partida-contra-o-Ceara.webp","contentUrl":"https:\/\/www.gaveanews.com\/wp-content\/uploads\/Matheus-Goncalves-em-acao-pelo-Flamengo-durante-a-partida-contra-o-Ceara.webp","width":984,"height":655,"caption":"Matheus Gon\u00e7alves em a\u00e7\u00e3o pelo Flamengo durante a partida contra o Cear\u00e1 (Foto: Gilvan de Souza\/Flamengo)"},{"@type":"BreadcrumbList","@id":"https:\/\/www.gaveanews.com\/index.php\/2023\/07\/24\/meia-renova-com-o-flamengo-ate-2027\/#breadcrumb","itemListElement":[{"@type":"ListItem","position":1,"name":"Home","item":"https:\/\/www.gaveanews.com\/"},{"@type":"ListItem","position":2,"name":"Meia renova com o Flamengo at\u00e9 2027"}]},{"@type":"WebSite","@id":"https:\/\/www.gaveanews.com\/#website","url":"https:\/\/www.gaveanews.com\/","name":"G\u00e1vea News","description":"Veja todas as not\u00edcias sobre o Flamengo: Contrata\u00e7\u00f5es, categorias de base, resultados das partidas, tabela de classifica\u00e7\u00e3o, pr\u00f3ximos jogos!","potentialAction":[{"@type":"SearchAction","target":{"@type":"EntryPoint","urlTemplate":"https:\/\/www.gaveanews.com\/?s={search_term_string}"},"query-input":{"@type":"PropertyValueSpecification","valueRequired":true,"valueName":"search_term_string"}}],"inLanguage":"pt-BR"},{"@type":"Person","@id":"https:\/\/www.gaveanews.com\/#\/schema\/person\/2ec14f73fb96be2caf28f91afb14749d","name":"Equipe G\u00e1vea News","image":{"@type":"ImageObject","inLanguage":"pt-BR","@id":"https:\/\/www.gaveanews.com\/#\/schema\/person\/image\/","url":"https:\/\/secure.gravatar.com\/avatar\/1e1956f1facbffd3f8fa53a326721950116b3b9dc9bd44939c01180fd4a745a9?s=96&d=mm&r=g","contentUrl":"https:\/\/secure.gravatar.com\/avatar\/1e1956f1facbffd3f8fa53a326721950116b3b9dc9bd44939c01180fd4a745a9?s=96&d=mm&r=g","caption":"Equipe G\u00e1vea News"}}]}},"_links":{"self":[{"href":"https:\/\/www.gaveanews.com\/index.php\/wp-json\/wp\/v2\/posts\/103229","targetHints":{"allow":["GET"]}}],"collection":[{"href":"https:\/\/www.gaveanews.com\/index.php\/wp-json\/wp\/v2\/posts"}],"about":[{"href":"https:\/\/www.gaveanews.com\/index.php\/wp-json\/wp\/v2\/types\/post"}],"author":[{"embeddable":true,"href":"https:\/\/www.gaveanews.com\/index.php\/wp-json\/wp\/v2\/users\/1"}],"replies":[{"embeddable":true,"href":"https:\/\/www.gaveanews.com\/index.php\/wp-json\/wp\/v2\/comments?post=103229"}],"version-history":[{"count":0,"href":"https:\/\/www.gaveanews.com\/index.php\/wp-json\/wp\/v2\/posts\/103229\/revisions"}],"wp:featuredmedia":[{"embeddable":true,"href":"https:\/\/www.gaveanews.com\/index.php\/wp-json\/wp\/v2\/media\/61375"}],"wp:attachment":[{"href":"https:\/\/www.gaveanews.com\/index.php\/wp-json\/wp\/v2\/media?parent=103229"}],"wp:term":[{"taxonomy":"category","embeddable":true,"href":"https:\/\/www.gaveanews.com\/index.php\/wp-json\/wp\/v2\/categories?post=103229"},{"taxonomy":"post_tag","embeddable":true,"href":"https:\/\/www.gaveanews.com\/index.php\/wp-json\/wp\/v2\/tags?post=103229"}],"curies":[{"name":"wp","href":"https:\/\/api.w.org\/{rel}","templated":true}]}}