{"id":103291,"date":"2023-07-25T14:12:28","date_gmt":"2023-07-25T17:12:28","guid":{"rendered":"https:\/\/www.gaveanews.com\/?p=103291"},"modified":"2024-04-07T09:36:15","modified_gmt":"2024-04-07T12:36:15","slug":"zenit-responde-de-forma-oficial-ao-flamengo-empresario-de-de-la-cruz-quebra-o-silencio-e-meia-renova-ate-2027-as-ultimas-noticias-do-flamengo-no-mercado-da-bola","status":"publish","type":"post","link":"https:\/\/www.gaveanews.com\/index.php\/2023\/07\/25\/zenit-responde-de-forma-oficial-ao-flamengo-empresario-de-de-la-cruz-quebra-o-silencio-e-meia-renova-ate-2027-as-ultimas-noticias-do-flamengo-no-mercado-da-bola\/","title":{"rendered":"Zenit responde de forma oficial ao Flamengo, empres\u00e1rio de De La Cruz quebra o sil\u00eancio e meia renova at\u00e9 2027: as \u00faltimas not\u00edcias do Flamengo no mercado da bola"},"content":{"rendered":"\n<p>Com a torcida ansiosa por novos t\u00edtulos, o Flamengo se movimenta nos bastidores, para reafirmar sua posi\u00e7\u00e3o como um dos principais protagonistas do futebol brasileiro e consolidando-se como uma pot\u00eancia no cen\u00e1rio sul-americano. <\/p>\n\n\n\n<p>E muito deste contexto passa pelas chegadas e sa\u00eddas de jogadores. Por conta disso, o portal G\u00e1vea News preparou um resumo com as \u00faltimas movimenta\u00e7\u00f5es do Flamengo no mercado da bola. <strong>Confira abaixo as principais informa\u00e7\u00f5es:<\/strong><\/p>\n\n\n\n<h2 class=\"wp-block-heading\">Zenit responde de forma oficial ao Flamengo<\/h2>\n\n\n\n<p>O Flamengo est\u00e1 negociando a transfer\u00eancia de Claudinho com o Zenit. O jogador j\u00e1 acertou os termos com o clube carioca e deseja se mudar para o Rio de Janeiro, mas o desfecho das conversas depende do acordo entre as equipes.<\/p>\n\n\n\n<p>Inicialmente, o Flamengo ofereceu 15 milh\u00f5es de euros, mas o Zenit acredita que a proposta precisa ser aumentada. Os russos t\u00eam hist\u00f3rico de negociar jogadores por altas quantias, e de forma oficial eles pediram o montante de 30 milh\u00f5es de euros pelo atleta.<\/p>\n\n\n\n<h2 class=\"wp-block-heading\">Empres\u00e1rio de De La Cruz quebra o sil\u00eancio<\/h2>\n\n\n\n<p>Ap\u00f3s as contrata\u00e7\u00f5es de Rossi, Luiz Ara\u00fajo e Allan, o Flamengo continua buscando refor\u00e7os nesta janela de transfer\u00eancias. O nome especulado \u00e9 o de De La Cruz, meia uruguaio do River Plate. A negocia\u00e7\u00e3o com o jogador tem sido complicada, com o clube argentino dificultando o processo. Rumores sobre um poss\u00edvel interesse da Lazio no atleta surgiram, mas o empres\u00e1rio de De La Cruz, Paco Casal, desmentiu as informa\u00e7\u00f5es, afirmando que, at\u00e9 o momento, apenas o Flamengo est\u00e1 envolvido nas conversas (<a href=\"https:\/\/www.gaveanews.com\/index.php\/2023\/07\/24\/empresario-de-de-la-cruz-quebra-o-silencio-e-se-manifesta\/\">clique aqui e leia mais<\/a>).<\/p>\n\n\n\n<h2 class=\"wp-block-heading\" id=\"h-meia-renova-ate-2027\">Meia renova at\u00e9 2027<\/h2>\n\n\n\n<p>O Flamengo acertou os \u00faltimos detalhes do empr\u00e9stimo de Matheus Gon\u00e7alves para o Red Bull Bragantino. Mas antes de liberar o jovem de 17 anos para o Massa Bruta at\u00e9 o final da temporada, o clube carioca renovou seu contrato at\u00e9 2027 \u2013 anteriormente, o v\u00ednculo iria at\u00e9 2025 (<a href=\"https:\/\/www.gaveanews.com\/index.php\/2023\/07\/24\/meia-renova-com-o-flamengo-ate-2027\/\">clique aqui e leia mais<\/a>). <\/p>\n\n\n\n<p>A transfer\u00eancia foi vista com bons olhos pelo Flamengo, pois proporcionar\u00e1 mais oportunidades ao jogador na equipe de Bragan\u00e7a e a chance de aumentar sua experi\u00eancia, preenchendo a vaga deixada pela sa\u00edda de Praxedes, que se transferiu para o Vasco. Apesar de ter iniciado bem a temporada com a camisa rubro-negra e ter se destacado no Campeonato Carioca, Matheus perdeu espa\u00e7o desde a chegada do t\u00e9cnico Jorge Sampaoli e jogou apenas 40 minutos desde ent\u00e3o.<\/p>\n","protected":false},"excerpt":{"rendered":"<p>Com a torcida ansiosa por novos t\u00edtulos, o Flamengo se movimenta nos bastidores, para reafirmar sua posi\u00e7\u00e3o como um dos principais protagonistas do futebol brasileiro e consolidando-se como uma pot\u00eancia no cen\u00e1rio sul-americano. E muito deste contexto passa pelas chegadas e sa\u00eddas de jogadores. Por conta disso, o portal G\u00e1vea News preparou um resumo com [&hellip;]<\/p>\n","protected":false},"author":1,"featured_media":90253,"comment_status":"open","ping_status":"closed","sticky":false,"template":"","format":"standard","meta":{"footnotes":""},"categories":[1],"tags":[180],"class_list":["post-103291","post","type-post","status-publish","format-standard","has-post-thumbnail","hentry","category-flamengo","tag-diego-nicolas-de-la-cruz-arcosa"],"yoast_head":"<!-- This site is optimized with the Yoast SEO Premium plugin v24.2 (Yoast SEO v26.9) - https:\/\/yoast.com\/product\/yoast-seo-premium-wordpress\/ -->\n<title>Zenit responde de forma oficial ao Flamengo, empres\u00e1rio de De La Cruz quebra o sil\u00eancio e meia renova at\u00e9 2027: as \u00faltimas not\u00edcias do Flamengo no mercado da bola<\/title>\n<meta name=\"robots\" content=\"index, follow, max-snippet:-1, max-image-preview:large, max-video-preview:-1\" \/>\n<link rel=\"canonical\" href=\"https:\/\/www.gaveanews.com\/index.php\/2023\/07\/25\/zenit-responde-de-forma-oficial-ao-flamengo-empresario-de-de-la-cruz-quebra-o-silencio-e-meia-renova-ate-2027-as-ultimas-noticias-do-flamengo-no-mercado-da-bola\/\" \/>\n<meta property=\"og:locale\" content=\"pt_BR\" \/>\n<meta property=\"og:type\" content=\"article\" \/>\n<meta property=\"og:title\" content=\"Zenit responde de forma oficial ao Flamengo, empres\u00e1rio de De La Cruz quebra o sil\u00eancio e meia renova at\u00e9 2027: as \u00faltimas not\u00edcias do Flamengo no mercado da bola\" \/>\n<meta property=\"og:description\" content=\"Com a torcida ansiosa por novos t\u00edtulos, o Flamengo se movimenta nos bastidores, para reafirmar sua posi\u00e7\u00e3o como um dos principais protagonistas do futebol brasileiro e consolidando-se como uma pot\u00eancia no cen\u00e1rio sul-americano. E muito deste contexto passa pelas chegadas e sa\u00eddas de jogadores. Por conta disso, o portal G\u00e1vea News preparou um resumo com [&hellip;]\" \/>\n<meta property=\"og:url\" content=\"https:\/\/www.gaveanews.com\/index.php\/2023\/07\/25\/zenit-responde-de-forma-oficial-ao-flamengo-empresario-de-de-la-cruz-quebra-o-silencio-e-meia-renova-ate-2027-as-ultimas-noticias-do-flamengo-no-mercado-da-bola\/\" \/>\n<meta property=\"og:site_name\" content=\"G\u00e1vea News\" \/>\n<meta property=\"article:publisher\" content=\"https:\/\/facebook.com\/gaveaNews\/\" \/>\n<meta property=\"article:published_time\" content=\"2023-07-25T17:12:28+00:00\" \/>\n<meta property=\"article:modified_time\" content=\"2024-04-07T12:36:15+00:00\" \/>\n<meta property=\"og:image\" content=\"https:\/\/www.gaveanews.com\/wp-content\/uploads\/claudinho-zenit.webp\" \/>\n\t<meta property=\"og:image:width\" content=\"984\" \/>\n\t<meta property=\"og:image:height\" content=\"656\" \/>\n\t<meta property=\"og:image:type\" content=\"image\/webp\" \/>\n<meta name=\"author\" content=\"Equipe G\u00e1vea News\" \/>\n<meta name=\"twitter:card\" content=\"summary_large_image\" \/>\n<meta name=\"twitter:label1\" content=\"Escrito por\" \/>\n\t<meta name=\"twitter:data1\" content=\"Equipe G\u00e1vea News\" \/>\n\t<meta name=\"twitter:label2\" content=\"Est. tempo de leitura\" \/>\n\t<meta name=\"twitter:data2\" content=\"3 minutos\" \/>\n<script type=\"application\/ld+json\" class=\"yoast-schema-graph\">{\"@context\":\"https:\/\/schema.org\",\"@graph\":[{\"@type\":\"NewsArticle\",\"@id\":\"https:\/\/www.gaveanews.com\/index.php\/2023\/07\/25\/zenit-responde-de-forma-oficial-ao-flamengo-empresario-de-de-la-cruz-quebra-o-silencio-e-meia-renova-ate-2027-as-ultimas-noticias-do-flamengo-no-mercado-da-bola\/#article\",\"isPartOf\":{\"@id\":\"https:\/\/www.gaveanews.com\/index.php\/2023\/07\/25\/zenit-responde-de-forma-oficial-ao-flamengo-empresario-de-de-la-cruz-quebra-o-silencio-e-meia-renova-ate-2027-as-ultimas-noticias-do-flamengo-no-mercado-da-bola\/\"},\"author\":{\"name\":\"Equipe G\u00e1vea News\",\"@id\":\"https:\/\/www.gaveanews.com\/#\/schema\/person\/2ec14f73fb96be2caf28f91afb14749d\"},\"headline\":\"Zenit responde de forma oficial ao Flamengo, empres\u00e1rio de De La Cruz quebra o sil\u00eancio e meia renova at\u00e9 2027: as \u00faltimas not\u00edcias do Flamengo no mercado da bola\",\"datePublished\":\"2023-07-25T17:12:28+00:00\",\"dateModified\":\"2024-04-07T12:36:15+00:00\",\"mainEntityOfPage\":{\"@id\":\"https:\/\/www.gaveanews.com\/index.php\/2023\/07\/25\/zenit-responde-de-forma-oficial-ao-flamengo-empresario-de-de-la-cruz-quebra-o-silencio-e-meia-renova-ate-2027-as-ultimas-noticias-do-flamengo-no-mercado-da-bola\/\"},\"wordCount\":443,\"commentCount\":0,\"image\":{\"@id\":\"https:\/\/www.gaveanews.com\/index.php\/2023\/07\/25\/zenit-responde-de-forma-oficial-ao-flamengo-empresario-de-de-la-cruz-quebra-o-silencio-e-meia-renova-ate-2027-as-ultimas-noticias-do-flamengo-no-mercado-da-bola\/#primaryimage\"},\"thumbnailUrl\":\"https:\/\/www.gaveanews.com\/wp-content\/uploads\/claudinho-zenit.webp\",\"keywords\":[\"Diego Nicol\u00e1s de la Cruz Arcosa\"],\"articleSection\":[\"Flamengo\"],\"inLanguage\":\"pt-BR\",\"potentialAction\":[{\"@type\":\"CommentAction\",\"name\":\"Comment\",\"target\":[\"https:\/\/www.gaveanews.com\/index.php\/2023\/07\/25\/zenit-responde-de-forma-oficial-ao-flamengo-empresario-de-de-la-cruz-quebra-o-silencio-e-meia-renova-ate-2027-as-ultimas-noticias-do-flamengo-no-mercado-da-bola\/#respond\"]}],\"copyrightYear\":\"2023\",\"copyrightHolder\":{\"@id\":\"https:\/\/www.gaveanews.com\/#organization\"}},{\"@type\":\"WebPage\",\"@id\":\"https:\/\/www.gaveanews.com\/index.php\/2023\/07\/25\/zenit-responde-de-forma-oficial-ao-flamengo-empresario-de-de-la-cruz-quebra-o-silencio-e-meia-renova-ate-2027-as-ultimas-noticias-do-flamengo-no-mercado-da-bola\/\",\"url\":\"https:\/\/www.gaveanews.com\/index.php\/2023\/07\/25\/zenit-responde-de-forma-oficial-ao-flamengo-empresario-de-de-la-cruz-quebra-o-silencio-e-meia-renova-ate-2027-as-ultimas-noticias-do-flamengo-no-mercado-da-bola\/\",\"name\":\"Zenit responde de forma oficial ao Flamengo, empres\u00e1rio de De La Cruz quebra o sil\u00eancio e meia renova at\u00e9 2027: as \u00faltimas not\u00edcias do Flamengo no mercado da bola\",\"isPartOf\":{\"@id\":\"https:\/\/www.gaveanews.com\/#website\"},\"primaryImageOfPage\":{\"@id\":\"https:\/\/www.gaveanews.com\/index.php\/2023\/07\/25\/zenit-responde-de-forma-oficial-ao-flamengo-empresario-de-de-la-cruz-quebra-o-silencio-e-meia-renova-ate-2027-as-ultimas-noticias-do-flamengo-no-mercado-da-bola\/#primaryimage\"},\"image\":{\"@id\":\"https:\/\/www.gaveanews.com\/index.php\/2023\/07\/25\/zenit-responde-de-forma-oficial-ao-flamengo-empresario-de-de-la-cruz-quebra-o-silencio-e-meia-renova-ate-2027-as-ultimas-noticias-do-flamengo-no-mercado-da-bola\/#primaryimage\"},\"thumbnailUrl\":\"https:\/\/www.gaveanews.com\/wp-content\/uploads\/claudinho-zenit.webp\",\"datePublished\":\"2023-07-25T17:12:28+00:00\",\"dateModified\":\"2024-04-07T12:36:15+00:00\",\"author\":{\"@id\":\"https:\/\/www.gaveanews.com\/#\/schema\/person\/2ec14f73fb96be2caf28f91afb14749d\"},\"breadcrumb\":{\"@id\":\"https:\/\/www.gaveanews.com\/index.php\/2023\/07\/25\/zenit-responde-de-forma-oficial-ao-flamengo-empresario-de-de-la-cruz-quebra-o-silencio-e-meia-renova-ate-2027-as-ultimas-noticias-do-flamengo-no-mercado-da-bola\/#breadcrumb\"},\"inLanguage\":\"pt-BR\",\"potentialAction\":[{\"@type\":\"ReadAction\",\"target\":[\"https:\/\/www.gaveanews.com\/index.php\/2023\/07\/25\/zenit-responde-de-forma-oficial-ao-flamengo-empresario-de-de-la-cruz-quebra-o-silencio-e-meia-renova-ate-2027-as-ultimas-noticias-do-flamengo-no-mercado-da-bola\/\"]}]},{\"@type\":\"ImageObject\",\"inLanguage\":\"pt-BR\",\"@id\":\"https:\/\/www.gaveanews.com\/index.php\/2023\/07\/25\/zenit-responde-de-forma-oficial-ao-flamengo-empresario-de-de-la-cruz-quebra-o-silencio-e-meia-renova-ate-2027-as-ultimas-noticias-do-flamengo-no-mercado-da-bola\/#primaryimage\",\"url\":\"https:\/\/www.gaveanews.com\/wp-content\/uploads\/claudinho-zenit.webp\",\"contentUrl\":\"https:\/\/www.gaveanews.com\/wp-content\/uploads\/claudinho-zenit.webp\",\"width\":984,\"height\":656,\"caption\":\"Claudinho, meia do Zenit (Foto: Igor Russak\/Anadolu Agency via Getty Images)\"},{\"@type\":\"BreadcrumbList\",\"@id\":\"https:\/\/www.gaveanews.com\/index.php\/2023\/07\/25\/zenit-responde-de-forma-oficial-ao-flamengo-empresario-de-de-la-cruz-quebra-o-silencio-e-meia-renova-ate-2027-as-ultimas-noticias-do-flamengo-no-mercado-da-bola\/#breadcrumb\",\"itemListElement\":[{\"@type\":\"ListItem\",\"position\":1,\"name\":\"Home\",\"item\":\"https:\/\/www.gaveanews.com\/\"},{\"@type\":\"ListItem\",\"position\":2,\"name\":\"Zenit responde de forma oficial ao Flamengo, empres\u00e1rio de De La Cruz quebra o sil\u00eancio e meia renova at\u00e9 2027: as \u00faltimas not\u00edcias do Flamengo no mercado da bola\"}]},{\"@type\":\"WebSite\",\"@id\":\"https:\/\/www.gaveanews.com\/#website\",\"url\":\"https:\/\/www.gaveanews.com\/\",\"name\":\"G\u00e1vea News\",\"description\":\"Veja todas as not\u00edcias sobre o Flamengo: Contrata\u00e7\u00f5es, categorias de base, resultados das partidas, tabela de classifica\u00e7\u00e3o, pr\u00f3ximos jogos!\",\"potentialAction\":[{\"@type\":\"SearchAction\",\"target\":{\"@type\":\"EntryPoint\",\"urlTemplate\":\"https:\/\/www.gaveanews.com\/?s={search_term_string}\"},\"query-input\":{\"@type\":\"PropertyValueSpecification\",\"valueRequired\":true,\"valueName\":\"search_term_string\"}}],\"inLanguage\":\"pt-BR\"},{\"@type\":\"Person\",\"@id\":\"https:\/\/www.gaveanews.com\/#\/schema\/person\/2ec14f73fb96be2caf28f91afb14749d\",\"name\":\"Equipe G\u00e1vea News\",\"image\":{\"@type\":\"ImageObject\",\"inLanguage\":\"pt-BR\",\"@id\":\"https:\/\/www.gaveanews.com\/#\/schema\/person\/image\/\",\"url\":\"https:\/\/secure.gravatar.com\/avatar\/1e1956f1facbffd3f8fa53a326721950116b3b9dc9bd44939c01180fd4a745a9?s=96&d=mm&r=g\",\"contentUrl\":\"https:\/\/secure.gravatar.com\/avatar\/1e1956f1facbffd3f8fa53a326721950116b3b9dc9bd44939c01180fd4a745a9?s=96&d=mm&r=g\",\"caption\":\"Equipe G\u00e1vea News\"}}]}<\/script>\n<!-- \/ Yoast SEO Premium plugin. -->","yoast_head_json":{"title":"Zenit responde de forma oficial ao Flamengo, empres\u00e1rio de De La Cruz quebra o sil\u00eancio e meia renova at\u00e9 2027: as \u00faltimas not\u00edcias do Flamengo no mercado da bola","robots":{"index":"index","follow":"follow","max-snippet":"max-snippet:-1","max-image-preview":"max-image-preview:large","max-video-preview":"max-video-preview:-1"},"canonical":"https:\/\/www.gaveanews.com\/index.php\/2023\/07\/25\/zenit-responde-de-forma-oficial-ao-flamengo-empresario-de-de-la-cruz-quebra-o-silencio-e-meia-renova-ate-2027-as-ultimas-noticias-do-flamengo-no-mercado-da-bola\/","og_locale":"pt_BR","og_type":"article","og_title":"Zenit responde de forma oficial ao Flamengo, empres\u00e1rio de De La Cruz quebra o sil\u00eancio e meia renova at\u00e9 2027: as \u00faltimas not\u00edcias do Flamengo no mercado da bola","og_description":"Com a torcida ansiosa por novos t\u00edtulos, o Flamengo se movimenta nos bastidores, para reafirmar sua posi\u00e7\u00e3o como um dos principais protagonistas do futebol brasileiro e consolidando-se como uma pot\u00eancia no cen\u00e1rio sul-americano. E muito deste contexto passa pelas chegadas e sa\u00eddas de jogadores. Por conta disso, o portal G\u00e1vea News preparou um resumo com [&hellip;]","og_url":"https:\/\/www.gaveanews.com\/index.php\/2023\/07\/25\/zenit-responde-de-forma-oficial-ao-flamengo-empresario-de-de-la-cruz-quebra-o-silencio-e-meia-renova-ate-2027-as-ultimas-noticias-do-flamengo-no-mercado-da-bola\/","og_site_name":"G\u00e1vea News","article_publisher":"https:\/\/facebook.com\/gaveaNews\/","article_published_time":"2023-07-25T17:12:28+00:00","article_modified_time":"2024-04-07T12:36:15+00:00","og_image":[{"width":984,"height":656,"url":"https:\/\/www.gaveanews.com\/wp-content\/uploads\/claudinho-zenit.webp","type":"image\/webp"}],"author":"Equipe G\u00e1vea News","twitter_card":"summary_large_image","twitter_misc":{"Escrito por":"Equipe G\u00e1vea News","Est. tempo de leitura":"3 minutos"},"schema":{"@context":"https:\/\/schema.org","@graph":[{"@type":"NewsArticle","@id":"https:\/\/www.gaveanews.com\/index.php\/2023\/07\/25\/zenit-responde-de-forma-oficial-ao-flamengo-empresario-de-de-la-cruz-quebra-o-silencio-e-meia-renova-ate-2027-as-ultimas-noticias-do-flamengo-no-mercado-da-bola\/#article","isPartOf":{"@id":"https:\/\/www.gaveanews.com\/index.php\/2023\/07\/25\/zenit-responde-de-forma-oficial-ao-flamengo-empresario-de-de-la-cruz-quebra-o-silencio-e-meia-renova-ate-2027-as-ultimas-noticias-do-flamengo-no-mercado-da-bola\/"},"author":{"name":"Equipe G\u00e1vea News","@id":"https:\/\/www.gaveanews.com\/#\/schema\/person\/2ec14f73fb96be2caf28f91afb14749d"},"headline":"Zenit responde de forma oficial ao Flamengo, empres\u00e1rio de De La Cruz quebra o sil\u00eancio e meia renova at\u00e9 2027: as \u00faltimas not\u00edcias do Flamengo no mercado da bola","datePublished":"2023-07-25T17:12:28+00:00","dateModified":"2024-04-07T12:36:15+00:00","mainEntityOfPage":{"@id":"https:\/\/www.gaveanews.com\/index.php\/2023\/07\/25\/zenit-responde-de-forma-oficial-ao-flamengo-empresario-de-de-la-cruz-quebra-o-silencio-e-meia-renova-ate-2027-as-ultimas-noticias-do-flamengo-no-mercado-da-bola\/"},"wordCount":443,"commentCount":0,"image":{"@id":"https:\/\/www.gaveanews.com\/index.php\/2023\/07\/25\/zenit-responde-de-forma-oficial-ao-flamengo-empresario-de-de-la-cruz-quebra-o-silencio-e-meia-renova-ate-2027-as-ultimas-noticias-do-flamengo-no-mercado-da-bola\/#primaryimage"},"thumbnailUrl":"https:\/\/www.gaveanews.com\/wp-content\/uploads\/claudinho-zenit.webp","keywords":["Diego Nicol\u00e1s de la Cruz Arcosa"],"articleSection":["Flamengo"],"inLanguage":"pt-BR","potentialAction":[{"@type":"CommentAction","name":"Comment","target":["https:\/\/www.gaveanews.com\/index.php\/2023\/07\/25\/zenit-responde-de-forma-oficial-ao-flamengo-empresario-de-de-la-cruz-quebra-o-silencio-e-meia-renova-ate-2027-as-ultimas-noticias-do-flamengo-no-mercado-da-bola\/#respond"]}],"copyrightYear":"2023","copyrightHolder":{"@id":"https:\/\/www.gaveanews.com\/#organization"}},{"@type":"WebPage","@id":"https:\/\/www.gaveanews.com\/index.php\/2023\/07\/25\/zenit-responde-de-forma-oficial-ao-flamengo-empresario-de-de-la-cruz-quebra-o-silencio-e-meia-renova-ate-2027-as-ultimas-noticias-do-flamengo-no-mercado-da-bola\/","url":"https:\/\/www.gaveanews.com\/index.php\/2023\/07\/25\/zenit-responde-de-forma-oficial-ao-flamengo-empresario-de-de-la-cruz-quebra-o-silencio-e-meia-renova-ate-2027-as-ultimas-noticias-do-flamengo-no-mercado-da-bola\/","name":"Zenit responde de forma oficial ao Flamengo, empres\u00e1rio de De La Cruz quebra o sil\u00eancio e meia renova at\u00e9 2027: as \u00faltimas not\u00edcias do Flamengo no mercado da bola","isPartOf":{"@id":"https:\/\/www.gaveanews.com\/#website"},"primaryImageOfPage":{"@id":"https:\/\/www.gaveanews.com\/index.php\/2023\/07\/25\/zenit-responde-de-forma-oficial-ao-flamengo-empresario-de-de-la-cruz-quebra-o-silencio-e-meia-renova-ate-2027-as-ultimas-noticias-do-flamengo-no-mercado-da-bola\/#primaryimage"},"image":{"@id":"https:\/\/www.gaveanews.com\/index.php\/2023\/07\/25\/zenit-responde-de-forma-oficial-ao-flamengo-empresario-de-de-la-cruz-quebra-o-silencio-e-meia-renova-ate-2027-as-ultimas-noticias-do-flamengo-no-mercado-da-bola\/#primaryimage"},"thumbnailUrl":"https:\/\/www.gaveanews.com\/wp-content\/uploads\/claudinho-zenit.webp","datePublished":"2023-07-25T17:12:28+00:00","dateModified":"2024-04-07T12:36:15+00:00","author":{"@id":"https:\/\/www.gaveanews.com\/#\/schema\/person\/2ec14f73fb96be2caf28f91afb14749d"},"breadcrumb":{"@id":"https:\/\/www.gaveanews.com\/index.php\/2023\/07\/25\/zenit-responde-de-forma-oficial-ao-flamengo-empresario-de-de-la-cruz-quebra-o-silencio-e-meia-renova-ate-2027-as-ultimas-noticias-do-flamengo-no-mercado-da-bola\/#breadcrumb"},"inLanguage":"pt-BR","potentialAction":[{"@type":"ReadAction","target":["https:\/\/www.gaveanews.com\/index.php\/2023\/07\/25\/zenit-responde-de-forma-oficial-ao-flamengo-empresario-de-de-la-cruz-quebra-o-silencio-e-meia-renova-ate-2027-as-ultimas-noticias-do-flamengo-no-mercado-da-bola\/"]}]},{"@type":"ImageObject","inLanguage":"pt-BR","@id":"https:\/\/www.gaveanews.com\/index.php\/2023\/07\/25\/zenit-responde-de-forma-oficial-ao-flamengo-empresario-de-de-la-cruz-quebra-o-silencio-e-meia-renova-ate-2027-as-ultimas-noticias-do-flamengo-no-mercado-da-bola\/#primaryimage","url":"https:\/\/www.gaveanews.com\/wp-content\/uploads\/claudinho-zenit.webp","contentUrl":"https:\/\/www.gaveanews.com\/wp-content\/uploads\/claudinho-zenit.webp","width":984,"height":656,"caption":"Claudinho, meia do Zenit (Foto: Igor Russak\/Anadolu Agency via Getty Images)"},{"@type":"BreadcrumbList","@id":"https:\/\/www.gaveanews.com\/index.php\/2023\/07\/25\/zenit-responde-de-forma-oficial-ao-flamengo-empresario-de-de-la-cruz-quebra-o-silencio-e-meia-renova-ate-2027-as-ultimas-noticias-do-flamengo-no-mercado-da-bola\/#breadcrumb","itemListElement":[{"@type":"ListItem","position":1,"name":"Home","item":"https:\/\/www.gaveanews.com\/"},{"@type":"ListItem","position":2,"name":"Zenit responde de forma oficial ao Flamengo, empres\u00e1rio de De La Cruz quebra o sil\u00eancio e meia renova at\u00e9 2027: as \u00faltimas not\u00edcias do Flamengo no mercado da bola"}]},{"@type":"WebSite","@id":"https:\/\/www.gaveanews.com\/#website","url":"https:\/\/www.gaveanews.com\/","name":"G\u00e1vea News","description":"Veja todas as not\u00edcias sobre o Flamengo: Contrata\u00e7\u00f5es, categorias de base, resultados das partidas, tabela de classifica\u00e7\u00e3o, pr\u00f3ximos jogos!","potentialAction":[{"@type":"SearchAction","target":{"@type":"EntryPoint","urlTemplate":"https:\/\/www.gaveanews.com\/?s={search_term_string}"},"query-input":{"@type":"PropertyValueSpecification","valueRequired":true,"valueName":"search_term_string"}}],"inLanguage":"pt-BR"},{"@type":"Person","@id":"https:\/\/www.gaveanews.com\/#\/schema\/person\/2ec14f73fb96be2caf28f91afb14749d","name":"Equipe G\u00e1vea News","image":{"@type":"ImageObject","inLanguage":"pt-BR","@id":"https:\/\/www.gaveanews.com\/#\/schema\/person\/image\/","url":"https:\/\/secure.gravatar.com\/avatar\/1e1956f1facbffd3f8fa53a326721950116b3b9dc9bd44939c01180fd4a745a9?s=96&d=mm&r=g","contentUrl":"https:\/\/secure.gravatar.com\/avatar\/1e1956f1facbffd3f8fa53a326721950116b3b9dc9bd44939c01180fd4a745a9?s=96&d=mm&r=g","caption":"Equipe G\u00e1vea News"}}]}},"_links":{"self":[{"href":"https:\/\/www.gaveanews.com\/index.php\/wp-json\/wp\/v2\/posts\/103291","targetHints":{"allow":["GET"]}}],"collection":[{"href":"https:\/\/www.gaveanews.com\/index.php\/wp-json\/wp\/v2\/posts"}],"about":[{"href":"https:\/\/www.gaveanews.com\/index.php\/wp-json\/wp\/v2\/types\/post"}],"author":[{"embeddable":true,"href":"https:\/\/www.gaveanews.com\/index.php\/wp-json\/wp\/v2\/users\/1"}],"replies":[{"embeddable":true,"href":"https:\/\/www.gaveanews.com\/index.php\/wp-json\/wp\/v2\/comments?post=103291"}],"version-history":[{"count":1,"href":"https:\/\/www.gaveanews.com\/index.php\/wp-json\/wp\/v2\/posts\/103291\/revisions"}],"predecessor-version":[{"id":137059,"href":"https:\/\/www.gaveanews.com\/index.php\/wp-json\/wp\/v2\/posts\/103291\/revisions\/137059"}],"wp:featuredmedia":[{"embeddable":true,"href":"https:\/\/www.gaveanews.com\/index.php\/wp-json\/wp\/v2\/media\/90253"}],"wp:attachment":[{"href":"https:\/\/www.gaveanews.com\/index.php\/wp-json\/wp\/v2\/media?parent=103291"}],"wp:term":[{"taxonomy":"category","embeddable":true,"href":"https:\/\/www.gaveanews.com\/index.php\/wp-json\/wp\/v2\/categories?post=103291"},{"taxonomy":"post_tag","embeddable":true,"href":"https:\/\/www.gaveanews.com\/index.php\/wp-json\/wp\/v2\/tags?post=103291"}],"curies":[{"name":"wp","href":"https:\/\/api.w.org\/{rel}","templated":true}]}}